{"id":80890,"date":"2025-08-06T06:33:00","date_gmt":"2025-08-06T09:33:00","guid":{"rendered":"https:\/\/www.correiobraziliense.com.br\/cbradar\/?p=80890"},"modified":"2025-08-04T19:53:14","modified_gmt":"2025-08-04T22:53:14","slug":"6-coisas-que-voce-deve-fazer-a-noite-para-ser-mais-feliz-na-manha-seguinte-de-acordo-com-especialistas","status":"publish","type":"post","link":"https:\/\/www.correiobraziliense.com.br\/cbradar\/6-coisas-que-voce-deve-fazer-a-noite-para-ser-mais-feliz-na-manha-seguinte-de-acordo-com-especialistas\/","title":{"rendered":"6 coisas que voc\u00ea deve fazer \u00e0 noite para ser mais feliz na manh\u00e3 seguinte, de acordo com especialistas"},"content":{"rendered":"\n<p>Um bom dia come\u00e7a na noite anterior. \u00c9 claro que uma rotina matinal s\u00f3lida \u00e9 importante, mas a forma como voc\u00ea encerra seu dia desempenha um papel crucial na prepara\u00e7\u00e3o para o amanh\u00e3. Veja como voc\u00ea pode ajustar seus <strong>h\u00e1bitos noturnos<\/strong> para um melhor come\u00e7o de cada manh\u00e3.<\/p>\n\n\n\n<ul class=\"wp-block-list\">\n<li>Fazer uma caminhada \u00e0 noite para clarear a mente.<\/li>\n\n\n\n<li>Desconectar das telas para melhorar a qualidade do sono.<\/li>\n\n\n\n<li>Refletir sobre as conquistas do dia para terminar positivamente.<\/li>\n<\/ul>\n\n\n\n<h2 class=\"wp-block-heading\">Por que caminhadas noturnas s\u00e3o ben\u00e9ficas<\/h2>\n\n\n\n<p>Desacelerar a mente n\u00e3o \u00e9 tarefa apenas da manh\u00e3. Ao fazer uma <strong>caminhada noturna<\/strong>, voc\u00ea reduz os n\u00edveis de a\u00e7\u00facar no sangue e ajuda a processar as informa\u00e7\u00f5es do dia, proporcionando tranquilidade ao corpo e \u00e0 mente.<\/p>\n\n\n\n<p>Uma caminhada r\u00e1pida aumenta o fluxo sangu\u00edneo para o c\u00e9rebro, promovendo clareza mental e facilitando a transi\u00e7\u00e3o para um sono reparador. Se poss\u00edvel, tente escolher caminhos arborizados ou tranquilos, pois o contato com a natureza potencializa os benef\u00edcios. Al\u00e9m disso, caminhar logo ap\u00f3s o jantar pode ajudar na digest\u00e3o e proporcionar uma sensa\u00e7\u00e3o de leveza antes de dormir.<\/p>\n\n\n\n<h2 class=\"wp-block-heading\">Como reduzir o tempo de tela pode melhorar seu sono?<\/h2>\n\n\n\n<p>Um descanso de melhor qualidade est\u00e1 ligado ao uso dos dispositivos eletr\u00f4nicos \u00e0 noite. <strong>Desligar as telas<\/strong> pelo menos 30 minutos antes de dormir melhora a higiene do sono e reduz a hiperestimula\u00e7\u00e3o, preparando a mente para o descanso.<\/p>\n\n\n\n<p>Considere investir em um despertador tradicional ao inv\u00e9s do celular e evite mexer em telas para manter um ambiente mais pac\u00edfico para dormir. Se quiser, aproveite esse tempo para uma leitura leve ou ouvir uma m\u00fasica relaxante. Outra alternativa \u00e9 experimentar t\u00e9cnicas de respira\u00e7\u00e3o profunda ou medita\u00e7\u00e3o guiada para desacelerar o ritmo mental.<\/p>\n\n\n\n<figure class=\"wp-block-image size-large\"><img decoding=\"async\" width=\"1024\" height=\"576\" src=\"https:\/\/www.correiobraziliense.com.br\/cbradar\/wp-content\/uploads\/2025\/08\/noite_1754347980575-1024x576.jpg\" alt=\"6 coisas que voc\u00ea deve fazer \u00e0 noite para ser mais feliz na manh\u00e3 seguinte, de acordo com especialistas\" class=\"wp-image-80899\" srcset=\"https:\/\/www.correiobraziliense.com.br\/cbradar\/wp-content\/uploads\/2025\/08\/noite_1754347980575-1024x576.jpg 1024w, https:\/\/www.correiobraziliense.com.br\/cbradar\/wp-content\/uploads\/2025\/08\/noite_1754347980575-300x169.jpg 300w, https:\/\/www.correiobraziliense.com.br\/cbradar\/wp-content\/uploads\/2025\/08\/noite_1754347980575-768x432.jpg 768w, https:\/\/www.correiobraziliense.com.br\/cbradar\/wp-content\/uploads\/2025\/08\/noite_1754347980575-750x422.jpg 750w, https:\/\/www.correiobraziliense.com.br\/cbradar\/wp-content\/uploads\/2025\/08\/noite_1754347980575-1140x641.jpg 1140w, https:\/\/www.correiobraziliense.com.br\/cbradar\/wp-content\/uploads\/2025\/08\/noite_1754347980575.jpg 1280w\" sizes=\"(max-width: 1024px) 100vw, 1024px\" \/><figcaption class=\"wp-element-caption\">noite. Cr\u00e9ditos: depositphotos.com \/ Y-Boychenko<\/figcaption><\/figure>\n\n\n\n<h2 class=\"wp-block-heading\">Benef\u00edcios da reflex\u00e3o noturna<\/h2>\n\n\n\n<p>Focar no que n\u00e3o foi realizado pode causar ansiedade. Em vez disso, celebre pequenas vit\u00f3rias, como passos dados rumo a um objetivo, tarefas conclu\u00eddas ou desafios superados. Essa pr\u00e1tica estimula uma sensa\u00e7\u00e3o de progresso e motiva\u00e7\u00e3o para o dia seguinte. Escrever um di\u00e1rio breve antes de dormir pode colaborar nesse processo de autoconhecimento e impactos positivos na autoestima.<\/p>\n\n\n\n<h2 class=\"wp-block-heading\">T\u00e9cnicas eficazes de relaxamento para corpo e mente<\/h2>\n\n\n\n<p>Exerc\u00edcios simples como yoga nidra, alongamentos suaves ou um escaneamento corporal consciente podem ativar o sistema nervoso parassimp\u00e1tico, promovendo um sono profundo e calma ap\u00f3s um dia estressante.<\/p>\n\n\n\n<p>A t\u00e9cnica do <strong>escaneamento corporal<\/strong> consiste em focar a aten\u00e7\u00e3o em cada parte do corpo, da cabe\u00e7a aos p\u00e9s, ajudando no autoequil\u00edbrio e na autorregula\u00e7\u00e3o emocional. Se preferir, escute \u00e1udios guiados para facilitar a pr\u00e1tica. Aromaterapia com \u00f3leos essenciais suaves tamb\u00e9m pode ser incorporada ao momento de relaxamento.<\/p>\n\n\n\n<h2 class=\"wp-block-heading\">Praticando a gratid\u00e3o para o bem-estar<\/h2>\n\n\n\n<p>Encerre o seu dia com uma lista de gratid\u00e3o. Listar tr\u00eas a cinco <strong>motivos pelos quais voc\u00ea \u00e9 grato<\/strong> aumenta o bem-estar e reduz o estresse, trazendo conex\u00e3o e serenidade para a noite.<\/p>\n\n\n\n<p>Reflita sobre os aspectos positivos do dia e esteja pronto para abra\u00e7ar o pr\u00f3ximo dia com uma mentalidade aberta e grata. Praticar a gratid\u00e3o regularmente contribui para uma sensa\u00e7\u00e3o maior de satisfa\u00e7\u00e3o e contentamento.<\/p>\n","protected":false},"excerpt":{"rendered":"<p>Transforme suas noites e desperte mais feliz! Descubra h\u00e1bitos noturnos que impactam positivamente seu humor diurno.<\/p>\n","protected":false},"author":3,"featured_media":80892,"comment_status":"open","ping_status":"open","sticky":false,"template":"","format":"standard","meta":{"_yoast_wpseo_focuskw":"noite feliz manh\u00e3","_yoast_wpseo_title":"%%title%%","_yoast_wpseo_metadesc":"Transforme suas noites e desperte mais feliz! Descubra h\u00e1bitos noturnos que impactam positivamente seu humor diurno.","jnews-multi-image_gallery":[],"jnews_single_post":{"format":"standard"},"jnews_primary_category":[],"jnews_social_meta":[],"jnews_override_counter":[],"footnotes":""},"categories":[112],"tags":[3559,144,565],"class_list":["post-80890","post","type-post","status-publish","format-standard","has-post-thumbnail","hentry","category-curiosidades","tag-corpo-humano","tag-curiosidades","tag-saude"],"yoast_head":"<!-- This site is optimized with the Yoast SEO plugin v24.6 - https:\/\/yoast.com\/wordpress\/plugins\/seo\/ -->\n<title>6 coisas que voc\u00ea deve fazer \u00e0 noite para ser mais feliz na manh\u00e3 seguinte, de acordo com especialistas<\/title>\n<meta name=\"description\" content=\"Transforme suas noites e desperte mais feliz! Descubra h\u00e1bitos noturnos que impactam positivamente seu humor diurno.\" \/>\n<meta name=\"robots\" content=\"index, follow, max-snippet:-1, max-image-preview:large, max-video-preview:-1\" \/>\n<link rel=\"canonical\" href=\"https:\/\/www.correiobraziliense.com.br\/cbradar\/6-coisas-que-voce-deve-fazer-a-noite-para-ser-mais-feliz-na-manha-seguinte-de-acordo-com-especialistas\/\" \/>\n<meta property=\"og:locale\" content=\"pt_BR\" \/>\n<meta property=\"og:type\" content=\"article\" \/>\n<meta property=\"og:title\" content=\"6 coisas que voc\u00ea deve fazer \u00e0 noite para ser mais feliz na manh\u00e3 seguinte, de acordo com especialistas\" \/>\n<meta property=\"og:description\" content=\"Transforme suas noites e desperte mais feliz! Descubra h\u00e1bitos noturnos que impactam positivamente seu humor diurno.\" \/>\n<meta property=\"og:url\" content=\"https:\/\/www.correiobraziliense.com.br\/cbradar\/6-coisas-que-voce-deve-fazer-a-noite-para-ser-mais-feliz-na-manha-seguinte-de-acordo-com-especialistas\/\" \/>\n<meta property=\"og:site_name\" content=\"Correio Braziliense - Radar\" \/>\n<meta property=\"article:published_time\" content=\"2025-08-06T09:33:00+00:00\" \/>\n<meta property=\"og:image\" content=\"https:\/\/www.correiobraziliense.com.br\/cbradar\/wp-content\/uploads\/2025\/08\/caminhada-noturna_1754347703731.jpg\" \/>\n\t<meta property=\"og:image:width\" content=\"1280\" \/>\n\t<meta property=\"og:image:height\" content=\"720\" \/>\n\t<meta property=\"og:image:type\" content=\"image\/jpeg\" \/>\n<meta name=\"author\" content=\"Larissa Carvalho\" \/>\n<meta name=\"twitter:card\" content=\"summary_large_image\" \/>\n<meta name=\"twitter:label1\" content=\"Escrito por\" \/>\n\t<meta name=\"twitter:data1\" content=\"Larissa Carvalho\" \/>\n\t<meta name=\"twitter:label2\" content=\"Est. tempo de leitura\" \/>\n\t<meta name=\"twitter:data2\" content=\"4 minutos\" \/>\n<!-- \/ Yoast SEO plugin. -->","yoast_head_json":{"title":"6 coisas que voc\u00ea deve fazer \u00e0 noite para ser mais feliz na manh\u00e3 seguinte, de acordo com especialistas","description":"Transforme suas noites e desperte mais feliz! Descubra h\u00e1bitos noturnos que impactam positivamente seu humor diurno.","robots":{"index":"index","follow":"follow","max-snippet":"max-snippet:-1","max-image-preview":"max-image-preview:large","max-video-preview":"max-video-preview:-1"},"canonical":"https:\/\/www.correiobraziliense.com.br\/cbradar\/6-coisas-que-voce-deve-fazer-a-noite-para-ser-mais-feliz-na-manha-seguinte-de-acordo-com-especialistas\/","og_locale":"pt_BR","og_type":"article","og_title":"6 coisas que voc\u00ea deve fazer \u00e0 noite para ser mais feliz na manh\u00e3 seguinte, de acordo com especialistas","og_description":"Transforme suas noites e desperte mais feliz! Descubra h\u00e1bitos noturnos que impactam positivamente seu humor diurno.","og_url":"https:\/\/www.correiobraziliense.com.br\/cbradar\/6-coisas-que-voce-deve-fazer-a-noite-para-ser-mais-feliz-na-manha-seguinte-de-acordo-com-especialistas\/","og_site_name":"Correio Braziliense - Radar","article_published_time":"2025-08-06T09:33:00+00:00","og_image":[{"width":1280,"height":720,"url":"https:\/\/www.correiobraziliense.com.br\/cbradar\/wp-content\/uploads\/2025\/08\/caminhada-noturna_1754347703731.jpg","type":"image\/jpeg"}],"author":"Larissa Carvalho","twitter_card":"summary_large_image","twitter_misc":{"Escrito por":"Larissa Carvalho","Est. tempo de leitura":"4 minutos"},"schema":{"@context":"https:\/\/schema.org","@graph":[{"@type":"WebPage","@id":"https:\/\/www.correiobraziliense.com.br\/cbradar\/6-coisas-que-voce-deve-fazer-a-noite-para-ser-mais-feliz-na-manha-seguinte-de-acordo-com-especialistas\/","url":"https:\/\/www.correiobraziliense.com.br\/cbradar\/6-coisas-que-voce-deve-fazer-a-noite-para-ser-mais-feliz-na-manha-seguinte-de-acordo-com-especialistas\/","name":"6 coisas que voc\u00ea deve fazer \u00e0 noite para ser mais feliz na manh\u00e3 seguinte, de acordo com especialistas","isPartOf":{"@id":"https:\/\/www.correiobraziliense.com.br\/cbradar\/#website"},"primaryImageOfPage":{"@id":"https:\/\/www.correiobraziliense.com.br\/cbradar\/6-coisas-que-voce-deve-fazer-a-noite-para-ser-mais-feliz-na-manha-seguinte-de-acordo-com-especialistas\/#primaryimage"},"image":{"@id":"https:\/\/www.correiobraziliense.com.br\/cbradar\/6-coisas-que-voce-deve-fazer-a-noite-para-ser-mais-feliz-na-manha-seguinte-de-acordo-com-especialistas\/#primaryimage"},"thumbnailUrl":"https:\/\/www.correiobraziliense.com.br\/cbradar\/wp-content\/uploads\/2025\/08\/caminhada-noturna_1754347703731.jpg","datePublished":"2025-08-06T09:33:00+00:00","author":{"@id":"https:\/\/www.correiobraziliense.com.br\/cbradar\/#\/schema\/person\/58422787644df994b53a19d3e56c1513"},"description":"Transforme suas noites e desperte mais feliz! Descubra h\u00e1bitos noturnos que impactam positivamente seu humor diurno.","breadcrumb":{"@id":"https:\/\/www.correiobraziliense.com.br\/cbradar\/6-coisas-que-voce-deve-fazer-a-noite-para-ser-mais-feliz-na-manha-seguinte-de-acordo-com-especialistas\/#breadcrumb"},"inLanguage":"pt-BR","potentialAction":[{"@type":"ReadAction","target":["https:\/\/www.correiobraziliense.com.br\/cbradar\/6-coisas-que-voce-deve-fazer-a-noite-para-ser-mais-feliz-na-manha-seguinte-de-acordo-com-especialistas\/"]}]},{"@type":"ImageObject","inLanguage":"pt-BR","@id":"https:\/\/www.correiobraziliense.com.br\/cbradar\/6-coisas-que-voce-deve-fazer-a-noite-para-ser-mais-feliz-na-manha-seguinte-de-acordo-com-especialistas\/#primaryimage","url":"https:\/\/www.correiobraziliense.com.br\/cbradar\/wp-content\/uploads\/2025\/08\/caminhada-noturna_1754347703731.jpg","contentUrl":"https:\/\/www.correiobraziliense.com.br\/cbradar\/wp-content\/uploads\/2025\/08\/caminhada-noturna_1754347703731.jpg","width":1280,"height":720,"caption":"caminhada noturna. Cr\u00e9ditos: depositphotos.com \/ varuna"},{"@type":"BreadcrumbList","@id":"https:\/\/www.correiobraziliense.com.br\/cbradar\/6-coisas-que-voce-deve-fazer-a-noite-para-ser-mais-feliz-na-manha-seguinte-de-acordo-com-especialistas\/#breadcrumb","itemListElement":[{"@type":"ListItem","position":1,"name":"In\u00edcio","item":"https:\/\/www.correiobraziliense.com.br\/cbradar\/"},{"@type":"ListItem","position":2,"name":"6 coisas que voc\u00ea deve fazer \u00e0 noite para ser mais feliz na manh\u00e3 seguinte, de acordo com especialistas"}]},{"@type":"WebSite","@id":"https:\/\/www.correiobraziliense.com.br\/cbradar\/#website","url":"https:\/\/www.correiobraziliense.com.br\/cbradar\/","name":"Correio Braziliense - Radar","description":"Acompanhe as \u00faltimas not\u00edcias e fique bem informado sobre tudo o que acontece no Brasil e no mundo.","potentialAction":[{"@type":"SearchAction","target":{"@type":"EntryPoint","urlTemplate":"https:\/\/www.correiobraziliense.com.br\/cbradar\/?s={search_term_string}"},"query-input":{"@type":"PropertyValueSpecification","valueRequired":true,"valueName":"search_term_string"}}],"inLanguage":"pt-BR"},{"@type":"Person","@id":"https:\/\/www.correiobraziliense.com.br\/cbradar\/#\/schema\/person\/58422787644df994b53a19d3e56c1513","name":"Larissa Carvalho","image":{"@type":"ImageObject","inLanguage":"pt-BR","@id":"https:\/\/www.correiobraziliense.com.br\/cbradar\/#\/schema\/person\/image\/","url":"https:\/\/secure.gravatar.com\/avatar\/fe4f91a0de32b52a838d0d612abdc1aa?s=96&d=mm&r=g","contentUrl":"https:\/\/secure.gravatar.com\/avatar\/fe4f91a0de32b52a838d0d612abdc1aa?s=96&d=mm&r=g","caption":"Larissa Carvalho"},"url":"https:\/\/www.correiobraziliense.com.br\/cbradar\/author\/larissamyth\/"}]}},"_links":{"self":[{"href":"https:\/\/www.correiobraziliense.com.br\/cbradar\/wp-json\/wp\/v2\/posts\/80890","targetHints":{"allow":["GET"]}}],"collection":[{"href":"https:\/\/www.correiobraziliense.com.br\/cbradar\/wp-json\/wp\/v2\/posts"}],"about":[{"href":"https:\/\/www.correiobraziliense.com.br\/cbradar\/wp-json\/wp\/v2\/types\/post"}],"author":[{"embeddable":true,"href":"https:\/\/www.correiobraziliense.com.br\/cbradar\/wp-json\/wp\/v2\/users\/3"}],"replies":[{"embeddable":true,"href":"https:\/\/www.correiobraziliense.com.br\/cbradar\/wp-json\/wp\/v2\/comments?post=80890"}],"version-history":[{"count":2,"href":"https:\/\/www.correiobraziliense.com.br\/cbradar\/wp-json\/wp\/v2\/posts\/80890\/revisions"}],"predecessor-version":[{"id":80900,"href":"https:\/\/www.correiobraziliense.com.br\/cbradar\/wp-json\/wp\/v2\/posts\/80890\/revisions\/80900"}],"wp:featuredmedia":[{"embeddable":true,"href":"https:\/\/www.correiobraziliense.com.br\/cbradar\/wp-json\/wp\/v2\/media\/80892"}],"wp:attachment":[{"href":"https:\/\/www.correiobraziliense.com.br\/cbradar\/wp-json\/wp\/v2\/media?parent=80890"}],"wp:term":[{"taxonomy":"category","embeddable":true,"href":"https:\/\/www.correiobraziliense.com.br\/cbradar\/wp-json\/wp\/v2\/categories?post=80890"},{"taxonomy":"post_tag","embeddable":true,"href":"https:\/\/www.correiobraziliense.com.br\/cbradar\/wp-json\/wp\/v2\/tags?post=80890"}],"curies":[{"name":"wp","href":"https:\/\/api.w.org\/{rel}","templated":true}]}}