{"id":80944,"date":"2025-08-05T16:03:00","date_gmt":"2025-08-05T19:03:00","guid":{"rendered":"https:\/\/www.correiobraziliense.com.br\/cbradar\/?p=80944"},"modified":"2025-08-04T20:26:09","modified_gmt":"2025-08-04T23:26:09","slug":"veja-a-data-do-fenomeno-unico-que-banhara-a-lua-e-surpreendera-a-todos","status":"publish","type":"post","link":"https:\/\/www.correiobraziliense.com.br\/cbradar\/veja-a-data-do-fenomeno-unico-que-banhara-a-lua-e-surpreendera-a-todos\/","title":{"rendered":"Veja a data do fen\u00f4meno \u00fanico que banhar\u00e1 a lua e surpreender\u00e1 a todos"},"content":{"rendered":"\n<p>Prepare-se para testemunhar um <strong>espet\u00e1culo celestial<\/strong> raro em 2025. No dia 7 de setembro, um <strong>eclipse lunar total<\/strong> ser\u00e1 vis\u00edvel em diversas partes do mundo, incluindo a \u00c1sia, \u00c1frica e Oceania.<\/p>\n\n\n\n<ul class=\"wp-block-list\">\n<li><strong>Dura\u00e7\u00e3o<\/strong>: Um dos eclipses mais longos em anos, durando 82 minutos.<\/li>\n\n\n\n<li><strong>Visibilidade<\/strong>: Excelentes vistas na \u00c1sia e Austr\u00e1lia Ocidental.<\/li>\n\n\n\n<li><strong>Experi\u00eancia ao vivo<\/strong>: Observat\u00f3rios e eventos p\u00fablicos em v\u00e1rias cidades.<\/li>\n<\/ul>\n\n\n\n<h2 class=\"wp-block-heading\">O que \u00e9 um eclipse lunar total?<\/h2>\n\n\n\n<p>Durante um <strong>eclipse lunar total<\/strong>, a Terra se posiciona entre o Sol e a Lua, lan\u00e7ando uma sombra que obscurece completamente nosso sat\u00e9lite natural. Em setembro, o fen\u00f4meno conhecido como <em>Luna de sangue<\/em> ocorrer\u00e1 devido ao tom avermelhado adquirido pela Lua ao passar pela umbra da Terra.<\/p>\n\n\n\n<h2 class=\"wp-block-heading\">Onde o eclipse ser\u00e1 vis\u00edvel?<\/h2>\n\n\n\n<p>Para aqueles na <strong>\u00c1sia<\/strong> e na <strong>Austr\u00e1lia Ocidental<\/strong>, a visibilidade do eclipse ser\u00e1 completa, incluindo todas as fases: penumbra, parcialidade e totalidade. Em regi\u00f5es como <strong>Europa<\/strong>, <strong>\u00c1frica<\/strong> e o leste da <strong>Austr\u00e1lia<\/strong> e <strong>Nova Zel\u00e2ndia<\/strong>, parte do evento ser\u00e1 observ\u00e1vel, especialmente o in\u00edcio da sombra lunar.<\/p>\n\n\n\n<h2 class=\"wp-block-heading\">Por que este eclipse \u00e9 especial?<\/h2>\n\n\n\n<p>Como o segundo <strong>eclipse lunar total<\/strong> de 2025, ele faz parte de uma trilogia que se encerrar\u00e1 em 2026. Eclipses de longa dura\u00e7\u00e3o s\u00e3o raridades que carregam significados cient\u00edficos e culturais, aumentando o valor deste evento. Astr\u00f4nomos de todo o mundo estar\u00e3o atentos, pois o fen\u00f4meno oferece oportunidade \u00fanica para pesquisas sobre a atmosfera terrestre e din\u00e2mica orbital.<\/p>\n\n\n\n<figure class=\"wp-block-image size-large\"><img decoding=\"async\" width=\"1024\" height=\"576\" src=\"https:\/\/www.correiobraziliense.com.br\/cbradar\/wp-content\/uploads\/2025\/08\/eclipse-lunar_1754349936575-1024x576.jpg\" alt=\"Veja a data do fen\u00f4meno \u00fanico que banhar\u00e1 a lua e surpreender\u00e1 a todos\" class=\"wp-image-80947\" srcset=\"https:\/\/www.correiobraziliense.com.br\/cbradar\/wp-content\/uploads\/2025\/08\/eclipse-lunar_1754349936575-1024x576.jpg 1024w, https:\/\/www.correiobraziliense.com.br\/cbradar\/wp-content\/uploads\/2025\/08\/eclipse-lunar_1754349936575-300x169.jpg 300w, https:\/\/www.correiobraziliense.com.br\/cbradar\/wp-content\/uploads\/2025\/08\/eclipse-lunar_1754349936575-768x432.jpg 768w, https:\/\/www.correiobraziliense.com.br\/cbradar\/wp-content\/uploads\/2025\/08\/eclipse-lunar_1754349936575-750x422.jpg 750w, https:\/\/www.correiobraziliense.com.br\/cbradar\/wp-content\/uploads\/2025\/08\/eclipse-lunar_1754349936575-1140x641.jpg 1140w, https:\/\/www.correiobraziliense.com.br\/cbradar\/wp-content\/uploads\/2025\/08\/eclipse-lunar_1754349936575.jpg 1280w\" sizes=\"(max-width: 1024px) 100vw, 1024px\" \/><figcaption class=\"wp-element-caption\">eclipse lunar. Cr\u00e9ditos: depositphotos.com \/ StefanMal<\/figcaption><\/figure>\n\n\n\n<h2 class=\"wp-block-heading\">Como participar das atividades?<\/h2>\n\n\n\n<p>Embora o <strong>eclipse<\/strong> seja vis\u00edvel a olho nu, em muitos lugares ser\u00e3o organizadas atividades em observat\u00f3rios e locais p\u00fablicos. Na <strong>\u00cdndia<\/strong>, <strong>Indon\u00e9sia<\/strong> e <strong>Austr\u00e1lia<\/strong>, eventos com telesc\u00f3pios, palestras e zonas de acampamento est\u00e3o em planejamento. Al\u00e9m disso, transmiss\u00f5es ao vivo pela internet permitir\u00e3o que pessoas de outros continentes acompanhem cada momento do eclipse.<\/p>\n\n\n\n<h2 class=\"wp-block-heading\">Prepare-se para um espet\u00e1culo memor\u00e1vel<\/h2>\n\n\n\n<ul class=\"wp-block-list\">\n<li>O <strong>fen\u00f4meno<\/strong> ser\u00e1 uma oportunidade \u00fanica para apreciar a beleza e os mist\u00e9rios do nosso universo.<\/li>\n\n\n\n<li>Eventos locais oferecem uma chance de aprendizado e intera\u00e7\u00e3o ao vivo.<\/li>\n\n\n\n<li>Marque no seu calend\u00e1rio e n\u00e3o perca este raro espet\u00e1culo celestial.<\/li>\n<\/ul>\n","protected":false},"excerpt":{"rendered":"<p>Eclipse total &#8220;Luna de Sangue&#8221; iluminar\u00e1 c\u00e9us da \u00c1sia a 7\/9. Espet\u00e1culo celeste raro, n\u00e3o perca esse show astron\u00f4mico \u00fanico de 2025!<\/p>\n","protected":false},"author":3,"featured_media":80946,"comment_status":"open","ping_status":"open","sticky":false,"template":"","format":"standard","meta":{"_yoast_wpseo_focuskw":"data fen\u00f4meno \u00fanico","_yoast_wpseo_title":"%%title%%","_yoast_wpseo_metadesc":"Eclipse total \"Luna de Sangue\" iluminar\u00e1 c\u00e9us da \u00c1sia a 7\/9. Espet\u00e1culo celeste raro, n\u00e3o perca esse show astron\u00f4mico \u00fanico de 2025!","jnews-multi-image_gallery":[],"jnews_single_post":{"format":"standard"},"jnews_primary_category":[],"jnews_social_meta":[],"jnews_override_counter":[],"footnotes":""},"categories":[112],"tags":[179,736,144],"class_list":["post-80944","post","type-post","status-publish","format-standard","has-post-thumbnail","hentry","category-curiosidades","tag-astronomia","tag-ciencia","tag-curiosidades"],"yoast_head":"<!-- This site is optimized with the Yoast SEO plugin v24.6 - https:\/\/yoast.com\/wordpress\/plugins\/seo\/ -->\n<title>Veja a data do fen\u00f4meno \u00fanico que banhar\u00e1 a lua e surpreender\u00e1 a todos<\/title>\n<meta name=\"description\" content=\"Eclipse total &quot;Luna de Sangue&quot; iluminar\u00e1 c\u00e9us da \u00c1sia a 7\/9. Espet\u00e1culo celeste raro, n\u00e3o perca esse show astron\u00f4mico \u00fanico de 2025!\" \/>\n<meta name=\"robots\" content=\"index, follow, max-snippet:-1, max-image-preview:large, max-video-preview:-1\" \/>\n<link rel=\"canonical\" href=\"https:\/\/www.correiobraziliense.com.br\/cbradar\/veja-a-data-do-fenomeno-unico-que-banhara-a-lua-e-surpreendera-a-todos\/\" \/>\n<meta property=\"og:locale\" content=\"pt_BR\" \/>\n<meta property=\"og:type\" content=\"article\" \/>\n<meta property=\"og:title\" content=\"Veja a data do fen\u00f4meno \u00fanico que banhar\u00e1 a lua e surpreender\u00e1 a todos\" \/>\n<meta property=\"og:description\" content=\"Eclipse total &quot;Luna de Sangue&quot; iluminar\u00e1 c\u00e9us da \u00c1sia a 7\/9. Espet\u00e1culo celeste raro, n\u00e3o perca esse show astron\u00f4mico \u00fanico de 2025!\" \/>\n<meta property=\"og:url\" content=\"https:\/\/www.correiobraziliense.com.br\/cbradar\/veja-a-data-do-fenomeno-unico-que-banhara-a-lua-e-surpreendera-a-todos\/\" \/>\n<meta property=\"og:site_name\" content=\"Correio Braziliense - Radar\" \/>\n<meta property=\"article:published_time\" content=\"2025-08-05T19:03:00+00:00\" \/>\n<meta property=\"og:image\" content=\"https:\/\/www.correiobraziliense.com.br\/cbradar\/wp-content\/uploads\/2025\/08\/eclipse-lunar_1754349856167.jpg\" \/>\n\t<meta property=\"og:image:width\" content=\"1280\" \/>\n\t<meta property=\"og:image:height\" content=\"720\" \/>\n\t<meta property=\"og:image:type\" content=\"image\/jpeg\" \/>\n<meta name=\"author\" content=\"Larissa Carvalho\" \/>\n<meta name=\"twitter:card\" content=\"summary_large_image\" \/>\n<meta name=\"twitter:label1\" content=\"Escrito por\" \/>\n\t<meta name=\"twitter:data1\" content=\"Larissa Carvalho\" \/>\n\t<meta name=\"twitter:label2\" content=\"Est. tempo de leitura\" \/>\n\t<meta name=\"twitter:data2\" content=\"3 minutos\" \/>\n<!-- \/ Yoast SEO plugin. -->","yoast_head_json":{"title":"Veja a data do fen\u00f4meno \u00fanico que banhar\u00e1 a lua e surpreender\u00e1 a todos","description":"Eclipse total \"Luna de Sangue\" iluminar\u00e1 c\u00e9us da \u00c1sia a 7\/9. Espet\u00e1culo celeste raro, n\u00e3o perca esse show astron\u00f4mico \u00fanico de 2025!","robots":{"index":"index","follow":"follow","max-snippet":"max-snippet:-1","max-image-preview":"max-image-preview:large","max-video-preview":"max-video-preview:-1"},"canonical":"https:\/\/www.correiobraziliense.com.br\/cbradar\/veja-a-data-do-fenomeno-unico-que-banhara-a-lua-e-surpreendera-a-todos\/","og_locale":"pt_BR","og_type":"article","og_title":"Veja a data do fen\u00f4meno \u00fanico que banhar\u00e1 a lua e surpreender\u00e1 a todos","og_description":"Eclipse total \"Luna de Sangue\" iluminar\u00e1 c\u00e9us da \u00c1sia a 7\/9. Espet\u00e1culo celeste raro, n\u00e3o perca esse show astron\u00f4mico \u00fanico de 2025!","og_url":"https:\/\/www.correiobraziliense.com.br\/cbradar\/veja-a-data-do-fenomeno-unico-que-banhara-a-lua-e-surpreendera-a-todos\/","og_site_name":"Correio Braziliense - Radar","article_published_time":"2025-08-05T19:03:00+00:00","og_image":[{"width":1280,"height":720,"url":"https:\/\/www.correiobraziliense.com.br\/cbradar\/wp-content\/uploads\/2025\/08\/eclipse-lunar_1754349856167.jpg","type":"image\/jpeg"}],"author":"Larissa Carvalho","twitter_card":"summary_large_image","twitter_misc":{"Escrito por":"Larissa Carvalho","Est. tempo de leitura":"3 minutos"},"schema":{"@context":"https:\/\/schema.org","@graph":[{"@type":"WebPage","@id":"https:\/\/www.correiobraziliense.com.br\/cbradar\/veja-a-data-do-fenomeno-unico-que-banhara-a-lua-e-surpreendera-a-todos\/","url":"https:\/\/www.correiobraziliense.com.br\/cbradar\/veja-a-data-do-fenomeno-unico-que-banhara-a-lua-e-surpreendera-a-todos\/","name":"Veja a data do fen\u00f4meno \u00fanico que banhar\u00e1 a lua e surpreender\u00e1 a todos","isPartOf":{"@id":"https:\/\/www.correiobraziliense.com.br\/cbradar\/#website"},"primaryImageOfPage":{"@id":"https:\/\/www.correiobraziliense.com.br\/cbradar\/veja-a-data-do-fenomeno-unico-que-banhara-a-lua-e-surpreendera-a-todos\/#primaryimage"},"image":{"@id":"https:\/\/www.correiobraziliense.com.br\/cbradar\/veja-a-data-do-fenomeno-unico-que-banhara-a-lua-e-surpreendera-a-todos\/#primaryimage"},"thumbnailUrl":"https:\/\/www.correiobraziliense.com.br\/cbradar\/wp-content\/uploads\/2025\/08\/eclipse-lunar_1754349856167.jpg","datePublished":"2025-08-05T19:03:00+00:00","author":{"@id":"https:\/\/www.correiobraziliense.com.br\/cbradar\/#\/schema\/person\/58422787644df994b53a19d3e56c1513"},"description":"Eclipse total \"Luna de Sangue\" iluminar\u00e1 c\u00e9us da \u00c1sia a 7\/9. Espet\u00e1culo celeste raro, n\u00e3o perca esse show astron\u00f4mico \u00fanico de 2025!","breadcrumb":{"@id":"https:\/\/www.correiobraziliense.com.br\/cbradar\/veja-a-data-do-fenomeno-unico-que-banhara-a-lua-e-surpreendera-a-todos\/#breadcrumb"},"inLanguage":"pt-BR","potentialAction":[{"@type":"ReadAction","target":["https:\/\/www.correiobraziliense.com.br\/cbradar\/veja-a-data-do-fenomeno-unico-que-banhara-a-lua-e-surpreendera-a-todos\/"]}]},{"@type":"ImageObject","inLanguage":"pt-BR","@id":"https:\/\/www.correiobraziliense.com.br\/cbradar\/veja-a-data-do-fenomeno-unico-que-banhara-a-lua-e-surpreendera-a-todos\/#primaryimage","url":"https:\/\/www.correiobraziliense.com.br\/cbradar\/wp-content\/uploads\/2025\/08\/eclipse-lunar_1754349856167.jpg","contentUrl":"https:\/\/www.correiobraziliense.com.br\/cbradar\/wp-content\/uploads\/2025\/08\/eclipse-lunar_1754349856167.jpg","width":1280,"height":720,"caption":"eclipse lunar. Cr\u00e9ditos: depositphotos.com \/ StefanMal"},{"@type":"BreadcrumbList","@id":"https:\/\/www.correiobraziliense.com.br\/cbradar\/veja-a-data-do-fenomeno-unico-que-banhara-a-lua-e-surpreendera-a-todos\/#breadcrumb","itemListElement":[{"@type":"ListItem","position":1,"name":"In\u00edcio","item":"https:\/\/www.correiobraziliense.com.br\/cbradar\/"},{"@type":"ListItem","position":2,"name":"Veja a data do fen\u00f4meno \u00fanico que banhar\u00e1 a lua e surpreender\u00e1 a todos"}]},{"@type":"WebSite","@id":"https:\/\/www.correiobraziliense.com.br\/cbradar\/#website","url":"https:\/\/www.correiobraziliense.com.br\/cbradar\/","name":"Correio Braziliense - Radar","description":"Acompanhe as \u00faltimas not\u00edcias e fique bem informado sobre tudo o que acontece no Brasil e no mundo.","potentialAction":[{"@type":"SearchAction","target":{"@type":"EntryPoint","urlTemplate":"https:\/\/www.correiobraziliense.com.br\/cbradar\/?s={search_term_string}"},"query-input":{"@type":"PropertyValueSpecification","valueRequired":true,"valueName":"search_term_string"}}],"inLanguage":"pt-BR"},{"@type":"Person","@id":"https:\/\/www.correiobraziliense.com.br\/cbradar\/#\/schema\/person\/58422787644df994b53a19d3e56c1513","name":"Larissa Carvalho","image":{"@type":"ImageObject","inLanguage":"pt-BR","@id":"https:\/\/www.correiobraziliense.com.br\/cbradar\/#\/schema\/person\/image\/","url":"https:\/\/secure.gravatar.com\/avatar\/fe4f91a0de32b52a838d0d612abdc1aa?s=96&d=mm&r=g","contentUrl":"https:\/\/secure.gravatar.com\/avatar\/fe4f91a0de32b52a838d0d612abdc1aa?s=96&d=mm&r=g","caption":"Larissa Carvalho"},"url":"https:\/\/www.correiobraziliense.com.br\/cbradar\/author\/larissamyth\/"}]}},"_links":{"self":[{"href":"https:\/\/www.correiobraziliense.com.br\/cbradar\/wp-json\/wp\/v2\/posts\/80944","targetHints":{"allow":["GET"]}}],"collection":[{"href":"https:\/\/www.correiobraziliense.com.br\/cbradar\/wp-json\/wp\/v2\/posts"}],"about":[{"href":"https:\/\/www.correiobraziliense.com.br\/cbradar\/wp-json\/wp\/v2\/types\/post"}],"author":[{"embeddable":true,"href":"https:\/\/www.correiobraziliense.com.br\/cbradar\/wp-json\/wp\/v2\/users\/3"}],"replies":[{"embeddable":true,"href":"https:\/\/www.correiobraziliense.com.br\/cbradar\/wp-json\/wp\/v2\/comments?post=80944"}],"version-history":[{"count":2,"href":"https:\/\/www.correiobraziliense.com.br\/cbradar\/wp-json\/wp\/v2\/posts\/80944\/revisions"}],"predecessor-version":[{"id":80948,"href":"https:\/\/www.correiobraziliense.com.br\/cbradar\/wp-json\/wp\/v2\/posts\/80944\/revisions\/80948"}],"wp:featuredmedia":[{"embeddable":true,"href":"https:\/\/www.correiobraziliense.com.br\/cbradar\/wp-json\/wp\/v2\/media\/80946"}],"wp:attachment":[{"href":"https:\/\/www.correiobraziliense.com.br\/cbradar\/wp-json\/wp\/v2\/media?parent=80944"}],"wp:term":[{"taxonomy":"category","embeddable":true,"href":"https:\/\/www.correiobraziliense.com.br\/cbradar\/wp-json\/wp\/v2\/categories?post=80944"},{"taxonomy":"post_tag","embeddable":true,"href":"https:\/\/www.correiobraziliense.com.br\/cbradar\/wp-json\/wp\/v2\/tags?post=80944"}],"curies":[{"name":"wp","href":"https:\/\/api.w.org\/{rel}","templated":true}]}}