{"id":80956,"date":"2025-08-05T10:23:00","date_gmt":"2025-08-05T13:23:00","guid":{"rendered":"https:\/\/www.correiobraziliense.com.br\/cbradar\/?p=80956"},"modified":"2025-08-05T16:50:32","modified_gmt":"2025-08-05T19:50:32","slug":"10-frases-politicamente-incorretas-que-os-mais-velhos-usam-que-incomodam-os-mais-novos","status":"publish","type":"post","link":"https:\/\/www.correiobraziliense.com.br\/cbradar\/10-frases-politicamente-incorretas-que-os-mais-velhos-usam-que-incomodam-os-mais-novos\/","title":{"rendered":"10 frases politicamente incorretas que os mais velhos usam que incomodam os mais novos"},"content":{"rendered":"\n<p>Em conversas cotidianas ou reuni\u00f5es familiares, frases que outrora foram comuns podem soar ultrapassadas, condescendentes ou insens\u00edveis nas gera\u00e7\u00f5es mais jovens. Esses termos, muitas vezes sem inten\u00e7\u00e3o maliciosa, refletem h\u00e1bitos de linguagem impensados. Explore as nuances de comunica\u00e7\u00e3o entre gera\u00e7\u00f5es e como algumas frases podem ser mal interpretadas.<\/p>\n\n\n\n<ul class=\"wp-block-list\">\n<li><strong>Curiosidade Bloqueada<\/strong>: Frases que encerram a discuss\u00e3o sem abrir espa\u00e7o para diferentes experi\u00eancias de vida.<\/li>\n\n\n\n<li><strong>Narrativas Desatualizadas<\/strong>: Termos que subestimam os desafios atuais ao comparar com realidades passadas.<\/li>\n\n\n\n<li><strong>Import\u00e2ncia da Inten\u00e7\u00e3o<\/strong>: Como repensar a maneira de se comunicar pode criar pontes em vez de barreiras.<\/li>\n<\/ul>\n\n\n\n<h2 class=\"wp-block-heading\">Por que &#8220;voc\u00ea \u00e9 muito jovem para entender&#8221; pode ser problem\u00e1tico?<\/h2>\n\n\n\n<p>Essa frase frequentemente <strong>bloqueia<\/strong> a curiosidade e ignora experi\u00eancias de vida leg\u00edtimas. Em vez de abrir di\u00e1logo, encerra a conversa antes mesmo de come\u00e7ar.<\/p>\n\n\n\n<h2 class=\"wp-block-heading\">A frase &#8220;isso n\u00e3o \u00e9 comportamento de <strong>dama<\/strong>&#8220;: o impacto nas expectativas de g\u00eanero<\/h2>\n\n\n\n<p>Comumente usada para corrigir comportamentos, ela refor\u00e7a expectativas de g\u00eanero restritivas e antiquadas.<\/p>\n\n\n\n<h2 class=\"wp-block-heading\">&#8220;Meninos ser\u00e3o meninos&#8221;: um convite \u00e0 falta de responsabilidade?<\/h2>\n\n\n\n<p>Essa express\u00e3o tende a desculpar comportamentos inadequados. Em vez de promover responsabilidade, normaliza atitudes question\u00e1veis.<\/p>\n\n\n\n<h2 class=\"wp-block-heading\">Compara\u00e7\u00f5es com o passado: &#8220;quando eu tinha sua idade&#8230;&#8221;<\/h2>\n\n\n\n<p>Frequentemente usada com boas inten\u00e7\u00f5es, essa frase pode minimizar as lutas atuais ao ignorar contextos significativamente diferentes. Al\u00e9m disso, substituir a empatia pela compara\u00e7\u00e3o pode distanciar ainda mais as gera\u00e7\u00f5es, dificultando a compreens\u00e3o m\u00fatua.<\/p>\n\n\n\n<h2 class=\"wp-block-heading\">&#8220;Voc\u00ea tem a vida f\u00e1cil&#8221;: realidade ou desconsidera\u00e7\u00e3o?<\/h2>\n\n\n\n<p>Expressa uma falta de compreens\u00e3o das dificuldades estruturais e das diferen\u00e7as socioecon\u00f4micas atuais. Em vez de empatia, muitas vezes resulta em um discurso de privil\u00e9gio.<\/p>\n\n\n\n<figure class=\"wp-block-image size-large\"><img decoding=\"async\" width=\"1024\" height=\"576\" src=\"https:\/\/www.correiobraziliense.com.br\/cbradar\/wp-content\/uploads\/2025\/08\/nova-geracao_1754350423146-1024x576.jpg\" alt=\"10 frases politicamente incorretas que os boomers usam que incomodam silenciosamente os mais jovens\" class=\"wp-image-80960\" srcset=\"https:\/\/www.correiobraziliense.com.br\/cbradar\/wp-content\/uploads\/2025\/08\/nova-geracao_1754350423146-1024x576.jpg 1024w, https:\/\/www.correiobraziliense.com.br\/cbradar\/wp-content\/uploads\/2025\/08\/nova-geracao_1754350423146-300x169.jpg 300w, https:\/\/www.correiobraziliense.com.br\/cbradar\/wp-content\/uploads\/2025\/08\/nova-geracao_1754350423146-768x432.jpg 768w, https:\/\/www.correiobraziliense.com.br\/cbradar\/wp-content\/uploads\/2025\/08\/nova-geracao_1754350423146-750x422.jpg 750w, https:\/\/www.correiobraziliense.com.br\/cbradar\/wp-content\/uploads\/2025\/08\/nova-geracao_1754350423146-1140x641.jpg 1140w, https:\/\/www.correiobraziliense.com.br\/cbradar\/wp-content\/uploads\/2025\/08\/nova-geracao_1754350423146.jpg 1280w\" sizes=\"(max-width: 1024px) 100vw, 1024px\" \/><figcaption class=\"wp-element-caption\">nova gera\u00e7\u00e3o. Cr\u00e9ditos: depositphotos.com \/ ArturVerkhovetskiy<\/figcaption><\/figure>\n\n\n\n<h2 class=\"wp-block-heading\">A ironia do &#8220;todo mundo t\u00e1 sens\u00edvel atualmente&#8221;<\/h2>\n\n\n\n<p>Frase defensiva que frequentemente invalida novas normas sociais sobre linguagem e inclus\u00e3o, fechando espa\u00e7o para di\u00e1logos mais construtivos. Vale lembrar que manter a mente aberta \u00e0s mudan\u00e7as sociais pode ser uma oportunidade de crescimento para todos os envolvidos.<\/p>\n\n\n\n<h2 class=\"wp-block-heading\">&#8220;Homem de verdade n\u00e3o chora&#8221; e a supress\u00e3o emocional<\/h2>\n\n\n\n<p>Essa frase desencoraja a express\u00e3o emocional, promovendo a retra\u00e7\u00e3o e o isolamento ao inv\u00e9s de oferecer suporte.<\/p>\n\n\n\n<h2 class=\"wp-block-heading\">Express\u00f5es como <strong>&#8220;isso \u00e9 t\u00e3o gay&#8221;<\/strong>: porque devemos abandon\u00e1-las<\/h2>\n\n\n\n<p>Mesmo quando usadas como g\u00edria, carregam um peso homof\u00f3bico que causa impacto negativo independentemente da inten\u00e7\u00e3o original. O respeito \u00e0 diversidade \u00e9 fundamental na atualiza\u00e7\u00e3o da linguagem cotidiana.<\/p>\n\n\n\n<h2 class=\"wp-block-heading\">&#8220;As pessoas precisam de disciplina&#8221;: ignorando quest\u00f5es sist\u00eamicas?<\/h2>\n\n\n\n<p>Disciplina nem sempre \u00e9 a solu\u00e7\u00e3o para desafios psicol\u00f3gicos ou sist\u00eamicos, e diese frase pode fazer com que as pessoas se sintam julgadas em vez de compreendidas. A utiliza\u00e7\u00e3o de frases mais sens\u00edveis pode promover ambientes de escuta e valida\u00e7\u00e3o.<\/p>\n\n\n\n<h2 class=\"wp-block-heading\">A frase &#8220;Trabalho duro te leva a qualquer lugar&#8221; ainda faz sentido?<\/h2>\n\n\n\n<p>Embora soe motivacional, essa frase ignora as desigualdades de oportunidade, apagando as desvantagens vividas por outros.<\/p>\n\n\n\n<h2 class=\"wp-block-heading\">Transformando palavras em pontes, n\u00e3o barreiras<\/h2>\n\n\n\n<p>Explorar linguagem e <strong>comunica\u00e7\u00e3o aberta<\/strong> pode abrir novas perspectivas de entendimento e conex\u00e3o genu\u00edna entre gera\u00e7\u00f5es.<\/p>\n\n\n\n<ul class=\"wp-block-list\">\n<li>Reconhe\u00e7a a <strong>inten\u00e7\u00e3o<\/strong> e o impacto das palavras utilizadas, ajustando quando necess\u00e1rio.<\/li>\n\n\n\n<li>Permita-se <strong>curiosidade<\/strong> em vez de assumir conhecimento completo sobre o contexto de outros.<\/li>\n\n\n\n<li>Use a comunica\u00e7\u00e3o como ferramenta para <strong>conex\u00e3o<\/strong>, n\u00e3o como meio de provar algo.<\/li>\n<\/ul>\n","protected":false},"excerpt":{"rendered":"<p>Descubra 10 frases que Boomer usam e que fazem os mais jovens revirarem os olhos. Identidade e empatia s\u00e3o chave na evolu\u00e7\u00e3o do di\u00e1logo.<\/p>\n","protected":false},"author":3,"featured_media":80959,"comment_status":"open","ping_status":"open","sticky":false,"template":"","format":"standard","meta":{"_yoast_wpseo_focuskw":"frases boomers","_yoast_wpseo_title":"%%title%%","_yoast_wpseo_metadesc":"Descubra 10 frases que Boomer usam e que fazem os mais jovens revirarem os olhos. Identidade e empatia s\u00e3o chave na evolu\u00e7\u00e3o do di\u00e1logo.","jnews-multi-image_gallery":[],"jnews_single_post":{"format":"standard"},"jnews_primary_category":[],"jnews_social_meta":[],"jnews_override_counter":[],"footnotes":""},"categories":[112],"tags":[144,5310,404],"class_list":["post-80956","post","type-post","status-publish","format-standard","has-post-thumbnail","hentry","category-curiosidades","tag-curiosidades","tag-frases","tag-psicologia"],"yoast_head":"<!-- This site is optimized with the Yoast SEO plugin v24.6 - https:\/\/yoast.com\/wordpress\/plugins\/seo\/ -->\n<title>10 frases politicamente incorretas que os mais velhos usam que incomodam os mais novos<\/title>\n<meta name=\"description\" content=\"Descubra 10 frases que Boomer usam e que fazem os mais jovens revirarem os olhos. Identidade e empatia s\u00e3o chave na evolu\u00e7\u00e3o do di\u00e1logo.\" \/>\n<meta name=\"robots\" content=\"index, follow, max-snippet:-1, max-image-preview:large, max-video-preview:-1\" \/>\n<link rel=\"canonical\" href=\"https:\/\/www.correiobraziliense.com.br\/cbradar\/10-frases-politicamente-incorretas-que-os-mais-velhos-usam-que-incomodam-os-mais-novos\/\" \/>\n<meta property=\"og:locale\" content=\"pt_BR\" \/>\n<meta property=\"og:type\" content=\"article\" \/>\n<meta property=\"og:title\" content=\"10 frases politicamente incorretas que os mais velhos usam que incomodam os mais novos\" \/>\n<meta property=\"og:description\" content=\"Descubra 10 frases que Boomer usam e que fazem os mais jovens revirarem os olhos. Identidade e empatia s\u00e3o chave na evolu\u00e7\u00e3o do di\u00e1logo.\" \/>\n<meta property=\"og:url\" content=\"https:\/\/www.correiobraziliense.com.br\/cbradar\/10-frases-politicamente-incorretas-que-os-mais-velhos-usam-que-incomodam-os-mais-novos\/\" \/>\n<meta property=\"og:site_name\" content=\"Correio Braziliense - Radar\" \/>\n<meta property=\"article:published_time\" content=\"2025-08-05T13:23:00+00:00\" \/>\n<meta property=\"article:modified_time\" content=\"2025-08-05T19:50:32+00:00\" \/>\n<meta property=\"og:image\" content=\"https:\/\/www.correiobraziliense.com.br\/cbradar\/wp-content\/uploads\/2025\/08\/nova-geracao_1754350314083.jpg\" \/>\n\t<meta property=\"og:image:width\" content=\"1280\" \/>\n\t<meta property=\"og:image:height\" content=\"720\" \/>\n\t<meta property=\"og:image:type\" content=\"image\/jpeg\" \/>\n<meta name=\"author\" content=\"Larissa Carvalho\" \/>\n<meta name=\"twitter:card\" content=\"summary_large_image\" \/>\n<meta name=\"twitter:label1\" content=\"Escrito por\" \/>\n\t<meta name=\"twitter:data1\" content=\"Larissa Carvalho\" \/>\n\t<meta name=\"twitter:label2\" content=\"Est. tempo de leitura\" \/>\n\t<meta name=\"twitter:data2\" content=\"4 minutos\" \/>\n<!-- \/ Yoast SEO plugin. -->","yoast_head_json":{"title":"10 frases politicamente incorretas que os mais velhos usam que incomodam os mais novos","description":"Descubra 10 frases que Boomer usam e que fazem os mais jovens revirarem os olhos. Identidade e empatia s\u00e3o chave na evolu\u00e7\u00e3o do di\u00e1logo.","robots":{"index":"index","follow":"follow","max-snippet":"max-snippet:-1","max-image-preview":"max-image-preview:large","max-video-preview":"max-video-preview:-1"},"canonical":"https:\/\/www.correiobraziliense.com.br\/cbradar\/10-frases-politicamente-incorretas-que-os-mais-velhos-usam-que-incomodam-os-mais-novos\/","og_locale":"pt_BR","og_type":"article","og_title":"10 frases politicamente incorretas que os mais velhos usam que incomodam os mais novos","og_description":"Descubra 10 frases que Boomer usam e que fazem os mais jovens revirarem os olhos. Identidade e empatia s\u00e3o chave na evolu\u00e7\u00e3o do di\u00e1logo.","og_url":"https:\/\/www.correiobraziliense.com.br\/cbradar\/10-frases-politicamente-incorretas-que-os-mais-velhos-usam-que-incomodam-os-mais-novos\/","og_site_name":"Correio Braziliense - Radar","article_published_time":"2025-08-05T13:23:00+00:00","article_modified_time":"2025-08-05T19:50:32+00:00","og_image":[{"width":1280,"height":720,"url":"https:\/\/www.correiobraziliense.com.br\/cbradar\/wp-content\/uploads\/2025\/08\/nova-geracao_1754350314083.jpg","type":"image\/jpeg"}],"author":"Larissa Carvalho","twitter_card":"summary_large_image","twitter_misc":{"Escrito por":"Larissa Carvalho","Est. tempo de leitura":"4 minutos"},"schema":{"@context":"https:\/\/schema.org","@graph":[{"@type":"WebPage","@id":"https:\/\/www.correiobraziliense.com.br\/cbradar\/10-frases-politicamente-incorretas-que-os-mais-velhos-usam-que-incomodam-os-mais-novos\/","url":"https:\/\/www.correiobraziliense.com.br\/cbradar\/10-frases-politicamente-incorretas-que-os-mais-velhos-usam-que-incomodam-os-mais-novos\/","name":"10 frases politicamente incorretas que os mais velhos usam que incomodam os mais novos","isPartOf":{"@id":"https:\/\/www.correiobraziliense.com.br\/cbradar\/#website"},"primaryImageOfPage":{"@id":"https:\/\/www.correiobraziliense.com.br\/cbradar\/10-frases-politicamente-incorretas-que-os-mais-velhos-usam-que-incomodam-os-mais-novos\/#primaryimage"},"image":{"@id":"https:\/\/www.correiobraziliense.com.br\/cbradar\/10-frases-politicamente-incorretas-que-os-mais-velhos-usam-que-incomodam-os-mais-novos\/#primaryimage"},"thumbnailUrl":"https:\/\/www.correiobraziliense.com.br\/cbradar\/wp-content\/uploads\/2025\/08\/nova-geracao_1754350314083.jpg","datePublished":"2025-08-05T13:23:00+00:00","dateModified":"2025-08-05T19:50:32+00:00","author":{"@id":"https:\/\/www.correiobraziliense.com.br\/cbradar\/#\/schema\/person\/58422787644df994b53a19d3e56c1513"},"description":"Descubra 10 frases que Boomer usam e que fazem os mais jovens revirarem os olhos. Identidade e empatia s\u00e3o chave na evolu\u00e7\u00e3o do di\u00e1logo.","breadcrumb":{"@id":"https:\/\/www.correiobraziliense.com.br\/cbradar\/10-frases-politicamente-incorretas-que-os-mais-velhos-usam-que-incomodam-os-mais-novos\/#breadcrumb"},"inLanguage":"pt-BR","potentialAction":[{"@type":"ReadAction","target":["https:\/\/www.correiobraziliense.com.br\/cbradar\/10-frases-politicamente-incorretas-que-os-mais-velhos-usam-que-incomodam-os-mais-novos\/"]}]},{"@type":"ImageObject","inLanguage":"pt-BR","@id":"https:\/\/www.correiobraziliense.com.br\/cbradar\/10-frases-politicamente-incorretas-que-os-mais-velhos-usam-que-incomodam-os-mais-novos\/#primaryimage","url":"https:\/\/www.correiobraziliense.com.br\/cbradar\/wp-content\/uploads\/2025\/08\/nova-geracao_1754350314083.jpg","contentUrl":"https:\/\/www.correiobraziliense.com.br\/cbradar\/wp-content\/uploads\/2025\/08\/nova-geracao_1754350314083.jpg","width":1280,"height":720,"caption":"nova gera\u00e7\u00e3o. Cr\u00e9ditos: depositphotos.com \/ VitalikRadko"},{"@type":"BreadcrumbList","@id":"https:\/\/www.correiobraziliense.com.br\/cbradar\/10-frases-politicamente-incorretas-que-os-mais-velhos-usam-que-incomodam-os-mais-novos\/#breadcrumb","itemListElement":[{"@type":"ListItem","position":1,"name":"In\u00edcio","item":"https:\/\/www.correiobraziliense.com.br\/cbradar\/"},{"@type":"ListItem","position":2,"name":"10 frases politicamente incorretas que os mais velhos usam que incomodam os mais novos"}]},{"@type":"WebSite","@id":"https:\/\/www.correiobraziliense.com.br\/cbradar\/#website","url":"https:\/\/www.correiobraziliense.com.br\/cbradar\/","name":"Correio Braziliense - Radar","description":"Acompanhe as \u00faltimas not\u00edcias e fique bem informado sobre tudo o que acontece no Brasil e no mundo.","potentialAction":[{"@type":"SearchAction","target":{"@type":"EntryPoint","urlTemplate":"https:\/\/www.correiobraziliense.com.br\/cbradar\/?s={search_term_string}"},"query-input":{"@type":"PropertyValueSpecification","valueRequired":true,"valueName":"search_term_string"}}],"inLanguage":"pt-BR"},{"@type":"Person","@id":"https:\/\/www.correiobraziliense.com.br\/cbradar\/#\/schema\/person\/58422787644df994b53a19d3e56c1513","name":"Larissa Carvalho","image":{"@type":"ImageObject","inLanguage":"pt-BR","@id":"https:\/\/www.correiobraziliense.com.br\/cbradar\/#\/schema\/person\/image\/","url":"https:\/\/secure.gravatar.com\/avatar\/fe4f91a0de32b52a838d0d612abdc1aa?s=96&d=mm&r=g","contentUrl":"https:\/\/secure.gravatar.com\/avatar\/fe4f91a0de32b52a838d0d612abdc1aa?s=96&d=mm&r=g","caption":"Larissa Carvalho"},"url":"https:\/\/www.correiobraziliense.com.br\/cbradar\/author\/larissamyth\/"}]}},"_links":{"self":[{"href":"https:\/\/www.correiobraziliense.com.br\/cbradar\/wp-json\/wp\/v2\/posts\/80956","targetHints":{"allow":["GET"]}}],"collection":[{"href":"https:\/\/www.correiobraziliense.com.br\/cbradar\/wp-json\/wp\/v2\/posts"}],"about":[{"href":"https:\/\/www.correiobraziliense.com.br\/cbradar\/wp-json\/wp\/v2\/types\/post"}],"author":[{"embeddable":true,"href":"https:\/\/www.correiobraziliense.com.br\/cbradar\/wp-json\/wp\/v2\/users\/3"}],"replies":[{"embeddable":true,"href":"https:\/\/www.correiobraziliense.com.br\/cbradar\/wp-json\/wp\/v2\/comments?post=80956"}],"version-history":[{"count":3,"href":"https:\/\/www.correiobraziliense.com.br\/cbradar\/wp-json\/wp\/v2\/posts\/80956\/revisions"}],"predecessor-version":[{"id":81517,"href":"https:\/\/www.correiobraziliense.com.br\/cbradar\/wp-json\/wp\/v2\/posts\/80956\/revisions\/81517"}],"wp:featuredmedia":[{"embeddable":true,"href":"https:\/\/www.correiobraziliense.com.br\/cbradar\/wp-json\/wp\/v2\/media\/80959"}],"wp:attachment":[{"href":"https:\/\/www.correiobraziliense.com.br\/cbradar\/wp-json\/wp\/v2\/media?parent=80956"}],"wp:term":[{"taxonomy":"category","embeddable":true,"href":"https:\/\/www.correiobraziliense.com.br\/cbradar\/wp-json\/wp\/v2\/categories?post=80956"},{"taxonomy":"post_tag","embeddable":true,"href":"https:\/\/www.correiobraziliense.com.br\/cbradar\/wp-json\/wp\/v2\/tags?post=80956"}],"curies":[{"name":"wp","href":"https:\/\/api.w.org\/{rel}","templated":true}]}}