{"id":80972,"date":"2025-08-05T19:33:00","date_gmt":"2025-08-05T22:33:00","guid":{"rendered":"https:\/\/www.correiobraziliense.com.br\/cbradar\/?p=80972"},"modified":"2025-08-05T00:46:20","modified_gmt":"2025-08-05T03:46:20","slug":"essa-joia-impressiona-com-sua-localizacao-estrategica-e-bem-estar","status":"publish","type":"post","link":"https:\/\/www.correiobraziliense.com.br\/cbradar\/essa-joia-impressiona-com-sua-localizacao-estrategica-e-bem-estar\/","title":{"rendered":"Essa joia impressiona com sua localiza\u00e7\u00e3o estrat\u00e9gica e bem-estar"},"content":{"rendered":"\n<p><strong><a href=\"https:\/\/itajai.sc.gov.br\/\" target=\"_blank\" rel=\"noreferrer noopener\">Itaja\u00ed<\/a><\/strong>, no <strong>Vale do Itaja\u00ed<\/strong>, <strong>Santa Catarina<\/strong>, <strong>Brasil<\/strong>, a 94 km de <strong>Florian\u00f3polis<\/strong> e pr\u00f3xima a <strong>Balne\u00e1rio Cambori\u00fa<\/strong> e <strong>Navegantes<\/strong>, \u00e9 conhecida por sua \u00f3tima localiza\u00e7\u00e3o e apelidada de \u201cPortal de Entrada de Santa Catarina\u201d. Com o maior porto do Sul do pa\u00eds e economia pujante, <strong>Itaja\u00ed<\/strong> \u00e9 ideal para morar. Vivencie o que torna esta cidade um centro de oportunidades entre o mar e o desenvolvimento industrial.<\/p>\n\n\n\n<ul class=\"wp-block-list\">\n<li>Maior porto do Sul do Brasil com economia din\u00e2mica<\/li>\n\n\n\n<li>Universidade reconhecida e ensino superior de qualidade<\/li>\n\n\n\n<li>Localiza\u00e7\u00e3o estrat\u00e9gica no litoral catarinense<\/li>\n<\/ul>\n\n\n\n<h2 class=\"wp-block-heading\">Por que morar em Itaja\u00ed?<\/h2>\n\n\n\n<p><strong>Itaja\u00ed<\/strong> possui um IDH de 0,795, segundo o <strong><strong>Programa das Na\u00e7\u00f5es Unidas para o Desenvolvimento<\/strong><\/strong>. A economia \u00e9 movida pelos setores portu\u00e1rio, naval e de tecnologia, conforme a <strong>Prefeitura de Itaja\u00ed<\/strong>.<\/p>\n\n\n\n<p>Com cerca de 230.000 habitantes, segundo o <strong>IBGE<\/strong>, a cidade oferece infraestrutura completa e universidade de excel\u00eancia. A seguran\u00e7a \u00e9 refor\u00e7ada com policiamento especializado na \u00e1rea portu\u00e1ria.<\/p>\n\n\n\n<p>O mercado de trabalho \u00e9 aquecido, especialmente nas \u00e1reas de log\u00edstica, tecnologia e com\u00e9rcio exterior. Profissionais qualificados encontram oportunidades em empresas multinacionais.<\/p>\n\n\n\n<p>A <strong>Universidade do Vale do Itaja\u00ed<\/strong> (UNIVALI) atrai estudantes de todo pa\u00eds. O ambiente universit\u00e1rio enriquece a vida cultural e econ\u00f4mica da cidade.<\/p>\n\n\n<div class=\"wp-block-image\">\n<figure class=\"aligncenter size-large\"><img decoding=\"async\" width=\"1024\" height=\"576\" src=\"https:\/\/www.correiobraziliense.com.br\/cbradar\/wp-content\/uploads\/2025\/06\/Edicoes-32-1024x576.png\" alt=\"\" class=\"wp-image-49106\" srcset=\"https:\/\/www.correiobraziliense.com.br\/cbradar\/wp-content\/uploads\/2025\/06\/Edicoes-32-1024x576.png 1024w, https:\/\/www.correiobraziliense.com.br\/cbradar\/wp-content\/uploads\/2025\/06\/Edicoes-32-300x169.png 300w, https:\/\/www.correiobraziliense.com.br\/cbradar\/wp-content\/uploads\/2025\/06\/Edicoes-32-768x432.png 768w, https:\/\/www.correiobraziliense.com.br\/cbradar\/wp-content\/uploads\/2025\/06\/Edicoes-32-750x422.png 750w, https:\/\/www.correiobraziliense.com.br\/cbradar\/wp-content\/uploads\/2025\/06\/Edicoes-32-1140x641.png 1140w, https:\/\/www.correiobraziliense.com.br\/cbradar\/wp-content\/uploads\/2025\/06\/Edicoes-32.png 1280w\" sizes=\"(max-width: 1024px) 100vw, 1024px\" \/><figcaption class=\"wp-element-caption\">Itaja\u00ed, SC \/\/ Reprodu\u00e7\u00e3o: Wikip\u00e9dia<\/figcaption><\/figure><\/div>\n\n\n<h2 class=\"wp-block-heading\">Quais s\u00e3o os melhores bairros para morar em Itaja\u00ed?<\/h2>\n\n\n\n<ul class=\"wp-block-list\">\n<li>A <strong>Fazenda<\/strong> \u00e9 nobre, com resid\u00eancias de alto padr\u00e3o e proximidade da <strong>UNIVALI<\/strong>. Ideal para profissionais e fam\u00edlias que buscam qualidade de vida premium.<\/li>\n\n\n\n<li>O <strong>Centro<\/strong> \u00e9 movimentado, com com\u00e9rcio intenso e acesso ao <strong>Porto de Itaja\u00ed<\/strong>. Perfeito para profissionais que trabalham com com\u00e9rcio exterior e log\u00edstica.<\/li>\n\n\n\n<li>O <strong>S\u00e3o Vicente<\/strong> oferece tranquilidade residencial com boa infraestrutura urbana. Atrativo para fam\u00edlias que valorizam ambiente calmo pr\u00f3ximo ao centro.<\/li>\n\n\n\n<li>A <strong>Praia Brava<\/strong> combina vida praiana com desenvolvimento imobili\u00e1rio crescente. Escolha estrat\u00e9gica para quem busca investimento e qualidade de vida litor\u00e2nea.<\/li>\n\n\n\n<li>O <strong>Cordeiros<\/strong> \u00e9 tradicional, com comunidade estabelecida e com\u00e9rcio local forte. Oferece custo de vida acess\u00edvel em \u00e1rea bem localizada.<\/li>\n<\/ul>\n\n\n\n<figure class=\"wp-block-embed aligncenter is-type-video is-provider-youtube wp-block-embed-youtube wp-embed-aspect-16-9 wp-has-aspect-ratio\"><div class=\"wp-block-embed__wrapper\">\n<div class=\"jeg_video_container jeg_video_content\"><iframe loading=\"lazy\" title=\"\u30104K\u3011Itajai from Above - BRAZIL 2020 | Santa Catarina | Cinematic Wolf Aerial\u2122 Drone Film\" width=\"500\" height=\"281\" src=\"https:\/\/www.youtube.com\/embed\/He6hnc48_h8?feature=oembed\" frameborder=\"0\" allow=\"accelerometer; autoplay; clipboard-write; encrypted-media; gyroscope; picture-in-picture; web-share\" referrerpolicy=\"strict-origin-when-cross-origin\" allowfullscreen><\/iframe><\/div>\n<\/div><figcaption class=\"wp-element-caption\">Itaja\u00ed \/\/ Cr\u00e9ditos: YouTube @OneManWolfPack<\/figcaption><\/figure>\n\n\n\n<h2 class=\"wp-block-heading\">Quais s\u00e3o as principais atra\u00e7\u00f5es tur\u00edsticas de Itaja\u00ed?<\/h2>\n\n\n\n<p>O <strong>Porto de Itaja\u00ed<\/strong> impressiona como maior complexo portu\u00e1rio do Sul do <strong>Brasil<\/strong>. \u00c9 poss\u00edvel conhecer as opera\u00e7\u00f5es atrav\u00e9s de visitas guiadas, segundo o <strong>TripAdvisor<\/strong>.<\/p>\n\n\n\n<p>O <strong>Museu Oceanogr\u00e1fico<\/strong> da <strong>UNIVALI<\/strong> preserva rica cole\u00e7\u00e3o de vida marinha regional. Refer\u00eancia cient\u00edfica que educa sobre ecossistemas costeiros e pesquisa oce\u00e2nica.<\/p>\n\n\n\n<p>A <strong>Praia Brava<\/strong> oferece ondas ideais para surfe e paisagem de morros preservados. Destino preferido de surfistas e fam\u00edlias que buscam praias mais selvagens.<\/p>\n\n\n\n<p>O <strong>Mercado P\u00fablico<\/strong> re\u00fane produtos regionais, artesanatos e gastronomia de frutos do mar. Centro gastron\u00f4mico que celebra tradi\u00e7\u00f5es pesqueiras e cultura local.<\/p>\n\n\n\n<p>A <strong>Casa da Cultura Dide Brand\u00e3o<\/strong> promove eventos art\u00edsticos e exposi\u00e7\u00f5es culturais. Espa\u00e7o dedicado \u00e0s artes que fortalece a cena cultural itajaiense.<\/p>\n\n\n\n<ul class=\"wp-block-list\">\n<li><strong>Porto de Itaja\u00ed<\/strong>: complexo portu\u00e1rio e log\u00edstica<\/li>\n\n\n\n<li><strong>Museu Oceanogr\u00e1fico UNIVALI<\/strong>: ci\u00eancia e vida marinha<\/li>\n\n\n\n<li><strong>Praia Brava<\/strong>: surfe e paisagens naturais<\/li>\n\n\n\n<li><strong>Mercado P\u00fablico<\/strong>: gastronomia e produtos regionais<\/li>\n\n\n\n<li><strong>Casa da Cultura<\/strong>: eventos art\u00edsticos e exposi\u00e7\u00f5es<\/li>\n<\/ul>\n\n\n<div class=\"wp-block-image\">\n<figure class=\"aligncenter size-large\"><img decoding=\"async\" width=\"1024\" height=\"576\" src=\"https:\/\/www.correiobraziliense.com.br\/cbradar\/wp-content\/uploads\/2025\/06\/itajai_1750913805777-1024x576.jpg\" alt=\"Cidade de Santa Catarina se destaca entre as melhores para viver no Brasil\" class=\"wp-image-59714\" srcset=\"https:\/\/www.correiobraziliense.com.br\/cbradar\/wp-content\/uploads\/2025\/06\/itajai_1750913805777-1024x576.jpg 1024w, https:\/\/www.correiobraziliense.com.br\/cbradar\/wp-content\/uploads\/2025\/06\/itajai_1750913805777-300x169.jpg 300w, https:\/\/www.correiobraziliense.com.br\/cbradar\/wp-content\/uploads\/2025\/06\/itajai_1750913805777-768x432.jpg 768w, https:\/\/www.correiobraziliense.com.br\/cbradar\/wp-content\/uploads\/2025\/06\/itajai_1750913805777-750x422.jpg 750w, https:\/\/www.correiobraziliense.com.br\/cbradar\/wp-content\/uploads\/2025\/06\/itajai_1750913805777-1140x642.jpg 1140w, https:\/\/www.correiobraziliense.com.br\/cbradar\/wp-content\/uploads\/2025\/06\/itajai_1750913805777.jpg 1279w\" sizes=\"(max-width: 1024px) 100vw, 1024px\" \/><figcaption class=\"wp-element-caption\">Itaja\u00ed, SC \/\/ Cr\u00e9ditos: depositphotos.com \/ ruramos<\/figcaption><\/figure><\/div>\n\n\n<h2 class=\"wp-block-heading\">Como \u00e9 a vida cultural em Itaja\u00ed?<\/h2>\n\n\n\n<p><strong>Itaja\u00ed<\/strong> vibra com a <strong>MareFest<\/strong>, festival que celebra cultura mar\u00edtima com m\u00fasica e gastronomia. O evento anual atrai visitantes de toda regi\u00e3o com programa\u00e7\u00e3o diversificada.<\/p>\n\n\n\n<p>A <strong>UNIVALI<\/strong> enriquece a cena cultural com teatro universit\u00e1rio e eventos acad\u00eamicos. A comunidade estudantil dinamiza a vida noturna e atividades culturais.<\/p>\n\n\n\n<p>A gastronomia marinha \u00e9 destaque em restaurantes especializados em frutos do mar frescos. Pratos como <strong>linguado<\/strong> e <strong>camar\u00e3o<\/strong> representam a tradi\u00e7\u00e3o pesqueira local.<\/p>\n\n\n\n<p>Festivais de m\u00fasica eletr\u00f4nica aproveitam a proximidade com <strong>Balne\u00e1rio Cambori\u00fa<\/strong>. A vida noturna atrai jovens universit\u00e1rios e turistas em busca de entretenimento.<\/p>\n\n\n<div class=\"wp-block-image\">\n<figure class=\"aligncenter size-large\"><img decoding=\"async\" width=\"1024\" height=\"576\" src=\"https:\/\/www.correiobraziliense.com.br\/cbradar\/wp-content\/uploads\/2025\/06\/itajai_1750913689299-1024x576.jpg\" alt=\"Cidade de Santa Catarina se destaca entre as melhores para viver no Brasil\" class=\"wp-image-59712\" srcset=\"https:\/\/www.correiobraziliense.com.br\/cbradar\/wp-content\/uploads\/2025\/06\/itajai_1750913689299-1024x576.jpg 1024w, https:\/\/www.correiobraziliense.com.br\/cbradar\/wp-content\/uploads\/2025\/06\/itajai_1750913689299-300x169.jpg 300w, https:\/\/www.correiobraziliense.com.br\/cbradar\/wp-content\/uploads\/2025\/06\/itajai_1750913689299-768x432.jpg 768w, https:\/\/www.correiobraziliense.com.br\/cbradar\/wp-content\/uploads\/2025\/06\/itajai_1750913689299-750x422.jpg 750w, https:\/\/www.correiobraziliense.com.br\/cbradar\/wp-content\/uploads\/2025\/06\/itajai_1750913689299-1140x641.jpg 1140w, https:\/\/www.correiobraziliense.com.br\/cbradar\/wp-content\/uploads\/2025\/06\/itajai_1750913689299.jpg 1280w\" sizes=\"(max-width: 1024px) 100vw, 1024px\" \/><figcaption class=\"wp-element-caption\">Itaja\u00ed, SC \/\/ Cr\u00e9ditos: depositphotos.com \/ SandroSalomon<\/figcaption><\/figure><\/div>\n\n\n<h2 class=\"wp-block-heading\">Por que Itaja\u00ed \u00e9 refer\u00eancia em ensino superior?<\/h2>\n\n\n\n<p><strong>Itaja\u00ed<\/strong> \u00e9 conhecida pela <strong>UNIVALI<\/strong>, uma das melhores universidades privadas do Sul, segundo o <strong>MEC<\/strong>. A institui\u00e7\u00e3o oferece cursos de gradua\u00e7\u00e3o e p\u00f3s-gradua\u00e7\u00e3o reconhecidos nacionalmente.<\/p>\n\n\n\n<p>A universidade desenvolve pesquisas oce\u00e2nicas e ambientais pioneiras no <strong>Brasil<\/strong>. Laborat\u00f3rios especializados atraem estudantes e pesquisadores internacionais.<\/p>\n\n\n\n<p>Parcerias com empresas locais garantem est\u00e1gios e empregos para estudantes. O ecossistema universit\u00e1rio fortalece a economia do conhecimento regional.<\/p>\n\n\n\n<h2 class=\"wp-block-heading\">O portal mar\u00edtimo catarinense<\/h2>\n\n\n\n<p><strong>Itaja\u00ed<\/strong> ganhou o apelido &#8220;Portal de Entrada de Santa Catarina&#8221; por seu porto estrat\u00e9gico. A localiza\u00e7\u00e3o privilegiada conecta <strong>Santa Catarina<\/strong> com mercados internacionais.<\/p>\n\n\n\n<p>Desde o s\u00e9culo XIX, a voca\u00e7\u00e3o portu\u00e1ria moldou o desenvolvimento urbano e econ\u00f4mico. <strong>Itaja\u00ed<\/strong> consolidou-se como centro log\u00edstico fundamental para o Sul do pa\u00eds.<\/p>\n\n\n\n<h2 class=\"wp-block-heading\">Melhor \u00e9poca para visitar Itaja\u00ed?<\/h2>\n\n\n\n<p>Entre <strong>dezembro e mar\u00e7o<\/strong>, <strong>Itaja\u00ed<\/strong> tem temperaturas entre 20\u00b0C e 29\u00b0C, segundo o <strong>Climatempo<\/strong>. O ver\u00e3o \u00e9 ideal para praias e atividades n\u00e1uticas no litoral catarinense.<\/p>\n\n\n\n<p>Os meses de <strong>abril a junho<\/strong> s\u00e3o perfeitos para conhecer o porto e atividades culturais. O clima ameno favorece visitas ao <strong>Museu Oceanogr\u00e1fico<\/strong> e centro hist\u00f3rico.<\/p>\n\n\n\n<p>Durante a <strong>MareFest<\/strong> no ver\u00e3o, a cidade ganha programa\u00e7\u00e3o cultural especial. \u00c9 \u00e9poca ideal para vivenciar tradi\u00e7\u00f5es mar\u00edtimas e gastronomia regional.<\/p>\n\n\n\n<p>O <strong>outono<\/strong> e <strong>primavera<\/strong> oferecem temperaturas agrad\u00e1veis para turismo urbano. Per\u00edodos excelentes para explorar universidade, museus e vida cultural local.<\/p>\n\n\n\n<p><strong>Leia tamb\u00e9m: <a href=\"https:\/\/www.correiobraziliense.com.br\/cbradar\/cidades-brasileiras-de-2025-onde-seu-dinheiro-rende-mais-e-a-vida-e-mais-leve\/\" target=\"_blank\" rel=\"noreferrer noopener\">Cidades brasileiras de 2025 onde seu dinheiro rende mais e a vida \u00e9 mais leve<\/a><\/strong>.<\/p>\n\n\n\n<h2 class=\"wp-block-heading\">Vivencie Itaja\u00ed<\/h2>\n\n\n\n<p><strong>Itaja\u00ed<\/strong> une tradi\u00e7\u00e3o mar\u00edtima e inova\u00e7\u00e3o universit\u00e1ria no litoral de <strong>Santa Catarina<\/strong>. Do <strong>Porto<\/strong> ao <strong>Museu Oceanogr\u00e1fico<\/strong>, \u00e9 um destino que oferece oportunidades profissionais \u00fanicas. Planeje sua mudan\u00e7a para viver o dinamismo do principal portal mar\u00edtimo catarinense.<\/p>\n\n\n\n<ul class=\"wp-block-list\">\n<li>Economia din\u00e2mica baseada em porto e tecnologia<\/li>\n\n\n\n<li>Ensino superior de excel\u00eancia com a UNIVALI<\/li>\n\n\n\n<li>Localiza\u00e7\u00e3o estrat\u00e9gica no litoral de Santa Catarina<\/li>\n<\/ul>\n","protected":false},"excerpt":{"rendered":"<p>Itaja\u00ed, no Vale do Itaja\u00ed, Santa Catarina, Brasil, a 94 km de Florian\u00f3polis e pr\u00f3xima a Balne\u00e1rio Cambori\u00fa e Navegantes, \u00e9 conhecida por sua \u00f3tima localiza\u00e7\u00e3o e apelidada de \u201cPortal de Entrada de Santa Catarina\u201d. Com o maior porto do Sul do pa\u00eds e economia pujante, Itaja\u00ed \u00e9 ideal para morar. Vivencie o que torna [&hellip;]<\/p>\n","protected":false},"author":8,"featured_media":59709,"comment_status":"open","ping_status":"open","sticky":false,"template":"","format":"standard","meta":{"_yoast_wpseo_focuskw":"localiza\u00e7\u00e3o","_yoast_wpseo_title":"","_yoast_wpseo_metadesc":"Com qualidade de vida elevada, acesso facilitado e infraestrutura moderna, essa cidade encanta quem busca localiza\u00e7\u00e3o privilegiada.","jnews-multi-image_gallery":[],"jnews_single_post":{"format":"standard"},"jnews_primary_category":[],"jnews_social_meta":[],"jnews_override_counter":[],"footnotes":""},"categories":[108,111],"post_tag":[120,225,9040,851],"class_list":["post-80972","post","type-post","status-publish","format-standard","has-post-thumbnail","hentry","category-cidades","category-turismo","tag-bem-estar","tag-brasil","tag-itajai-2","tag-santa-catarina"],"yoast_head":"<!-- This site is optimized with the Yoast SEO plugin v24.6 - https:\/\/yoast.com\/wordpress\/plugins\/seo\/ -->\n<title>Essa joia impressiona com sua localiza\u00e7\u00e3o estrat\u00e9gica e bem-estar - Correio Braziliense - Radar<\/title>\n<meta name=\"description\" content=\"Com qualidade de vida elevada, acesso facilitado e infraestrutura moderna, essa cidade encanta quem busca localiza\u00e7\u00e3o privilegiada.\" \/>\n<meta name=\"robots\" content=\"index, follow, max-snippet:-1, max-image-preview:large, max-video-preview:-1\" \/>\n<link rel=\"canonical\" href=\"https:\/\/www.correiobraziliense.com.br\/cbradar\/essa-joia-impressiona-com-sua-localizacao-estrategica-e-bem-estar\/\" \/>\n<meta property=\"og:locale\" content=\"pt_BR\" \/>\n<meta property=\"og:type\" content=\"article\" \/>\n<meta property=\"og:title\" content=\"Essa joia impressiona com sua localiza\u00e7\u00e3o estrat\u00e9gica e bem-estar - Correio Braziliense - Radar\" \/>\n<meta property=\"og:description\" content=\"Com qualidade de vida elevada, acesso facilitado e infraestrutura moderna, essa cidade encanta quem busca localiza\u00e7\u00e3o privilegiada.\" \/>\n<meta property=\"og:url\" content=\"https:\/\/www.correiobraziliense.com.br\/cbradar\/essa-joia-impressiona-com-sua-localizacao-estrategica-e-bem-estar\/\" \/>\n<meta property=\"og:site_name\" content=\"Correio Braziliense - Radar\" \/>\n<meta property=\"article:published_time\" content=\"2025-08-05T22:33:00+00:00\" \/>\n<meta property=\"og:image\" content=\"https:\/\/www.correiobraziliense.com.br\/cbradar\/wp-content\/uploads\/2025\/06\/itajai_1750913647052.jpg\" \/>\n\t<meta property=\"og:image:width\" content=\"1280\" \/>\n\t<meta property=\"og:image:height\" content=\"720\" \/>\n\t<meta property=\"og:image:type\" content=\"image\/jpeg\" \/>\n<meta name=\"author\" content=\"Maura Pereira\" \/>\n<meta name=\"twitter:card\" content=\"summary_large_image\" \/>\n<meta name=\"twitter:label1\" content=\"Escrito por\" \/>\n\t<meta name=\"twitter:data1\" content=\"Maura Pereira\" \/>\n\t<meta name=\"twitter:label2\" content=\"Est. tempo de leitura\" \/>\n\t<meta name=\"twitter:data2\" content=\"6 minutos\" \/>\n<!-- \/ Yoast SEO plugin. -->","yoast_head_json":{"title":"Essa joia impressiona com sua localiza\u00e7\u00e3o estrat\u00e9gica e bem-estar - Correio Braziliense - Radar","description":"Com qualidade de vida elevada, acesso facilitado e infraestrutura moderna, essa cidade encanta quem busca localiza\u00e7\u00e3o privilegiada.","robots":{"index":"index","follow":"follow","max-snippet":"max-snippet:-1","max-image-preview":"max-image-preview:large","max-video-preview":"max-video-preview:-1"},"canonical":"https:\/\/www.correiobraziliense.com.br\/cbradar\/essa-joia-impressiona-com-sua-localizacao-estrategica-e-bem-estar\/","og_locale":"pt_BR","og_type":"article","og_title":"Essa joia impressiona com sua localiza\u00e7\u00e3o estrat\u00e9gica e bem-estar - Correio Braziliense - Radar","og_description":"Com qualidade de vida elevada, acesso facilitado e infraestrutura moderna, essa cidade encanta quem busca localiza\u00e7\u00e3o privilegiada.","og_url":"https:\/\/www.correiobraziliense.com.br\/cbradar\/essa-joia-impressiona-com-sua-localizacao-estrategica-e-bem-estar\/","og_site_name":"Correio Braziliense - Radar","article_published_time":"2025-08-05T22:33:00+00:00","og_image":[{"width":1280,"height":720,"url":"https:\/\/www.correiobraziliense.com.br\/cbradar\/wp-content\/uploads\/2025\/06\/itajai_1750913647052.jpg","type":"image\/jpeg"}],"author":"Maura Pereira","twitter_card":"summary_large_image","twitter_misc":{"Escrito por":"Maura Pereira","Est. tempo de leitura":"6 minutos"},"schema":{"@context":"https:\/\/schema.org","@graph":[{"@type":"WebPage","@id":"https:\/\/www.correiobraziliense.com.br\/cbradar\/essa-joia-impressiona-com-sua-localizacao-estrategica-e-bem-estar\/","url":"https:\/\/www.correiobraziliense.com.br\/cbradar\/essa-joia-impressiona-com-sua-localizacao-estrategica-e-bem-estar\/","name":"Essa joia impressiona com sua localiza\u00e7\u00e3o estrat\u00e9gica e bem-estar - Correio Braziliense - Radar","isPartOf":{"@id":"https:\/\/www.correiobraziliense.com.br\/cbradar\/#website"},"primaryImageOfPage":{"@id":"https:\/\/www.correiobraziliense.com.br\/cbradar\/essa-joia-impressiona-com-sua-localizacao-estrategica-e-bem-estar\/#primaryimage"},"image":{"@id":"https:\/\/www.correiobraziliense.com.br\/cbradar\/essa-joia-impressiona-com-sua-localizacao-estrategica-e-bem-estar\/#primaryimage"},"thumbnailUrl":"https:\/\/www.correiobraziliense.com.br\/cbradar\/wp-content\/uploads\/2025\/06\/itajai_1750913647052.jpg","datePublished":"2025-08-05T22:33:00+00:00","author":{"@id":"https:\/\/www.correiobraziliense.com.br\/cbradar\/#\/schema\/person\/4053c651a9bfc785afc6f4cbc9032fd3"},"description":"Com qualidade de vida elevada, acesso facilitado e infraestrutura moderna, essa cidade encanta quem busca localiza\u00e7\u00e3o privilegiada.","breadcrumb":{"@id":"https:\/\/www.correiobraziliense.com.br\/cbradar\/essa-joia-impressiona-com-sua-localizacao-estrategica-e-bem-estar\/#breadcrumb"},"inLanguage":"pt-BR","potentialAction":[{"@type":"ReadAction","target":["https:\/\/www.correiobraziliense.com.br\/cbradar\/essa-joia-impressiona-com-sua-localizacao-estrategica-e-bem-estar\/"]}]},{"@type":"ImageObject","inLanguage":"pt-BR","@id":"https:\/\/www.correiobraziliense.com.br\/cbradar\/essa-joia-impressiona-com-sua-localizacao-estrategica-e-bem-estar\/#primaryimage","url":"https:\/\/www.correiobraziliense.com.br\/cbradar\/wp-content\/uploads\/2025\/06\/itajai_1750913647052.jpg","contentUrl":"https:\/\/www.correiobraziliense.com.br\/cbradar\/wp-content\/uploads\/2025\/06\/itajai_1750913647052.jpg","width":1280,"height":720,"caption":"Itaja\u00ed, SC combina porto movimentado, praias encantadoras e bem-estar para quem busca viver bem. \/\/ Cr\u00e9ditos: depositphotos.com \/ ruramos"},{"@type":"BreadcrumbList","@id":"https:\/\/www.correiobraziliense.com.br\/cbradar\/essa-joia-impressiona-com-sua-localizacao-estrategica-e-bem-estar\/#breadcrumb","itemListElement":[{"@type":"ListItem","position":1,"name":"In\u00edcio","item":"https:\/\/www.correiobraziliense.com.br\/cbradar\/"},{"@type":"ListItem","position":2,"name":"Essa joia impressiona com sua localiza\u00e7\u00e3o estrat\u00e9gica e bem-estar"}]},{"@type":"WebSite","@id":"https:\/\/www.correiobraziliense.com.br\/cbradar\/#website","url":"https:\/\/www.correiobraziliense.com.br\/cbradar\/","name":"Correio Braziliense - Radar","description":"Acompanhe as \u00faltimas not\u00edcias e fique bem informado sobre tudo o que acontece no Brasil e no mundo.","potentialAction":[{"@type":"SearchAction","target":{"@type":"EntryPoint","urlTemplate":"https:\/\/www.correiobraziliense.com.br\/cbradar\/?s={search_term_string}"},"query-input":{"@type":"PropertyValueSpecification","valueRequired":true,"valueName":"search_term_string"}}],"inLanguage":"pt-BR"},{"@type":"Person","@id":"https:\/\/www.correiobraziliense.com.br\/cbradar\/#\/schema\/person\/4053c651a9bfc785afc6f4cbc9032fd3","name":"Maura Pereira","image":{"@type":"ImageObject","inLanguage":"pt-BR","@id":"https:\/\/www.correiobraziliense.com.br\/cbradar\/#\/schema\/person\/image\/","url":"https:\/\/secure.gravatar.com\/avatar\/3effd6bdadfa447f15089c7f7144eaa6?s=96&d=mm&r=g","contentUrl":"https:\/\/secure.gravatar.com\/avatar\/3effd6bdadfa447f15089c7f7144eaa6?s=96&d=mm&r=g","caption":"Maura Pereira"},"sameAs":["https:\/\/www.correiobraziliense.com.br\/"],"url":"https:\/\/www.correiobraziliense.com.br\/cbradar\/author\/mauramyth\/"}]}},"_links":{"self":[{"href":"https:\/\/www.correiobraziliense.com.br\/cbradar\/wp-json\/wp\/v2\/posts\/80972","targetHints":{"allow":["GET"]}}],"collection":[{"href":"https:\/\/www.correiobraziliense.com.br\/cbradar\/wp-json\/wp\/v2\/posts"}],"about":[{"href":"https:\/\/www.correiobraziliense.com.br\/cbradar\/wp-json\/wp\/v2\/types\/post"}],"author":[{"embeddable":true,"href":"https:\/\/www.correiobraziliense.com.br\/cbradar\/wp-json\/wp\/v2\/users\/8"}],"replies":[{"embeddable":true,"href":"https:\/\/www.correiobraziliense.com.br\/cbradar\/wp-json\/wp\/v2\/comments?post=80972"}],"version-history":[{"count":11,"href":"https:\/\/www.correiobraziliense.com.br\/cbradar\/wp-json\/wp\/v2\/posts\/80972\/revisions"}],"predecessor-version":[{"id":81128,"href":"https:\/\/www.correiobraziliense.com.br\/cbradar\/wp-json\/wp\/v2\/posts\/80972\/revisions\/81128"}],"wp:featuredmedia":[{"embeddable":true,"href":"https:\/\/www.correiobraziliense.com.br\/cbradar\/wp-json\/wp\/v2\/media\/59709"}],"wp:attachment":[{"href":"https:\/\/www.correiobraziliense.com.br\/cbradar\/wp-json\/wp\/v2\/media?parent=80972"}],"wp:term":[{"taxonomy":"category","embeddable":true,"href":"https:\/\/www.correiobraziliense.com.br\/cbradar\/wp-json\/wp\/v2\/categories?post=80972"},{"taxonomy":"post_tag","embeddable":true,"href":"https:\/\/www.correiobraziliense.com.br\/cbradar\/wp-json\/wp\/v2\/post_tag?post=80972"}],"curies":[{"name":"wp","href":"https:\/\/api.w.org\/{rel}","templated":true}]}}