{"id":8101,"date":"2025-03-02T17:30:00","date_gmt":"2025-03-02T20:30:00","guid":{"rendered":"https:\/\/www.correiobraziliense.com.br\/cbradar\/?p=8101"},"modified":"2025-06-17T16:32:33","modified_gmt":"2025-06-17T19:32:33","slug":"entenda-o-que-e-o-fading-nos-freios-e-o-que-fazer-quando-acontecer","status":"publish","type":"post","link":"https:\/\/www.correiobraziliense.com.br\/cbradar\/entenda-o-que-e-o-fading-nos-freios-e-o-que-fazer-quando-acontecer\/","title":{"rendered":"Entenda o que \u00e9 o fading nos freios e o que fazer quando acontecer"},"content":{"rendered":"\n<p>O sistema de freios \u00e9 crucial para a seguran\u00e7a de qualquer ve\u00edculo, permitindo ao motorista controlar a velocidade e parar quando necess\u00e1rio. Contudo, em situa\u00e7\u00f5es extremas, os freios podem perder efici\u00eancia, um fen\u00f4meno conhecido como&nbsp;<strong>fading dos freios<\/strong>. Este problema pode ser particularmente perigoso em descidas \u00edngremes ou durante frenagens prolongadas.<\/p>\n\n\n\n<p>O fading ocorre quando o sistema de frenagem perde efici\u00eancia devido ao superaquecimento dos discos e pastilhas. O calor gerado pelo atrito pode alterar as propriedades do material de fric\u00e7\u00e3o, reduzindo sua capacidade de ader\u00eancia. Compreender as causas e sinais do fading \u00e9 essencial para garantir a seguran\u00e7a na estrada.<\/p>\n\n\n\n<h2 class=\"wp-block-heading\"><strong>Quais s\u00e3o as causas do Fading nos Freios?<\/strong><\/h2>\n\n\n\n<p>O fading dos freios pode ser causado por diversos fatores. Entre os mais comuns est\u00e3o:<\/p>\n\n\n\n<ul class=\"wp-block-list\">\n<li><strong>Frenagens prolongadas<\/strong>\u00a0em descidas longas, especialmente em rodovias de serra.<\/li>\n\n\n\n<li><strong>Uso excessivo dos freios<\/strong>\u00a0em alta velocidade, como em pistas de corrida ou manobras bruscas.<\/li>\n\n\n\n<li><strong>Freios mal ajustados<\/strong>\u00a0ou componentes desgastados, que exigem mais esfor\u00e7o para parar o ve\u00edculo.<\/li>\n\n\n\n<li><strong>Excesso de carga<\/strong>\u00a0no ve\u00edculo, aumentando a press\u00e3o sobre o sistema de frenagem.<\/li>\n<\/ul>\n\n\n\n<p>Essas condi\u00e7\u00f5es podem levar a um pedal de freio mais &#8220;borrachudo&#8221;, exigindo mais for\u00e7a para frenagem, ou, em casos extremos, \u00e0 perda quase total da efic\u00e1cia dos freios.<\/p>\n\n\n\n<figure class=\"wp-block-image size-large\"><img decoding=\"async\" width=\"1024\" height=\"576\" src=\"https:\/\/www.correiobraziliense.com.br\/cbradar\/wp-content\/uploads\/2025\/03\/freios_1740849643290-1024x576.jpg\" alt=\"Entenda o que \u00e9 o fading nos freios e o que fazer quando acontecer\" class=\"wp-image-8108\" srcset=\"https:\/\/www.correiobraziliense.com.br\/cbradar\/wp-content\/uploads\/2025\/03\/freios_1740849643290-1024x576.jpg 1024w, https:\/\/www.correiobraziliense.com.br\/cbradar\/wp-content\/uploads\/2025\/03\/freios_1740849643290-300x169.jpg 300w, https:\/\/www.correiobraziliense.com.br\/cbradar\/wp-content\/uploads\/2025\/03\/freios_1740849643290-768x432.jpg 768w, https:\/\/www.correiobraziliense.com.br\/cbradar\/wp-content\/uploads\/2025\/03\/freios_1740849643290-750x422.jpg 750w, https:\/\/www.correiobraziliense.com.br\/cbradar\/wp-content\/uploads\/2025\/03\/freios_1740849643290-1140x641.jpg 1140w, https:\/\/www.correiobraziliense.com.br\/cbradar\/wp-content\/uploads\/2025\/03\/freios_1740849643290.jpg 1280w\" sizes=\"(max-width: 1024px) 100vw, 1024px\" \/><figcaption class=\"wp-element-caption\">Freios. Cr\u00e9ditos: depositphotos.com \/ AndrewLozovyi<\/figcaption><\/figure>\n\n\n\n<h2 class=\"wp-block-heading\"><strong>Como prevenir o Fading nos Freios?<\/strong><\/h2>\n\n\n\n<p>Prevenir o fading dos freios envolve adotar boas pr\u00e1ticas de condu\u00e7\u00e3o e realizar manuten\u00e7\u00f5es regulares no sistema de freios. Algumas medidas preventivas incluem:<\/p>\n\n\n\n<ol class=\"wp-block-list\">\n<li>Utilizar\u00a0<strong>pastilhas de alta qualidade<\/strong>\u00a0e discos ventilados para ajudar a dissipar o calor.<\/li>\n\n\n\n<li>Evitar frenagens bruscas e frequentes, especialmente em descidas longas.<\/li>\n\n\n\n<li>Realizar\u00a0<strong>manuten\u00e7\u00f5es peri\u00f3dicas<\/strong>\u00a0para garantir que todos os componentes do sistema de freios estejam em boas condi\u00e7\u00f5es.<\/li>\n<\/ol>\n\n\n\n<p>Essas pr\u00e1ticas ajudam a manter a efici\u00eancia dos freios e a seguran\u00e7a do ve\u00edculo.<\/p>\n\n\n\n<h2 class=\"wp-block-heading\"><strong>O que fazer se os freios falharem?<\/strong><\/h2>\n\n\n\n<p>Se os freios come\u00e7arem a perder efici\u00eancia ou falharem completamente, \u00e9 crucial manter a calma e agir rapidamente. Algumas a\u00e7\u00f5es que podem ajudar incluem:<\/p>\n\n\n\n<ul class=\"wp-block-list\">\n<li><strong>Reduzir a marcha<\/strong>: em carros manuais, use o freio-motor para diminuir a velocidade. Em autom\u00e1ticos, utilize a posi\u00e7\u00e3o \u201cL\u201d ou \u201c2\u201d.<\/li>\n\n\n\n<li><strong>Pisar no freio repetidamente<\/strong>: isso pode ajudar a recuperar parte da ader\u00eancia.<\/li>\n\n\n\n<li><strong>Acionar o freio de m\u00e3o com cuidado<\/strong>: use-o gradualmente para evitar derrapagens.<\/li>\n\n\n\n<li><strong>Desviar para uma \u00e1rea segura<\/strong>: procure acostamentos ou \u00e1reas de escape.<\/li>\n<\/ul>\n\n\n\n<p>Ap\u00f3s um epis\u00f3dio de fading, \u00e9 essencial inspecionar o sistema de freios antes de continuar dirigindo, pois o superaquecimento pode danificar componentes importantes.<\/p>\n\n\n\n<h2 class=\"wp-block-heading\">Por que a manuten\u00e7\u00e3o regular \u00e9 importante?<\/h2>\n\n\n\n<p>A manuten\u00e7\u00e3o regular do sistema de freios \u00e9 fundamental para prevenir o fading e garantir a seguran\u00e7a do ve\u00edculo. Verificar e substituir componentes desgastados, como pastilhas e discos, ajuda a manter a efici\u00eancia do sistema de frenagem. Al\u00e9m disso, a manuten\u00e7\u00e3o preventiva pode identificar problemas antes que se tornem cr\u00edticos, evitando emerg\u00eancias na estrada.<\/p>\n\n\n\n<p>Em resumo, compreender o fading dos freios e adotar medidas preventivas s\u00e3o passos essenciais para garantir a seguran\u00e7a ao dirigir. Manter o sistema de freios em boas condi\u00e7\u00f5es \u00e9 uma responsabilidade que n\u00e3o deve ser negligenciada.<\/p>\n","protected":false},"excerpt":{"rendered":"<p>Entenda o que \u00e9 fading nos freios, quais s\u00e3o suas causas e como prevenir o problema para garantir sua seguran\u00e7a ao dirigir. <\/p>\n","protected":false},"author":3,"featured_media":8107,"comment_status":"open","ping_status":"open","sticky":false,"template":"","format":"standard","meta":{"_yoast_wpseo_focuskw":"fading","_yoast_wpseo_title":"%%title%%","_yoast_wpseo_metadesc":"Entenda o que \u00e9 fading nos freios, quais s\u00e3o suas causas e como prevenir o problema para garantir sua seguran\u00e7a ao dirigir.","jnews-multi-image_gallery":[],"jnews_single_post":{"format":"standard"},"jnews_primary_category":[],"jnews_social_meta":[],"jnews_override_counter":[],"footnotes":""},"categories":[112],"post_tag":[1414,1415],"class_list":["post-8101","post","type-post","status-publish","format-standard","has-post-thumbnail","hentry","category-curiosidades","tag-fading","tag-freios"],"yoast_head":"<!-- This site is optimized with the Yoast SEO plugin v24.6 - https:\/\/yoast.com\/wordpress\/plugins\/seo\/ -->\n<title>Entenda o que \u00e9 o fading nos freios e o que fazer quando acontecer<\/title>\n<meta name=\"description\" content=\"Entenda o que \u00e9 fading nos freios, quais s\u00e3o suas causas e como prevenir o problema para garantir sua seguran\u00e7a ao dirigir.\" \/>\n<meta name=\"robots\" content=\"index, follow, max-snippet:-1, max-image-preview:large, max-video-preview:-1\" \/>\n<link rel=\"canonical\" href=\"https:\/\/www.correiobraziliense.com.br\/cbradar\/entenda-o-que-e-o-fading-nos-freios-e-o-que-fazer-quando-acontecer\/\" \/>\n<meta property=\"og:locale\" content=\"pt_BR\" \/>\n<meta property=\"og:type\" content=\"article\" \/>\n<meta property=\"og:title\" content=\"Entenda o que \u00e9 o fading nos freios e o que fazer quando acontecer\" \/>\n<meta property=\"og:description\" content=\"Entenda o que \u00e9 fading nos freios, quais s\u00e3o suas causas e como prevenir o problema para garantir sua seguran\u00e7a ao dirigir.\" \/>\n<meta property=\"og:url\" content=\"https:\/\/www.correiobraziliense.com.br\/cbradar\/entenda-o-que-e-o-fading-nos-freios-e-o-que-fazer-quando-acontecer\/\" \/>\n<meta property=\"og:site_name\" content=\"Correio Braziliense - Radar\" \/>\n<meta property=\"article:published_time\" content=\"2025-03-02T20:30:00+00:00\" \/>\n<meta property=\"article:modified_time\" content=\"2025-06-17T19:32:33+00:00\" \/>\n<meta property=\"og:image\" content=\"https:\/\/www.correiobraziliense.com.br\/cbradar\/wp-content\/uploads\/2025\/03\/freios_1740849617917.jpg\" \/>\n\t<meta property=\"og:image:width\" content=\"1280\" \/>\n\t<meta property=\"og:image:height\" content=\"720\" \/>\n\t<meta property=\"og:image:type\" content=\"image\/jpeg\" \/>\n<meta name=\"author\" content=\"Larissa Carvalho\" \/>\n<meta name=\"twitter:card\" content=\"summary_large_image\" \/>\n<meta name=\"twitter:label1\" content=\"Escrito por\" \/>\n\t<meta name=\"twitter:data1\" content=\"Larissa Carvalho\" \/>\n\t<meta name=\"twitter:label2\" content=\"Est. tempo de leitura\" \/>\n\t<meta name=\"twitter:data2\" content=\"4 minutos\" \/>\n<!-- \/ Yoast SEO plugin. -->","yoast_head_json":{"title":"Entenda o que \u00e9 o fading nos freios e o que fazer quando acontecer","description":"Entenda o que \u00e9 fading nos freios, quais s\u00e3o suas causas e como prevenir o problema para garantir sua seguran\u00e7a ao dirigir.","robots":{"index":"index","follow":"follow","max-snippet":"max-snippet:-1","max-image-preview":"max-image-preview:large","max-video-preview":"max-video-preview:-1"},"canonical":"https:\/\/www.correiobraziliense.com.br\/cbradar\/entenda-o-que-e-o-fading-nos-freios-e-o-que-fazer-quando-acontecer\/","og_locale":"pt_BR","og_type":"article","og_title":"Entenda o que \u00e9 o fading nos freios e o que fazer quando acontecer","og_description":"Entenda o que \u00e9 fading nos freios, quais s\u00e3o suas causas e como prevenir o problema para garantir sua seguran\u00e7a ao dirigir.","og_url":"https:\/\/www.correiobraziliense.com.br\/cbradar\/entenda-o-que-e-o-fading-nos-freios-e-o-que-fazer-quando-acontecer\/","og_site_name":"Correio Braziliense - Radar","article_published_time":"2025-03-02T20:30:00+00:00","article_modified_time":"2025-06-17T19:32:33+00:00","og_image":[{"width":1280,"height":720,"url":"https:\/\/www.correiobraziliense.com.br\/cbradar\/wp-content\/uploads\/2025\/03\/freios_1740849617917.jpg","type":"image\/jpeg"}],"author":"Larissa Carvalho","twitter_card":"summary_large_image","twitter_misc":{"Escrito por":"Larissa Carvalho","Est. tempo de leitura":"4 minutos"},"schema":{"@context":"https:\/\/schema.org","@graph":[{"@type":"WebPage","@id":"https:\/\/www.correiobraziliense.com.br\/cbradar\/entenda-o-que-e-o-fading-nos-freios-e-o-que-fazer-quando-acontecer\/","url":"https:\/\/www.correiobraziliense.com.br\/cbradar\/entenda-o-que-e-o-fading-nos-freios-e-o-que-fazer-quando-acontecer\/","name":"Entenda o que \u00e9 o fading nos freios e o que fazer quando acontecer","isPartOf":{"@id":"https:\/\/www.correiobraziliense.com.br\/cbradar\/#website"},"primaryImageOfPage":{"@id":"https:\/\/www.correiobraziliense.com.br\/cbradar\/entenda-o-que-e-o-fading-nos-freios-e-o-que-fazer-quando-acontecer\/#primaryimage"},"image":{"@id":"https:\/\/www.correiobraziliense.com.br\/cbradar\/entenda-o-que-e-o-fading-nos-freios-e-o-que-fazer-quando-acontecer\/#primaryimage"},"thumbnailUrl":"https:\/\/www.correiobraziliense.com.br\/cbradar\/wp-content\/uploads\/2025\/03\/freios_1740849617917.jpg","datePublished":"2025-03-02T20:30:00+00:00","dateModified":"2025-06-17T19:32:33+00:00","author":{"@id":"https:\/\/www.correiobraziliense.com.br\/cbradar\/#\/schema\/person\/58422787644df994b53a19d3e56c1513"},"description":"Entenda o que \u00e9 fading nos freios, quais s\u00e3o suas causas e como prevenir o problema para garantir sua seguran\u00e7a ao dirigir.","breadcrumb":{"@id":"https:\/\/www.correiobraziliense.com.br\/cbradar\/entenda-o-que-e-o-fading-nos-freios-e-o-que-fazer-quando-acontecer\/#breadcrumb"},"inLanguage":"pt-BR","potentialAction":[{"@type":"ReadAction","target":["https:\/\/www.correiobraziliense.com.br\/cbradar\/entenda-o-que-e-o-fading-nos-freios-e-o-que-fazer-quando-acontecer\/"]}]},{"@type":"ImageObject","inLanguage":"pt-BR","@id":"https:\/\/www.correiobraziliense.com.br\/cbradar\/entenda-o-que-e-o-fading-nos-freios-e-o-que-fazer-quando-acontecer\/#primaryimage","url":"https:\/\/www.correiobraziliense.com.br\/cbradar\/wp-content\/uploads\/2025\/03\/freios_1740849617917.jpg","contentUrl":"https:\/\/www.correiobraziliense.com.br\/cbradar\/wp-content\/uploads\/2025\/03\/freios_1740849617917.jpg","width":1280,"height":720,"caption":"Freios. Cr\u00e9ditos: depositphotos.com \/ AndrewLozovyi"},{"@type":"BreadcrumbList","@id":"https:\/\/www.correiobraziliense.com.br\/cbradar\/entenda-o-que-e-o-fading-nos-freios-e-o-que-fazer-quando-acontecer\/#breadcrumb","itemListElement":[{"@type":"ListItem","position":1,"name":"In\u00edcio","item":"https:\/\/www.correiobraziliense.com.br\/cbradar\/"},{"@type":"ListItem","position":2,"name":"Entenda o que \u00e9 o fading nos freios e o que fazer quando acontecer"}]},{"@type":"WebSite","@id":"https:\/\/www.correiobraziliense.com.br\/cbradar\/#website","url":"https:\/\/www.correiobraziliense.com.br\/cbradar\/","name":"Correio Braziliense - Radar","description":"Acompanhe as \u00faltimas not\u00edcias e fique bem informado sobre tudo o que acontece no Brasil e no mundo.","potentialAction":[{"@type":"SearchAction","target":{"@type":"EntryPoint","urlTemplate":"https:\/\/www.correiobraziliense.com.br\/cbradar\/?s={search_term_string}"},"query-input":{"@type":"PropertyValueSpecification","valueRequired":true,"valueName":"search_term_string"}}],"inLanguage":"pt-BR"},{"@type":"Person","@id":"https:\/\/www.correiobraziliense.com.br\/cbradar\/#\/schema\/person\/58422787644df994b53a19d3e56c1513","name":"Larissa Carvalho","image":{"@type":"ImageObject","inLanguage":"pt-BR","@id":"https:\/\/www.correiobraziliense.com.br\/cbradar\/#\/schema\/person\/image\/","url":"https:\/\/secure.gravatar.com\/avatar\/fe4f91a0de32b52a838d0d612abdc1aa?s=96&d=mm&r=g","contentUrl":"https:\/\/secure.gravatar.com\/avatar\/fe4f91a0de32b52a838d0d612abdc1aa?s=96&d=mm&r=g","caption":"Larissa Carvalho"},"url":"https:\/\/www.correiobraziliense.com.br\/cbradar\/author\/larissamyth\/"}]}},"_links":{"self":[{"href":"https:\/\/www.correiobraziliense.com.br\/cbradar\/wp-json\/wp\/v2\/posts\/8101","targetHints":{"allow":["GET"]}}],"collection":[{"href":"https:\/\/www.correiobraziliense.com.br\/cbradar\/wp-json\/wp\/v2\/posts"}],"about":[{"href":"https:\/\/www.correiobraziliense.com.br\/cbradar\/wp-json\/wp\/v2\/types\/post"}],"author":[{"embeddable":true,"href":"https:\/\/www.correiobraziliense.com.br\/cbradar\/wp-json\/wp\/v2\/users\/3"}],"replies":[{"embeddable":true,"href":"https:\/\/www.correiobraziliense.com.br\/cbradar\/wp-json\/wp\/v2\/comments?post=8101"}],"version-history":[{"count":1,"href":"https:\/\/www.correiobraziliense.com.br\/cbradar\/wp-json\/wp\/v2\/posts\/8101\/revisions"}],"predecessor-version":[{"id":8110,"href":"https:\/\/www.correiobraziliense.com.br\/cbradar\/wp-json\/wp\/v2\/posts\/8101\/revisions\/8110"}],"wp:featuredmedia":[{"embeddable":true,"href":"https:\/\/www.correiobraziliense.com.br\/cbradar\/wp-json\/wp\/v2\/media\/8107"}],"wp:attachment":[{"href":"https:\/\/www.correiobraziliense.com.br\/cbradar\/wp-json\/wp\/v2\/media?parent=8101"}],"wp:term":[{"taxonomy":"category","embeddable":true,"href":"https:\/\/www.correiobraziliense.com.br\/cbradar\/wp-json\/wp\/v2\/categories?post=8101"},{"taxonomy":"post_tag","embeddable":true,"href":"https:\/\/www.correiobraziliense.com.br\/cbradar\/wp-json\/wp\/v2\/post_tag?post=8101"}],"curies":[{"name":"wp","href":"https:\/\/api.w.org\/{rel}","templated":true}]}}