{"id":81157,"date":"2025-08-05T17:43:00","date_gmt":"2025-08-05T20:43:00","guid":{"rendered":"https:\/\/www.correiobraziliense.com.br\/cbradar\/?p=81157"},"modified":"2025-08-05T07:04:51","modified_gmt":"2025-08-05T10:04:51","slug":"nao-e-por-causa-do-aroma-por-que-eles-recomendam-colocar-cascas-de-limao-dentro-de-uma-jarra","status":"publish","type":"post","link":"https:\/\/www.correiobraziliense.com.br\/cbradar\/nao-e-por-causa-do-aroma-por-que-eles-recomendam-colocar-cascas-de-limao-dentro-de-uma-jarra\/","title":{"rendered":"N\u00e3o \u00e9 por causa do aroma: por que eles recomendam colocar cascas de lim\u00e3o dentro de uma jarra"},"content":{"rendered":"\n<p>As <strong>cascas de lim\u00e3o<\/strong> geralmente s\u00e3o descartadas ap\u00f3s o uso da fruta, mas h\u00e1 formas de aproveit\u00e1-las que v\u00e3o al\u00e9m de simplesmente aromatizar o ambiente. Guard\u00e1-las em um frasco \u00e9 um m\u00e9todo sustent\u00e1vel e pr\u00e1tico que pode surpreender.<\/p>\n\n\n\n<ul class=\"wp-block-list\">\n<li><strong>A\u00e7\u00e3o antibacterial<\/strong>: os \u00f3leos essenciais do lim\u00e3o ajudam na limpeza.<\/li>\n\n\n\n<li><strong>Preven\u00e7\u00e3o de moscas<\/strong>: mant\u00e9m a cozinha livre de insetos indesejados.<\/li>\n\n\n\n<li><strong>Solu\u00e7\u00e3o econ\u00f4mica<\/strong>: permite criar produtos caseiros de limpeza.<\/li>\n<\/ul>\n\n\n\n<h2 class=\"wp-block-heading\">Como aproveitar as cascas de lim\u00e3o<\/h2>\n\n\n\n<p>As <strong>cascas de lim\u00e3o<\/strong> possuem propriedades naturais que as tornam perfeitas para reutiliza\u00e7\u00e3o. Aqui est\u00e3o algumas maneiras de aproveitar ao m\u00e1ximo:<\/p>\n\n\n\n<p>Colocar cascas em um frasco com vinagre durante duas semanas resulta em um poderoso <strong>limpador multiuso<\/strong>. Este l\u00edquido \u00e9 eficaz para desinfetar superf\u00edcies e remover a gordura de forma natural. Al\u00e9m disso, voc\u00ea pode adicionar ervas arom\u00e1ticas, como alecrim ou lavanda, potencializando ainda mais o aroma e o poder de limpeza desta solu\u00e7\u00e3o caseira.<\/p>\n\n\n\n<p>Outro uso interessante \u00e9 <strong>combinar as cascas com bicarbonato<\/strong> de s\u00f3dio para eliminar odores do refrigerador. Isso mant\u00e9m o espa\u00e7o fresco e livre de cheiros indesejados.<\/p>\n\n\n\n<h2 class=\"wp-block-heading\">Por que colocar cascas de lim\u00e3o em um frasco?<\/h2>\n\n\n\n<p>Al\u00e9m de suas qualidades olfativas, as cascas de lim\u00e3o s\u00e3o excelentes para <strong>repelir mosquitos de fruta<\/strong> e prevenir odores desagrad\u00e1veis na cozinha. Guardar as cascas secas pode tamb\u00e9m afastar insetos indesejados.<\/p>\n\n\n\n<figure class=\"wp-block-image size-large\"><img decoding=\"async\" width=\"1024\" height=\"576\" src=\"https:\/\/www.correiobraziliense.com.br\/cbradar\/wp-content\/uploads\/2025\/08\/cascas-limao_1754388264057-1024x576.jpg\" alt=\"N\u00e3o \u00e9 por causa do aroma: por que eles recomendam colocar cascas de lim\u00e3o dentro de uma jarra\" class=\"wp-image-81160\" srcset=\"https:\/\/www.correiobraziliense.com.br\/cbradar\/wp-content\/uploads\/2025\/08\/cascas-limao_1754388264057-1024x576.jpg 1024w, https:\/\/www.correiobraziliense.com.br\/cbradar\/wp-content\/uploads\/2025\/08\/cascas-limao_1754388264057-300x169.jpg 300w, https:\/\/www.correiobraziliense.com.br\/cbradar\/wp-content\/uploads\/2025\/08\/cascas-limao_1754388264057-768x432.jpg 768w, https:\/\/www.correiobraziliense.com.br\/cbradar\/wp-content\/uploads\/2025\/08\/cascas-limao_1754388264057-750x422.jpg 750w, https:\/\/www.correiobraziliense.com.br\/cbradar\/wp-content\/uploads\/2025\/08\/cascas-limao_1754388264057-1140x641.jpg 1140w, https:\/\/www.correiobraziliense.com.br\/cbradar\/wp-content\/uploads\/2025\/08\/cascas-limao_1754388264057.jpg 1280w\" sizes=\"(max-width: 1024px) 100vw, 1024px\" \/><figcaption class=\"wp-element-caption\">cascas lim\u00e3o. Cr\u00e9ditos: depositphotos.com \/ serezniy<\/figcaption><\/figure>\n\n\n\n<h2 class=\"wp-block-heading\">Reciclagem e economia com cascas de lim\u00e3o<\/h2>\n\n\n\n<p>O reaproveitamento das cascas do lim\u00e3o promove a <strong>reciclagem de res\u00edduos<\/strong> e oferece uma <em>alternativa econ\u00f4mica<\/em> aos produtos de limpeza comerciais. Reduzir a depend\u00eancia de qu\u00edmicos agressivos \u00e9 um passo importante na dire\u00e7\u00e3o da sustentabilidade dom\u00e9stica.<\/p>\n\n\n\n<p>Inclusas em um frasco, as cascas ainda atuam como <strong>fertilizante natural<\/strong> quando trituradas, nutritivas para suas plantas. Outra dica \u00e9 usar essas cascas raladas em pequenas quantidades para polir objetos met\u00e1licos, como panelas e talheres, gra\u00e7as ao seu teor \u00e1cido e abrasivo natural.<\/p>\n\n\n\n<h2 class=\"wp-block-heading\">Aproveite ao m\u00e1ximo as cascas de lim\u00e3o<\/h2>\n\n\n\n<ul class=\"wp-block-list\">\n<li>Preserve cascas com vinagre para um multiuso eficaz.<\/li>\n\n\n\n<li>Combatem odores ao serem misturadas ao bicarbonato.<\/li>\n\n\n\n<li>Utilizadas secas, repelem insetos indesejados e fertilizam.<\/li>\n<\/ul>\n\n\n\n<p>Este truque simples transforma um res\u00edduo comum em uma solu\u00e7\u00e3o pr\u00e1tica para limpeza e higiene dom\u00e9stica. Leia tamb\u00e9m: O poder das solu\u00e7\u00f5es naturais para uma casa sustent\u00e1vel.<\/p>\n","protected":false},"excerpt":{"rendered":"<p>Descubra o poder oculto das cascas de lim\u00e3o: aprenda a us\u00e1-las para criar produtos de limpeza naturais e eficazes enquanto perfuma sua casa!<\/p>\n","protected":false},"author":3,"featured_media":81159,"comment_status":"open","ping_status":"open","sticky":false,"template":"","format":"standard","meta":{"_yoast_wpseo_focuskw":"cascas de lim\u00e3o","_yoast_wpseo_title":"%%title%%","_yoast_wpseo_metadesc":"Descubra o poder oculto das cascas de lim\u00e3o: aprenda a us\u00e1-las para criar produtos de limpeza naturais e eficazes enquanto perfuma sua casa!","jnews-multi-image_gallery":[],"jnews_single_post":{"format":"standard"},"jnews_primary_category":[],"jnews_social_meta":[],"jnews_override_counter":[],"footnotes":""},"categories":[112],"tags":[1423,9041,144],"class_list":["post-81157","post","type-post","status-publish","format-standard","has-post-thumbnail","hentry","category-curiosidades","tag-alimentos","tag-cascas-de-limao","tag-curiosidades"],"yoast_head":"<!-- This site is optimized with the Yoast SEO plugin v24.6 - https:\/\/yoast.com\/wordpress\/plugins\/seo\/ -->\n<title>N\u00e3o \u00e9 por causa do aroma: por que eles recomendam colocar cascas de lim\u00e3o dentro de uma jarra<\/title>\n<meta name=\"description\" content=\"Descubra o poder oculto das cascas de lim\u00e3o: aprenda a us\u00e1-las para criar produtos de limpeza naturais e eficazes enquanto perfuma sua casa!\" \/>\n<meta name=\"robots\" content=\"index, follow, max-snippet:-1, max-image-preview:large, max-video-preview:-1\" \/>\n<link rel=\"canonical\" href=\"https:\/\/www.correiobraziliense.com.br\/cbradar\/nao-e-por-causa-do-aroma-por-que-eles-recomendam-colocar-cascas-de-limao-dentro-de-uma-jarra\/\" \/>\n<meta property=\"og:locale\" content=\"pt_BR\" \/>\n<meta property=\"og:type\" content=\"article\" \/>\n<meta property=\"og:title\" content=\"N\u00e3o \u00e9 por causa do aroma: por que eles recomendam colocar cascas de lim\u00e3o dentro de uma jarra\" \/>\n<meta property=\"og:description\" content=\"Descubra o poder oculto das cascas de lim\u00e3o: aprenda a us\u00e1-las para criar produtos de limpeza naturais e eficazes enquanto perfuma sua casa!\" \/>\n<meta property=\"og:url\" content=\"https:\/\/www.correiobraziliense.com.br\/cbradar\/nao-e-por-causa-do-aroma-por-que-eles-recomendam-colocar-cascas-de-limao-dentro-de-uma-jarra\/\" \/>\n<meta property=\"og:site_name\" content=\"Correio Braziliense - Radar\" \/>\n<meta property=\"article:published_time\" content=\"2025-08-05T20:43:00+00:00\" \/>\n<meta property=\"og:image\" content=\"https:\/\/www.correiobraziliense.com.br\/cbradar\/wp-content\/uploads\/2025\/08\/cascas-limao_1754388150641.jpg\" \/>\n\t<meta property=\"og:image:width\" content=\"1280\" \/>\n\t<meta property=\"og:image:height\" content=\"720\" \/>\n\t<meta property=\"og:image:type\" content=\"image\/jpeg\" \/>\n<meta name=\"author\" content=\"Larissa Carvalho\" \/>\n<meta name=\"twitter:card\" content=\"summary_large_image\" \/>\n<meta name=\"twitter:label1\" content=\"Escrito por\" \/>\n\t<meta name=\"twitter:data1\" content=\"Larissa Carvalho\" \/>\n\t<meta name=\"twitter:label2\" content=\"Est. tempo de leitura\" \/>\n\t<meta name=\"twitter:data2\" content=\"3 minutos\" \/>\n<!-- \/ Yoast SEO plugin. -->","yoast_head_json":{"title":"N\u00e3o \u00e9 por causa do aroma: por que eles recomendam colocar cascas de lim\u00e3o dentro de uma jarra","description":"Descubra o poder oculto das cascas de lim\u00e3o: aprenda a us\u00e1-las para criar produtos de limpeza naturais e eficazes enquanto perfuma sua casa!","robots":{"index":"index","follow":"follow","max-snippet":"max-snippet:-1","max-image-preview":"max-image-preview:large","max-video-preview":"max-video-preview:-1"},"canonical":"https:\/\/www.correiobraziliense.com.br\/cbradar\/nao-e-por-causa-do-aroma-por-que-eles-recomendam-colocar-cascas-de-limao-dentro-de-uma-jarra\/","og_locale":"pt_BR","og_type":"article","og_title":"N\u00e3o \u00e9 por causa do aroma: por que eles recomendam colocar cascas de lim\u00e3o dentro de uma jarra","og_description":"Descubra o poder oculto das cascas de lim\u00e3o: aprenda a us\u00e1-las para criar produtos de limpeza naturais e eficazes enquanto perfuma sua casa!","og_url":"https:\/\/www.correiobraziliense.com.br\/cbradar\/nao-e-por-causa-do-aroma-por-que-eles-recomendam-colocar-cascas-de-limao-dentro-de-uma-jarra\/","og_site_name":"Correio Braziliense - Radar","article_published_time":"2025-08-05T20:43:00+00:00","og_image":[{"width":1280,"height":720,"url":"https:\/\/www.correiobraziliense.com.br\/cbradar\/wp-content\/uploads\/2025\/08\/cascas-limao_1754388150641.jpg","type":"image\/jpeg"}],"author":"Larissa Carvalho","twitter_card":"summary_large_image","twitter_misc":{"Escrito por":"Larissa Carvalho","Est. tempo de leitura":"3 minutos"},"schema":{"@context":"https:\/\/schema.org","@graph":[{"@type":"WebPage","@id":"https:\/\/www.correiobraziliense.com.br\/cbradar\/nao-e-por-causa-do-aroma-por-que-eles-recomendam-colocar-cascas-de-limao-dentro-de-uma-jarra\/","url":"https:\/\/www.correiobraziliense.com.br\/cbradar\/nao-e-por-causa-do-aroma-por-que-eles-recomendam-colocar-cascas-de-limao-dentro-de-uma-jarra\/","name":"N\u00e3o \u00e9 por causa do aroma: por que eles recomendam colocar cascas de lim\u00e3o dentro de uma jarra","isPartOf":{"@id":"https:\/\/www.correiobraziliense.com.br\/cbradar\/#website"},"primaryImageOfPage":{"@id":"https:\/\/www.correiobraziliense.com.br\/cbradar\/nao-e-por-causa-do-aroma-por-que-eles-recomendam-colocar-cascas-de-limao-dentro-de-uma-jarra\/#primaryimage"},"image":{"@id":"https:\/\/www.correiobraziliense.com.br\/cbradar\/nao-e-por-causa-do-aroma-por-que-eles-recomendam-colocar-cascas-de-limao-dentro-de-uma-jarra\/#primaryimage"},"thumbnailUrl":"https:\/\/www.correiobraziliense.com.br\/cbradar\/wp-content\/uploads\/2025\/08\/cascas-limao_1754388150641.jpg","datePublished":"2025-08-05T20:43:00+00:00","author":{"@id":"https:\/\/www.correiobraziliense.com.br\/cbradar\/#\/schema\/person\/58422787644df994b53a19d3e56c1513"},"description":"Descubra o poder oculto das cascas de lim\u00e3o: aprenda a us\u00e1-las para criar produtos de limpeza naturais e eficazes enquanto perfuma sua casa!","breadcrumb":{"@id":"https:\/\/www.correiobraziliense.com.br\/cbradar\/nao-e-por-causa-do-aroma-por-que-eles-recomendam-colocar-cascas-de-limao-dentro-de-uma-jarra\/#breadcrumb"},"inLanguage":"pt-BR","potentialAction":[{"@type":"ReadAction","target":["https:\/\/www.correiobraziliense.com.br\/cbradar\/nao-e-por-causa-do-aroma-por-que-eles-recomendam-colocar-cascas-de-limao-dentro-de-uma-jarra\/"]}]},{"@type":"ImageObject","inLanguage":"pt-BR","@id":"https:\/\/www.correiobraziliense.com.br\/cbradar\/nao-e-por-causa-do-aroma-por-que-eles-recomendam-colocar-cascas-de-limao-dentro-de-uma-jarra\/#primaryimage","url":"https:\/\/www.correiobraziliense.com.br\/cbradar\/wp-content\/uploads\/2025\/08\/cascas-limao_1754388150641.jpg","contentUrl":"https:\/\/www.correiobraziliense.com.br\/cbradar\/wp-content\/uploads\/2025\/08\/cascas-limao_1754388150641.jpg","width":1280,"height":720,"caption":"cascas lim\u00e3o. Cr\u00e9ditos: depositphotos.com \/ almana4327"},{"@type":"BreadcrumbList","@id":"https:\/\/www.correiobraziliense.com.br\/cbradar\/nao-e-por-causa-do-aroma-por-que-eles-recomendam-colocar-cascas-de-limao-dentro-de-uma-jarra\/#breadcrumb","itemListElement":[{"@type":"ListItem","position":1,"name":"In\u00edcio","item":"https:\/\/www.correiobraziliense.com.br\/cbradar\/"},{"@type":"ListItem","position":2,"name":"N\u00e3o \u00e9 por causa do aroma: por que eles recomendam colocar cascas de lim\u00e3o dentro de uma jarra"}]},{"@type":"WebSite","@id":"https:\/\/www.correiobraziliense.com.br\/cbradar\/#website","url":"https:\/\/www.correiobraziliense.com.br\/cbradar\/","name":"Correio Braziliense - Radar","description":"Acompanhe as \u00faltimas not\u00edcias e fique bem informado sobre tudo o que acontece no Brasil e no mundo.","potentialAction":[{"@type":"SearchAction","target":{"@type":"EntryPoint","urlTemplate":"https:\/\/www.correiobraziliense.com.br\/cbradar\/?s={search_term_string}"},"query-input":{"@type":"PropertyValueSpecification","valueRequired":true,"valueName":"search_term_string"}}],"inLanguage":"pt-BR"},{"@type":"Person","@id":"https:\/\/www.correiobraziliense.com.br\/cbradar\/#\/schema\/person\/58422787644df994b53a19d3e56c1513","name":"Larissa Carvalho","image":{"@type":"ImageObject","inLanguage":"pt-BR","@id":"https:\/\/www.correiobraziliense.com.br\/cbradar\/#\/schema\/person\/image\/","url":"https:\/\/secure.gravatar.com\/avatar\/fe4f91a0de32b52a838d0d612abdc1aa?s=96&d=mm&r=g","contentUrl":"https:\/\/secure.gravatar.com\/avatar\/fe4f91a0de32b52a838d0d612abdc1aa?s=96&d=mm&r=g","caption":"Larissa Carvalho"},"url":"https:\/\/www.correiobraziliense.com.br\/cbradar\/author\/larissamyth\/"}]}},"_links":{"self":[{"href":"https:\/\/www.correiobraziliense.com.br\/cbradar\/wp-json\/wp\/v2\/posts\/81157","targetHints":{"allow":["GET"]}}],"collection":[{"href":"https:\/\/www.correiobraziliense.com.br\/cbradar\/wp-json\/wp\/v2\/posts"}],"about":[{"href":"https:\/\/www.correiobraziliense.com.br\/cbradar\/wp-json\/wp\/v2\/types\/post"}],"author":[{"embeddable":true,"href":"https:\/\/www.correiobraziliense.com.br\/cbradar\/wp-json\/wp\/v2\/users\/3"}],"replies":[{"embeddable":true,"href":"https:\/\/www.correiobraziliense.com.br\/cbradar\/wp-json\/wp\/v2\/comments?post=81157"}],"version-history":[{"count":2,"href":"https:\/\/www.correiobraziliense.com.br\/cbradar\/wp-json\/wp\/v2\/posts\/81157\/revisions"}],"predecessor-version":[{"id":81161,"href":"https:\/\/www.correiobraziliense.com.br\/cbradar\/wp-json\/wp\/v2\/posts\/81157\/revisions\/81161"}],"wp:featuredmedia":[{"embeddable":true,"href":"https:\/\/www.correiobraziliense.com.br\/cbradar\/wp-json\/wp\/v2\/media\/81159"}],"wp:attachment":[{"href":"https:\/\/www.correiobraziliense.com.br\/cbradar\/wp-json\/wp\/v2\/media?parent=81157"}],"wp:term":[{"taxonomy":"category","embeddable":true,"href":"https:\/\/www.correiobraziliense.com.br\/cbradar\/wp-json\/wp\/v2\/categories?post=81157"},{"taxonomy":"post_tag","embeddable":true,"href":"https:\/\/www.correiobraziliense.com.br\/cbradar\/wp-json\/wp\/v2\/tags?post=81157"}],"curies":[{"name":"wp","href":"https:\/\/api.w.org\/{rel}","templated":true}]}}