{"id":81167,"date":"2025-08-05T20:23:00","date_gmt":"2025-08-05T23:23:00","guid":{"rendered":"https:\/\/www.correiobraziliense.com.br\/cbradar\/?p=81167"},"modified":"2025-08-05T07:09:21","modified_gmt":"2025-08-05T10:09:21","slug":"a-terra-esta-girando-estranhamente-mais-rapido-tornando-esta-terca-feira-um-dos-dias-mais-curtos-de-todos-os-tempos","status":"publish","type":"post","link":"https:\/\/www.correiobraziliense.com.br\/cbradar\/a-terra-esta-girando-estranhamente-mais-rapido-tornando-esta-terca-feira-um-dos-dias-mais-curtos-de-todos-os-tempos\/","title":{"rendered":"A Terra est\u00e1 girando estranhamente mais r\u00e1pido, tornando esta ter\u00e7a-feira um dos dias mais curtos de todos os tempos"},"content":{"rendered":"\n<p>Nos \u00faltimos anos, cientistas t\u00eam observado que a <strong>rota\u00e7\u00e3o da Terra<\/strong> est\u00e1 se acelerando, mas ainda n\u00e3o se sabe ao certo o motivo. Essa varia\u00e7\u00e3o no tempo de rota\u00e7\u00e3o, que encurta os dias em milissegundos, n\u00e3o afeta nosso cotidiano, mas desperta a curiosidade cient\u00edfica.<\/p>\n\n\n\n<ul class=\"wp-block-list\">\n<li>Terceiro dia mais curto previsto para 5 de agosto de 2025<\/li>\n\n\n\n<li>Influ\u00eancia da posi\u00e7\u00e3o da Lua no fen\u00f4meno<\/li>\n\n\n\n<li>Mist\u00e9rios persistem sobre a acelera\u00e7\u00e3o inesperada<\/li>\n<\/ul>\n\n\n\n<h2 class=\"wp-block-heading\">Por que o tempo de rota\u00e7\u00e3o da Terra est\u00e1 diminuindo?<\/h2>\n\n\n\n<p>Uma das explica\u00e7\u00f5es mais aceitas \u00e9 que a <strong>posi\u00e7\u00e3o da Lua<\/strong> em rela\u00e7\u00e3o \u00e0 Terra pode impactar a velocidade de rota\u00e7\u00e3o do planeta. Em 5 de agosto de 2025, por exemplo, a Lua estar\u00e1 significativamente ao sul do equador, possivelmente contribuindo para esse fen\u00f4meno.<\/p>\n\n\n\n<p>Esse estado de rota\u00e7\u00e3o mais r\u00e1pida n\u00e3o se reflete diretamente no nosso dia a dia, mas desperta o interesse da comunidade cient\u00edfica para entender suas causas e efeitos em longo prazo.<\/p>\n\n\n\n<p><strong>Aten\u00e7\u00e3o<\/strong>: Embora esses ajustes sejam sutis, podem gerar uma diferen\u00e7a hist\u00f3rica nos registros astron\u00f4micos.<\/p>\n\n\n\n<h2 class=\"wp-block-heading\">Quais s\u00e3o as consequ\u00eancias dessa acelera\u00e7\u00e3o no futuro?<\/h2>\n\n\n\n<p>Enquanto a <strong>rota\u00e7\u00e3o acelerada<\/strong> n\u00e3o apresenta efeitos diretos e imediatos para a rotina di\u00e1ria, ela exige ajustes precisos em sistemas muito sens\u00edveis, como aqueles usados na navega\u00e7\u00e3o por sat\u00e9lite.<\/p>\n\n\n\n<p>Al\u00e9m da precis\u00e3o tecnol\u00f3gica, esse fen\u00f4meno levanta inquieta\u00e7\u00f5es sobre suas causas fundamentais e a possibilidade de altera\u00e7\u00f5es mais significativas no futuro.<\/p>\n\n\n\n<p>Leia tamb\u00e9m: <a href=\"https:\/\/www.correiobraziliense.com.br\/cbradar\/o-fenomeno-misterioso-que-esta-causando-a-rapida-passagem-do-verao-na-terra\/\" target=\"_blank\" rel=\"noreferrer noopener\">O fen\u00f4meno misterioso que est\u00e1 causando a r\u00e1pida passagem do ver\u00e3o na Terra<\/a><\/p>\n\n\n\n<figure class=\"wp-block-image size-large\"><img decoding=\"async\" width=\"1024\" height=\"576\" src=\"https:\/\/www.correiobraziliense.com.br\/cbradar\/wp-content\/uploads\/2025\/08\/planeta-Terra_1754388529705-1024x576.jpg\" alt=\"A Terra est\u00e1 girando estranhamente mais r\u00e1pido, tornando esta ter\u00e7a-feira um dos dias mais curtos de todos os tempos\" class=\"wp-image-81170\" srcset=\"https:\/\/www.correiobraziliense.com.br\/cbradar\/wp-content\/uploads\/2025\/08\/planeta-Terra_1754388529705-1024x576.jpg 1024w, https:\/\/www.correiobraziliense.com.br\/cbradar\/wp-content\/uploads\/2025\/08\/planeta-Terra_1754388529705-300x169.jpg 300w, https:\/\/www.correiobraziliense.com.br\/cbradar\/wp-content\/uploads\/2025\/08\/planeta-Terra_1754388529705-768x432.jpg 768w, https:\/\/www.correiobraziliense.com.br\/cbradar\/wp-content\/uploads\/2025\/08\/planeta-Terra_1754388529705-750x422.jpg 750w, https:\/\/www.correiobraziliense.com.br\/cbradar\/wp-content\/uploads\/2025\/08\/planeta-Terra_1754388529705-1140x641.jpg 1140w, https:\/\/www.correiobraziliense.com.br\/cbradar\/wp-content\/uploads\/2025\/08\/planeta-Terra_1754388529705.jpg 1280w\" sizes=\"(max-width: 1024px) 100vw, 1024px\" \/><figcaption class=\"wp-element-caption\">planeta Terra. Cr\u00e9ditos: depositphotos.com \/ welcomia<\/figcaption><\/figure>\n\n\n\n<h2 class=\"wp-block-heading\">A ci\u00eancia consegue explicar completamente o fen\u00f4meno?<\/h2>\n\n\n\n<p>Embora algumas raz\u00f5es tenham sido propostas, como influ\u00eancias lunares e din\u00e2micas do n\u00facleo terrestre, a ci\u00eancia ainda n\u00e3o possui uma <strong>explica\u00e7\u00e3o definitiva<\/strong> para essa acelera\u00e7\u00e3o na rota\u00e7\u00e3o.<\/p>\n\n\n\n<p>Pesquisas recentes, incluindo um artigo na Nature de 2023, sugerem que o n\u00facleo da Terra poderia ter come\u00e7ado a desacelerar em 2010, potencialmente explicando o fen\u00f4meno observado. No entanto, confirma\u00e7\u00f5es adicionais s\u00e3o necess\u00e1rias.<\/p>\n\n\n\n<h2 class=\"wp-block-heading\">Resumo e insights principais sobre a rota\u00e7\u00e3o acelerada da Terra<\/h2>\n\n\n\n<ul class=\"wp-block-list\">\n<li>Acelera\u00e7\u00e3o da rota\u00e7\u00e3o devido \u00e0 influ\u00eancia lunar e posi\u00e7\u00f5es planet\u00e1rias.<\/li>\n\n\n\n<li>Relev\u00e2ncia de ajustes em sistemas tecnol\u00f3gicos cr\u00edticos.<\/li>\n\n\n\n<li>Mist\u00e9rio cient\u00edfico em torno das causas subjacentes ao fen\u00f4meno.<\/li>\n<\/ul>\n","protected":false},"excerpt":{"rendered":"<p>Mist\u00e9rio do dia curto: Terra gira 1.25 milissegundos mais r\u00e1pido. Descubra o impacto desse fen\u00f4meno e o que a ci\u00eancia revela sobre isso.<\/p>\n","protected":false},"author":3,"featured_media":81169,"comment_status":"open","ping_status":"open","sticky":false,"template":"","format":"standard","meta":{"_yoast_wpseo_focuskw":"terra girando mais r\u00e1pido","_yoast_wpseo_title":"%%title%%","_yoast_wpseo_metadesc":"Mist\u00e9rio do dia curto: Terra gira 1.25 milissegundos mais r\u00e1pido. Descubra o impacto desse fen\u00f4meno e o que a ci\u00eancia revela sobre isso.","jnews-multi-image_gallery":[],"jnews_single_post":{"format":"standard"},"jnews_primary_category":[],"jnews_social_meta":[],"jnews_override_counter":[],"footnotes":""},"categories":[112],"tags":[179,736,144],"class_list":["post-81167","post","type-post","status-publish","format-standard","has-post-thumbnail","hentry","category-curiosidades","tag-astronomia","tag-ciencia","tag-curiosidades"],"yoast_head":"<!-- This site is optimized with the Yoast SEO plugin v24.6 - https:\/\/yoast.com\/wordpress\/plugins\/seo\/ -->\n<title>A Terra est\u00e1 girando estranhamente mais r\u00e1pido, tornando esta ter\u00e7a-feira um dos dias mais curtos de todos os tempos<\/title>\n<meta name=\"description\" content=\"Mist\u00e9rio do dia curto: Terra gira 1.25 milissegundos mais r\u00e1pido. Descubra o impacto desse fen\u00f4meno e o que a ci\u00eancia revela sobre isso.\" \/>\n<meta name=\"robots\" content=\"index, follow, max-snippet:-1, max-image-preview:large, max-video-preview:-1\" \/>\n<link rel=\"canonical\" href=\"https:\/\/www.correiobraziliense.com.br\/cbradar\/a-terra-esta-girando-estranhamente-mais-rapido-tornando-esta-terca-feira-um-dos-dias-mais-curtos-de-todos-os-tempos\/\" \/>\n<meta property=\"og:locale\" content=\"pt_BR\" \/>\n<meta property=\"og:type\" content=\"article\" \/>\n<meta property=\"og:title\" content=\"A Terra est\u00e1 girando estranhamente mais r\u00e1pido, tornando esta ter\u00e7a-feira um dos dias mais curtos de todos os tempos\" \/>\n<meta property=\"og:description\" content=\"Mist\u00e9rio do dia curto: Terra gira 1.25 milissegundos mais r\u00e1pido. Descubra o impacto desse fen\u00f4meno e o que a ci\u00eancia revela sobre isso.\" \/>\n<meta property=\"og:url\" content=\"https:\/\/www.correiobraziliense.com.br\/cbradar\/a-terra-esta-girando-estranhamente-mais-rapido-tornando-esta-terca-feira-um-dos-dias-mais-curtos-de-todos-os-tempos\/\" \/>\n<meta property=\"og:site_name\" content=\"Correio Braziliense - Radar\" \/>\n<meta property=\"article:published_time\" content=\"2025-08-05T23:23:00+00:00\" \/>\n<meta property=\"og:image\" content=\"https:\/\/www.correiobraziliense.com.br\/cbradar\/wp-content\/uploads\/2025\/08\/planeta-Terra_1754388457073.jpg\" \/>\n\t<meta property=\"og:image:width\" content=\"1280\" \/>\n\t<meta property=\"og:image:height\" content=\"720\" \/>\n\t<meta property=\"og:image:type\" content=\"image\/jpeg\" \/>\n<meta name=\"author\" content=\"Larissa Carvalho\" \/>\n<meta name=\"twitter:card\" content=\"summary_large_image\" \/>\n<meta name=\"twitter:label1\" content=\"Escrito por\" \/>\n\t<meta name=\"twitter:data1\" content=\"Larissa Carvalho\" \/>\n\t<meta name=\"twitter:label2\" content=\"Est. tempo de leitura\" \/>\n\t<meta name=\"twitter:data2\" content=\"3 minutos\" \/>\n<!-- \/ Yoast SEO plugin. -->","yoast_head_json":{"title":"A Terra est\u00e1 girando estranhamente mais r\u00e1pido, tornando esta ter\u00e7a-feira um dos dias mais curtos de todos os tempos","description":"Mist\u00e9rio do dia curto: Terra gira 1.25 milissegundos mais r\u00e1pido. Descubra o impacto desse fen\u00f4meno e o que a ci\u00eancia revela sobre isso.","robots":{"index":"index","follow":"follow","max-snippet":"max-snippet:-1","max-image-preview":"max-image-preview:large","max-video-preview":"max-video-preview:-1"},"canonical":"https:\/\/www.correiobraziliense.com.br\/cbradar\/a-terra-esta-girando-estranhamente-mais-rapido-tornando-esta-terca-feira-um-dos-dias-mais-curtos-de-todos-os-tempos\/","og_locale":"pt_BR","og_type":"article","og_title":"A Terra est\u00e1 girando estranhamente mais r\u00e1pido, tornando esta ter\u00e7a-feira um dos dias mais curtos de todos os tempos","og_description":"Mist\u00e9rio do dia curto: Terra gira 1.25 milissegundos mais r\u00e1pido. Descubra o impacto desse fen\u00f4meno e o que a ci\u00eancia revela sobre isso.","og_url":"https:\/\/www.correiobraziliense.com.br\/cbradar\/a-terra-esta-girando-estranhamente-mais-rapido-tornando-esta-terca-feira-um-dos-dias-mais-curtos-de-todos-os-tempos\/","og_site_name":"Correio Braziliense - Radar","article_published_time":"2025-08-05T23:23:00+00:00","og_image":[{"width":1280,"height":720,"url":"https:\/\/www.correiobraziliense.com.br\/cbradar\/wp-content\/uploads\/2025\/08\/planeta-Terra_1754388457073.jpg","type":"image\/jpeg"}],"author":"Larissa Carvalho","twitter_card":"summary_large_image","twitter_misc":{"Escrito por":"Larissa Carvalho","Est. tempo de leitura":"3 minutos"},"schema":{"@context":"https:\/\/schema.org","@graph":[{"@type":"WebPage","@id":"https:\/\/www.correiobraziliense.com.br\/cbradar\/a-terra-esta-girando-estranhamente-mais-rapido-tornando-esta-terca-feira-um-dos-dias-mais-curtos-de-todos-os-tempos\/","url":"https:\/\/www.correiobraziliense.com.br\/cbradar\/a-terra-esta-girando-estranhamente-mais-rapido-tornando-esta-terca-feira-um-dos-dias-mais-curtos-de-todos-os-tempos\/","name":"A Terra est\u00e1 girando estranhamente mais r\u00e1pido, tornando esta ter\u00e7a-feira um dos dias mais curtos de todos os tempos","isPartOf":{"@id":"https:\/\/www.correiobraziliense.com.br\/cbradar\/#website"},"primaryImageOfPage":{"@id":"https:\/\/www.correiobraziliense.com.br\/cbradar\/a-terra-esta-girando-estranhamente-mais-rapido-tornando-esta-terca-feira-um-dos-dias-mais-curtos-de-todos-os-tempos\/#primaryimage"},"image":{"@id":"https:\/\/www.correiobraziliense.com.br\/cbradar\/a-terra-esta-girando-estranhamente-mais-rapido-tornando-esta-terca-feira-um-dos-dias-mais-curtos-de-todos-os-tempos\/#primaryimage"},"thumbnailUrl":"https:\/\/www.correiobraziliense.com.br\/cbradar\/wp-content\/uploads\/2025\/08\/planeta-Terra_1754388457073.jpg","datePublished":"2025-08-05T23:23:00+00:00","author":{"@id":"https:\/\/www.correiobraziliense.com.br\/cbradar\/#\/schema\/person\/58422787644df994b53a19d3e56c1513"},"description":"Mist\u00e9rio do dia curto: Terra gira 1.25 milissegundos mais r\u00e1pido. Descubra o impacto desse fen\u00f4meno e o que a ci\u00eancia revela sobre isso.","breadcrumb":{"@id":"https:\/\/www.correiobraziliense.com.br\/cbradar\/a-terra-esta-girando-estranhamente-mais-rapido-tornando-esta-terca-feira-um-dos-dias-mais-curtos-de-todos-os-tempos\/#breadcrumb"},"inLanguage":"pt-BR","potentialAction":[{"@type":"ReadAction","target":["https:\/\/www.correiobraziliense.com.br\/cbradar\/a-terra-esta-girando-estranhamente-mais-rapido-tornando-esta-terca-feira-um-dos-dias-mais-curtos-de-todos-os-tempos\/"]}]},{"@type":"ImageObject","inLanguage":"pt-BR","@id":"https:\/\/www.correiobraziliense.com.br\/cbradar\/a-terra-esta-girando-estranhamente-mais-rapido-tornando-esta-terca-feira-um-dos-dias-mais-curtos-de-todos-os-tempos\/#primaryimage","url":"https:\/\/www.correiobraziliense.com.br\/cbradar\/wp-content\/uploads\/2025\/08\/planeta-Terra_1754388457073.jpg","contentUrl":"https:\/\/www.correiobraziliense.com.br\/cbradar\/wp-content\/uploads\/2025\/08\/planeta-Terra_1754388457073.jpg","width":1280,"height":720,"caption":"planeta Terra. Cr\u00e9ditos: depositphotos.com \/ JohanSwanepoel"},{"@type":"BreadcrumbList","@id":"https:\/\/www.correiobraziliense.com.br\/cbradar\/a-terra-esta-girando-estranhamente-mais-rapido-tornando-esta-terca-feira-um-dos-dias-mais-curtos-de-todos-os-tempos\/#breadcrumb","itemListElement":[{"@type":"ListItem","position":1,"name":"In\u00edcio","item":"https:\/\/www.correiobraziliense.com.br\/cbradar\/"},{"@type":"ListItem","position":2,"name":"A Terra est\u00e1 girando estranhamente mais r\u00e1pido, tornando esta ter\u00e7a-feira um dos dias mais curtos de todos os tempos"}]},{"@type":"WebSite","@id":"https:\/\/www.correiobraziliense.com.br\/cbradar\/#website","url":"https:\/\/www.correiobraziliense.com.br\/cbradar\/","name":"Correio Braziliense - Radar","description":"Acompanhe as \u00faltimas not\u00edcias e fique bem informado sobre tudo o que acontece no Brasil e no mundo.","potentialAction":[{"@type":"SearchAction","target":{"@type":"EntryPoint","urlTemplate":"https:\/\/www.correiobraziliense.com.br\/cbradar\/?s={search_term_string}"},"query-input":{"@type":"PropertyValueSpecification","valueRequired":true,"valueName":"search_term_string"}}],"inLanguage":"pt-BR"},{"@type":"Person","@id":"https:\/\/www.correiobraziliense.com.br\/cbradar\/#\/schema\/person\/58422787644df994b53a19d3e56c1513","name":"Larissa Carvalho","image":{"@type":"ImageObject","inLanguage":"pt-BR","@id":"https:\/\/www.correiobraziliense.com.br\/cbradar\/#\/schema\/person\/image\/","url":"https:\/\/secure.gravatar.com\/avatar\/fe4f91a0de32b52a838d0d612abdc1aa?s=96&d=mm&r=g","contentUrl":"https:\/\/secure.gravatar.com\/avatar\/fe4f91a0de32b52a838d0d612abdc1aa?s=96&d=mm&r=g","caption":"Larissa Carvalho"},"url":"https:\/\/www.correiobraziliense.com.br\/cbradar\/author\/larissamyth\/"}]}},"_links":{"self":[{"href":"https:\/\/www.correiobraziliense.com.br\/cbradar\/wp-json\/wp\/v2\/posts\/81167","targetHints":{"allow":["GET"]}}],"collection":[{"href":"https:\/\/www.correiobraziliense.com.br\/cbradar\/wp-json\/wp\/v2\/posts"}],"about":[{"href":"https:\/\/www.correiobraziliense.com.br\/cbradar\/wp-json\/wp\/v2\/types\/post"}],"author":[{"embeddable":true,"href":"https:\/\/www.correiobraziliense.com.br\/cbradar\/wp-json\/wp\/v2\/users\/3"}],"replies":[{"embeddable":true,"href":"https:\/\/www.correiobraziliense.com.br\/cbradar\/wp-json\/wp\/v2\/comments?post=81167"}],"version-history":[{"count":2,"href":"https:\/\/www.correiobraziliense.com.br\/cbradar\/wp-json\/wp\/v2\/posts\/81167\/revisions"}],"predecessor-version":[{"id":81171,"href":"https:\/\/www.correiobraziliense.com.br\/cbradar\/wp-json\/wp\/v2\/posts\/81167\/revisions\/81171"}],"wp:featuredmedia":[{"embeddable":true,"href":"https:\/\/www.correiobraziliense.com.br\/cbradar\/wp-json\/wp\/v2\/media\/81169"}],"wp:attachment":[{"href":"https:\/\/www.correiobraziliense.com.br\/cbradar\/wp-json\/wp\/v2\/media?parent=81167"}],"wp:term":[{"taxonomy":"category","embeddable":true,"href":"https:\/\/www.correiobraziliense.com.br\/cbradar\/wp-json\/wp\/v2\/categories?post=81167"},{"taxonomy":"post_tag","embeddable":true,"href":"https:\/\/www.correiobraziliense.com.br\/cbradar\/wp-json\/wp\/v2\/tags?post=81167"}],"curies":[{"name":"wp","href":"https:\/\/api.w.org\/{rel}","templated":true}]}}