{"id":81209,"date":"2025-08-06T11:13:00","date_gmt":"2025-08-06T14:13:00","guid":{"rendered":"https:\/\/www.correiobraziliense.com.br\/cbradar\/?p=81209"},"modified":"2025-08-05T07:40:49","modified_gmt":"2025-08-05T10:40:49","slug":"segundo-os-psicologos-quem-tem-essa-cor-favorita-tem-um-qi-alto","status":"publish","type":"post","link":"https:\/\/www.correiobraziliense.com.br\/cbradar\/segundo-os-psicologos-quem-tem-essa-cor-favorita-tem-um-qi-alto\/","title":{"rendered":"Segundo os psic\u00f3logos, quem tem essa cor favorita tem um QI alto"},"content":{"rendered":"\n<p>As cores que preferimos podem revelar muito sobre nossas personalidades e capacidades cognitivas. De acordo com psic\u00f3logos, algumas cores s\u00e3o mais frequentemente associadas a indiv\u00edduos com alto <strong>QI<\/strong>.<\/p>\n\n\n\n<ul class=\"wp-block-list\">\n<li>A import\u00e2ncia das cores na psicologia<\/li>\n\n\n\n<li>A rela\u00e7\u00e3o entre cor favorita e intelig\u00eancia<\/li>\n\n\n\n<li>Como identificar se voc\u00ea se encaixa nesse perfil<\/li>\n<\/ul>\n\n\n\n<h2 class=\"wp-block-heading\">Qual \u00e9 a cor favorita das pessoas com alto QI?<\/h2>\n\n\n\n<p>Pergunta frequente entre curiosos no assunto: existe realmente uma <strong>cor favorita<\/strong> que est\u00e1 ligada a um <strong>alto QI<\/strong>? Estudos sugerem que pessoas que preferem cores como azul tendem a ter habilidades cognitivas excepcionais.<\/p>\n\n\n\n<p>O azul \u00e9 frequentemente associado \u00e0 calma, reflex\u00e3o e profundidade, caracter\u00edsticas que tamb\u00e9m podem ser encontradas em pessoas com racioc\u00ednio elevado. Psic\u00f3logos apontam que indiv\u00edduos que escolhem o azul como sua cor predileta geralmente demonstram um <strong>QI acima da m\u00e9dia<\/strong>.<\/p>\n\n\n\n<h2 class=\"wp-block-heading\">A psicologia das cores<\/h2>\n\n\n\n<p>Entender a <strong>psicologia das cores<\/strong> \u00e9 crucial para compreender essa rela\u00e7\u00e3o. As cores s\u00e3o mais do que meros tons visuais, elas influenciam nossas emo\u00e7\u00f5es e decis\u00f5es. Elas t\u00eam a capacidade de estimular o c\u00e9rebro, despertando criatividade e aten\u00e7\u00e3o.<\/p>\n\n\n\n<p>Por exemplo, o vermelho \u00e9 frequentemente associado a energia e paix\u00e3o, enquanto o verde traz a sensa\u00e7\u00e3o de harmonia e equil\u00edbrio. Embora essas cores tamb\u00e9m sejam populares, \u00e9 o azul que mais tem sido relacionado a altas capacidades intelectuais.<\/p>\n\n\n\n<p>Leia tamb\u00e9m: <a href=\"https:\/\/www.correiobraziliense.com.br\/cbradar\/o-que-significa-procrastinar-a-psicologia-por-tras-da-preguica\/\" target=\"_blank\" rel=\"noreferrer noopener\">O que significa procrastinar? A psicologia por tr\u00e1s da pregui\u00e7a<\/a><\/p>\n\n\n\n<figure class=\"wp-block-image size-large\"><img decoding=\"async\" width=\"1024\" height=\"576\" src=\"https:\/\/www.correiobraziliense.com.br\/cbradar\/wp-content\/uploads\/2025\/08\/colors_1754390426353-1024x576.jpg\" alt=\"Segundo os psic\u00f3logos, quem tem essa cor favorita tem um QI alto\" class=\"wp-image-81212\" srcset=\"https:\/\/www.correiobraziliense.com.br\/cbradar\/wp-content\/uploads\/2025\/08\/colors_1754390426353-1024x576.jpg 1024w, https:\/\/www.correiobraziliense.com.br\/cbradar\/wp-content\/uploads\/2025\/08\/colors_1754390426353-300x169.jpg 300w, https:\/\/www.correiobraziliense.com.br\/cbradar\/wp-content\/uploads\/2025\/08\/colors_1754390426353-768x432.jpg 768w, https:\/\/www.correiobraziliense.com.br\/cbradar\/wp-content\/uploads\/2025\/08\/colors_1754390426353-750x422.jpg 750w, https:\/\/www.correiobraziliense.com.br\/cbradar\/wp-content\/uploads\/2025\/08\/colors_1754390426353-1140x642.jpg 1140w, https:\/\/www.correiobraziliense.com.br\/cbradar\/wp-content\/uploads\/2025\/08\/colors_1754390426353.jpg 1279w\" sizes=\"(max-width: 1024px) 100vw, 1024px\" \/><figcaption class=\"wp-element-caption\">Cores. Cr\u00e9ditos: depositphotos.com \/ SSilver<\/figcaption><\/figure>\n\n\n\n<h2 class=\"wp-block-heading\">Como saber se voc\u00ea tem um QI alto atrav\u00e9s das cores?<\/h2>\n\n\n\n<p><strong>Identificar<\/strong> um poss\u00edvel alto <strong>QI<\/strong> atrav\u00e9s da prefer\u00eancia de cor pode ser um exerc\u00edcio interessante, por\u00e9m n\u00e3o definitivo. Para confirmar se voc\u00ea se encaixa nesse perfil baseado na cor favorita, considere realizar <strong>testes de intelig\u00eancia<\/strong> formais oferecidos por profissionais.<\/p>\n\n\n\n<p>Al\u00e9m disso, \u00e9 essencial refletir sobre outras caracter\u00edsticas pessoais, como motiva\u00e7\u00e3o, perseveran\u00e7a e interesse pelo aprendizado, que n\u00e3o s\u00e3o diretamente relacionados \u00e0s cores, mas s\u00e3o indicadores significativos de habilidades cognitivas elevadas.<\/p>\n\n\n\n<h2 class=\"wp-block-heading\">Resumindo: O que a cor favorita realmente revela?<\/h2>\n\n\n\n<ul class=\"wp-block-list\">\n<li>Azul \u00e9 a cor frequentemente ligada a pessoas com alto QI.<\/li>\n\n\n\n<li>A psicologia das cores sugere que nossas prefer\u00eancias refletem tra\u00e7os de personalidade.<\/li>\n\n\n\n<li>Confirmar intelig\u00eancia pela cor favorita requer uma avalia\u00e7\u00e3o mais abrangente.<\/li>\n<\/ul>\n\n\n\n<p>Embora a cor favorita possa fornecer pistas sobre sua personalidade, \u00e9 importante abord\u00e1-la como parte de um conjunto mais amplo de caracter\u00edsticas. Estar aberto a novas experi\u00eancias e pr\u00e1ticas intelectuais continua sendo a melhor estrat\u00e9gia para estimular o c\u00e9rebro.<\/p>\n","protected":false},"excerpt":{"rendered":"<p>Descubra como sua cor favorita pode indicar um alto QI. Segundo psic\u00f3logos, a cor revela tra\u00e7os fascinantes da intelig\u00eancia!<\/p>\n","protected":false},"author":3,"featured_media":81211,"comment_status":"open","ping_status":"open","sticky":false,"template":"","format":"standard","meta":{"_yoast_wpseo_focuskw":"cor favorita QI alto","_yoast_wpseo_title":"%%title%%","_yoast_wpseo_metadesc":"Descubra como sua cor favorita pode indicar um alto QI. Segundo psic\u00f3logos, a cor revela tra\u00e7os fascinantes da intelig\u00eancia!","jnews-multi-image_gallery":[],"jnews_single_post":{"format":"standard"},"jnews_primary_category":[],"jnews_social_meta":[],"jnews_override_counter":[],"footnotes":""},"categories":[112],"tags":[8696,1034,144,404],"class_list":["post-81209","post","type-post","status-publish","format-standard","has-post-thumbnail","hentry","category-curiosidades","tag-cor","tag-cores","tag-curiosidades","tag-psicologia"],"yoast_head":"<!-- This site is optimized with the Yoast SEO plugin v24.6 - https:\/\/yoast.com\/wordpress\/plugins\/seo\/ -->\n<title>Segundo os psic\u00f3logos, quem tem essa cor favorita tem um QI alto<\/title>\n<meta name=\"description\" content=\"Descubra como sua cor favorita pode indicar um alto QI. Segundo psic\u00f3logos, a cor revela tra\u00e7os fascinantes da intelig\u00eancia!\" \/>\n<meta name=\"robots\" content=\"index, follow, max-snippet:-1, max-image-preview:large, max-video-preview:-1\" \/>\n<link rel=\"canonical\" href=\"https:\/\/www.correiobraziliense.com.br\/cbradar\/segundo-os-psicologos-quem-tem-essa-cor-favorita-tem-um-qi-alto\/\" \/>\n<meta property=\"og:locale\" content=\"pt_BR\" \/>\n<meta property=\"og:type\" content=\"article\" \/>\n<meta property=\"og:title\" content=\"Segundo os psic\u00f3logos, quem tem essa cor favorita tem um QI alto\" \/>\n<meta property=\"og:description\" content=\"Descubra como sua cor favorita pode indicar um alto QI. Segundo psic\u00f3logos, a cor revela tra\u00e7os fascinantes da intelig\u00eancia!\" \/>\n<meta property=\"og:url\" content=\"https:\/\/www.correiobraziliense.com.br\/cbradar\/segundo-os-psicologos-quem-tem-essa-cor-favorita-tem-um-qi-alto\/\" \/>\n<meta property=\"og:site_name\" content=\"Correio Braziliense - Radar\" \/>\n<meta property=\"article:published_time\" content=\"2025-08-06T14:13:00+00:00\" \/>\n<meta property=\"og:image\" content=\"https:\/\/www.correiobraziliense.com.br\/cbradar\/wp-content\/uploads\/2025\/08\/colors_1754390384581.jpg\" \/>\n\t<meta property=\"og:image:width\" content=\"1280\" \/>\n\t<meta property=\"og:image:height\" content=\"720\" \/>\n\t<meta property=\"og:image:type\" content=\"image\/jpeg\" \/>\n<meta name=\"author\" content=\"Larissa Carvalho\" \/>\n<meta name=\"twitter:card\" content=\"summary_large_image\" \/>\n<meta name=\"twitter:label1\" content=\"Escrito por\" \/>\n\t<meta name=\"twitter:data1\" content=\"Larissa Carvalho\" \/>\n\t<meta name=\"twitter:label2\" content=\"Est. tempo de leitura\" \/>\n\t<meta name=\"twitter:data2\" content=\"3 minutos\" \/>\n<!-- \/ Yoast SEO plugin. -->","yoast_head_json":{"title":"Segundo os psic\u00f3logos, quem tem essa cor favorita tem um QI alto","description":"Descubra como sua cor favorita pode indicar um alto QI. Segundo psic\u00f3logos, a cor revela tra\u00e7os fascinantes da intelig\u00eancia!","robots":{"index":"index","follow":"follow","max-snippet":"max-snippet:-1","max-image-preview":"max-image-preview:large","max-video-preview":"max-video-preview:-1"},"canonical":"https:\/\/www.correiobraziliense.com.br\/cbradar\/segundo-os-psicologos-quem-tem-essa-cor-favorita-tem-um-qi-alto\/","og_locale":"pt_BR","og_type":"article","og_title":"Segundo os psic\u00f3logos, quem tem essa cor favorita tem um QI alto","og_description":"Descubra como sua cor favorita pode indicar um alto QI. Segundo psic\u00f3logos, a cor revela tra\u00e7os fascinantes da intelig\u00eancia!","og_url":"https:\/\/www.correiobraziliense.com.br\/cbradar\/segundo-os-psicologos-quem-tem-essa-cor-favorita-tem-um-qi-alto\/","og_site_name":"Correio Braziliense - Radar","article_published_time":"2025-08-06T14:13:00+00:00","og_image":[{"width":1280,"height":720,"url":"https:\/\/www.correiobraziliense.com.br\/cbradar\/wp-content\/uploads\/2025\/08\/colors_1754390384581.jpg","type":"image\/jpeg"}],"author":"Larissa Carvalho","twitter_card":"summary_large_image","twitter_misc":{"Escrito por":"Larissa Carvalho","Est. tempo de leitura":"3 minutos"},"schema":{"@context":"https:\/\/schema.org","@graph":[{"@type":"WebPage","@id":"https:\/\/www.correiobraziliense.com.br\/cbradar\/segundo-os-psicologos-quem-tem-essa-cor-favorita-tem-um-qi-alto\/","url":"https:\/\/www.correiobraziliense.com.br\/cbradar\/segundo-os-psicologos-quem-tem-essa-cor-favorita-tem-um-qi-alto\/","name":"Segundo os psic\u00f3logos, quem tem essa cor favorita tem um QI alto","isPartOf":{"@id":"https:\/\/www.correiobraziliense.com.br\/cbradar\/#website"},"primaryImageOfPage":{"@id":"https:\/\/www.correiobraziliense.com.br\/cbradar\/segundo-os-psicologos-quem-tem-essa-cor-favorita-tem-um-qi-alto\/#primaryimage"},"image":{"@id":"https:\/\/www.correiobraziliense.com.br\/cbradar\/segundo-os-psicologos-quem-tem-essa-cor-favorita-tem-um-qi-alto\/#primaryimage"},"thumbnailUrl":"https:\/\/www.correiobraziliense.com.br\/cbradar\/wp-content\/uploads\/2025\/08\/colors_1754390384581.jpg","datePublished":"2025-08-06T14:13:00+00:00","author":{"@id":"https:\/\/www.correiobraziliense.com.br\/cbradar\/#\/schema\/person\/58422787644df994b53a19d3e56c1513"},"description":"Descubra como sua cor favorita pode indicar um alto QI. Segundo psic\u00f3logos, a cor revela tra\u00e7os fascinantes da intelig\u00eancia!","breadcrumb":{"@id":"https:\/\/www.correiobraziliense.com.br\/cbradar\/segundo-os-psicologos-quem-tem-essa-cor-favorita-tem-um-qi-alto\/#breadcrumb"},"inLanguage":"pt-BR","potentialAction":[{"@type":"ReadAction","target":["https:\/\/www.correiobraziliense.com.br\/cbradar\/segundo-os-psicologos-quem-tem-essa-cor-favorita-tem-um-qi-alto\/"]}]},{"@type":"ImageObject","inLanguage":"pt-BR","@id":"https:\/\/www.correiobraziliense.com.br\/cbradar\/segundo-os-psicologos-quem-tem-essa-cor-favorita-tem-um-qi-alto\/#primaryimage","url":"https:\/\/www.correiobraziliense.com.br\/cbradar\/wp-content\/uploads\/2025\/08\/colors_1754390384581.jpg","contentUrl":"https:\/\/www.correiobraziliense.com.br\/cbradar\/wp-content\/uploads\/2025\/08\/colors_1754390384581.jpg","width":1280,"height":720,"caption":"Cores. Cr\u00e9ditos: depositphotos.com \/ ArturVerkhovetskiy"},{"@type":"BreadcrumbList","@id":"https:\/\/www.correiobraziliense.com.br\/cbradar\/segundo-os-psicologos-quem-tem-essa-cor-favorita-tem-um-qi-alto\/#breadcrumb","itemListElement":[{"@type":"ListItem","position":1,"name":"In\u00edcio","item":"https:\/\/www.correiobraziliense.com.br\/cbradar\/"},{"@type":"ListItem","position":2,"name":"Segundo os psic\u00f3logos, quem tem essa cor favorita tem um QI alto"}]},{"@type":"WebSite","@id":"https:\/\/www.correiobraziliense.com.br\/cbradar\/#website","url":"https:\/\/www.correiobraziliense.com.br\/cbradar\/","name":"Correio Braziliense - Radar","description":"Acompanhe as \u00faltimas not\u00edcias e fique bem informado sobre tudo o que acontece no Brasil e no mundo.","potentialAction":[{"@type":"SearchAction","target":{"@type":"EntryPoint","urlTemplate":"https:\/\/www.correiobraziliense.com.br\/cbradar\/?s={search_term_string}"},"query-input":{"@type":"PropertyValueSpecification","valueRequired":true,"valueName":"search_term_string"}}],"inLanguage":"pt-BR"},{"@type":"Person","@id":"https:\/\/www.correiobraziliense.com.br\/cbradar\/#\/schema\/person\/58422787644df994b53a19d3e56c1513","name":"Larissa Carvalho","image":{"@type":"ImageObject","inLanguage":"pt-BR","@id":"https:\/\/www.correiobraziliense.com.br\/cbradar\/#\/schema\/person\/image\/","url":"https:\/\/secure.gravatar.com\/avatar\/fe4f91a0de32b52a838d0d612abdc1aa?s=96&d=mm&r=g","contentUrl":"https:\/\/secure.gravatar.com\/avatar\/fe4f91a0de32b52a838d0d612abdc1aa?s=96&d=mm&r=g","caption":"Larissa Carvalho"},"url":"https:\/\/www.correiobraziliense.com.br\/cbradar\/author\/larissamyth\/"}]}},"_links":{"self":[{"href":"https:\/\/www.correiobraziliense.com.br\/cbradar\/wp-json\/wp\/v2\/posts\/81209","targetHints":{"allow":["GET"]}}],"collection":[{"href":"https:\/\/www.correiobraziliense.com.br\/cbradar\/wp-json\/wp\/v2\/posts"}],"about":[{"href":"https:\/\/www.correiobraziliense.com.br\/cbradar\/wp-json\/wp\/v2\/types\/post"}],"author":[{"embeddable":true,"href":"https:\/\/www.correiobraziliense.com.br\/cbradar\/wp-json\/wp\/v2\/users\/3"}],"replies":[{"embeddable":true,"href":"https:\/\/www.correiobraziliense.com.br\/cbradar\/wp-json\/wp\/v2\/comments?post=81209"}],"version-history":[{"count":2,"href":"https:\/\/www.correiobraziliense.com.br\/cbradar\/wp-json\/wp\/v2\/posts\/81209\/revisions"}],"predecessor-version":[{"id":81213,"href":"https:\/\/www.correiobraziliense.com.br\/cbradar\/wp-json\/wp\/v2\/posts\/81209\/revisions\/81213"}],"wp:featuredmedia":[{"embeddable":true,"href":"https:\/\/www.correiobraziliense.com.br\/cbradar\/wp-json\/wp\/v2\/media\/81211"}],"wp:attachment":[{"href":"https:\/\/www.correiobraziliense.com.br\/cbradar\/wp-json\/wp\/v2\/media?parent=81209"}],"wp:term":[{"taxonomy":"category","embeddable":true,"href":"https:\/\/www.correiobraziliense.com.br\/cbradar\/wp-json\/wp\/v2\/categories?post=81209"},{"taxonomy":"post_tag","embeddable":true,"href":"https:\/\/www.correiobraziliense.com.br\/cbradar\/wp-json\/wp\/v2\/tags?post=81209"}],"curies":[{"name":"wp","href":"https:\/\/api.w.org\/{rel}","templated":true}]}}