{"id":81214,"date":"2025-08-06T12:33:00","date_gmt":"2025-08-06T15:33:00","guid":{"rendered":"https:\/\/www.correiobraziliense.com.br\/cbradar\/?p=81214"},"modified":"2025-08-05T07:57:30","modified_gmt":"2025-08-05T10:57:30","slug":"freud-foi-claro-uma-qualidade-que-segundo-ele-denuncia-pessoas-estupidas-voce-vai-reconhecer-imediatamente","status":"publish","type":"post","link":"https:\/\/www.correiobraziliense.com.br\/cbradar\/freud-foi-claro-uma-qualidade-que-segundo-ele-denuncia-pessoas-estupidas-voce-vai-reconhecer-imediatamente\/","title":{"rendered":"Freud foi claro: uma qualidade que, segundo ele, denuncia pessoas est\u00fapidas. Voc\u00ea vai reconhecer imediatamente"},"content":{"rendered":"\n<p>Sigmund Freud, o pai da psican\u00e1lise, \u00e9 conhecido por suas contribui\u00e7\u00f5es profundas \u00e0 compreens\u00e3o da mente humana. Entre seus muitos insights, ele destacou uma caracter\u00edstica espec\u00edfica que, segundo ele, indica a estupidez em indiv\u00edduos. Esta qualidade, muitas vezes ignorada, pode ser facilmente reconhecida.<\/p>\n\n\n\n<ul class=\"wp-block-list\">\n<li>A origem da teoria de Freud sobre a estupidez.<\/li>\n\n\n\n<li>Como identificar essa qualidade em pessoas ao seu redor.<\/li>\n\n\n\n<li>Por que essa caracter\u00edstica \u00e9 mais comum do que imaginamos.<\/li>\n<\/ul>\n\n\n\n<h2 class=\"wp-block-heading\">O que freud considerava est\u00fapido?<\/h2>\n\n\n\n<p>Freud acreditava que a incapacidade de aprender com a experi\u00eancia era uma marca de <strong>estupidez<\/strong>. Ele sugeriu que pessoas que cometem os mesmos erros repetidamente s\u00e3o limitadas em sua capacidade de crescimento pessoal.<\/p>\n\n\n\n<h2 class=\"wp-block-heading\">Por que esta qualidade \u00e9 prejudicial?<\/h2>\n\n\n\n<p>Pessoas que n\u00e3o conseguem aprender com suas experi\u00eancias tendem a n\u00e3o evoluir. Isso as mant\u00e9m presas em padr\u00f5es que podem ser prejudiciais tanto para elas quanto para aqueles ao seu redor.<\/p>\n\n\n\n<h2 class=\"wp-block-heading\">Freud estava certo? O que dizem os estudos atuais?<\/h2>\n\n\n\n<p>Pesquisas recentes corroboram as ideias de Freud. Estudiosos concordam que o aprendizado cont\u00ednuo \u00e9 essencial para o desenvolvimento cognitivo e emocional. Cometer erros \u00e9 natural, mas n\u00e3o aprender com eles pode indicar limita\u00e7\u00f5es significativas.<\/p>\n\n\n\n<p>Leia tamb\u00e9m: <a href=\"https:\/\/www.correiobraziliense.com.br\/cbradar\/5-maneiras-de-ser-mais-simpatico-segundo-a-psicologia\/\" target=\"_blank\" rel=\"noreferrer noopener\">5 maneiras de ser mais simp\u00e1tico, segundo a psicologia<\/a><\/p>\n\n\n\n<figure class=\"wp-block-image size-large\"><img decoding=\"async\" width=\"1024\" height=\"576\" src=\"https:\/\/www.correiobraziliense.com.br\/cbradar\/wp-content\/uploads\/2025\/08\/pessoa-pensando_1754391401670-1024x576.jpg\" alt=\"Freud foi claro: uma qualidade que, segundo ele, denuncia pessoas est\u00fapidas. Voc\u00ea vai reconhecer imediatamente\" class=\"wp-image-81217\" srcset=\"https:\/\/www.correiobraziliense.com.br\/cbradar\/wp-content\/uploads\/2025\/08\/pessoa-pensando_1754391401670-1024x576.jpg 1024w, https:\/\/www.correiobraziliense.com.br\/cbradar\/wp-content\/uploads\/2025\/08\/pessoa-pensando_1754391401670-300x169.jpg 300w, https:\/\/www.correiobraziliense.com.br\/cbradar\/wp-content\/uploads\/2025\/08\/pessoa-pensando_1754391401670-768x432.jpg 768w, https:\/\/www.correiobraziliense.com.br\/cbradar\/wp-content\/uploads\/2025\/08\/pessoa-pensando_1754391401670-750x422.jpg 750w, https:\/\/www.correiobraziliense.com.br\/cbradar\/wp-content\/uploads\/2025\/08\/pessoa-pensando_1754391401670-1140x641.jpg 1140w, https:\/\/www.correiobraziliense.com.br\/cbradar\/wp-content\/uploads\/2025\/08\/pessoa-pensando_1754391401670.jpg 1280w\" sizes=\"(max-width: 1024px) 100vw, 1024px\" \/><figcaption class=\"wp-element-caption\">pessoa pensando. Cr\u00e9ditos: depositphotos.com \/ SergPoznanskiy<\/figcaption><\/figure>\n\n\n\n<h2 class=\"wp-block-heading\">Identificando pessoas est\u00fapidas no dia a dia<\/h2>\n\n\n\n<p>Segundo Freud, observe indiv\u00edduos que frequentemente se encontram nas mesmas situa\u00e7\u00f5es problem\u00e1ticas. Talvez faltem a esses indiv\u00edduos autocr\u00edtica e introspec\u00e7\u00e3o necess\u00e1rias para o <strong>crescimento pessoal<\/strong>. Al\u00e9m disso, estudos modernos tamb\u00e9m apontam que a resist\u00eancia \u00e0 mudan\u00e7a e a nega\u00e7\u00e3o dos pr\u00f3prios defeitos s\u00e3o tra\u00e7os comuns nessas pessoas, refor\u00e7ando o que Freud j\u00e1 havia sugerido.<\/p>\n\n\n\n<h2 class=\"wp-block-heading\">Inspirando mudan\u00e7a e crescimento<\/h2>\n\n\n\n<p>Se voc\u00ea reconhecer essa qualidade em si mesmo ou em outras pessoas, \u00e9 poss\u00edvel promover uma mudan\u00e7a positiva. Incentivar a reflex\u00e3o sobre experi\u00eancias passadas pode ajudar no desenvolvimento de <strong>novos h\u00e1bitos<\/strong> e atitudes mais saud\u00e1veis. Participar de terapias, grupos de discuss\u00e3o ou buscar leituras sobre autoconhecimento tamb\u00e9m s\u00e3o estrat\u00e9gias recomendadas para auxiliar nesse processo de transforma\u00e7\u00e3o.<\/p>\n\n\n\n<h2 class=\"wp-block-heading\">Freud e o legado do entendimento humano<\/h2>\n\n\n\n<ul class=\"wp-block-list\">\n<li>Freud destacou que a repeti\u00e7\u00e3o de erros \u00e9 uma grande falha.<\/li>\n\n\n\n<li>Aprender com experi\u00eancias \u00e9 fundamental para evoluir.<\/li>\n\n\n\n<li>Sua teoria continua relevante e apoiada por estudos modernos.<\/li>\n<\/ul>\n","protected":false},"excerpt":{"rendered":"<p>Descubra a caracter\u00edstica que Freud destacou para reconhecer pessoas est\u00fapidas instantaneamente, uma revela\u00e7\u00e3o surpreendente e f\u00e1cil de identificar.<\/p>\n","protected":false},"author":3,"featured_media":81216,"comment_status":"open","ping_status":"open","sticky":false,"template":"","format":"standard","meta":{"_yoast_wpseo_focuskw":"qualidade denuncia pessoas est\u00fapidas","_yoast_wpseo_title":"%%title%%","_yoast_wpseo_metadesc":"Descubra a caracter\u00edstica que Freud destacou para reconhecer pessoas est\u00fapidas instantaneamente, uma revela\u00e7\u00e3o surpreendente e f\u00e1cil de identificar.","jnews-multi-image_gallery":[],"jnews_single_post":{"format":"standard"},"jnews_primary_category":[],"jnews_social_meta":[],"jnews_override_counter":[],"footnotes":""},"categories":[112],"tags":[144,404],"class_list":["post-81214","post","type-post","status-publish","format-standard","has-post-thumbnail","hentry","category-curiosidades","tag-curiosidades","tag-psicologia"],"yoast_head":"<!-- This site is optimized with the Yoast SEO plugin v24.6 - https:\/\/yoast.com\/wordpress\/plugins\/seo\/ -->\n<title>Freud foi claro: uma qualidade que, segundo ele, denuncia pessoas est\u00fapidas. Voc\u00ea vai reconhecer imediatamente<\/title>\n<meta name=\"description\" content=\"Descubra a caracter\u00edstica que Freud destacou para reconhecer pessoas est\u00fapidas instantaneamente, uma revela\u00e7\u00e3o surpreendente e f\u00e1cil de identificar.\" \/>\n<meta name=\"robots\" content=\"index, follow, max-snippet:-1, max-image-preview:large, max-video-preview:-1\" \/>\n<link rel=\"canonical\" href=\"https:\/\/www.correiobraziliense.com.br\/cbradar\/freud-foi-claro-uma-qualidade-que-segundo-ele-denuncia-pessoas-estupidas-voce-vai-reconhecer-imediatamente\/\" \/>\n<meta property=\"og:locale\" content=\"pt_BR\" \/>\n<meta property=\"og:type\" content=\"article\" \/>\n<meta property=\"og:title\" content=\"Freud foi claro: uma qualidade que, segundo ele, denuncia pessoas est\u00fapidas. Voc\u00ea vai reconhecer imediatamente\" \/>\n<meta property=\"og:description\" content=\"Descubra a caracter\u00edstica que Freud destacou para reconhecer pessoas est\u00fapidas instantaneamente, uma revela\u00e7\u00e3o surpreendente e f\u00e1cil de identificar.\" \/>\n<meta property=\"og:url\" content=\"https:\/\/www.correiobraziliense.com.br\/cbradar\/freud-foi-claro-uma-qualidade-que-segundo-ele-denuncia-pessoas-estupidas-voce-vai-reconhecer-imediatamente\/\" \/>\n<meta property=\"og:site_name\" content=\"Correio Braziliense - Radar\" \/>\n<meta property=\"article:published_time\" content=\"2025-08-06T15:33:00+00:00\" \/>\n<meta property=\"og:image\" content=\"https:\/\/www.correiobraziliense.com.br\/cbradar\/wp-content\/uploads\/2025\/08\/pessoa-pensando_1754391310840.jpg\" \/>\n\t<meta property=\"og:image:width\" content=\"1280\" \/>\n\t<meta property=\"og:image:height\" content=\"720\" \/>\n\t<meta property=\"og:image:type\" content=\"image\/jpeg\" \/>\n<meta name=\"author\" content=\"Larissa Carvalho\" \/>\n<meta name=\"twitter:card\" content=\"summary_large_image\" \/>\n<meta name=\"twitter:label1\" content=\"Escrito por\" \/>\n\t<meta name=\"twitter:data1\" content=\"Larissa Carvalho\" \/>\n\t<meta name=\"twitter:label2\" content=\"Est. tempo de leitura\" \/>\n\t<meta name=\"twitter:data2\" content=\"3 minutos\" \/>\n<!-- \/ Yoast SEO plugin. -->","yoast_head_json":{"title":"Freud foi claro: uma qualidade que, segundo ele, denuncia pessoas est\u00fapidas. Voc\u00ea vai reconhecer imediatamente","description":"Descubra a caracter\u00edstica que Freud destacou para reconhecer pessoas est\u00fapidas instantaneamente, uma revela\u00e7\u00e3o surpreendente e f\u00e1cil de identificar.","robots":{"index":"index","follow":"follow","max-snippet":"max-snippet:-1","max-image-preview":"max-image-preview:large","max-video-preview":"max-video-preview:-1"},"canonical":"https:\/\/www.correiobraziliense.com.br\/cbradar\/freud-foi-claro-uma-qualidade-que-segundo-ele-denuncia-pessoas-estupidas-voce-vai-reconhecer-imediatamente\/","og_locale":"pt_BR","og_type":"article","og_title":"Freud foi claro: uma qualidade que, segundo ele, denuncia pessoas est\u00fapidas. Voc\u00ea vai reconhecer imediatamente","og_description":"Descubra a caracter\u00edstica que Freud destacou para reconhecer pessoas est\u00fapidas instantaneamente, uma revela\u00e7\u00e3o surpreendente e f\u00e1cil de identificar.","og_url":"https:\/\/www.correiobraziliense.com.br\/cbradar\/freud-foi-claro-uma-qualidade-que-segundo-ele-denuncia-pessoas-estupidas-voce-vai-reconhecer-imediatamente\/","og_site_name":"Correio Braziliense - Radar","article_published_time":"2025-08-06T15:33:00+00:00","og_image":[{"width":1280,"height":720,"url":"https:\/\/www.correiobraziliense.com.br\/cbradar\/wp-content\/uploads\/2025\/08\/pessoa-pensando_1754391310840.jpg","type":"image\/jpeg"}],"author":"Larissa Carvalho","twitter_card":"summary_large_image","twitter_misc":{"Escrito por":"Larissa Carvalho","Est. tempo de leitura":"3 minutos"},"schema":{"@context":"https:\/\/schema.org","@graph":[{"@type":"WebPage","@id":"https:\/\/www.correiobraziliense.com.br\/cbradar\/freud-foi-claro-uma-qualidade-que-segundo-ele-denuncia-pessoas-estupidas-voce-vai-reconhecer-imediatamente\/","url":"https:\/\/www.correiobraziliense.com.br\/cbradar\/freud-foi-claro-uma-qualidade-que-segundo-ele-denuncia-pessoas-estupidas-voce-vai-reconhecer-imediatamente\/","name":"Freud foi claro: uma qualidade que, segundo ele, denuncia pessoas est\u00fapidas. Voc\u00ea vai reconhecer imediatamente","isPartOf":{"@id":"https:\/\/www.correiobraziliense.com.br\/cbradar\/#website"},"primaryImageOfPage":{"@id":"https:\/\/www.correiobraziliense.com.br\/cbradar\/freud-foi-claro-uma-qualidade-que-segundo-ele-denuncia-pessoas-estupidas-voce-vai-reconhecer-imediatamente\/#primaryimage"},"image":{"@id":"https:\/\/www.correiobraziliense.com.br\/cbradar\/freud-foi-claro-uma-qualidade-que-segundo-ele-denuncia-pessoas-estupidas-voce-vai-reconhecer-imediatamente\/#primaryimage"},"thumbnailUrl":"https:\/\/www.correiobraziliense.com.br\/cbradar\/wp-content\/uploads\/2025\/08\/pessoa-pensando_1754391310840.jpg","datePublished":"2025-08-06T15:33:00+00:00","author":{"@id":"https:\/\/www.correiobraziliense.com.br\/cbradar\/#\/schema\/person\/58422787644df994b53a19d3e56c1513"},"description":"Descubra a caracter\u00edstica que Freud destacou para reconhecer pessoas est\u00fapidas instantaneamente, uma revela\u00e7\u00e3o surpreendente e f\u00e1cil de identificar.","breadcrumb":{"@id":"https:\/\/www.correiobraziliense.com.br\/cbradar\/freud-foi-claro-uma-qualidade-que-segundo-ele-denuncia-pessoas-estupidas-voce-vai-reconhecer-imediatamente\/#breadcrumb"},"inLanguage":"pt-BR","potentialAction":[{"@type":"ReadAction","target":["https:\/\/www.correiobraziliense.com.br\/cbradar\/freud-foi-claro-uma-qualidade-que-segundo-ele-denuncia-pessoas-estupidas-voce-vai-reconhecer-imediatamente\/"]}]},{"@type":"ImageObject","inLanguage":"pt-BR","@id":"https:\/\/www.correiobraziliense.com.br\/cbradar\/freud-foi-claro-uma-qualidade-que-segundo-ele-denuncia-pessoas-estupidas-voce-vai-reconhecer-imediatamente\/#primaryimage","url":"https:\/\/www.correiobraziliense.com.br\/cbradar\/wp-content\/uploads\/2025\/08\/pessoa-pensando_1754391310840.jpg","contentUrl":"https:\/\/www.correiobraziliense.com.br\/cbradar\/wp-content\/uploads\/2025\/08\/pessoa-pensando_1754391310840.jpg","width":1280,"height":720,"caption":"pessoa pensando. Cr\u00e9ditos: depositphotos.com \/ SarkisSeysian"},{"@type":"BreadcrumbList","@id":"https:\/\/www.correiobraziliense.com.br\/cbradar\/freud-foi-claro-uma-qualidade-que-segundo-ele-denuncia-pessoas-estupidas-voce-vai-reconhecer-imediatamente\/#breadcrumb","itemListElement":[{"@type":"ListItem","position":1,"name":"In\u00edcio","item":"https:\/\/www.correiobraziliense.com.br\/cbradar\/"},{"@type":"ListItem","position":2,"name":"Freud foi claro: uma qualidade que, segundo ele, denuncia pessoas est\u00fapidas. Voc\u00ea vai reconhecer imediatamente"}]},{"@type":"WebSite","@id":"https:\/\/www.correiobraziliense.com.br\/cbradar\/#website","url":"https:\/\/www.correiobraziliense.com.br\/cbradar\/","name":"Correio Braziliense - Radar","description":"Acompanhe as \u00faltimas not\u00edcias e fique bem informado sobre tudo o que acontece no Brasil e no mundo.","potentialAction":[{"@type":"SearchAction","target":{"@type":"EntryPoint","urlTemplate":"https:\/\/www.correiobraziliense.com.br\/cbradar\/?s={search_term_string}"},"query-input":{"@type":"PropertyValueSpecification","valueRequired":true,"valueName":"search_term_string"}}],"inLanguage":"pt-BR"},{"@type":"Person","@id":"https:\/\/www.correiobraziliense.com.br\/cbradar\/#\/schema\/person\/58422787644df994b53a19d3e56c1513","name":"Larissa Carvalho","image":{"@type":"ImageObject","inLanguage":"pt-BR","@id":"https:\/\/www.correiobraziliense.com.br\/cbradar\/#\/schema\/person\/image\/","url":"https:\/\/secure.gravatar.com\/avatar\/fe4f91a0de32b52a838d0d612abdc1aa?s=96&d=mm&r=g","contentUrl":"https:\/\/secure.gravatar.com\/avatar\/fe4f91a0de32b52a838d0d612abdc1aa?s=96&d=mm&r=g","caption":"Larissa Carvalho"},"url":"https:\/\/www.correiobraziliense.com.br\/cbradar\/author\/larissamyth\/"}]}},"_links":{"self":[{"href":"https:\/\/www.correiobraziliense.com.br\/cbradar\/wp-json\/wp\/v2\/posts\/81214","targetHints":{"allow":["GET"]}}],"collection":[{"href":"https:\/\/www.correiobraziliense.com.br\/cbradar\/wp-json\/wp\/v2\/posts"}],"about":[{"href":"https:\/\/www.correiobraziliense.com.br\/cbradar\/wp-json\/wp\/v2\/types\/post"}],"author":[{"embeddable":true,"href":"https:\/\/www.correiobraziliense.com.br\/cbradar\/wp-json\/wp\/v2\/users\/3"}],"replies":[{"embeddable":true,"href":"https:\/\/www.correiobraziliense.com.br\/cbradar\/wp-json\/wp\/v2\/comments?post=81214"}],"version-history":[{"count":2,"href":"https:\/\/www.correiobraziliense.com.br\/cbradar\/wp-json\/wp\/v2\/posts\/81214\/revisions"}],"predecessor-version":[{"id":81218,"href":"https:\/\/www.correiobraziliense.com.br\/cbradar\/wp-json\/wp\/v2\/posts\/81214\/revisions\/81218"}],"wp:featuredmedia":[{"embeddable":true,"href":"https:\/\/www.correiobraziliense.com.br\/cbradar\/wp-json\/wp\/v2\/media\/81216"}],"wp:attachment":[{"href":"https:\/\/www.correiobraziliense.com.br\/cbradar\/wp-json\/wp\/v2\/media?parent=81214"}],"wp:term":[{"taxonomy":"category","embeddable":true,"href":"https:\/\/www.correiobraziliense.com.br\/cbradar\/wp-json\/wp\/v2\/categories?post=81214"},{"taxonomy":"post_tag","embeddable":true,"href":"https:\/\/www.correiobraziliense.com.br\/cbradar\/wp-json\/wp\/v2\/tags?post=81214"}],"curies":[{"name":"wp","href":"https:\/\/api.w.org\/{rel}","templated":true}]}}