{"id":81251,"date":"2025-08-06T18:13:00","date_gmt":"2025-08-06T21:13:00","guid":{"rendered":"https:\/\/www.correiobraziliense.com.br\/cbradar\/?p=81251"},"modified":"2025-08-05T08:17:22","modified_gmt":"2025-08-05T11:17:22","slug":"exercitar-se-sem-cafe-da-manha-por-que-recomendam-faze-lo-e-qual-o-seu-impacto-na-perda-de-peso","status":"publish","type":"post","link":"https:\/\/www.correiobraziliense.com.br\/cbradar\/exercitar-se-sem-cafe-da-manha-por-que-recomendam-faze-lo-e-qual-o-seu-impacto-na-perda-de-peso\/","title":{"rendered":"Exercitar-se sem caf\u00e9 da manh\u00e3: por que recomendam faz\u00ea-lo e qual o seu impacto na perda de peso"},"content":{"rendered":"\n<p>A pr\u00e1tica de <strong>exerc\u00edcios em jejum<\/strong> tem ganhado destaque por seus potenciais benef\u00edcios na <strong>perda de peso<\/strong> e na sa\u00fade geral. A ci\u00eancia tem investigado os efeitos dessa pr\u00e1tica, especialmente em rela\u00e7\u00e3o \u00e0 <strong>queima de gordura<\/strong>, trazendo \u00e0 luz recomenda\u00e7\u00f5es e cuidados essenciais:<\/p>\n\n\n\n<ul class=\"wp-block-list\">\n<li>Exerc\u00edcios em jejum podem aumentar a oxida\u00e7\u00e3o de gorduras.<\/li>\n\n\n\n<li>Mais eficaz para metas de perda de peso.<\/li>\n\n\n\n<li>Precau\u00e7\u00f5es importantes ao adotar essa pr\u00e1tica.<\/li>\n<\/ul>\n\n\n\n<h2 class=\"wp-block-heading\">Exerc\u00edcio em jejum: qual \u00e9 o impacto?<\/h2>\n\n\n\n<p>Praticar <strong>atividade f\u00edsica<\/strong> sem consumir caf\u00e9 da manh\u00e3 \u00e9 uma estrat\u00e9gia que muitos adotam. Estudos, como o publicado no <em>Journal of Nutrition and Metabolism<\/em>, indicam que treinar antes de comer potencializa a <strong>oxida\u00e7\u00e3o de gorduras<\/strong>. Assim, o exerc\u00edcio em jejum \u00e9 uma t\u00e9cnica eficiente na redu\u00e7\u00e3o do peso corporal.<\/p>\n\n\n\n<h2 class=\"wp-block-heading\">Por que o exerc\u00edcio em jejum funciona?<\/h2>\n\n\n\n<p>Durante a manh\u00e3, nossas reservas de glicog\u00eanio est\u00e3o naturalmente mais baixas. O glicog\u00eanio, a principal fonte de energia do corpo, quando reduzido, leva nosso organismo a usar <strong>gorduras armazenadas<\/strong> como combust\u00edvel. Portanto, treinar em jejum pode resultar na queima mais r\u00e1pida de gordura.<\/p>\n\n\n\n<figure class=\"wp-block-image size-large\"><img decoding=\"async\" width=\"1024\" height=\"576\" src=\"https:\/\/www.correiobraziliense.com.br\/cbradar\/wp-content\/uploads\/2025\/08\/exercicio-fisico_1754392627546-1024x576.jpg\" alt=\"Exercitar-se sem caf\u00e9 da manh\u00e3: por que recomendam faz\u00ea-lo e qual o seu impacto na perda de peso\" class=\"wp-image-81254\" srcset=\"https:\/\/www.correiobraziliense.com.br\/cbradar\/wp-content\/uploads\/2025\/08\/exercicio-fisico_1754392627546-1024x576.jpg 1024w, https:\/\/www.correiobraziliense.com.br\/cbradar\/wp-content\/uploads\/2025\/08\/exercicio-fisico_1754392627546-300x169.jpg 300w, https:\/\/www.correiobraziliense.com.br\/cbradar\/wp-content\/uploads\/2025\/08\/exercicio-fisico_1754392627546-768x432.jpg 768w, https:\/\/www.correiobraziliense.com.br\/cbradar\/wp-content\/uploads\/2025\/08\/exercicio-fisico_1754392627546-750x422.jpg 750w, https:\/\/www.correiobraziliense.com.br\/cbradar\/wp-content\/uploads\/2025\/08\/exercicio-fisico_1754392627546-1140x641.jpg 1140w, https:\/\/www.correiobraziliense.com.br\/cbradar\/wp-content\/uploads\/2025\/08\/exercicio-fisico_1754392627546.jpg 1280w\" sizes=\"(max-width: 1024px) 100vw, 1024px\" \/><figcaption class=\"wp-element-caption\">exerc\u00edcio f\u00edsico. Cr\u00e9ditos: depositphotos.com \/ ArturVerkhovetskiy<\/figcaption><\/figure>\n\n\n\n<h2 class=\"wp-block-heading\">Considera\u00e7\u00f5es e precau\u00e7\u00f5es importantes<\/h2>\n\n\n\n<p>Sempre \u00e9 necess\u00e1rio cautela ao adotar novas pr\u00e1ticas alimentares ou de atividade f\u00edsica. A nutricionista Olaia Castro recomenda que os praticantes de exerc\u00edcios em jejum n\u00e3o excedam uma hora de treino e mantenham uma <strong>hidrata\u00e7\u00e3o adequada<\/strong>. Se sentir tontura, consumir algo imediatamente \u00e9 essencial.<\/p>\n\n\n\n<p>H\u00e1 restri\u00e7\u00f5es a serem observadas: esta pr\u00e1tica n\u00e3o \u00e9 recomendada para pessoas com press\u00e3o arterial baixa, diab\u00e9ticos ou indiv\u00edduos com problemas renais.<\/p>\n\n\n\n<h2 class=\"wp-block-heading\">Princ\u00edpios fundamentais para praticar exerc\u00edcios em jejum<\/h2>\n\n\n\n<ul class=\"wp-block-list\">\n<li>Potencial para acelerar a queima de gordura.<\/li>\n\n\n\n<li>Cautela necess\u00e1ria para evitar efeitos colaterais.<\/li>\n\n\n\n<li>Consulta com profissionais de sa\u00fade recomendada.<\/li>\n<\/ul>\n\n\n\n<p>Os <strong>exerc\u00edcios em jejum<\/strong> podem ser uma ferramenta eficaz no alcance de metas de perda de peso. No entanto, o entendimento claro dos benef\u00edcios e riscos \u00e9 vital para o seu sucesso.<\/p>\n","protected":false},"excerpt":{"rendered":"<p>Treine em jejum para queimar gordura rapidamente: Descubra os benef\u00edcios do exerc\u00edcio matinal sem caf\u00e9 da manh\u00e3, suportado pela ci\u00eancia.<\/p>\n","protected":false},"author":3,"featured_media":81253,"comment_status":"open","ping_status":"open","sticky":false,"template":"","format":"standard","meta":{"_yoast_wpseo_focuskw":"exerc\u00edcio caf\u00e9 da manh\u00e3","_yoast_wpseo_title":"%%title%%","_yoast_wpseo_metadesc":"Treine em jejum para queimar gordura rapidamente: Descubra os benef\u00edcios do exerc\u00edcio matinal sem caf\u00e9 da manh\u00e3, suportado pela ci\u00eancia.","jnews-multi-image_gallery":[],"jnews_single_post":{"format":"standard"},"jnews_primary_category":[],"jnews_social_meta":[],"jnews_override_counter":[],"footnotes":""},"categories":[112],"post_tag":[3559,144,444],"class_list":["post-81251","post","type-post","status-publish","format-standard","has-post-thumbnail","hentry","category-curiosidades","tag-corpo-humano","tag-curiosidades","tag-exercicio-fisico"],"yoast_head":"<!-- This site is optimized with the Yoast SEO plugin v24.6 - https:\/\/yoast.com\/wordpress\/plugins\/seo\/ -->\n<title>Exercitar-se sem caf\u00e9 da manh\u00e3: por que recomendam faz\u00ea-lo e qual o seu impacto na perda de peso<\/title>\n<meta name=\"description\" content=\"Treine em jejum para queimar gordura rapidamente: Descubra os benef\u00edcios do exerc\u00edcio matinal sem caf\u00e9 da manh\u00e3, suportado pela ci\u00eancia.\" \/>\n<meta name=\"robots\" content=\"index, follow, max-snippet:-1, max-image-preview:large, max-video-preview:-1\" \/>\n<link rel=\"canonical\" href=\"https:\/\/www.correiobraziliense.com.br\/cbradar\/exercitar-se-sem-cafe-da-manha-por-que-recomendam-faze-lo-e-qual-o-seu-impacto-na-perda-de-peso\/\" \/>\n<meta property=\"og:locale\" content=\"pt_BR\" \/>\n<meta property=\"og:type\" content=\"article\" \/>\n<meta property=\"og:title\" content=\"Exercitar-se sem caf\u00e9 da manh\u00e3: por que recomendam faz\u00ea-lo e qual o seu impacto na perda de peso\" \/>\n<meta property=\"og:description\" content=\"Treine em jejum para queimar gordura rapidamente: Descubra os benef\u00edcios do exerc\u00edcio matinal sem caf\u00e9 da manh\u00e3, suportado pela ci\u00eancia.\" \/>\n<meta property=\"og:url\" content=\"https:\/\/www.correiobraziliense.com.br\/cbradar\/exercitar-se-sem-cafe-da-manha-por-que-recomendam-faze-lo-e-qual-o-seu-impacto-na-perda-de-peso\/\" \/>\n<meta property=\"og:site_name\" content=\"Correio Braziliense - Radar\" \/>\n<meta property=\"article:published_time\" content=\"2025-08-06T21:13:00+00:00\" \/>\n<meta property=\"og:image\" content=\"https:\/\/www.correiobraziliense.com.br\/cbradar\/wp-content\/uploads\/2025\/08\/exercicio-fisico_1754392594389.jpg\" \/>\n\t<meta property=\"og:image:width\" content=\"1280\" \/>\n\t<meta property=\"og:image:height\" content=\"720\" \/>\n\t<meta property=\"og:image:type\" content=\"image\/jpeg\" \/>\n<meta name=\"author\" content=\"Larissa Carvalho\" \/>\n<meta name=\"twitter:card\" content=\"summary_large_image\" \/>\n<meta name=\"twitter:label1\" content=\"Escrito por\" \/>\n\t<meta name=\"twitter:data1\" content=\"Larissa Carvalho\" \/>\n\t<meta name=\"twitter:label2\" content=\"Est. tempo de leitura\" \/>\n\t<meta name=\"twitter:data2\" content=\"3 minutos\" \/>\n<!-- \/ Yoast SEO plugin. -->","yoast_head_json":{"title":"Exercitar-se sem caf\u00e9 da manh\u00e3: por que recomendam faz\u00ea-lo e qual o seu impacto na perda de peso","description":"Treine em jejum para queimar gordura rapidamente: Descubra os benef\u00edcios do exerc\u00edcio matinal sem caf\u00e9 da manh\u00e3, suportado pela ci\u00eancia.","robots":{"index":"index","follow":"follow","max-snippet":"max-snippet:-1","max-image-preview":"max-image-preview:large","max-video-preview":"max-video-preview:-1"},"canonical":"https:\/\/www.correiobraziliense.com.br\/cbradar\/exercitar-se-sem-cafe-da-manha-por-que-recomendam-faze-lo-e-qual-o-seu-impacto-na-perda-de-peso\/","og_locale":"pt_BR","og_type":"article","og_title":"Exercitar-se sem caf\u00e9 da manh\u00e3: por que recomendam faz\u00ea-lo e qual o seu impacto na perda de peso","og_description":"Treine em jejum para queimar gordura rapidamente: Descubra os benef\u00edcios do exerc\u00edcio matinal sem caf\u00e9 da manh\u00e3, suportado pela ci\u00eancia.","og_url":"https:\/\/www.correiobraziliense.com.br\/cbradar\/exercitar-se-sem-cafe-da-manha-por-que-recomendam-faze-lo-e-qual-o-seu-impacto-na-perda-de-peso\/","og_site_name":"Correio Braziliense - Radar","article_published_time":"2025-08-06T21:13:00+00:00","og_image":[{"width":1280,"height":720,"url":"https:\/\/www.correiobraziliense.com.br\/cbradar\/wp-content\/uploads\/2025\/08\/exercicio-fisico_1754392594389.jpg","type":"image\/jpeg"}],"author":"Larissa Carvalho","twitter_card":"summary_large_image","twitter_misc":{"Escrito por":"Larissa Carvalho","Est. tempo de leitura":"3 minutos"},"schema":{"@context":"https:\/\/schema.org","@graph":[{"@type":"WebPage","@id":"https:\/\/www.correiobraziliense.com.br\/cbradar\/exercitar-se-sem-cafe-da-manha-por-que-recomendam-faze-lo-e-qual-o-seu-impacto-na-perda-de-peso\/","url":"https:\/\/www.correiobraziliense.com.br\/cbradar\/exercitar-se-sem-cafe-da-manha-por-que-recomendam-faze-lo-e-qual-o-seu-impacto-na-perda-de-peso\/","name":"Exercitar-se sem caf\u00e9 da manh\u00e3: por que recomendam faz\u00ea-lo e qual o seu impacto na perda de peso","isPartOf":{"@id":"https:\/\/www.correiobraziliense.com.br\/cbradar\/#website"},"primaryImageOfPage":{"@id":"https:\/\/www.correiobraziliense.com.br\/cbradar\/exercitar-se-sem-cafe-da-manha-por-que-recomendam-faze-lo-e-qual-o-seu-impacto-na-perda-de-peso\/#primaryimage"},"image":{"@id":"https:\/\/www.correiobraziliense.com.br\/cbradar\/exercitar-se-sem-cafe-da-manha-por-que-recomendam-faze-lo-e-qual-o-seu-impacto-na-perda-de-peso\/#primaryimage"},"thumbnailUrl":"https:\/\/www.correiobraziliense.com.br\/cbradar\/wp-content\/uploads\/2025\/08\/exercicio-fisico_1754392594389.jpg","datePublished":"2025-08-06T21:13:00+00:00","author":{"@id":"https:\/\/www.correiobraziliense.com.br\/cbradar\/#\/schema\/person\/58422787644df994b53a19d3e56c1513"},"description":"Treine em jejum para queimar gordura rapidamente: Descubra os benef\u00edcios do exerc\u00edcio matinal sem caf\u00e9 da manh\u00e3, suportado pela ci\u00eancia.","breadcrumb":{"@id":"https:\/\/www.correiobraziliense.com.br\/cbradar\/exercitar-se-sem-cafe-da-manha-por-que-recomendam-faze-lo-e-qual-o-seu-impacto-na-perda-de-peso\/#breadcrumb"},"inLanguage":"pt-BR","potentialAction":[{"@type":"ReadAction","target":["https:\/\/www.correiobraziliense.com.br\/cbradar\/exercitar-se-sem-cafe-da-manha-por-que-recomendam-faze-lo-e-qual-o-seu-impacto-na-perda-de-peso\/"]}]},{"@type":"ImageObject","inLanguage":"pt-BR","@id":"https:\/\/www.correiobraziliense.com.br\/cbradar\/exercitar-se-sem-cafe-da-manha-por-que-recomendam-faze-lo-e-qual-o-seu-impacto-na-perda-de-peso\/#primaryimage","url":"https:\/\/www.correiobraziliense.com.br\/cbradar\/wp-content\/uploads\/2025\/08\/exercicio-fisico_1754392594389.jpg","contentUrl":"https:\/\/www.correiobraziliense.com.br\/cbradar\/wp-content\/uploads\/2025\/08\/exercicio-fisico_1754392594389.jpg","width":1280,"height":720,"caption":"exerc\u00edcio f\u00edsico. Cr\u00e9ditos: depositphotos.com \/ AllaSerebrina"},{"@type":"BreadcrumbList","@id":"https:\/\/www.correiobraziliense.com.br\/cbradar\/exercitar-se-sem-cafe-da-manha-por-que-recomendam-faze-lo-e-qual-o-seu-impacto-na-perda-de-peso\/#breadcrumb","itemListElement":[{"@type":"ListItem","position":1,"name":"In\u00edcio","item":"https:\/\/www.correiobraziliense.com.br\/cbradar\/"},{"@type":"ListItem","position":2,"name":"Exercitar-se sem caf\u00e9 da manh\u00e3: por que recomendam faz\u00ea-lo e qual o seu impacto na perda de peso"}]},{"@type":"WebSite","@id":"https:\/\/www.correiobraziliense.com.br\/cbradar\/#website","url":"https:\/\/www.correiobraziliense.com.br\/cbradar\/","name":"Correio Braziliense - Radar","description":"Acompanhe as \u00faltimas not\u00edcias e fique bem informado sobre tudo o que acontece no Brasil e no mundo.","potentialAction":[{"@type":"SearchAction","target":{"@type":"EntryPoint","urlTemplate":"https:\/\/www.correiobraziliense.com.br\/cbradar\/?s={search_term_string}"},"query-input":{"@type":"PropertyValueSpecification","valueRequired":true,"valueName":"search_term_string"}}],"inLanguage":"pt-BR"},{"@type":"Person","@id":"https:\/\/www.correiobraziliense.com.br\/cbradar\/#\/schema\/person\/58422787644df994b53a19d3e56c1513","name":"Larissa Carvalho","image":{"@type":"ImageObject","inLanguage":"pt-BR","@id":"https:\/\/www.correiobraziliense.com.br\/cbradar\/#\/schema\/person\/image\/","url":"https:\/\/secure.gravatar.com\/avatar\/fe4f91a0de32b52a838d0d612abdc1aa?s=96&d=mm&r=g","contentUrl":"https:\/\/secure.gravatar.com\/avatar\/fe4f91a0de32b52a838d0d612abdc1aa?s=96&d=mm&r=g","caption":"Larissa Carvalho"},"url":"https:\/\/www.correiobraziliense.com.br\/cbradar\/author\/larissamyth\/"}]}},"_links":{"self":[{"href":"https:\/\/www.correiobraziliense.com.br\/cbradar\/wp-json\/wp\/v2\/posts\/81251","targetHints":{"allow":["GET"]}}],"collection":[{"href":"https:\/\/www.correiobraziliense.com.br\/cbradar\/wp-json\/wp\/v2\/posts"}],"about":[{"href":"https:\/\/www.correiobraziliense.com.br\/cbradar\/wp-json\/wp\/v2\/types\/post"}],"author":[{"embeddable":true,"href":"https:\/\/www.correiobraziliense.com.br\/cbradar\/wp-json\/wp\/v2\/users\/3"}],"replies":[{"embeddable":true,"href":"https:\/\/www.correiobraziliense.com.br\/cbradar\/wp-json\/wp\/v2\/comments?post=81251"}],"version-history":[{"count":2,"href":"https:\/\/www.correiobraziliense.com.br\/cbradar\/wp-json\/wp\/v2\/posts\/81251\/revisions"}],"predecessor-version":[{"id":81255,"href":"https:\/\/www.correiobraziliense.com.br\/cbradar\/wp-json\/wp\/v2\/posts\/81251\/revisions\/81255"}],"wp:featuredmedia":[{"embeddable":true,"href":"https:\/\/www.correiobraziliense.com.br\/cbradar\/wp-json\/wp\/v2\/media\/81253"}],"wp:attachment":[{"href":"https:\/\/www.correiobraziliense.com.br\/cbradar\/wp-json\/wp\/v2\/media?parent=81251"}],"wp:term":[{"taxonomy":"category","embeddable":true,"href":"https:\/\/www.correiobraziliense.com.br\/cbradar\/wp-json\/wp\/v2\/categories?post=81251"},{"taxonomy":"post_tag","embeddable":true,"href":"https:\/\/www.correiobraziliense.com.br\/cbradar\/wp-json\/wp\/v2\/post_tag?post=81251"}],"curies":[{"name":"wp","href":"https:\/\/api.w.org\/{rel}","templated":true}]}}