{"id":81268,"date":"2025-08-09T19:43:00","date_gmt":"2025-08-09T22:43:00","guid":{"rendered":"https:\/\/www.correiobraziliense.com.br\/cbradar\/?p=81268"},"modified":"2025-08-05T11:30:47","modified_gmt":"2025-08-05T14:30:47","slug":"o-que-a-ciencia-diz-sobre-beber-agua-gelada-e-a-digestao","status":"publish","type":"post","link":"https:\/\/www.correiobraziliense.com.br\/cbradar\/o-que-a-ciencia-diz-sobre-beber-agua-gelada-e-a-digestao\/","title":{"rendered":"O que a ci\u00eancia diz sobre beber \u00e1gua gelada e a digest\u00e3o?"},"content":{"rendered":"\n<p>A temperatura da <a href=\"https:\/\/pt.wikipedia.org\/wiki\/\u00c1gua\" target=\"_blank\" rel=\"noreferrer noopener\">\u00e1gua <\/a>que bebemos \u00e9 um tema cercado de mitos e debates acalorados. De um lado, h\u00e1 quem defenda a \u00e1gua gelada como um truque para acelerar o metabolismo. De outro, muitos acreditam, com base em medicinas tradicionais, que ela \u00e9 uma verdadeira vil\u00e3 para o sistema digestivo.<\/p>\n\n\n\n<p>Essa cren\u00e7a se baseia na ideia de que a \u00e1gua fria &#8220;choca&#8221; o est\u00f4mago, solidifica as gorduras dos alimentos e dificulta o processo digestivo. Mas o que a fisiologia moderna e a ci\u00eancia realmente dizem sobre isso?<\/p>\n\n\n\n<p>A resposta pode surpreender, pois ela desfaz os mitos de ambos os lados e foca no que \u00e9 verdadeiramente essencial para o nosso corpo. Este artigo mergulha na ci\u00eancia para desvendar o que de fato acontece quando voc\u00ea bebe um copo de \u00e1gua gelada.<\/p>\n\n\n\n<h2 class=\"wp-block-heading\">O que realmente acontece no seu est\u00f4mago com um copo de \u00e1gua gelada?<\/h2>\n\n\n\n<p>Nosso corpo \u00e9 uma m\u00e1quina incrivelmente eficiente em manter sua temperatura interna est\u00e1vel, um processo chamado termorregula\u00e7\u00e3o. Quando voc\u00ea ingere \u00e1gua gelada, o corpo imediatamente come\u00e7a a trabalhar para aquec\u00ea-la. Esse processo ocorre de forma muito r\u00e1pida no es\u00f4fago e no est\u00f4mago, elevando a temperatura da \u00e1gua para os 37\u00b0C corporais antes que ela prossiga para o intestino.<\/p>\n\n\n\n<p>\u00c9 verdade que o frio causa uma vasoconstri\u00e7\u00e3o tempor\u00e1ria (estreitamento dos vasos sangu\u00edneos). A teoria de que isso poderia diminuir o fluxo de sangue para o est\u00f4mago \u00e9 o principal argumento contra a \u00e1gua fria. No entanto, especialistas em gastroenterologia afirmam que, para uma pessoa saud\u00e1vel, esse efeito \u00e9 m\u00ednimo, localizado e de curta dura\u00e7\u00e3o, n\u00e3o sendo suficiente para prejudicar a digest\u00e3o de uma refei\u00e7\u00e3o normal.<\/p>\n\n\n\n<p>O mito de que a \u00e1gua gelada &#8220;solidifica&#8221; as gorduras da comida no est\u00f4mago tamb\u00e9m n\u00e3o se sustenta. A temperatura interna do nosso corpo \u00e9 alta e constante, o que mant\u00e9m as gorduras em estado l\u00edquido para que possam ser digeridas, independentemente da temperatura da \u00e1gua que voc\u00ea bebe.<\/p>\n\n\n<div class=\"wp-block-image\">\n<figure class=\"aligncenter size-large\"><img decoding=\"async\" width=\"1024\" height=\"576\" src=\"https:\/\/www.correiobraziliense.com.br\/cbradar\/wp-content\/uploads\/2025\/02\/beber-agua_1740772667780-1024x576.jpg\" alt=\"O que a ci\u00eancia diz sobre beber \u00e1gua gelada e a digest\u00e3o?\" class=\"wp-image-7671\" srcset=\"https:\/\/www.correiobraziliense.com.br\/cbradar\/wp-content\/uploads\/2025\/02\/beber-agua_1740772667780-1024x576.jpg 1024w, https:\/\/www.correiobraziliense.com.br\/cbradar\/wp-content\/uploads\/2025\/02\/beber-agua_1740772667780-300x169.jpg 300w, https:\/\/www.correiobraziliense.com.br\/cbradar\/wp-content\/uploads\/2025\/02\/beber-agua_1740772667780-768x432.jpg 768w, https:\/\/www.correiobraziliense.com.br\/cbradar\/wp-content\/uploads\/2025\/02\/beber-agua_1740772667780-750x422.jpg 750w, https:\/\/www.correiobraziliense.com.br\/cbradar\/wp-content\/uploads\/2025\/02\/beber-agua_1740772667780-1140x641.jpg 1140w, https:\/\/www.correiobraziliense.com.br\/cbradar\/wp-content\/uploads\/2025\/02\/beber-agua_1740772667780.jpg 1280w\" sizes=\"(max-width: 1024px) 100vw, 1024px\" \/><figcaption class=\"wp-element-caption\">\u00c1gua &#8211; Cr\u00e9ditos: depositphotos.com \/ VadimVasenin<\/figcaption><\/figure><\/div>\n\n\n<h2 class=\"wp-block-heading\">Mas a \u00e1gua gelada n\u00e3o acelera o metabolismo?<\/h2>\n\n\n\n<p>Este \u00e9 o principal argumento a favor da \u00e1gua gelada. E, tecnicamente, ele est\u00e1 correto. O processo de aquecer a \u00e1gua fria at\u00e9 a temperatura corporal gasta, de fato, um pouco de energia. Esse efeito \u00e9 conhecido como <strong>termog\u00eanese<\/strong> induzida pela \u00e1gua.<\/p>\n\n\n\n<p>No entanto, \u00e9 crucial colocar esse gasto cal\u00f3rico em perspectiva. A quantidade de energia utilizada para essa tarefa \u00e9 muito pequena. Estima-se que beber um copo grande de \u00e1gua gelada queime cerca de 8 calorias a mais do que beber a mesma quantidade de \u00e1gua em temperatura ambiente. Embora seja um efeito real, ele \u00e9 metabolicamente insignificante para a perda de peso a longo prazo.<\/p>\n\n\n\n<h2 class=\"wp-block-heading\">Ent\u00e3o, qual \u00e9 a resposta surpreendente?<\/h2>\n\n\n\n<p>A verdade, apoiada pelo consenso cient\u00edfico atual, \u00e9 mais simples e libertadora do que os mitos sugerem.<\/p>\n\n\n\n<ol start=\"1\" class=\"wp-block-list\">\n<li><strong>Para a Digest\u00e3o, a Temperatura Importa Pouco:<\/strong> Para a grande maioria das pessoas saud\u00e1veis, a temperatura da \u00e1gua <strong>n\u00e3o tem um impacto significativo, nem positivo nem negativo, na efici\u00eancia da digest\u00e3o<\/strong>. O corpo neutraliza a temperatura do l\u00edquido de forma muito r\u00e1pida e eficaz.<\/li>\n\n\n\n<li><strong>A Hidrata\u00e7\u00e3o \u00e9 o Fator Principal e Inquestion\u00e1vel:<\/strong> O que realmente importa para uma boa digest\u00e3o \u00e9 estar bem hidratado. A \u00e1gua \u2013 seja ela fria, morna ou em temperatura ambiente \u2013 \u00e9 absolutamente essencial para quebrar os alimentos, dissolver e transportar nutrientes e prevenir a constipa\u00e7\u00e3o. A falta de \u00e1gua, sim, atrapalha muito a digest\u00e3o.<\/li>\n\n\n\n<li><strong>A Prefer\u00eancia Pessoal Aumenta o Consumo:<\/strong> Talvez o fator mais importante seja o que te incentiva a beber mais \u00e1gua. Se voc\u00ea prefere o sabor e a sensa\u00e7\u00e3o refrescante da \u00e1gua gelada, isso te ajudar\u00e1 a se manter mais hidratado ao longo do dia. Indiretamente, esse \u00e9 o maior benef\u00edcio que a \u00e1gua gelada pode trazer para a sua digest\u00e3o.<\/li>\n<\/ol>\n\n\n\n<p>Leia mais: <a href=\"https:\/\/www.correiobraziliense.com.br\/cbradar\/5-coisas-que-voce-faz-e-que-desaceleram-seu-metabolismo-aos-poucos\" target=\"_blank\" rel=\"noreferrer noopener\">5 coisas que voc\u00ea faz e que desaceleram seu metabolismo aos poucos<\/a><\/p>\n\n\n\n<h2 class=\"wp-block-heading\">Existem situa\u00e7\u00f5es em que a temperatura da \u00e1gua realmente importa?<\/h2>\n\n\n\n<p>Sim, em alguns casos espec\u00edficos, a temperatura pode fazer a diferen\u00e7a.<\/p>\n\n\n\n<p>Para algumas pessoas com condi\u00e7\u00f5es particulares, como acalasia (uma desordem de motilidade do es\u00f4fago) ou uma sensibilidade digestiva maior, a \u00e1gua morna ou em temperatura ambiente pode ser mais confort\u00e1vel e ajudar a relaxar a musculatura do trato gastrointestinal.<\/p>\n\n\n\n<p>Durante a pr\u00e1tica de exerc\u00edcios f\u00edsicos intensos e em dias muito quentes, a \u00e1gua gelada pode ser prefer\u00edvel. Ela ajuda a reduzir a temperatura corporal central de forma mais r\u00e1pida, o que pode melhorar o desempenho e aumentar a seguran\u00e7a do atleta.<\/p>\n\n\n\n<p>Se voc\u00ea sente dor, c\u00f3licas ou um desconforto significativo consistentemente ap\u00f3s beber l\u00edquidos gelados, isso pode ser um sinal de uma sensibilidade individual ou de uma condi\u00e7\u00e3o gastrointestinal subjacente. Nesses casos, a orienta\u00e7\u00e3o de um <strong>m\u00e9dico<\/strong> ou <strong>gastroenterologista<\/strong> \u00e9 sempre recomendada.<\/p>\n\n\n\n<p>Leia mais: <a href=\"https:\/\/www.correiobraziliense.com.br\/cbradar\/a-carne-vermelha-pode-causar-isso-no-seu-intestino-segundo-especialistas\">A carne vermelha pode causar isso no seu intestino, segundo especialistas<\/a><\/p>\n\n\n\n<h2 class=\"wp-block-heading\">Afinal, qual \u00e1gua devo beber?<\/h2>\n\n\n\n<p>A resposta surpreendente, no fim das contas, \u00e9 a mais simples e libertadora de todas: beba a \u00e1gua na temperatura que voc\u00ea mais gosta.<\/p>\n\n\n\n<p>A discuss\u00e3o sobre a temperatura ideal muitas vezes desvia o foco do que \u00e9 essencial. Grandes organiza\u00e7\u00f5es de sa\u00fade, como a <strong>Organiza\u00e7\u00e3o Mundial da Sa\u00fade (OMS)<\/strong>, enfatizam que a prioridade deve ser a quantidade e a consist\u00eancia da <strong>hidrata\u00e7\u00e3o<\/strong> para a sa\u00fade geral.<\/p>\n\n\n\n<p>Seja gelada para se refrescar, morna para se confortar ou em temperatura ambiente por praticidade, o mais importante \u00e9 manter seu corpo bem hidratado. Esse \u00e9 o verdadeiro e comprovado segredo para uma digest\u00e3o eficiente e um corpo funcionando em sua plenitude.<\/p>\n","protected":false},"excerpt":{"rendered":"<p>A temperatura da \u00e1gua que bebemos \u00e9 um tema cercado de mitos e debates acalorados. De um lado, h\u00e1 quem defenda a \u00e1gua gelada como um truque para acelerar o metabolismo. De outro, muitos acreditam, com base em medicinas tradicionais, que ela \u00e9 uma verdadeira vil\u00e3 para o sistema digestivo. Essa cren\u00e7a se baseia na [&hellip;]<\/p>\n","protected":false},"author":11,"featured_media":81323,"comment_status":"open","ping_status":"open","sticky":false,"template":"","format":"standard","meta":{"_yoast_wpseo_focuskw":"ciencia","_yoast_wpseo_title":"","_yoast_wpseo_metadesc":"Beber \u00e1gua gelada pode interferir na digest\u00e3o e provocar rea\u00e7\u00f5es que a ci\u00eancia come\u00e7a a entender com mais profundidade.","jnews-multi-image_gallery":[],"jnews_single_post":{"format":"standard"},"jnews_primary_category":[],"jnews_social_meta":[],"jnews_override_counter":[],"footnotes":""},"categories":[119],"tags":[9043,1318],"class_list":["post-81268","post","type-post","status-publish","format-standard","has-post-thumbnail","hentry","category-bem-estar","tag-agua-gelada","tag-saude-2"],"yoast_head":"<!-- This site is optimized with the Yoast SEO plugin v24.6 - https:\/\/yoast.com\/wordpress\/plugins\/seo\/ -->\n<title>O que a ci\u00eancia diz sobre beber \u00e1gua gelada e a digest\u00e3o? - Correio Braziliense - Radar<\/title>\n<meta name=\"description\" content=\"Beber \u00e1gua gelada pode interferir na digest\u00e3o e provocar rea\u00e7\u00f5es que a ci\u00eancia come\u00e7a a entender com mais profundidade.\" \/>\n<meta name=\"robots\" content=\"index, follow, max-snippet:-1, max-image-preview:large, max-video-preview:-1\" \/>\n<link rel=\"canonical\" href=\"https:\/\/www.correiobraziliense.com.br\/cbradar\/o-que-a-ciencia-diz-sobre-beber-agua-gelada-e-a-digestao\/\" \/>\n<meta property=\"og:locale\" content=\"pt_BR\" \/>\n<meta property=\"og:type\" content=\"article\" \/>\n<meta property=\"og:title\" content=\"O que a ci\u00eancia diz sobre beber \u00e1gua gelada e a digest\u00e3o? - Correio Braziliense - Radar\" \/>\n<meta property=\"og:description\" content=\"Beber \u00e1gua gelada pode interferir na digest\u00e3o e provocar rea\u00e7\u00f5es que a ci\u00eancia come\u00e7a a entender com mais profundidade.\" \/>\n<meta property=\"og:url\" content=\"https:\/\/www.correiobraziliense.com.br\/cbradar\/o-que-a-ciencia-diz-sobre-beber-agua-gelada-e-a-digestao\/\" \/>\n<meta property=\"og:site_name\" content=\"Correio Braziliense - Radar\" \/>\n<meta property=\"article:published_time\" content=\"2025-08-09T22:43:00+00:00\" \/>\n<meta property=\"og:image\" content=\"https:\/\/www.correiobraziliense.com.br\/cbradar\/wp-content\/uploads\/2025\/08\/ice-water-in-a-glass_1754404149700.jpg\" \/>\n\t<meta property=\"og:image:width\" content=\"1279\" \/>\n\t<meta property=\"og:image:height\" content=\"720\" \/>\n\t<meta property=\"og:image:type\" content=\"image\/jpeg\" \/>\n<meta name=\"author\" content=\"Paulo Custodio\" \/>\n<meta name=\"twitter:card\" content=\"summary_large_image\" \/>\n<meta name=\"twitter:label1\" content=\"Escrito por\" \/>\n\t<meta name=\"twitter:data1\" content=\"Paulo Custodio\" \/>\n\t<meta name=\"twitter:label2\" content=\"Est. tempo de leitura\" \/>\n\t<meta name=\"twitter:data2\" content=\"6 minutos\" \/>\n<!-- \/ Yoast SEO plugin. -->","yoast_head_json":{"title":"O que a ci\u00eancia diz sobre beber \u00e1gua gelada e a digest\u00e3o? - Correio Braziliense - Radar","description":"Beber \u00e1gua gelada pode interferir na digest\u00e3o e provocar rea\u00e7\u00f5es que a ci\u00eancia come\u00e7a a entender com mais profundidade.","robots":{"index":"index","follow":"follow","max-snippet":"max-snippet:-1","max-image-preview":"max-image-preview:large","max-video-preview":"max-video-preview:-1"},"canonical":"https:\/\/www.correiobraziliense.com.br\/cbradar\/o-que-a-ciencia-diz-sobre-beber-agua-gelada-e-a-digestao\/","og_locale":"pt_BR","og_type":"article","og_title":"O que a ci\u00eancia diz sobre beber \u00e1gua gelada e a digest\u00e3o? - Correio Braziliense - Radar","og_description":"Beber \u00e1gua gelada pode interferir na digest\u00e3o e provocar rea\u00e7\u00f5es que a ci\u00eancia come\u00e7a a entender com mais profundidade.","og_url":"https:\/\/www.correiobraziliense.com.br\/cbradar\/o-que-a-ciencia-diz-sobre-beber-agua-gelada-e-a-digestao\/","og_site_name":"Correio Braziliense - Radar","article_published_time":"2025-08-09T22:43:00+00:00","og_image":[{"width":1279,"height":720,"url":"https:\/\/www.correiobraziliense.com.br\/cbradar\/wp-content\/uploads\/2025\/08\/ice-water-in-a-glass_1754404149700.jpg","type":"image\/jpeg"}],"author":"Paulo Custodio","twitter_card":"summary_large_image","twitter_misc":{"Escrito por":"Paulo Custodio","Est. tempo de leitura":"6 minutos"},"schema":{"@context":"https:\/\/schema.org","@graph":[{"@type":"WebPage","@id":"https:\/\/www.correiobraziliense.com.br\/cbradar\/o-que-a-ciencia-diz-sobre-beber-agua-gelada-e-a-digestao\/","url":"https:\/\/www.correiobraziliense.com.br\/cbradar\/o-que-a-ciencia-diz-sobre-beber-agua-gelada-e-a-digestao\/","name":"O que a ci\u00eancia diz sobre beber \u00e1gua gelada e a digest\u00e3o? - Correio Braziliense - Radar","isPartOf":{"@id":"https:\/\/www.correiobraziliense.com.br\/cbradar\/#website"},"primaryImageOfPage":{"@id":"https:\/\/www.correiobraziliense.com.br\/cbradar\/o-que-a-ciencia-diz-sobre-beber-agua-gelada-e-a-digestao\/#primaryimage"},"image":{"@id":"https:\/\/www.correiobraziliense.com.br\/cbradar\/o-que-a-ciencia-diz-sobre-beber-agua-gelada-e-a-digestao\/#primaryimage"},"thumbnailUrl":"https:\/\/www.correiobraziliense.com.br\/cbradar\/wp-content\/uploads\/2025\/08\/ice-water-in-a-glass_1754404149700.jpg","datePublished":"2025-08-09T22:43:00+00:00","author":{"@id":"https:\/\/www.correiobraziliense.com.br\/cbradar\/#\/schema\/person\/4cec7857301a9a1a2ef249893cd908d3"},"description":"Beber \u00e1gua gelada pode interferir na digest\u00e3o e provocar rea\u00e7\u00f5es que a ci\u00eancia come\u00e7a a entender com mais profundidade.","breadcrumb":{"@id":"https:\/\/www.correiobraziliense.com.br\/cbradar\/o-que-a-ciencia-diz-sobre-beber-agua-gelada-e-a-digestao\/#breadcrumb"},"inLanguage":"pt-BR","potentialAction":[{"@type":"ReadAction","target":["https:\/\/www.correiobraziliense.com.br\/cbradar\/o-que-a-ciencia-diz-sobre-beber-agua-gelada-e-a-digestao\/"]}]},{"@type":"ImageObject","inLanguage":"pt-BR","@id":"https:\/\/www.correiobraziliense.com.br\/cbradar\/o-que-a-ciencia-diz-sobre-beber-agua-gelada-e-a-digestao\/#primaryimage","url":"https:\/\/www.correiobraziliense.com.br\/cbradar\/wp-content\/uploads\/2025\/08\/ice-water-in-a-glass_1754404149700.jpg","contentUrl":"https:\/\/www.correiobraziliense.com.br\/cbradar\/wp-content\/uploads\/2025\/08\/ice-water-in-a-glass_1754404149700.jpg","width":1279,"height":720,"caption":"Um copo d'\u00e1gua - Cr\u00e9ditos: depositphotos.com \/ eduardkraft"},{"@type":"BreadcrumbList","@id":"https:\/\/www.correiobraziliense.com.br\/cbradar\/o-que-a-ciencia-diz-sobre-beber-agua-gelada-e-a-digestao\/#breadcrumb","itemListElement":[{"@type":"ListItem","position":1,"name":"In\u00edcio","item":"https:\/\/www.correiobraziliense.com.br\/cbradar\/"},{"@type":"ListItem","position":2,"name":"O que a ci\u00eancia diz sobre beber \u00e1gua gelada e a digest\u00e3o?"}]},{"@type":"WebSite","@id":"https:\/\/www.correiobraziliense.com.br\/cbradar\/#website","url":"https:\/\/www.correiobraziliense.com.br\/cbradar\/","name":"Correio Braziliense - Radar","description":"Acompanhe as \u00faltimas not\u00edcias e fique bem informado sobre tudo o que acontece no Brasil e no mundo.","potentialAction":[{"@type":"SearchAction","target":{"@type":"EntryPoint","urlTemplate":"https:\/\/www.correiobraziliense.com.br\/cbradar\/?s={search_term_string}"},"query-input":{"@type":"PropertyValueSpecification","valueRequired":true,"valueName":"search_term_string"}}],"inLanguage":"pt-BR"},{"@type":"Person","@id":"https:\/\/www.correiobraziliense.com.br\/cbradar\/#\/schema\/person\/4cec7857301a9a1a2ef249893cd908d3","name":"Paulo Custodio","image":{"@type":"ImageObject","inLanguage":"pt-BR","@id":"https:\/\/www.correiobraziliense.com.br\/cbradar\/#\/schema\/person\/image\/","url":"https:\/\/secure.gravatar.com\/avatar\/bcd67168d1534e8fcf4f45c726a87cea?s=96&d=mm&r=g","contentUrl":"https:\/\/secure.gravatar.com\/avatar\/bcd67168d1534e8fcf4f45c726a87cea?s=96&d=mm&r=g","caption":"Paulo Custodio"},"sameAs":["https:\/\/www.correiobraziliense.com.br\/cbradar"],"url":"https:\/\/www.correiobraziliense.com.br\/cbradar\/author\/paulomyth\/"}]}},"_links":{"self":[{"href":"https:\/\/www.correiobraziliense.com.br\/cbradar\/wp-json\/wp\/v2\/posts\/81268","targetHints":{"allow":["GET"]}}],"collection":[{"href":"https:\/\/www.correiobraziliense.com.br\/cbradar\/wp-json\/wp\/v2\/posts"}],"about":[{"href":"https:\/\/www.correiobraziliense.com.br\/cbradar\/wp-json\/wp\/v2\/types\/post"}],"author":[{"embeddable":true,"href":"https:\/\/www.correiobraziliense.com.br\/cbradar\/wp-json\/wp\/v2\/users\/11"}],"replies":[{"embeddable":true,"href":"https:\/\/www.correiobraziliense.com.br\/cbradar\/wp-json\/wp\/v2\/comments?post=81268"}],"version-history":[{"count":1,"href":"https:\/\/www.correiobraziliense.com.br\/cbradar\/wp-json\/wp\/v2\/posts\/81268\/revisions"}],"predecessor-version":[{"id":81324,"href":"https:\/\/www.correiobraziliense.com.br\/cbradar\/wp-json\/wp\/v2\/posts\/81268\/revisions\/81324"}],"wp:featuredmedia":[{"embeddable":true,"href":"https:\/\/www.correiobraziliense.com.br\/cbradar\/wp-json\/wp\/v2\/media\/81323"}],"wp:attachment":[{"href":"https:\/\/www.correiobraziliense.com.br\/cbradar\/wp-json\/wp\/v2\/media?parent=81268"}],"wp:term":[{"taxonomy":"category","embeddable":true,"href":"https:\/\/www.correiobraziliense.com.br\/cbradar\/wp-json\/wp\/v2\/categories?post=81268"},{"taxonomy":"post_tag","embeddable":true,"href":"https:\/\/www.correiobraziliense.com.br\/cbradar\/wp-json\/wp\/v2\/tags?post=81268"}],"curies":[{"name":"wp","href":"https:\/\/api.w.org\/{rel}","templated":true}]}}