{"id":81369,"date":"2025-08-06T17:23:00","date_gmt":"2025-08-06T20:23:00","guid":{"rendered":"https:\/\/www.correiobraziliense.com.br\/cbradar\/?p=81369"},"modified":"2025-08-05T12:30:17","modified_gmt":"2025-08-05T15:30:17","slug":"por-que-a-dieta-mediterranea-e-tao-saudavel","status":"publish","type":"post","link":"https:\/\/www.correiobraziliense.com.br\/cbradar\/por-que-a-dieta-mediterranea-e-tao-saudavel\/","title":{"rendered":"Por que a dieta mediterr\u00e2nea \u00e9 t\u00e3o saud\u00e1vel?"},"content":{"rendered":"\n<p>Apesar de sua m\u00e1 fama, a <strong>inflama\u00e7\u00e3o<\/strong> em doses pequenas \u00e9 ben\u00e9fica para o corpo, ajudando a combater invasores como v\u00edrus e bact\u00e9rias. No entanto, quando se torna cr\u00f4nica, pode levar a doen\u00e7as graves como diabetes tipo 2 e doen\u00e7as card\u00edacas. A solu\u00e7\u00e3o pode estar na alimenta\u00e7\u00e3o, especialmente atrav\u00e9s de uma dieta rica em antioxidantes e nutrientes anti-inflamat\u00f3rios, como a <strong>dieta mediterr\u00e2nea<\/strong>.<\/p>\n\n\n\n<ul class=\"wp-block-list\">\n<li>A <strong>dieta mediterr\u00e2nea<\/strong> \u00e9 comprovadamente eficaz na redu\u00e7\u00e3o de marcadores inflamat\u00f3rios.<\/li>\n\n\n\n<li>Integrar <strong>frutas e vegetais antioxidantes<\/strong> no dia a dia pode prevenir inflama\u00e7\u00f5es.<\/li>\n\n\n\n<li>Ado\u00e7\u00e3o de alimentos ricos em <strong>\u00f4mega-3<\/strong> promove benef\u00edcios significativos para a sa\u00fade.<\/li>\n<\/ul>\n\n\n\n<h2 class=\"wp-block-heading\">Quais alimentos s\u00e3o considerados anti-inflamat\u00f3rios?<\/h2>\n\n\n\n<p>Estudos indicam que certas frutas como <strong>cerejas e berries<\/strong> t\u00eam o poder de reduzir marcadores inflamat\u00f3rios devido aos seus polifen\u00f3is e carotenoides. Outro grupo essencial s\u00e3o as <strong>verduras e leguminosas<\/strong>, que atrav\u00e9s das suas fibras e antioxidantes, ajudam no controle da inflama\u00e7\u00e3o. Al\u00e9m disso, sementes como chia e linha\u00e7a tamb\u00e9m s\u00e3o recomendadas por serem fontes naturais de \u00f4mega-3 e fibras, potencializando os efeitos anti-inflamat\u00f3rios.<\/p>\n\n\n\n<ul class=\"wp-block-list\">\n<li><strong>Cerejas e berries:<\/strong> Combata a inflama\u00e7\u00e3o adicionando-as ao seu caf\u00e9 da manh\u00e3.<\/li>\n\n\n\n<li><strong>Verduras escuras e leguminosas:<\/strong> Incorporar 2,5 x\u00edcaras por dia pode reduzir os n\u00edveis de CRP.<\/li>\n<\/ul>\n\n\n\n<h2 class=\"wp-block-heading\">Como o azeite de oliva ajuda na redu\u00e7\u00e3o da inflama\u00e7\u00e3o?<\/h2>\n\n\n\n<p>O <strong>azeite de oliva extra-virgem<\/strong> cont\u00e9m compostos que imitam efeitos de medicamentos anti-inflamat\u00f3rios como o ibuprofeno. \u00c9 eficaz quando consumido cru em saladas ou pratos grelhados, preservando suas propriedades ben\u00e9ficas. Lembrando ainda que o consumo regular, sem aquecimento excessivo, potencializa seus benef\u00edcios naturais.<\/p>\n\n\n\n<figure class=\"wp-block-image size-large\"><img decoding=\"async\" width=\"1024\" height=\"576\" src=\"https:\/\/www.correiobraziliense.com.br\/cbradar\/wp-content\/uploads\/2025\/08\/dieta-mediterranea_1754407793063-1024x576.jpg\" alt=\"Por que a dieta mediterr\u00e2nea \u00e9 t\u00e3o saud\u00e1vel?\" class=\"wp-image-81372\" srcset=\"https:\/\/www.correiobraziliense.com.br\/cbradar\/wp-content\/uploads\/2025\/08\/dieta-mediterranea_1754407793063-1024x576.jpg 1024w, https:\/\/www.correiobraziliense.com.br\/cbradar\/wp-content\/uploads\/2025\/08\/dieta-mediterranea_1754407793063-300x169.jpg 300w, https:\/\/www.correiobraziliense.com.br\/cbradar\/wp-content\/uploads\/2025\/08\/dieta-mediterranea_1754407793063-768x432.jpg 768w, https:\/\/www.correiobraziliense.com.br\/cbradar\/wp-content\/uploads\/2025\/08\/dieta-mediterranea_1754407793063-750x422.jpg 750w, https:\/\/www.correiobraziliense.com.br\/cbradar\/wp-content\/uploads\/2025\/08\/dieta-mediterranea_1754407793063-1140x641.jpg 1140w, https:\/\/www.correiobraziliense.com.br\/cbradar\/wp-content\/uploads\/2025\/08\/dieta-mediterranea_1754407793063.jpg 1280w\" sizes=\"(max-width: 1024px) 100vw, 1024px\" \/><figcaption class=\"wp-element-caption\">Dieta mediterr\u00e2nea. Cr\u00e9ditos: depositphotos.com \/ monticello<\/figcaption><\/figure>\n\n\n\n<h2 class=\"wp-block-heading\">Qual o papel dos alimentos fermentados na sa\u00fade intestinal?<\/h2>\n\n\n\n<p>Alimentos fermentados como iogurtes e kefir fortalecem a flora intestinal, ajudando a reduzir inflama\u00e7\u00f5es. Um estudo de 2021 mostrou que pessoas que consumiam muitos fermentados apresentaram n\u00edveis reduzidos de prote\u00ednas inflamat\u00f3rias. Outros exemplos de fermentados incluem kombucha, chucrute e miss\u00f4, que podem ser facilmente integrados \u00e0 rotina alimentar.<\/p>\n\n\n\n<p><em>Dica r\u00e1pida:<\/em> Experimente integrar alimentos fermentados nas refei\u00e7\u00f5es para um impacto positivo na sa\u00fade intestinal e na redu\u00e7\u00e3o da inflama\u00e7\u00e3o.<\/p>\n\n\n\n<h2 class=\"wp-block-heading\">A dieta mediterr\u00e2nea realmente reduz a inflama\u00e7\u00e3o?<\/h2>\n\n\n\n<p>A efic\u00e1cia da <strong>dieta mediterr\u00e2nea<\/strong> na redu\u00e7\u00e3o de inflama\u00e7\u00f5es \u00e9 amplamente respaldada por estudos. Em 2023, pesquisas mostraram que adultos que seguiram essa dieta por seis meses apresentaram menores n\u00edveis de marcadores inflamat\u00f3rios no sangue. Seu padr\u00e3o alimentar prioriza azeite, vegetais, frutas, peixes, oleaginosas e poucos processados, refor\u00e7ando a preven\u00e7\u00e3o de doen\u00e7as cr\u00f4nicas.<\/p>\n\n\n\n<h2 class=\"wp-block-heading\">Resumo dos principais aprendizados<\/h2>\n\n\n\n<ul class=\"wp-block-list\">\n<li>Integrar alimentos anti-inflamat\u00f3rios na dieta di\u00e1ria pode ter efeitos significativos na sa\u00fade.<\/li>\n\n\n\n<li>O equil\u00edbrio e a diversidade aliment\u00edcia da dieta mediterr\u00e2nea s\u00e3o essenciais para controlar inflama\u00e7\u00f5es cr\u00f4nicas.<\/li>\n\n\n\n<li>Fatores como a escolha consciente de alimentos ricos em antioxidantes e \u00f4mega-3 podem melhorar marcadores de sa\u00fade.<\/li>\n<\/ul>\n","protected":false},"excerpt":{"rendered":"<p>Descubra como combater a inflama\u00e7\u00e3o cr\u00f4nica e melhorar sua sa\u00fade com a dieta mediterr\u00e2nea rica em antioxidantes. Inclua alimentos anti-inflamat\u00f3rios hoje!<\/p>\n","protected":false},"author":3,"featured_media":81371,"comment_status":"open","ping_status":"open","sticky":false,"template":"","format":"standard","meta":{"_yoast_wpseo_focuskw":"dieta mediterr\u00e2nea","_yoast_wpseo_title":"%%title%%","_yoast_wpseo_metadesc":"Descubra como combater a inflama\u00e7\u00e3o cr\u00f4nica e melhorar sua sa\u00fade com a dieta mediterr\u00e2nea rica em antioxidantes. Inclua alimentos anti-inflamat\u00f3rios hoje!","jnews-multi-image_gallery":[],"jnews_single_post":{"format":"standard"},"jnews_primary_category":[],"jnews_social_meta":[],"jnews_override_counter":[],"footnotes":""},"categories":[112],"tags":[281,1423,144],"class_list":["post-81369","post","type-post","status-publish","format-standard","has-post-thumbnail","hentry","category-curiosidades","tag-alimentacao","tag-alimentos","tag-curiosidades"],"yoast_head":"<!-- This site is optimized with the Yoast SEO plugin v24.6 - https:\/\/yoast.com\/wordpress\/plugins\/seo\/ -->\n<title>Por que a dieta mediterr\u00e2nea \u00e9 t\u00e3o saud\u00e1vel?<\/title>\n<meta name=\"description\" content=\"Descubra como combater a inflama\u00e7\u00e3o cr\u00f4nica e melhorar sua sa\u00fade com a dieta mediterr\u00e2nea rica em antioxidantes. Inclua alimentos anti-inflamat\u00f3rios hoje!\" \/>\n<meta name=\"robots\" content=\"index, follow, max-snippet:-1, max-image-preview:large, max-video-preview:-1\" \/>\n<link rel=\"canonical\" href=\"https:\/\/www.correiobraziliense.com.br\/cbradar\/por-que-a-dieta-mediterranea-e-tao-saudavel\/\" \/>\n<meta property=\"og:locale\" content=\"pt_BR\" \/>\n<meta property=\"og:type\" content=\"article\" \/>\n<meta property=\"og:title\" content=\"Por que a dieta mediterr\u00e2nea \u00e9 t\u00e3o saud\u00e1vel?\" \/>\n<meta property=\"og:description\" content=\"Descubra como combater a inflama\u00e7\u00e3o cr\u00f4nica e melhorar sua sa\u00fade com a dieta mediterr\u00e2nea rica em antioxidantes. Inclua alimentos anti-inflamat\u00f3rios hoje!\" \/>\n<meta property=\"og:url\" content=\"https:\/\/www.correiobraziliense.com.br\/cbradar\/por-que-a-dieta-mediterranea-e-tao-saudavel\/\" \/>\n<meta property=\"og:site_name\" content=\"Correio Braziliense - Radar\" \/>\n<meta property=\"article:published_time\" content=\"2025-08-06T20:23:00+00:00\" \/>\n<meta property=\"og:image\" content=\"https:\/\/www.correiobraziliense.com.br\/cbradar\/wp-content\/uploads\/2025\/08\/dieta-mediterranea_1754407412792.jpg\" \/>\n\t<meta property=\"og:image:width\" content=\"1280\" \/>\n\t<meta property=\"og:image:height\" content=\"720\" \/>\n\t<meta property=\"og:image:type\" content=\"image\/jpeg\" \/>\n<meta name=\"author\" content=\"Larissa Carvalho\" \/>\n<meta name=\"twitter:card\" content=\"summary_large_image\" \/>\n<meta name=\"twitter:label1\" content=\"Escrito por\" \/>\n\t<meta name=\"twitter:data1\" content=\"Larissa Carvalho\" \/>\n\t<meta name=\"twitter:label2\" content=\"Est. tempo de leitura\" \/>\n\t<meta name=\"twitter:data2\" content=\"3 minutos\" \/>\n<!-- \/ Yoast SEO plugin. -->","yoast_head_json":{"title":"Por que a dieta mediterr\u00e2nea \u00e9 t\u00e3o saud\u00e1vel?","description":"Descubra como combater a inflama\u00e7\u00e3o cr\u00f4nica e melhorar sua sa\u00fade com a dieta mediterr\u00e2nea rica em antioxidantes. Inclua alimentos anti-inflamat\u00f3rios hoje!","robots":{"index":"index","follow":"follow","max-snippet":"max-snippet:-1","max-image-preview":"max-image-preview:large","max-video-preview":"max-video-preview:-1"},"canonical":"https:\/\/www.correiobraziliense.com.br\/cbradar\/por-que-a-dieta-mediterranea-e-tao-saudavel\/","og_locale":"pt_BR","og_type":"article","og_title":"Por que a dieta mediterr\u00e2nea \u00e9 t\u00e3o saud\u00e1vel?","og_description":"Descubra como combater a inflama\u00e7\u00e3o cr\u00f4nica e melhorar sua sa\u00fade com a dieta mediterr\u00e2nea rica em antioxidantes. Inclua alimentos anti-inflamat\u00f3rios hoje!","og_url":"https:\/\/www.correiobraziliense.com.br\/cbradar\/por-que-a-dieta-mediterranea-e-tao-saudavel\/","og_site_name":"Correio Braziliense - Radar","article_published_time":"2025-08-06T20:23:00+00:00","og_image":[{"width":1280,"height":720,"url":"https:\/\/www.correiobraziliense.com.br\/cbradar\/wp-content\/uploads\/2025\/08\/dieta-mediterranea_1754407412792.jpg","type":"image\/jpeg"}],"author":"Larissa Carvalho","twitter_card":"summary_large_image","twitter_misc":{"Escrito por":"Larissa Carvalho","Est. tempo de leitura":"3 minutos"},"schema":{"@context":"https:\/\/schema.org","@graph":[{"@type":"WebPage","@id":"https:\/\/www.correiobraziliense.com.br\/cbradar\/por-que-a-dieta-mediterranea-e-tao-saudavel\/","url":"https:\/\/www.correiobraziliense.com.br\/cbradar\/por-que-a-dieta-mediterranea-e-tao-saudavel\/","name":"Por que a dieta mediterr\u00e2nea \u00e9 t\u00e3o saud\u00e1vel?","isPartOf":{"@id":"https:\/\/www.correiobraziliense.com.br\/cbradar\/#website"},"primaryImageOfPage":{"@id":"https:\/\/www.correiobraziliense.com.br\/cbradar\/por-que-a-dieta-mediterranea-e-tao-saudavel\/#primaryimage"},"image":{"@id":"https:\/\/www.correiobraziliense.com.br\/cbradar\/por-que-a-dieta-mediterranea-e-tao-saudavel\/#primaryimage"},"thumbnailUrl":"https:\/\/www.correiobraziliense.com.br\/cbradar\/wp-content\/uploads\/2025\/08\/dieta-mediterranea_1754407412792.jpg","datePublished":"2025-08-06T20:23:00+00:00","author":{"@id":"https:\/\/www.correiobraziliense.com.br\/cbradar\/#\/schema\/person\/58422787644df994b53a19d3e56c1513"},"description":"Descubra como combater a inflama\u00e7\u00e3o cr\u00f4nica e melhorar sua sa\u00fade com a dieta mediterr\u00e2nea rica em antioxidantes. Inclua alimentos anti-inflamat\u00f3rios hoje!","breadcrumb":{"@id":"https:\/\/www.correiobraziliense.com.br\/cbradar\/por-que-a-dieta-mediterranea-e-tao-saudavel\/#breadcrumb"},"inLanguage":"pt-BR","potentialAction":[{"@type":"ReadAction","target":["https:\/\/www.correiobraziliense.com.br\/cbradar\/por-que-a-dieta-mediterranea-e-tao-saudavel\/"]}]},{"@type":"ImageObject","inLanguage":"pt-BR","@id":"https:\/\/www.correiobraziliense.com.br\/cbradar\/por-que-a-dieta-mediterranea-e-tao-saudavel\/#primaryimage","url":"https:\/\/www.correiobraziliense.com.br\/cbradar\/wp-content\/uploads\/2025\/08\/dieta-mediterranea_1754407412792.jpg","contentUrl":"https:\/\/www.correiobraziliense.com.br\/cbradar\/wp-content\/uploads\/2025\/08\/dieta-mediterranea_1754407412792.jpg","width":1280,"height":720,"caption":"dieta mediterr\u00e2nea. Cr\u00e9ditos: depositphotos.com \/ MicEnin"},{"@type":"BreadcrumbList","@id":"https:\/\/www.correiobraziliense.com.br\/cbradar\/por-que-a-dieta-mediterranea-e-tao-saudavel\/#breadcrumb","itemListElement":[{"@type":"ListItem","position":1,"name":"In\u00edcio","item":"https:\/\/www.correiobraziliense.com.br\/cbradar\/"},{"@type":"ListItem","position":2,"name":"Por que a dieta mediterr\u00e2nea \u00e9 t\u00e3o saud\u00e1vel?"}]},{"@type":"WebSite","@id":"https:\/\/www.correiobraziliense.com.br\/cbradar\/#website","url":"https:\/\/www.correiobraziliense.com.br\/cbradar\/","name":"Correio Braziliense - Radar","description":"Acompanhe as \u00faltimas not\u00edcias e fique bem informado sobre tudo o que acontece no Brasil e no mundo.","potentialAction":[{"@type":"SearchAction","target":{"@type":"EntryPoint","urlTemplate":"https:\/\/www.correiobraziliense.com.br\/cbradar\/?s={search_term_string}"},"query-input":{"@type":"PropertyValueSpecification","valueRequired":true,"valueName":"search_term_string"}}],"inLanguage":"pt-BR"},{"@type":"Person","@id":"https:\/\/www.correiobraziliense.com.br\/cbradar\/#\/schema\/person\/58422787644df994b53a19d3e56c1513","name":"Larissa Carvalho","image":{"@type":"ImageObject","inLanguage":"pt-BR","@id":"https:\/\/www.correiobraziliense.com.br\/cbradar\/#\/schema\/person\/image\/","url":"https:\/\/secure.gravatar.com\/avatar\/fe4f91a0de32b52a838d0d612abdc1aa?s=96&d=mm&r=g","contentUrl":"https:\/\/secure.gravatar.com\/avatar\/fe4f91a0de32b52a838d0d612abdc1aa?s=96&d=mm&r=g","caption":"Larissa Carvalho"},"url":"https:\/\/www.correiobraziliense.com.br\/cbradar\/author\/larissamyth\/"}]}},"_links":{"self":[{"href":"https:\/\/www.correiobraziliense.com.br\/cbradar\/wp-json\/wp\/v2\/posts\/81369","targetHints":{"allow":["GET"]}}],"collection":[{"href":"https:\/\/www.correiobraziliense.com.br\/cbradar\/wp-json\/wp\/v2\/posts"}],"about":[{"href":"https:\/\/www.correiobraziliense.com.br\/cbradar\/wp-json\/wp\/v2\/types\/post"}],"author":[{"embeddable":true,"href":"https:\/\/www.correiobraziliense.com.br\/cbradar\/wp-json\/wp\/v2\/users\/3"}],"replies":[{"embeddable":true,"href":"https:\/\/www.correiobraziliense.com.br\/cbradar\/wp-json\/wp\/v2\/comments?post=81369"}],"version-history":[{"count":2,"href":"https:\/\/www.correiobraziliense.com.br\/cbradar\/wp-json\/wp\/v2\/posts\/81369\/revisions"}],"predecessor-version":[{"id":81373,"href":"https:\/\/www.correiobraziliense.com.br\/cbradar\/wp-json\/wp\/v2\/posts\/81369\/revisions\/81373"}],"wp:featuredmedia":[{"embeddable":true,"href":"https:\/\/www.correiobraziliense.com.br\/cbradar\/wp-json\/wp\/v2\/media\/81371"}],"wp:attachment":[{"href":"https:\/\/www.correiobraziliense.com.br\/cbradar\/wp-json\/wp\/v2\/media?parent=81369"}],"wp:term":[{"taxonomy":"category","embeddable":true,"href":"https:\/\/www.correiobraziliense.com.br\/cbradar\/wp-json\/wp\/v2\/categories?post=81369"},{"taxonomy":"post_tag","embeddable":true,"href":"https:\/\/www.correiobraziliense.com.br\/cbradar\/wp-json\/wp\/v2\/tags?post=81369"}],"curies":[{"name":"wp","href":"https:\/\/api.w.org\/{rel}","templated":true}]}}