{"id":8145,"date":"2025-03-02T21:30:00","date_gmt":"2025-03-03T00:30:00","guid":{"rendered":"https:\/\/www.correiobraziliense.com.br\/cbradar\/?p=8145"},"modified":"2025-03-02T00:22:36","modified_gmt":"2025-03-02T03:22:36","slug":"essa-cidade-desaparece-a-cada-primavera","status":"publish","type":"post","link":"https:\/\/www.correiobraziliense.com.br\/cbradar\/essa-cidade-desaparece-a-cada-primavera\/","title":{"rendered":"Essa cidade desaparece a cada primavera"},"content":{"rendered":"\n<p>Embora a maioria das cidades seja constru\u00edda para durar s\u00e9culos, existe um lugar que <strong>desaparece completamente a cada primavera<\/strong>. <strong>O Icehotel<\/strong>, em <strong>Jukkasj\u00e4rvi, Su\u00e9cia<\/strong>, \u00e9 uma cidade feita de <strong>gelo e neve<\/strong>, que \u00e9 reconstru\u00edda todos os anos quando o inverno chega.<\/p>\n\n\n\n<p>Localizado a <strong>200 km do C\u00edrculo Polar \u00c1rtico<\/strong>, o Icehotel \u00e9 o primeiro e mais famoso hotel de gelo do mundo. Ele \u00e9 esculpido anualmente a partir do gelo do <strong>Rio Torne<\/strong>, que congela no inverno e fornece o material para criar quartos, m\u00f3veis e at\u00e9 um bar aquecido.<\/p>\n\n\n\n<p>Embora seja chamado de hotel, o local funciona como uma pequena cidade tempor\u00e1ria, com visitantes e trabalhadores vivendo em um ambiente onde tudo, desde as camas at\u00e9 as paredes, \u00e9 feito de gelo cristalino.<\/p>\n\n\n\n<h2 class=\"wp-block-heading\"><strong>Como \u00e9 viver em uma cidade de gelo?<\/strong><\/h2>\n\n\n\n<p>Passar uma noite no Icehotel \u00e9 uma experi\u00eancia \u00fanica. Os h\u00f3spedes dormem em sacos t\u00e9rmicos sobre camas de gelo cobertas com peles de rena, enquanto a temperatura interna permanece em torno de \u2212<strong>5\u202f\u00b0<\/strong>C, independentemente do frio extremo do lado de fora.<\/p>\n\n\n\n<p>Al\u00e9m dos quartos congelados, o hotel abriga uma <strong>capela de gelo<\/strong>, onde casais realizam casamentos m\u00e1gicos, um <strong>bar esculpido no gelo<\/strong>, onde bebidas s\u00e3o servidas em copos de gelo, e galerias de arte gelada, com esculturas feitas por artistas do mundo todo.<\/p>\n\n\n\n<p>O vilarejo de Jukkasj\u00e4rvi, onde o Icehotel est\u00e1 localizado, tamb\u00e9m tem atra\u00e7\u00f5es \u00fanicas, como passeios de trem puxado por c\u00e3es, observa\u00e7\u00e3o da <strong>Aurora Boreal<\/strong> e encontros com o povo ind\u00edgena <strong>S\u00e1mi<\/strong>, que h\u00e1 s\u00e9culos habita a regi\u00e3o.<\/p>\n\n\n\n<figure class=\"wp-block-image size-large\"><img decoding=\"async\" width=\"1024\" height=\"576\" src=\"https:\/\/www.correiobraziliense.com.br\/cbradar\/wp-content\/uploads\/2025\/03\/Jukkasjarvi_1740851239195-1024x576.jpg\" alt=\"Essa cidade desaparece a cada primavera\" class=\"wp-image-8151\" srcset=\"https:\/\/www.correiobraziliense.com.br\/cbradar\/wp-content\/uploads\/2025\/03\/Jukkasjarvi_1740851239195-1024x576.jpg 1024w, https:\/\/www.correiobraziliense.com.br\/cbradar\/wp-content\/uploads\/2025\/03\/Jukkasjarvi_1740851239195-300x169.jpg 300w, https:\/\/www.correiobraziliense.com.br\/cbradar\/wp-content\/uploads\/2025\/03\/Jukkasjarvi_1740851239195-768x432.jpg 768w, https:\/\/www.correiobraziliense.com.br\/cbradar\/wp-content\/uploads\/2025\/03\/Jukkasjarvi_1740851239195-750x422.jpg 750w, https:\/\/www.correiobraziliense.com.br\/cbradar\/wp-content\/uploads\/2025\/03\/Jukkasjarvi_1740851239195-1140x641.jpg 1140w, https:\/\/www.correiobraziliense.com.br\/cbradar\/wp-content\/uploads\/2025\/03\/Jukkasjarvi_1740851239195.jpg 1280w\" sizes=\"(max-width: 1024px) 100vw, 1024px\" \/><figcaption class=\"wp-element-caption\">Jukkasj\u00e4rvi. Cr\u00e9ditos: depositphotos.com \/ RPBMedia<\/figcaption><\/figure>\n\n\n\n<h2 class=\"wp-block-heading\"><strong>Um dos destinos mais incr\u00edveis do mundo<\/strong><\/h2>\n\n\n\n<p>O Icehotel existe apenas h\u00e1 alguns meses. Quando chega a primavera, ele come\u00e7a a derreter e retorna ao rio de onde veio. No inverno seguinte, escritores e arquitetos voltam a trabalhar, criando uma nova vers\u00e3o da cidade de gelo, sempre com designs diferentes e inovadores.<\/p>\n\n\n\n<p>Essa transforma\u00e7\u00e3o anual faz do Icehotel um dos destinos mais exclusivos do planeta, onde cada visita \u00e9 \u00fanica e nunca se repete da mesma forma.<\/p>\n\n\n\n<p>Para quem busca uma experi\u00eancia fora do comum, viver por alguns dias em uma cidade feita de gelo \u00e9 uma rara oportunidade de explorar a beleza ef\u00eamera do inverno no \u00c1rtico.<\/p>\n","protected":false},"excerpt":{"rendered":"<p>Uma cidade de gelo \u00e9 reconstru\u00edda todo ano e desaparece na primavera. Descubra os mist\u00e9rios do Icehotel, o incr\u00edvel vilarejo congelado.<\/p>\n","protected":false},"author":3,"featured_media":8150,"comment_status":"open","ping_status":"open","sticky":false,"template":"","format":"standard","meta":{"_yoast_wpseo_focuskw":"cidade","_yoast_wpseo_title":"%%title%%","_yoast_wpseo_metadesc":"Uma cidade de gelo \u00e9 reconstru\u00edda todo ano e desaparece na primavera. Descubra os mist\u00e9rios do Icehotel, o incr\u00edvel vilarejo congelado.","jnews-multi-image_gallery":[],"jnews_single_post":{"format":"standard"},"jnews_primary_category":[],"jnews_social_meta":[],"jnews_override_counter":[],"footnotes":""},"categories":[108],"post_tag":[109,1410],"class_list":["post-8145","post","type-post","status-publish","format-standard","has-post-thumbnail","hentry","category-cidades","tag-cidades","tag-primavera"],"yoast_head":"<!-- This site is optimized with the Yoast SEO plugin v24.6 - https:\/\/yoast.com\/wordpress\/plugins\/seo\/ -->\n<title>Essa cidade desaparece a cada primavera<\/title>\n<meta name=\"description\" content=\"Uma cidade de gelo \u00e9 reconstru\u00edda todo ano e desaparece na primavera. Descubra os mist\u00e9rios do Icehotel, o incr\u00edvel vilarejo congelado.\" \/>\n<meta name=\"robots\" content=\"index, follow, max-snippet:-1, max-image-preview:large, max-video-preview:-1\" \/>\n<link rel=\"canonical\" href=\"https:\/\/www.correiobraziliense.com.br\/cbradar\/essa-cidade-desaparece-a-cada-primavera\/\" \/>\n<meta property=\"og:locale\" content=\"pt_BR\" \/>\n<meta property=\"og:type\" content=\"article\" \/>\n<meta property=\"og:title\" content=\"Essa cidade desaparece a cada primavera\" \/>\n<meta property=\"og:description\" content=\"Uma cidade de gelo \u00e9 reconstru\u00edda todo ano e desaparece na primavera. Descubra os mist\u00e9rios do Icehotel, o incr\u00edvel vilarejo congelado.\" \/>\n<meta property=\"og:url\" content=\"https:\/\/www.correiobraziliense.com.br\/cbradar\/essa-cidade-desaparece-a-cada-primavera\/\" \/>\n<meta property=\"og:site_name\" content=\"Correio Braziliense - Radar\" \/>\n<meta property=\"article:published_time\" content=\"2025-03-03T00:30:00+00:00\" \/>\n<meta property=\"og:image\" content=\"https:\/\/www.correiobraziliense.com.br\/cbradar\/wp-content\/uploads\/2025\/03\/Jukkasjarvi_1740851204425.jpg\" \/>\n\t<meta property=\"og:image:width\" content=\"1280\" \/>\n\t<meta property=\"og:image:height\" content=\"720\" \/>\n\t<meta property=\"og:image:type\" content=\"image\/jpeg\" \/>\n<meta name=\"author\" content=\"Larissa Carvalho\" \/>\n<meta name=\"twitter:card\" content=\"summary_large_image\" \/>\n<meta name=\"twitter:label1\" content=\"Escrito por\" \/>\n\t<meta name=\"twitter:data1\" content=\"Larissa Carvalho\" \/>\n\t<meta name=\"twitter:label2\" content=\"Est. tempo de leitura\" \/>\n\t<meta name=\"twitter:data2\" content=\"3 minutos\" \/>\n<!-- \/ Yoast SEO plugin. -->","yoast_head_json":{"title":"Essa cidade desaparece a cada primavera","description":"Uma cidade de gelo \u00e9 reconstru\u00edda todo ano e desaparece na primavera. Descubra os mist\u00e9rios do Icehotel, o incr\u00edvel vilarejo congelado.","robots":{"index":"index","follow":"follow","max-snippet":"max-snippet:-1","max-image-preview":"max-image-preview:large","max-video-preview":"max-video-preview:-1"},"canonical":"https:\/\/www.correiobraziliense.com.br\/cbradar\/essa-cidade-desaparece-a-cada-primavera\/","og_locale":"pt_BR","og_type":"article","og_title":"Essa cidade desaparece a cada primavera","og_description":"Uma cidade de gelo \u00e9 reconstru\u00edda todo ano e desaparece na primavera. Descubra os mist\u00e9rios do Icehotel, o incr\u00edvel vilarejo congelado.","og_url":"https:\/\/www.correiobraziliense.com.br\/cbradar\/essa-cidade-desaparece-a-cada-primavera\/","og_site_name":"Correio Braziliense - Radar","article_published_time":"2025-03-03T00:30:00+00:00","og_image":[{"width":1280,"height":720,"url":"https:\/\/www.correiobraziliense.com.br\/cbradar\/wp-content\/uploads\/2025\/03\/Jukkasjarvi_1740851204425.jpg","type":"image\/jpeg"}],"author":"Larissa Carvalho","twitter_card":"summary_large_image","twitter_misc":{"Escrito por":"Larissa Carvalho","Est. tempo de leitura":"3 minutos"},"schema":{"@context":"https:\/\/schema.org","@graph":[{"@type":"WebPage","@id":"https:\/\/www.correiobraziliense.com.br\/cbradar\/essa-cidade-desaparece-a-cada-primavera\/","url":"https:\/\/www.correiobraziliense.com.br\/cbradar\/essa-cidade-desaparece-a-cada-primavera\/","name":"Essa cidade desaparece a cada primavera","isPartOf":{"@id":"https:\/\/www.correiobraziliense.com.br\/cbradar\/#website"},"primaryImageOfPage":{"@id":"https:\/\/www.correiobraziliense.com.br\/cbradar\/essa-cidade-desaparece-a-cada-primavera\/#primaryimage"},"image":{"@id":"https:\/\/www.correiobraziliense.com.br\/cbradar\/essa-cidade-desaparece-a-cada-primavera\/#primaryimage"},"thumbnailUrl":"https:\/\/www.correiobraziliense.com.br\/cbradar\/wp-content\/uploads\/2025\/03\/Jukkasjarvi_1740851204425.jpg","datePublished":"2025-03-03T00:30:00+00:00","author":{"@id":"https:\/\/www.correiobraziliense.com.br\/cbradar\/#\/schema\/person\/58422787644df994b53a19d3e56c1513"},"description":"Uma cidade de gelo \u00e9 reconstru\u00edda todo ano e desaparece na primavera. Descubra os mist\u00e9rios do Icehotel, o incr\u00edvel vilarejo congelado.","breadcrumb":{"@id":"https:\/\/www.correiobraziliense.com.br\/cbradar\/essa-cidade-desaparece-a-cada-primavera\/#breadcrumb"},"inLanguage":"pt-BR","potentialAction":[{"@type":"ReadAction","target":["https:\/\/www.correiobraziliense.com.br\/cbradar\/essa-cidade-desaparece-a-cada-primavera\/"]}]},{"@type":"ImageObject","inLanguage":"pt-BR","@id":"https:\/\/www.correiobraziliense.com.br\/cbradar\/essa-cidade-desaparece-a-cada-primavera\/#primaryimage","url":"https:\/\/www.correiobraziliense.com.br\/cbradar\/wp-content\/uploads\/2025\/03\/Jukkasjarvi_1740851204425.jpg","contentUrl":"https:\/\/www.correiobraziliense.com.br\/cbradar\/wp-content\/uploads\/2025\/03\/Jukkasjarvi_1740851204425.jpg","width":1280,"height":720,"caption":"Jukkasj\u00e4rvi. Cr\u00e9ditos: depositphotos.com \/ RPBMedia"},{"@type":"BreadcrumbList","@id":"https:\/\/www.correiobraziliense.com.br\/cbradar\/essa-cidade-desaparece-a-cada-primavera\/#breadcrumb","itemListElement":[{"@type":"ListItem","position":1,"name":"In\u00edcio","item":"https:\/\/www.correiobraziliense.com.br\/cbradar\/"},{"@type":"ListItem","position":2,"name":"Essa cidade desaparece a cada primavera"}]},{"@type":"WebSite","@id":"https:\/\/www.correiobraziliense.com.br\/cbradar\/#website","url":"https:\/\/www.correiobraziliense.com.br\/cbradar\/","name":"Correio Braziliense - Radar","description":"Acompanhe as \u00faltimas not\u00edcias e fique bem informado sobre tudo o que acontece no Brasil e no mundo.","potentialAction":[{"@type":"SearchAction","target":{"@type":"EntryPoint","urlTemplate":"https:\/\/www.correiobraziliense.com.br\/cbradar\/?s={search_term_string}"},"query-input":{"@type":"PropertyValueSpecification","valueRequired":true,"valueName":"search_term_string"}}],"inLanguage":"pt-BR"},{"@type":"Person","@id":"https:\/\/www.correiobraziliense.com.br\/cbradar\/#\/schema\/person\/58422787644df994b53a19d3e56c1513","name":"Larissa Carvalho","image":{"@type":"ImageObject","inLanguage":"pt-BR","@id":"https:\/\/www.correiobraziliense.com.br\/cbradar\/#\/schema\/person\/image\/","url":"https:\/\/secure.gravatar.com\/avatar\/fe4f91a0de32b52a838d0d612abdc1aa?s=96&d=mm&r=g","contentUrl":"https:\/\/secure.gravatar.com\/avatar\/fe4f91a0de32b52a838d0d612abdc1aa?s=96&d=mm&r=g","caption":"Larissa Carvalho"},"url":"https:\/\/www.correiobraziliense.com.br\/cbradar\/author\/larissamyth\/"}]}},"_links":{"self":[{"href":"https:\/\/www.correiobraziliense.com.br\/cbradar\/wp-json\/wp\/v2\/posts\/8145","targetHints":{"allow":["GET"]}}],"collection":[{"href":"https:\/\/www.correiobraziliense.com.br\/cbradar\/wp-json\/wp\/v2\/posts"}],"about":[{"href":"https:\/\/www.correiobraziliense.com.br\/cbradar\/wp-json\/wp\/v2\/types\/post"}],"author":[{"embeddable":true,"href":"https:\/\/www.correiobraziliense.com.br\/cbradar\/wp-json\/wp\/v2\/users\/3"}],"replies":[{"embeddable":true,"href":"https:\/\/www.correiobraziliense.com.br\/cbradar\/wp-json\/wp\/v2\/comments?post=8145"}],"version-history":[{"count":1,"href":"https:\/\/www.correiobraziliense.com.br\/cbradar\/wp-json\/wp\/v2\/posts\/8145\/revisions"}],"predecessor-version":[{"id":8152,"href":"https:\/\/www.correiobraziliense.com.br\/cbradar\/wp-json\/wp\/v2\/posts\/8145\/revisions\/8152"}],"wp:featuredmedia":[{"embeddable":true,"href":"https:\/\/www.correiobraziliense.com.br\/cbradar\/wp-json\/wp\/v2\/media\/8150"}],"wp:attachment":[{"href":"https:\/\/www.correiobraziliense.com.br\/cbradar\/wp-json\/wp\/v2\/media?parent=8145"}],"wp:term":[{"taxonomy":"category","embeddable":true,"href":"https:\/\/www.correiobraziliense.com.br\/cbradar\/wp-json\/wp\/v2\/categories?post=8145"},{"taxonomy":"post_tag","embeddable":true,"href":"https:\/\/www.correiobraziliense.com.br\/cbradar\/wp-json\/wp\/v2\/post_tag?post=8145"}],"curies":[{"name":"wp","href":"https:\/\/api.w.org\/{rel}","templated":true}]}}