{"id":81490,"date":"2025-08-05T16:00:00","date_gmt":"2025-08-05T19:00:00","guid":{"rendered":"https:\/\/www.correiobraziliense.com.br\/cbradar\/?p=81490"},"modified":"2025-08-05T15:47:36","modified_gmt":"2025-08-05T18:47:36","slug":"o-que-significa-nao-poder-ficar-calado-e-falar-o-tempo-todo-segundo-a-psicologia","status":"publish","type":"post","link":"https:\/\/www.correiobraziliense.com.br\/cbradar\/o-que-significa-nao-poder-ficar-calado-e-falar-o-tempo-todo-segundo-a-psicologia\/","title":{"rendered":"O que significa n\u00e3o poder ficar calado e falar o tempo todo, segundo a psicologia"},"content":{"rendered":"\n<p>Falar continuamente pode parecer apenas uma caracter\u00edstica de algu\u00e9m extrovertido, mas muitas vezes est\u00e1 ligado a quest\u00f5es emocionais mais profundas. Segundo especialistas, a dificuldade em tolerar o <strong>sil\u00eancio<\/strong> est\u00e1 relacionada a mecanismos de defesa psicol\u00f3gicos.<\/p>\n\n\n\n<ul class=\"wp-block-list\">\n<li>Necessidade de <strong>validar<\/strong> emo\u00e7\u00f5es ou reduzir <strong>ansiedade<\/strong>.<\/li>\n\n\n\n<li>Busca por <strong>aprova\u00e7\u00e3o<\/strong> e controle do ambiente.<\/li>\n\n\n\n<li>Comportamento <strong>aprendido<\/strong> em ambientes ruidosos.<\/li>\n<\/ul>\n\n\n\n<h2 class=\"wp-block-heading\">Por que o medo do sil\u00eancio pode ser um sintoma de ansiedade?<\/h2>\n\n\n\n<p>O sil\u00eancio pode amplificar <strong>pensamentos intrusivos<\/strong>, e falar frequentemente \u00e9 uma forma de distra\u00e7\u00e3o. Indiv\u00edduos com n\u00edveis elevados de ansiedade usam palavras para preencher espa\u00e7os, aliviando o desconforto silencioso. Al\u00e9m disso, profissionais da sa\u00fade mental apontam que o sil\u00eancio pode ser desconfort\u00e1vel para quem tem medo da autorreflex\u00e3o, pois ele intensifica a percep\u00e7\u00e3o de suas pr\u00f3prias emo\u00e7\u00f5es n\u00e3o resolvidas.<\/p>\n\n\n\n<h2 class=\"wp-block-heading\">Como a necessidade de aprova\u00e7\u00e3o afeta a comunica\u00e7\u00e3o?<\/h2>\n\n\n\n<p>Manter o foco da <strong>aten\u00e7\u00e3o<\/strong> na conversa pode refor\u00e7ar a autoestima. Ao controlar intera\u00e7\u00f5es, a pessoa sente maior seguran\u00e7a, ainda que tempor\u00e1ria. Essa busca por valida\u00e7\u00e3o \u00e9 frequentemente inconsciente, e pode surgir ainda mais intensamente em situa\u00e7\u00f5es novas ou sociais, nas quais o medo do julgamento est\u00e1 presente.<\/p>\n\n\n\n<figure class=\"wp-block-image size-large\"><img decoding=\"async\" width=\"1024\" height=\"576\" src=\"https:\/\/www.correiobraziliense.com.br\/cbradar\/wp-content\/uploads\/2025\/08\/pessoas-conversando_1754419643610-1024x576.jpg\" alt=\"O que significa n\u00e3o poder ficar calado e falar o tempo todo, segundo a psicologia\" class=\"wp-image-81493\" srcset=\"https:\/\/www.correiobraziliense.com.br\/cbradar\/wp-content\/uploads\/2025\/08\/pessoas-conversando_1754419643610-1024x576.jpg 1024w, https:\/\/www.correiobraziliense.com.br\/cbradar\/wp-content\/uploads\/2025\/08\/pessoas-conversando_1754419643610-300x169.jpg 300w, https:\/\/www.correiobraziliense.com.br\/cbradar\/wp-content\/uploads\/2025\/08\/pessoas-conversando_1754419643610-768x432.jpg 768w, https:\/\/www.correiobraziliense.com.br\/cbradar\/wp-content\/uploads\/2025\/08\/pessoas-conversando_1754419643610-750x422.jpg 750w, https:\/\/www.correiobraziliense.com.br\/cbradar\/wp-content\/uploads\/2025\/08\/pessoas-conversando_1754419643610-1140x641.jpg 1140w, https:\/\/www.correiobraziliense.com.br\/cbradar\/wp-content\/uploads\/2025\/08\/pessoas-conversando_1754419643610.jpg 1280w\" sizes=\"(max-width: 1024px) 100vw, 1024px\" \/><figcaption class=\"wp-element-caption\">pessoas conversando. Cr\u00e9ditos: depositphotos.com \/ IgorTishenko<\/figcaption><\/figure>\n\n\n\n<h2 class=\"wp-block-heading\">\u00c9 poss\u00edvel que o h\u00e1bito de falar muito seja aprendido?<\/h2>\n\n\n\n<p>Em ambientes familiares ruidosos, onde o sil\u00eancio indicava desconforto ou conflito, desenvolve-se um padr\u00e3o de verbalizar continuamente como forma de autorregula\u00e7\u00e3o. Isso pode se intensificar em pessoas que cresceram em lares onde a comunica\u00e7\u00e3o verbal era incentivada ou mesmo exigida, refor\u00e7ando o comportamento ao longo dos anos.<\/p>\n\n\n\n<h2 class=\"wp-block-heading\">O papel dos tra\u00e7os de personalidade na comunica\u00e7\u00e3o verbal<\/h2>\n\n\n\n<p>Algumas personalidades <strong>extrovertidas<\/strong> naturalmente se expressam mais verbalmente. Essa tend\u00eancia \u00e9 frequentemente refor\u00e7ada por intera\u00e7\u00f5es sociais positivas. Entretanto, pessoas mais introvertidas tamb\u00e9m podem recorrer \u00e0 fala excessiva em situa\u00e7\u00f5es de press\u00e3o ou inseguran\u00e7a, mostrando que esse padr\u00e3o n\u00e3o est\u00e1 restrito a um \u00fanico perfil de personalidade.<\/p>\n\n\n\n<h2 class=\"wp-block-heading\">Resumindo os principais motivos para a verbaliza\u00e7\u00e3o constante<\/h2>\n\n\n\n<ul class=\"wp-block-list\">\n<li>Ansiedade: o sil\u00eancio pode exacerbar pensamentos angustiantes.<\/li>\n\n\n\n<li>Busca por aprova\u00e7\u00e3o: controlar o di\u00e1logo refor\u00e7a a autoestima.<\/li>\n\n\n\n<li>Comportamento aprendido: cria\u00e7\u00e3o em ambientes ruidosos influencia h\u00e1bitos comunicativos.<\/li>\n<\/ul>\n","protected":false},"excerpt":{"rendered":"<p>Descubra por que algumas pessoas falam sem parar e a psicologia por tr\u00e1s disso: ansiedade, necessidade de aprova\u00e7\u00e3o e mais.<\/p>\n","protected":false},"author":3,"featured_media":81492,"comment_status":"open","ping_status":"open","sticky":false,"template":"","format":"standard","meta":{"_yoast_wpseo_focuskw":"n\u00e3o ficar calado","_yoast_wpseo_title":"%%title%%","_yoast_wpseo_metadesc":"Descubra por que algumas pessoas falam sem parar e a psicologia por tr\u00e1s disso: ansiedade, necessidade de aprova\u00e7\u00e3o e mais.","jnews-multi-image_gallery":[],"jnews_single_post":{"format":"standard"},"jnews_primary_category":[],"jnews_social_meta":[],"jnews_override_counter":[],"footnotes":""},"categories":[112],"tags":[144,404],"class_list":["post-81490","post","type-post","status-publish","format-standard","has-post-thumbnail","hentry","category-curiosidades","tag-curiosidades","tag-psicologia"],"yoast_head":"<!-- This site is optimized with the Yoast SEO plugin v24.6 - https:\/\/yoast.com\/wordpress\/plugins\/seo\/ -->\n<title>O que significa n\u00e3o poder ficar calado e falar o tempo todo, segundo a psicologia<\/title>\n<meta name=\"description\" content=\"Descubra por que algumas pessoas falam sem parar e a psicologia por tr\u00e1s disso: ansiedade, necessidade de aprova\u00e7\u00e3o e mais.\" \/>\n<meta name=\"robots\" content=\"index, follow, max-snippet:-1, max-image-preview:large, max-video-preview:-1\" \/>\n<link rel=\"canonical\" href=\"https:\/\/www.correiobraziliense.com.br\/cbradar\/o-que-significa-nao-poder-ficar-calado-e-falar-o-tempo-todo-segundo-a-psicologia\/\" \/>\n<meta property=\"og:locale\" content=\"pt_BR\" \/>\n<meta property=\"og:type\" content=\"article\" \/>\n<meta property=\"og:title\" content=\"O que significa n\u00e3o poder ficar calado e falar o tempo todo, segundo a psicologia\" \/>\n<meta property=\"og:description\" content=\"Descubra por que algumas pessoas falam sem parar e a psicologia por tr\u00e1s disso: ansiedade, necessidade de aprova\u00e7\u00e3o e mais.\" \/>\n<meta property=\"og:url\" content=\"https:\/\/www.correiobraziliense.com.br\/cbradar\/o-que-significa-nao-poder-ficar-calado-e-falar-o-tempo-todo-segundo-a-psicologia\/\" \/>\n<meta property=\"og:site_name\" content=\"Correio Braziliense - Radar\" \/>\n<meta property=\"article:published_time\" content=\"2025-08-05T19:00:00+00:00\" \/>\n<meta property=\"og:image\" content=\"https:\/\/www.correiobraziliense.com.br\/cbradar\/wp-content\/uploads\/2025\/08\/pessoas-conversando_1754419555485.jpg\" \/>\n\t<meta property=\"og:image:width\" content=\"1280\" \/>\n\t<meta property=\"og:image:height\" content=\"720\" \/>\n\t<meta property=\"og:image:type\" content=\"image\/jpeg\" \/>\n<meta name=\"author\" content=\"Larissa Carvalho\" \/>\n<meta name=\"twitter:card\" content=\"summary_large_image\" \/>\n<meta name=\"twitter:label1\" content=\"Escrito por\" \/>\n\t<meta name=\"twitter:data1\" content=\"Larissa Carvalho\" \/>\n\t<meta name=\"twitter:label2\" content=\"Est. tempo de leitura\" \/>\n\t<meta name=\"twitter:data2\" content=\"3 minutos\" \/>\n<!-- \/ Yoast SEO plugin. -->","yoast_head_json":{"title":"O que significa n\u00e3o poder ficar calado e falar o tempo todo, segundo a psicologia","description":"Descubra por que algumas pessoas falam sem parar e a psicologia por tr\u00e1s disso: ansiedade, necessidade de aprova\u00e7\u00e3o e mais.","robots":{"index":"index","follow":"follow","max-snippet":"max-snippet:-1","max-image-preview":"max-image-preview:large","max-video-preview":"max-video-preview:-1"},"canonical":"https:\/\/www.correiobraziliense.com.br\/cbradar\/o-que-significa-nao-poder-ficar-calado-e-falar-o-tempo-todo-segundo-a-psicologia\/","og_locale":"pt_BR","og_type":"article","og_title":"O que significa n\u00e3o poder ficar calado e falar o tempo todo, segundo a psicologia","og_description":"Descubra por que algumas pessoas falam sem parar e a psicologia por tr\u00e1s disso: ansiedade, necessidade de aprova\u00e7\u00e3o e mais.","og_url":"https:\/\/www.correiobraziliense.com.br\/cbradar\/o-que-significa-nao-poder-ficar-calado-e-falar-o-tempo-todo-segundo-a-psicologia\/","og_site_name":"Correio Braziliense - Radar","article_published_time":"2025-08-05T19:00:00+00:00","og_image":[{"width":1280,"height":720,"url":"https:\/\/www.correiobraziliense.com.br\/cbradar\/wp-content\/uploads\/2025\/08\/pessoas-conversando_1754419555485.jpg","type":"image\/jpeg"}],"author":"Larissa Carvalho","twitter_card":"summary_large_image","twitter_misc":{"Escrito por":"Larissa Carvalho","Est. tempo de leitura":"3 minutos"},"schema":{"@context":"https:\/\/schema.org","@graph":[{"@type":"WebPage","@id":"https:\/\/www.correiobraziliense.com.br\/cbradar\/o-que-significa-nao-poder-ficar-calado-e-falar-o-tempo-todo-segundo-a-psicologia\/","url":"https:\/\/www.correiobraziliense.com.br\/cbradar\/o-que-significa-nao-poder-ficar-calado-e-falar-o-tempo-todo-segundo-a-psicologia\/","name":"O que significa n\u00e3o poder ficar calado e falar o tempo todo, segundo a psicologia","isPartOf":{"@id":"https:\/\/www.correiobraziliense.com.br\/cbradar\/#website"},"primaryImageOfPage":{"@id":"https:\/\/www.correiobraziliense.com.br\/cbradar\/o-que-significa-nao-poder-ficar-calado-e-falar-o-tempo-todo-segundo-a-psicologia\/#primaryimage"},"image":{"@id":"https:\/\/www.correiobraziliense.com.br\/cbradar\/o-que-significa-nao-poder-ficar-calado-e-falar-o-tempo-todo-segundo-a-psicologia\/#primaryimage"},"thumbnailUrl":"https:\/\/www.correiobraziliense.com.br\/cbradar\/wp-content\/uploads\/2025\/08\/pessoas-conversando_1754419555485.jpg","datePublished":"2025-08-05T19:00:00+00:00","author":{"@id":"https:\/\/www.correiobraziliense.com.br\/cbradar\/#\/schema\/person\/58422787644df994b53a19d3e56c1513"},"description":"Descubra por que algumas pessoas falam sem parar e a psicologia por tr\u00e1s disso: ansiedade, necessidade de aprova\u00e7\u00e3o e mais.","breadcrumb":{"@id":"https:\/\/www.correiobraziliense.com.br\/cbradar\/o-que-significa-nao-poder-ficar-calado-e-falar-o-tempo-todo-segundo-a-psicologia\/#breadcrumb"},"inLanguage":"pt-BR","potentialAction":[{"@type":"ReadAction","target":["https:\/\/www.correiobraziliense.com.br\/cbradar\/o-que-significa-nao-poder-ficar-calado-e-falar-o-tempo-todo-segundo-a-psicologia\/"]}]},{"@type":"ImageObject","inLanguage":"pt-BR","@id":"https:\/\/www.correiobraziliense.com.br\/cbradar\/o-que-significa-nao-poder-ficar-calado-e-falar-o-tempo-todo-segundo-a-psicologia\/#primaryimage","url":"https:\/\/www.correiobraziliense.com.br\/cbradar\/wp-content\/uploads\/2025\/08\/pessoas-conversando_1754419555485.jpg","contentUrl":"https:\/\/www.correiobraziliense.com.br\/cbradar\/wp-content\/uploads\/2025\/08\/pessoas-conversando_1754419555485.jpg","width":1280,"height":720,"caption":"pessoas conversando. Cr\u00e9ditos: depositphotos.com \/ AndreyBezuglov"},{"@type":"BreadcrumbList","@id":"https:\/\/www.correiobraziliense.com.br\/cbradar\/o-que-significa-nao-poder-ficar-calado-e-falar-o-tempo-todo-segundo-a-psicologia\/#breadcrumb","itemListElement":[{"@type":"ListItem","position":1,"name":"In\u00edcio","item":"https:\/\/www.correiobraziliense.com.br\/cbradar\/"},{"@type":"ListItem","position":2,"name":"O que significa n\u00e3o poder ficar calado e falar o tempo todo, segundo a psicologia"}]},{"@type":"WebSite","@id":"https:\/\/www.correiobraziliense.com.br\/cbradar\/#website","url":"https:\/\/www.correiobraziliense.com.br\/cbradar\/","name":"Correio Braziliense - Radar","description":"Acompanhe as \u00faltimas not\u00edcias e fique bem informado sobre tudo o que acontece no Brasil e no mundo.","potentialAction":[{"@type":"SearchAction","target":{"@type":"EntryPoint","urlTemplate":"https:\/\/www.correiobraziliense.com.br\/cbradar\/?s={search_term_string}"},"query-input":{"@type":"PropertyValueSpecification","valueRequired":true,"valueName":"search_term_string"}}],"inLanguage":"pt-BR"},{"@type":"Person","@id":"https:\/\/www.correiobraziliense.com.br\/cbradar\/#\/schema\/person\/58422787644df994b53a19d3e56c1513","name":"Larissa Carvalho","image":{"@type":"ImageObject","inLanguage":"pt-BR","@id":"https:\/\/www.correiobraziliense.com.br\/cbradar\/#\/schema\/person\/image\/","url":"https:\/\/secure.gravatar.com\/avatar\/fe4f91a0de32b52a838d0d612abdc1aa?s=96&d=mm&r=g","contentUrl":"https:\/\/secure.gravatar.com\/avatar\/fe4f91a0de32b52a838d0d612abdc1aa?s=96&d=mm&r=g","caption":"Larissa Carvalho"},"url":"https:\/\/www.correiobraziliense.com.br\/cbradar\/author\/larissamyth\/"}]}},"_links":{"self":[{"href":"https:\/\/www.correiobraziliense.com.br\/cbradar\/wp-json\/wp\/v2\/posts\/81490","targetHints":{"allow":["GET"]}}],"collection":[{"href":"https:\/\/www.correiobraziliense.com.br\/cbradar\/wp-json\/wp\/v2\/posts"}],"about":[{"href":"https:\/\/www.correiobraziliense.com.br\/cbradar\/wp-json\/wp\/v2\/types\/post"}],"author":[{"embeddable":true,"href":"https:\/\/www.correiobraziliense.com.br\/cbradar\/wp-json\/wp\/v2\/users\/3"}],"replies":[{"embeddable":true,"href":"https:\/\/www.correiobraziliense.com.br\/cbradar\/wp-json\/wp\/v2\/comments?post=81490"}],"version-history":[{"count":2,"href":"https:\/\/www.correiobraziliense.com.br\/cbradar\/wp-json\/wp\/v2\/posts\/81490\/revisions"}],"predecessor-version":[{"id":81494,"href":"https:\/\/www.correiobraziliense.com.br\/cbradar\/wp-json\/wp\/v2\/posts\/81490\/revisions\/81494"}],"wp:featuredmedia":[{"embeddable":true,"href":"https:\/\/www.correiobraziliense.com.br\/cbradar\/wp-json\/wp\/v2\/media\/81492"}],"wp:attachment":[{"href":"https:\/\/www.correiobraziliense.com.br\/cbradar\/wp-json\/wp\/v2\/media?parent=81490"}],"wp:term":[{"taxonomy":"category","embeddable":true,"href":"https:\/\/www.correiobraziliense.com.br\/cbradar\/wp-json\/wp\/v2\/categories?post=81490"},{"taxonomy":"post_tag","embeddable":true,"href":"https:\/\/www.correiobraziliense.com.br\/cbradar\/wp-json\/wp\/v2\/tags?post=81490"}],"curies":[{"name":"wp","href":"https:\/\/api.w.org\/{rel}","templated":true}]}}