{"id":81539,"date":"2025-08-06T09:23:00","date_gmt":"2025-08-06T12:23:00","guid":{"rendered":"https:\/\/www.correiobraziliense.com.br\/cbradar\/?p=81539"},"modified":"2025-08-05T19:42:57","modified_gmt":"2025-08-05T22:42:57","slug":"mini-holanda-brasileira-conquista-com-charme-e-qualidade-de-vida","status":"publish","type":"post","link":"https:\/\/www.correiobraziliense.com.br\/cbradar\/mini-holanda-brasileira-conquista-com-charme-e-qualidade-de-vida\/","title":{"rendered":"Mini Holanda brasileira conquista com charme e qualidade de vida"},"content":{"rendered":"\n<p><strong><a href=\"https:\/\/www.holambra.sp.gov.br\/\" target=\"_blank\" rel=\"noreferrer noopener\">Holambra<\/a><\/strong>, no interior de <strong>S\u00e3o Paulo<\/strong>, <strong>Brasil<\/strong>, est\u00e1 a 130 km da capital paulista e pr\u00f3xima a <strong>Campinas<\/strong> e <strong>Jaguari\u00fana<\/strong>. Conhecida como \u201c<strong>Cidade das Flores<\/strong>\u201d e \u201c<strong>Pedacinho da Holanda no Brasil<\/strong>\u201d, preserva tradi\u00e7\u00f5es holandesas \u00fanicas no pa\u00eds. Vivencie o que torna <strong>Holambra<\/strong> um dos munic\u00edpios com melhor qualidade de vida do <strong>Brasil<\/strong>.<\/p>\n\n\n\n<p><strong>Holambra<\/strong> destaca-se pela economia baseada na floricultura e agroneg\u00f3cios sustent\u00e1veis. A cidade oferece seguran\u00e7a excepcional e infraestrutura de primeiro mundo em pequena escala. Com arquitetura holandesa e paisagismo impec\u00e1vel, \u00e9 modelo de planejamento urbano.<\/p>\n\n\n\n<h2 class=\"wp-block-heading\">Por que morar em Holambra?<\/h2>\n\n\n\n<p><strong>Holambra<\/strong> possui um IDH de 0,793, segundo o <strong><strong>Programa das Na\u00e7\u00f5es Unidas para o Desenvolvimento<\/strong><\/strong>, um dos mais altos do interior paulista. A economia \u00e9 movida pela floricultura, que representa 60% da produ\u00e7\u00e3o nacional de flores, conforme a <strong>Prefeitura de Holambra<\/strong>.<\/p>\n\n\n\n<p>Com cerca de 20.850 habitantes, segundo o <strong>IBGE<\/strong>, a cidade oferece atendimento m\u00e9dico personalizado no <strong>Hospital e Maternidade Holambra<\/strong>. A educa\u00e7\u00e3o conta com escolas bil\u00edngues e ensino t\u00e9cnico especializado em agroneg\u00f3cios.<\/p>\n\n\n\n<p>A seguran\u00e7a \u00e9 excepcional com \u00edndices de criminalidade pr\u00f3ximos a zero em bairros residenciais. O custo de vida \u00e9 equilibrado considerando a alta qualidade dos servi\u00e7os oferecidos.<\/p>\n\n\n\n<p><strong>Holambra<\/strong> atrai fam\u00edlias e aposentados que buscam tranquilidade sem abrir m\u00e3o da modernidade. A proximidade com <strong>Campinas<\/strong> garante acesso a grandes centros quando necess\u00e1rio.<\/p>\n\n\n<div class=\"wp-block-image\">\n<figure class=\"aligncenter size-large\"><img decoding=\"async\" width=\"1024\" height=\"576\" src=\"https:\/\/www.correiobraziliense.com.br\/cbradar\/wp-content\/uploads\/2025\/06\/Holambra-sao-paulo_1750572408727-1024x576.jpg\" alt=\"\" class=\"wp-image-57389\" srcset=\"https:\/\/www.correiobraziliense.com.br\/cbradar\/wp-content\/uploads\/2025\/06\/Holambra-sao-paulo_1750572408727-1024x576.jpg 1024w, https:\/\/www.correiobraziliense.com.br\/cbradar\/wp-content\/uploads\/2025\/06\/Holambra-sao-paulo_1750572408727-300x169.jpg 300w, https:\/\/www.correiobraziliense.com.br\/cbradar\/wp-content\/uploads\/2025\/06\/Holambra-sao-paulo_1750572408727-768x432.jpg 768w, https:\/\/www.correiobraziliense.com.br\/cbradar\/wp-content\/uploads\/2025\/06\/Holambra-sao-paulo_1750572408727-750x422.jpg 750w, https:\/\/www.correiobraziliense.com.br\/cbradar\/wp-content\/uploads\/2025\/06\/Holambra-sao-paulo_1750572408727-1140x641.jpg 1140w, https:\/\/www.correiobraziliense.com.br\/cbradar\/wp-content\/uploads\/2025\/06\/Holambra-sao-paulo_1750572408727.jpg 1280w\" sizes=\"(max-width: 1024px) 100vw, 1024px\" \/><figcaption class=\"wp-element-caption\">Holambra. SP \/\/ Cr\u00e9ditos: depositphotos.com \/ paulobaqueta<\/figcaption><\/figure><\/div>\n\n\n<h2 class=\"wp-block-heading\">Onde morar em Holambra?<\/h2>\n\n\n\n<ul class=\"wp-block-list\">\n<li>O <strong>Centro<\/strong> preserva arquitetura holandesa com casas t\u00edpicas e jardins floridos. Ideal para quem aprecia vida urbana em escala humana com com\u00e9rcio especializado.<\/li>\n\n\n\n<li><strong>Jardim das Tulipas<\/strong> atrai fam\u00edlias pela tranquilidade e proximidade com escolas de qualidade. O bairro planejado oferece infraestrutura completa e paisagismo cuidado.<\/li>\n\n\n\n<li><strong>Vila Holandesa<\/strong> mant\u00e9m tradi\u00e7\u00f5es arquitet\u00f4nicas com moinhos e canais ornamentais. Residentes valorizam a preserva\u00e7\u00e3o cultural e ambiente europeu \u00fanico no <strong>Brasil<\/strong>.<\/li>\n\n\n\n<li><strong>Parque dos Ip\u00eas<\/strong> combina natureza e modernidade com casas ecol\u00f3gicas. A regi\u00e3o \u00e9 procurada por quem busca sustentabilidade e contato com \u00e1reas verdes.<\/li>\n\n\n\n<li><strong>Recanto das Flores<\/strong> oferece lotes amplos com jardins privativos para cultivo ornamental. Moradores desenvolvem hobby da jardinagem em ambiente estimulante.<\/li>\n<\/ul>\n\n\n<div class=\"wp-block-image\">\n<figure class=\"aligncenter size-large\"><img decoding=\"async\" width=\"1024\" height=\"576\" src=\"https:\/\/www.correiobraziliense.com.br\/cbradar\/wp-content\/uploads\/2025\/08\/Edicoes-2025-08-05T193636.876-1024x576.png\" alt=\"\" class=\"wp-image-81603\" srcset=\"https:\/\/www.correiobraziliense.com.br\/cbradar\/wp-content\/uploads\/2025\/08\/Edicoes-2025-08-05T193636.876-1024x576.png 1024w, https:\/\/www.correiobraziliense.com.br\/cbradar\/wp-content\/uploads\/2025\/08\/Edicoes-2025-08-05T193636.876-300x169.png 300w, https:\/\/www.correiobraziliense.com.br\/cbradar\/wp-content\/uploads\/2025\/08\/Edicoes-2025-08-05T193636.876-768x432.png 768w, https:\/\/www.correiobraziliense.com.br\/cbradar\/wp-content\/uploads\/2025\/08\/Edicoes-2025-08-05T193636.876-750x422.png 750w, https:\/\/www.correiobraziliense.com.br\/cbradar\/wp-content\/uploads\/2025\/08\/Edicoes-2025-08-05T193636.876-1140x641.png 1140w, https:\/\/www.correiobraziliense.com.br\/cbradar\/wp-content\/uploads\/2025\/08\/Edicoes-2025-08-05T193636.876.png 1280w\" sizes=\"(max-width: 1024px) 100vw, 1024px\" \/><figcaption class=\"wp-element-caption\">Holambra \/\/ Cr\u00e9ditos: YouTube @JrLongo<\/figcaption><\/figure><\/div>\n\n\n<h2 class=\"wp-block-heading\">Quais s\u00e3o as principais atra\u00e7\u00f5es tur\u00edsticas de Holambra?<\/h2>\n\n\n\n<p>O <strong>Moinho Povos Unidos<\/strong> \u00e9 s\u00edmbolo da cidade e r\u00e9plica aut\u00eantica dos moinhos holandeses. Inaugurado em 2008, funciona perfeitamente moendo gr\u00e3os e oferece visitas guiadas explicando a t\u00e9cnica milenar. A vista do alto do moinho revela toda paisagem florida de <strong>Holambra<\/strong>.<\/p>\n\n\n\n<p>O <strong>Museu da Imigra\u00e7\u00e3o Holandesa<\/strong> preserva a hist\u00f3ria dos colonizadores que chegaram em 1948. Localizado no <strong>Centro<\/strong>, exibe objetos pessoais, documentos e fotografias da funda\u00e7\u00e3o da cidade. O acervo mostra como fam\u00edlias holandesas transformaram regi\u00e3o pantanosa em pr\u00f3spero centro de floricultura.<\/p>\n\n\n\n<p>A <strong>Esta\u00e7\u00e3o Flores<\/strong> \u00e9 complexo tur\u00edstico com jardins tem\u00e1ticos e loja de flores gigante. Oferece workshops de arranjos florais e exposi\u00e7\u00f5es sazonais com esp\u00e9cies raras. O espa\u00e7o inclui restaurante com gastronomia holandesa t\u00edpica.<\/p>\n\n\n\n<p>O <strong>Parque Van Gogh<\/strong> homenageia o pintor holand\u00eas com jardins inspirados em suas obras. Trilhas tem\u00e1ticas passam por cen\u00e1rios que remetem aos quadros mais famosos. R\u00e9plicas de pinturas em tamanho real decoram o percurso de 2 km.<\/p>\n\n\n\n<p>A <strong>Cooperativa Veiling Holambra<\/strong> \u00e9 o maior centro de comercializa\u00e7\u00e3o de flores da <strong>Am\u00e9rica Latina<\/strong>. Visitas t\u00e9cnicas mostram o processo de cultivo, classifica\u00e7\u00e3o e venda no sistema holand\u00eas de leil\u00e3o. Funciona como universidade pr\u00e1tica da floricultura moderna.<\/p>\n\n\n\n<h3 class=\"wp-block-heading\">Principais atra\u00e7\u00f5es de Holambra:<\/h3>\n\n\n\n<ul class=\"wp-block-list\">\n<li><strong>Moinho Povos Unidos<\/strong>: S\u00edmbolo da cidade com funcionamento aut\u00eantico<\/li>\n\n\n\n<li><strong>Museu da Imigra\u00e7\u00e3o<\/strong>: Hist\u00f3ria da coloniza\u00e7\u00e3o holandesa<\/li>\n\n\n\n<li><strong>Esta\u00e7\u00e3o Flores<\/strong>: Complexo tur\u00edstico e centro de compras<\/li>\n\n\n\n<li><strong>Parque Van Gogh<\/strong>: Jardins inspirados no pintor holand\u00eas<\/li>\n\n\n\n<li><strong>Cooperativa Veiling<\/strong>: Maior centro de flores da Am\u00e9rica Latina<\/li>\n\n\n\n<li><strong>Campos de Flores<\/strong>: Planta\u00e7\u00f5es abertas para visita\u00e7\u00e3o<\/li>\n\n\n\n<li><strong>Dekpark<\/strong>: Parque aqu\u00e1tico com tem\u00e1tica holandesa<\/li>\n<\/ul>\n\n\n<div class=\"wp-block-image\">\n<figure class=\"aligncenter size-large\"><img decoding=\"async\" width=\"1024\" height=\"576\" src=\"https:\/\/www.correiobraziliense.com.br\/cbradar\/wp-content\/uploads\/2025\/02\/Holambra_1739512269031-1024x576.jpg\" alt=\"A cidade das flores vai te encantar com qualidade de vida imbat\u00edvel\" class=\"wp-image-2628\" srcset=\"https:\/\/www.correiobraziliense.com.br\/cbradar\/wp-content\/uploads\/2025\/02\/Holambra_1739512269031-1024x576.jpg 1024w, https:\/\/www.correiobraziliense.com.br\/cbradar\/wp-content\/uploads\/2025\/02\/Holambra_1739512269031-300x169.jpg 300w, https:\/\/www.correiobraziliense.com.br\/cbradar\/wp-content\/uploads\/2025\/02\/Holambra_1739512269031-768x432.jpg 768w, https:\/\/www.correiobraziliense.com.br\/cbradar\/wp-content\/uploads\/2025\/02\/Holambra_1739512269031-750x422.jpg 750w, https:\/\/www.correiobraziliense.com.br\/cbradar\/wp-content\/uploads\/2025\/02\/Holambra_1739512269031-1140x641.jpg 1140w, https:\/\/www.correiobraziliense.com.br\/cbradar\/wp-content\/uploads\/2025\/02\/Holambra_1739512269031.jpg 1280w\" sizes=\"(max-width: 1024px) 100vw, 1024px\" \/><figcaption class=\"wp-element-caption\">Holambra \/\/ Cr\u00e9ditos: depositphotos.com \/ paulobaqueta<\/figcaption><\/figure><\/div>\n\n\n<h2 class=\"wp-block-heading\">Como \u00e9 a vida cultural em Holambra?<\/h2>\n\n\n\n<p><strong>Holambra<\/strong> vibra com a <strong>Expoflora<\/strong>, maior exposi\u00e7\u00e3o de flores da <strong>Am\u00e9rica Latina<\/strong> realizada em setembro. O evento transforma a cidade em jardim gigante com mais de 300 esp\u00e9cies expostas no <strong>Parque da Expoflora<\/strong>.<\/p>\n\n\n\n<p>A <strong>Festa das Tulipas<\/strong> celebra a chegada do inverno com milhares de bulbos importados da <strong>Holanda<\/strong>. Realizada em julho, oferece shows folcl\u00f3ricos e gastronomia t\u00edpica holandesa.<\/p>\n\n\n\n<p>A gastronomia holandesa marca presen\u00e7a em restaurantes especializados em <strong>stroopwafel<\/strong> e <strong>erwtensoep<\/strong>. Confeitarias servem doces tradicionais como <strong>oliebollen<\/strong> e queijos importados.<\/p>\n\n\n\n<p><strong>Leia tamb\u00e9m: <a href=\"https:\/\/www.correiobraziliense.com.br\/cbradar\/cidade-de-santa-catarina-se-destaca-entre-as-melhores-para-viver-no-brasil\/\" target=\"_blank\" rel=\"noreferrer noopener\">Cidade de Santa Catarina se destaca entre as melhores para viver no Brasil.<\/a><\/strong><\/p>\n\n\n<div class=\"wp-block-image\">\n<figure class=\"aligncenter size-large\"><img decoding=\"async\" width=\"1024\" height=\"576\" src=\"https:\/\/www.correiobraziliense.com.br\/cbradar\/wp-content\/uploads\/2025\/08\/Edicoes-2025-08-05T193707.747-1024x576.png\" alt=\"\" class=\"wp-image-81602\" srcset=\"https:\/\/www.correiobraziliense.com.br\/cbradar\/wp-content\/uploads\/2025\/08\/Edicoes-2025-08-05T193707.747-1024x576.png 1024w, https:\/\/www.correiobraziliense.com.br\/cbradar\/wp-content\/uploads\/2025\/08\/Edicoes-2025-08-05T193707.747-300x169.png 300w, https:\/\/www.correiobraziliense.com.br\/cbradar\/wp-content\/uploads\/2025\/08\/Edicoes-2025-08-05T193707.747-768x432.png 768w, https:\/\/www.correiobraziliense.com.br\/cbradar\/wp-content\/uploads\/2025\/08\/Edicoes-2025-08-05T193707.747-750x422.png 750w, https:\/\/www.correiobraziliense.com.br\/cbradar\/wp-content\/uploads\/2025\/08\/Edicoes-2025-08-05T193707.747-1140x641.png 1140w, https:\/\/www.correiobraziliense.com.br\/cbradar\/wp-content\/uploads\/2025\/08\/Edicoes-2025-08-05T193707.747.png 1280w\" sizes=\"(max-width: 1024px) 100vw, 1024px\" \/><figcaption class=\"wp-element-caption\">Holambra \/\/ Cr\u00e9ditos: YouTube @JrLongo<\/figcaption><\/figure><\/div>\n\n\n<h2 class=\"wp-block-heading\">Por que Holambra \u00e9 refer\u00eancia em floricultura?<\/h2>\n\n\n\n<p><strong>Holambra<\/strong> \u00e9 conhecida como capital brasileira da floricultura, segundo a <strong>Cooperativa Veiling Holambra<\/strong>. A cidade produz 60% das flores comercializadas no pa\u00eds com tecnologia holandesa avan\u00e7ada.<\/p>\n\n\n\n<p>O <strong>Instituto Agron\u00f4mico de Campinas<\/strong> desenvolve pesquisas em parceria com produtores locais. Estufas climatizadas permitem cultivo durante todo a\u00f1o garantindo qualidade superior.<\/p>\n\n\n\n<p>A <strong>Escola T\u00e9cnica Estadual de Holambra<\/strong> forma profissionais especializados em floricultura e paisagismo. Cursos t\u00e9cnicos atendem demanda do setor em crescimento constante.<\/p>\n\n\n\n<h2 class=\"wp-block-heading\">Como nasceu o &#8220;Pedacinho da Holanda no Brasil&#8221;?<\/h2>\n\n\n\n<p><strong>Holambra<\/strong> ganhou o apelido &#8220;<strong>Pedacinho da Holanda no Brasil<\/strong>&#8221; pela fidelidade \u00e0s tradi\u00e7\u00f5es dos imigrantes holandeses. A coloniza\u00e7\u00e3o iniciada em 1948 preservou arquitetura, gastronomia e costumes originais.<\/p>\n\n\n\n<p>As fam\u00edlias fundadoras como <strong>Van Gelder<\/strong> e <strong>Kras<\/strong> trouxeram t\u00e9cnicas de cultivo e sementes da <strong>Holanda<\/strong>. O planejamento urbano seguiu padr\u00f5es holandeses com canais ornamentais e jardins p\u00fablicos.<\/p>\n\n\n\n<p>O idioma holand\u00eas ainda \u00e9 falado por descendentes e ensinado nas escolas locais. Festivais tradicionais mant\u00eam viva a cultura que deu origem ao munic\u00edpio.<\/p>\n\n\n\n<figure class=\"wp-block-embed aligncenter is-type-video is-provider-youtube wp-block-embed-youtube wp-embed-aspect-16-9 wp-has-aspect-ratio\"><div class=\"wp-block-embed__wrapper\">\n<div class=\"jeg_video_container jeg_video_content\"><iframe loading=\"lazy\" title=\"HOLAMBRA SP -  BRASIL br - by drone [4K]\" width=\"500\" height=\"281\" src=\"https:\/\/www.youtube.com\/embed\/mXkluz1iYOc?feature=oembed\" frameborder=\"0\" allow=\"accelerometer; autoplay; clipboard-write; encrypted-media; gyroscope; picture-in-picture; web-share\" referrerpolicy=\"strict-origin-when-cross-origin\" allowfullscreen><\/iframe><\/div>\n<\/div><figcaption class=\"wp-element-caption\">Holambra \/\/ Cr\u00e9ditos: YouTube @JrLongo<\/figcaption><\/figure>\n\n\n\n<h2 class=\"wp-block-heading\">Melhor \u00e9poca para visitar Holambra?<\/h2>\n\n\n\n<p>Entre <strong>abril<\/strong> e <strong>junho<\/strong>, <strong>Holambra<\/strong> tem temperaturas entre 12\u00b0C e 25\u00b0C, segundo o <strong>Climatempo<\/strong>. O outono \u00e9 ideal para conhecer os jardins com flores de esta\u00e7\u00e3o em plena florada.<\/p>\n\n\n\n<p><strong>Julho<\/strong> a <strong>setembro<\/strong> oferece clima mais seco, perfeito para a <strong>Festa das Tulipas<\/strong> e <strong>Expoflora<\/strong>. O inverno concentra os principais eventos tur\u00edsticos da cidade.<\/p>\n\n\n\n<p><strong>Outubro<\/strong> a <strong>dezembro<\/strong> marca a primavera com explos\u00e3o de cores nos jardins urbanos. \u00c9 \u00e9poca de maior movimento tur\u00edstico com visita\u00e7\u00e3o aos campos de flores.<\/p>\n\n\n\n<p><strong>Janeiro<\/strong> a <strong>mar\u00e7o<\/strong> traz ver\u00e3o com temperaturas entre 18\u00b0C e 30\u00b0C. Per\u00edodo ideal para atividades ao ar livre no <strong>Dekpark<\/strong> e trilhas no <strong>Parque Van Gogh<\/strong>.<\/p>\n\n\n\n<h2 class=\"wp-block-heading\">Vivencie Holambra<\/h2>\n\n\n\n<p><strong>Holambra<\/strong> une tradi\u00e7\u00e3o holandesa, qualidade de vida excepcional e economia sustent\u00e1vel no interior de <strong>S\u00e3o Paulo<\/strong>. Do <strong>Moinho Povos Unidos<\/strong> aos campos floridos, \u00e9 cidade ideal para quem busca tranquilidade e modernidade. Conhe\u00e7a o &#8220;<strong>Pedacinho da Holanda no Brasil<\/strong>&#8221; e descubra por que \u00e9 modelo de planejamento urbano.<\/p>\n\n\n\n<ul class=\"wp-block-list\">\n<li>IDH de 0,793, entre os mais altos do interior paulista<\/li>\n\n\n\n<li>Capital brasileira da floricultura com tecnologia avan\u00e7ada<\/li>\n\n\n\n<li>Seguran\u00e7a excepcional e qualidade de vida europeia<\/li>\n<\/ul>\n","protected":false},"excerpt":{"rendered":"<p>Holambra, no interior de S\u00e3o Paulo, Brasil, est\u00e1 a 130 km da capital paulista e pr\u00f3xima a Campinas e Jaguari\u00fana. Conhecida como \u201cCidade das Flores\u201d e \u201cPedacinho da Holanda no Brasil\u201d, preserva tradi\u00e7\u00f5es holandesas \u00fanicas no pa\u00eds. Vivencie o que torna Holambra um dos munic\u00edpios com melhor qualidade de vida do Brasil. Holambra destaca-se pela [&hellip;]<\/p>\n","protected":false},"author":8,"featured_media":2627,"comment_status":"open","ping_status":"open","sticky":false,"template":"","format":"standard","meta":{"_yoast_wpseo_focuskw":"qualidade","_yoast_wpseo_title":"","_yoast_wpseo_metadesc":"Essa cidade brasileira com alma holandesa conquista por sua beleza, cultura encantadora e qualidade de vida surpreendente.","jnews-multi-image_gallery":[],"jnews_single_post":{"format":"standard"},"jnews_primary_category":[],"jnews_social_meta":[],"jnews_override_counter":[],"footnotes":""},"categories":[108,111],"post_tag":[225,677,278],"class_list":["post-81539","post","type-post","status-publish","format-standard","has-post-thumbnail","hentry","category-cidades","category-turismo","tag-brasil","tag-holambra","tag-sao-paulo"],"yoast_head":"<!-- This site is optimized with the Yoast SEO plugin v24.6 - https:\/\/yoast.com\/wordpress\/plugins\/seo\/ -->\n<title>Mini Holanda brasileira conquista com charme e qualidade de vida - Correio Braziliense - Radar<\/title>\n<meta name=\"description\" content=\"Essa cidade brasileira com alma holandesa conquista por sua beleza, cultura encantadora e qualidade de vida surpreendente.\" \/>\n<meta name=\"robots\" content=\"index, follow, max-snippet:-1, max-image-preview:large, max-video-preview:-1\" \/>\n<link rel=\"canonical\" href=\"https:\/\/www.correiobraziliense.com.br\/cbradar\/mini-holanda-brasileira-conquista-com-charme-e-qualidade-de-vida\/\" \/>\n<meta property=\"og:locale\" content=\"pt_BR\" \/>\n<meta property=\"og:type\" content=\"article\" \/>\n<meta property=\"og:title\" content=\"Mini Holanda brasileira conquista com charme e qualidade de vida - Correio Braziliense - Radar\" \/>\n<meta property=\"og:description\" content=\"Essa cidade brasileira com alma holandesa conquista por sua beleza, cultura encantadora e qualidade de vida surpreendente.\" \/>\n<meta property=\"og:url\" content=\"https:\/\/www.correiobraziliense.com.br\/cbradar\/mini-holanda-brasileira-conquista-com-charme-e-qualidade-de-vida\/\" \/>\n<meta property=\"og:site_name\" content=\"Correio Braziliense - Radar\" \/>\n<meta property=\"article:published_time\" content=\"2025-08-06T12:23:00+00:00\" \/>\n<meta property=\"og:image\" content=\"https:\/\/www.correiobraziliense.com.br\/cbradar\/wp-content\/uploads\/2025\/02\/Holambra_1739512258697.jpg\" \/>\n\t<meta property=\"og:image:width\" content=\"1280\" \/>\n\t<meta property=\"og:image:height\" content=\"720\" \/>\n\t<meta property=\"og:image:type\" content=\"image\/jpeg\" \/>\n<meta name=\"author\" content=\"Maura Pereira\" \/>\n<meta name=\"twitter:card\" content=\"summary_large_image\" \/>\n<meta name=\"twitter:label1\" content=\"Escrito por\" \/>\n\t<meta name=\"twitter:data1\" content=\"Maura Pereira\" \/>\n\t<meta name=\"twitter:label2\" content=\"Est. tempo de leitura\" \/>\n\t<meta name=\"twitter:data2\" content=\"7 minutos\" \/>\n<!-- \/ Yoast SEO plugin. -->","yoast_head_json":{"title":"Mini Holanda brasileira conquista com charme e qualidade de vida - Correio Braziliense - Radar","description":"Essa cidade brasileira com alma holandesa conquista por sua beleza, cultura encantadora e qualidade de vida surpreendente.","robots":{"index":"index","follow":"follow","max-snippet":"max-snippet:-1","max-image-preview":"max-image-preview:large","max-video-preview":"max-video-preview:-1"},"canonical":"https:\/\/www.correiobraziliense.com.br\/cbradar\/mini-holanda-brasileira-conquista-com-charme-e-qualidade-de-vida\/","og_locale":"pt_BR","og_type":"article","og_title":"Mini Holanda brasileira conquista com charme e qualidade de vida - Correio Braziliense - Radar","og_description":"Essa cidade brasileira com alma holandesa conquista por sua beleza, cultura encantadora e qualidade de vida surpreendente.","og_url":"https:\/\/www.correiobraziliense.com.br\/cbradar\/mini-holanda-brasileira-conquista-com-charme-e-qualidade-de-vida\/","og_site_name":"Correio Braziliense - Radar","article_published_time":"2025-08-06T12:23:00+00:00","og_image":[{"width":1280,"height":720,"url":"https:\/\/www.correiobraziliense.com.br\/cbradar\/wp-content\/uploads\/2025\/02\/Holambra_1739512258697.jpg","type":"image\/jpeg"}],"author":"Maura Pereira","twitter_card":"summary_large_image","twitter_misc":{"Escrito por":"Maura Pereira","Est. tempo de leitura":"7 minutos"},"schema":{"@context":"https:\/\/schema.org","@graph":[{"@type":"WebPage","@id":"https:\/\/www.correiobraziliense.com.br\/cbradar\/mini-holanda-brasileira-conquista-com-charme-e-qualidade-de-vida\/","url":"https:\/\/www.correiobraziliense.com.br\/cbradar\/mini-holanda-brasileira-conquista-com-charme-e-qualidade-de-vida\/","name":"Mini Holanda brasileira conquista com charme e qualidade de vida - Correio Braziliense - Radar","isPartOf":{"@id":"https:\/\/www.correiobraziliense.com.br\/cbradar\/#website"},"primaryImageOfPage":{"@id":"https:\/\/www.correiobraziliense.com.br\/cbradar\/mini-holanda-brasileira-conquista-com-charme-e-qualidade-de-vida\/#primaryimage"},"image":{"@id":"https:\/\/www.correiobraziliense.com.br\/cbradar\/mini-holanda-brasileira-conquista-com-charme-e-qualidade-de-vida\/#primaryimage"},"thumbnailUrl":"https:\/\/www.correiobraziliense.com.br\/cbradar\/wp-content\/uploads\/2025\/02\/Holambra_1739512258697.jpg","datePublished":"2025-08-06T12:23:00+00:00","author":{"@id":"https:\/\/www.correiobraziliense.com.br\/cbradar\/#\/schema\/person\/4053c651a9bfc785afc6f4cbc9032fd3"},"description":"Essa cidade brasileira com alma holandesa conquista por sua beleza, cultura encantadora e qualidade de vida surpreendente.","breadcrumb":{"@id":"https:\/\/www.correiobraziliense.com.br\/cbradar\/mini-holanda-brasileira-conquista-com-charme-e-qualidade-de-vida\/#breadcrumb"},"inLanguage":"pt-BR","potentialAction":[{"@type":"ReadAction","target":["https:\/\/www.correiobraziliense.com.br\/cbradar\/mini-holanda-brasileira-conquista-com-charme-e-qualidade-de-vida\/"]}]},{"@type":"ImageObject","inLanguage":"pt-BR","@id":"https:\/\/www.correiobraziliense.com.br\/cbradar\/mini-holanda-brasileira-conquista-com-charme-e-qualidade-de-vida\/#primaryimage","url":"https:\/\/www.correiobraziliense.com.br\/cbradar\/wp-content\/uploads\/2025\/02\/Holambra_1739512258697.jpg","contentUrl":"https:\/\/www.correiobraziliense.com.br\/cbradar\/wp-content\/uploads\/2025\/02\/Holambra_1739512258697.jpg","width":1280,"height":720,"caption":"O Moinho Povos Unidos, maior moinho t\u00edpico da Am\u00e9rica Latina, \u00e9 cart\u00e3o-postal da cidade. \/\/ Cr\u00e9ditos: depositphotos.com \/ paulobaqueta"},{"@type":"BreadcrumbList","@id":"https:\/\/www.correiobraziliense.com.br\/cbradar\/mini-holanda-brasileira-conquista-com-charme-e-qualidade-de-vida\/#breadcrumb","itemListElement":[{"@type":"ListItem","position":1,"name":"In\u00edcio","item":"https:\/\/www.correiobraziliense.com.br\/cbradar\/"},{"@type":"ListItem","position":2,"name":"Mini Holanda brasileira conquista com charme e qualidade de vida"}]},{"@type":"WebSite","@id":"https:\/\/www.correiobraziliense.com.br\/cbradar\/#website","url":"https:\/\/www.correiobraziliense.com.br\/cbradar\/","name":"Correio Braziliense - Radar","description":"Acompanhe as \u00faltimas not\u00edcias e fique bem informado sobre tudo o que acontece no Brasil e no mundo.","potentialAction":[{"@type":"SearchAction","target":{"@type":"EntryPoint","urlTemplate":"https:\/\/www.correiobraziliense.com.br\/cbradar\/?s={search_term_string}"},"query-input":{"@type":"PropertyValueSpecification","valueRequired":true,"valueName":"search_term_string"}}],"inLanguage":"pt-BR"},{"@type":"Person","@id":"https:\/\/www.correiobraziliense.com.br\/cbradar\/#\/schema\/person\/4053c651a9bfc785afc6f4cbc9032fd3","name":"Maura Pereira","image":{"@type":"ImageObject","inLanguage":"pt-BR","@id":"https:\/\/www.correiobraziliense.com.br\/cbradar\/#\/schema\/person\/image\/","url":"https:\/\/secure.gravatar.com\/avatar\/3effd6bdadfa447f15089c7f7144eaa6?s=96&d=mm&r=g","contentUrl":"https:\/\/secure.gravatar.com\/avatar\/3effd6bdadfa447f15089c7f7144eaa6?s=96&d=mm&r=g","caption":"Maura Pereira"},"sameAs":["https:\/\/www.correiobraziliense.com.br\/"],"url":"https:\/\/www.correiobraziliense.com.br\/cbradar\/author\/mauramyth\/"}]}},"_links":{"self":[{"href":"https:\/\/www.correiobraziliense.com.br\/cbradar\/wp-json\/wp\/v2\/posts\/81539","targetHints":{"allow":["GET"]}}],"collection":[{"href":"https:\/\/www.correiobraziliense.com.br\/cbradar\/wp-json\/wp\/v2\/posts"}],"about":[{"href":"https:\/\/www.correiobraziliense.com.br\/cbradar\/wp-json\/wp\/v2\/types\/post"}],"author":[{"embeddable":true,"href":"https:\/\/www.correiobraziliense.com.br\/cbradar\/wp-json\/wp\/v2\/users\/8"}],"replies":[{"embeddable":true,"href":"https:\/\/www.correiobraziliense.com.br\/cbradar\/wp-json\/wp\/v2\/comments?post=81539"}],"version-history":[{"count":17,"href":"https:\/\/www.correiobraziliense.com.br\/cbradar\/wp-json\/wp\/v2\/posts\/81539\/revisions"}],"predecessor-version":[{"id":81616,"href":"https:\/\/www.correiobraziliense.com.br\/cbradar\/wp-json\/wp\/v2\/posts\/81539\/revisions\/81616"}],"wp:featuredmedia":[{"embeddable":true,"href":"https:\/\/www.correiobraziliense.com.br\/cbradar\/wp-json\/wp\/v2\/media\/2627"}],"wp:attachment":[{"href":"https:\/\/www.correiobraziliense.com.br\/cbradar\/wp-json\/wp\/v2\/media?parent=81539"}],"wp:term":[{"taxonomy":"category","embeddable":true,"href":"https:\/\/www.correiobraziliense.com.br\/cbradar\/wp-json\/wp\/v2\/categories?post=81539"},{"taxonomy":"post_tag","embeddable":true,"href":"https:\/\/www.correiobraziliense.com.br\/cbradar\/wp-json\/wp\/v2\/post_tag?post=81539"}],"curies":[{"name":"wp","href":"https:\/\/api.w.org\/{rel}","templated":true}]}}