{"id":8157,"date":"2025-03-02T22:50:00","date_gmt":"2025-03-03T01:50:00","guid":{"rendered":"https:\/\/www.correiobraziliense.com.br\/cbradar\/?p=8157"},"modified":"2025-03-02T00:24:14","modified_gmt":"2025-03-02T03:24:14","slug":"essa-cidade-fica-no-lugar-mais-ventoso-do-mundo","status":"publish","type":"post","link":"https:\/\/www.correiobraziliense.com.br\/cbradar\/essa-cidade-fica-no-lugar-mais-ventoso-do-mundo\/","title":{"rendered":"Essa cidade fica no lugar mais ventoso do mundo"},"content":{"rendered":"\n<p>Enquanto as cidades enfrentam muitos ventos fortes ocasionais, existe um lugar onde <strong>rajadas violentas fazem parte da rotina di\u00e1ria<\/strong>. <strong>Porto Martin<\/strong>, na <strong>Ant\u00e1rtida<\/strong>, \u00e9 considerado o assentamento humano mais ventoso do mundo, com ventos que podem ultrapassar <strong>320 km\/h<\/strong>.<\/p>\n\n\n\n<p>Localizada no leste da Ant\u00e1rtida, <strong>Port Martin<\/strong> foi uma antiga base cient\u00edfica francesa estabelecida em <strong>1950<\/strong>, mas acabou sendo abandonada ap\u00f3s menos de dois anos devido a condi\u00e7\u00f5es extremas. O local \u00e9 atingido constantemente pelos chamados <strong>ventos catab\u00e1ticos<\/strong>, que descem das geleiras com for\u00e7a devastadora, tornando quase imposs\u00edvel manter qualquer estrutura permanente.<\/p>\n\n\n\n<p>Atualmente, apenas ru\u00ednas da base permanecem na regi\u00e3o, e as miss\u00f5es cient\u00edficas que visitam o local precisam se abrigar contra os ventos que podem derrubar equipamentos e congelar qualquer ar livre em quest\u00e3o de minutos de exposi\u00e7\u00e3o.<\/p>\n\n\n\n<h2 class=\"wp-block-heading\"><strong>Como \u00e9 viver no lugar mais ventoso da Terra?<\/strong><\/h2>\n\n\n\n<p>As poucas expedi\u00e7\u00f5es que se aventuram em Port Martin precisam lidar n\u00e3o apenas com os ventos extremos, mas tamb\u00e9m com temperaturas que podem atingir <strong>\u221260\u202f\u00b0C no inverno<\/strong>. Mesmo com roupas t\u00e9rmicas resistentes, o frio cortante combinado com os ventos cria uma sensa\u00e7\u00e3o t\u00e9rmica ainda mais baixa, tornando o ambiente praticamente in\u00f3spito.<\/p>\n\n\n\n<p>Al\u00e9m da aus\u00eancia de infraestrutura permanente, a falta de vida selvagem na regi\u00e3o tamb\u00e9m \u00e9 um indicativo de qu\u00e3o hostil \u00e9 esse local. Diferente de outras partes da Ant\u00e1rtida, onde pinguins e focas conseguem sobreviver, Port Martin \u00e9 um deserto gelado onde quase nada consegue resistir por muito tempo.<\/p>\n\n\n\n<p>Mesmo abandonado, o local continua sendo treinado por cientistas que analisam as condi\u00e7\u00f5es clim\u00e1ticas extremas e seus impactos no planeta.<\/p>\n\n\n\n<figure class=\"wp-block-image size-large\"><img decoding=\"async\" width=\"1024\" height=\"576\" src=\"https:\/\/www.correiobraziliense.com.br\/cbradar\/wp-content\/uploads\/2025\/03\/Antartida_1740851668418-1024x576.jpg\" alt=\"Essa cidade fica no lugar mais ventoso do mundo\" class=\"wp-image-8162\" srcset=\"https:\/\/www.correiobraziliense.com.br\/cbradar\/wp-content\/uploads\/2025\/03\/Antartida_1740851668418-1024x576.jpg 1024w, https:\/\/www.correiobraziliense.com.br\/cbradar\/wp-content\/uploads\/2025\/03\/Antartida_1740851668418-300x169.jpg 300w, https:\/\/www.correiobraziliense.com.br\/cbradar\/wp-content\/uploads\/2025\/03\/Antartida_1740851668418-768x432.jpg 768w, https:\/\/www.correiobraziliense.com.br\/cbradar\/wp-content\/uploads\/2025\/03\/Antartida_1740851668418-750x422.jpg 750w, https:\/\/www.correiobraziliense.com.br\/cbradar\/wp-content\/uploads\/2025\/03\/Antartida_1740851668418-1140x641.jpg 1140w, https:\/\/www.correiobraziliense.com.br\/cbradar\/wp-content\/uploads\/2025\/03\/Antartida_1740851668418.jpg 1280w\" sizes=\"(max-width: 1024px) 100vw, 1024px\" \/><figcaption class=\"wp-element-caption\">Ant\u00e1rtida. Cr\u00e9ditos: depositphotos.com \/ Denis Burdin<\/figcaption><\/figure>\n\n\n\n<h2 class=\"wp-block-heading\"><strong>Um dos lugares mais extremos do mundo<\/strong><\/h2>\n\n\n\n<p>Port Martin \u00e9 um dos exemplos mais extremos das for\u00e7as da natureza. Embora n\u00e3o seja uma cidade habitada, sua breve hist\u00f3ria como base cient\u00edfica mostra como alguns lugares da Terra simplesmente n\u00e3o s\u00e3o feitos para a presen\u00e7a humana.<\/p>\n\n\n\n<p>O local continua sendo um desafio para qualquer expedi\u00e7\u00e3o que tente explor\u00e1-lo, provando que, em alguns pontos do planeta, o vento e o frio ainda dominam sem resist\u00eancia.<\/p>\n","protected":false},"excerpt":{"rendered":"<p>Uma cidade foi abandonada devido aos ventos extremos que atingem mais de 320 km\/h. Descubra os mist\u00e9rios desse lugar!<\/p>\n","protected":false},"author":3,"featured_media":8161,"comment_status":"open","ping_status":"open","sticky":false,"template":"","format":"standard","meta":{"_yoast_wpseo_focuskw":"lugar","_yoast_wpseo_title":"%%title%%","_yoast_wpseo_metadesc":"Uma cidade foi abandonada devido aos ventos extremos que atingem mais de 320 km\/h. Descubra os mist\u00e9rios desse lugar!","jnews-multi-image_gallery":[],"jnews_single_post":{"format":"standard"},"jnews_primary_category":[],"jnews_social_meta":[],"jnews_override_counter":[],"footnotes":""},"categories":[108],"post_tag":[109],"class_list":["post-8157","post","type-post","status-publish","format-standard","has-post-thumbnail","hentry","category-cidades","tag-cidades"],"yoast_head":"<!-- This site is optimized with the Yoast SEO plugin v24.6 - https:\/\/yoast.com\/wordpress\/plugins\/seo\/ -->\n<title>Essa cidade fica no lugar mais ventoso do mundo<\/title>\n<meta name=\"description\" content=\"Uma cidade foi abandonada devido aos ventos extremos que atingem mais de 320 km\/h. Descubra os mist\u00e9rios desse lugar!\" \/>\n<meta name=\"robots\" content=\"index, follow, max-snippet:-1, max-image-preview:large, max-video-preview:-1\" \/>\n<link rel=\"canonical\" href=\"https:\/\/www.correiobraziliense.com.br\/cbradar\/essa-cidade-fica-no-lugar-mais-ventoso-do-mundo\/\" \/>\n<meta property=\"og:locale\" content=\"pt_BR\" \/>\n<meta property=\"og:type\" content=\"article\" \/>\n<meta property=\"og:title\" content=\"Essa cidade fica no lugar mais ventoso do mundo\" \/>\n<meta property=\"og:description\" content=\"Uma cidade foi abandonada devido aos ventos extremos que atingem mais de 320 km\/h. Descubra os mist\u00e9rios desse lugar!\" \/>\n<meta property=\"og:url\" content=\"https:\/\/www.correiobraziliense.com.br\/cbradar\/essa-cidade-fica-no-lugar-mais-ventoso-do-mundo\/\" \/>\n<meta property=\"og:site_name\" content=\"Correio Braziliense - Radar\" \/>\n<meta property=\"article:published_time\" content=\"2025-03-03T01:50:00+00:00\" \/>\n<meta property=\"og:image\" content=\"https:\/\/www.correiobraziliense.com.br\/cbradar\/wp-content\/uploads\/2025\/03\/Port-Martin_1740851622176.jpg\" \/>\n\t<meta property=\"og:image:width\" content=\"1280\" \/>\n\t<meta property=\"og:image:height\" content=\"720\" \/>\n\t<meta property=\"og:image:type\" content=\"image\/jpeg\" \/>\n<meta name=\"author\" content=\"Larissa Carvalho\" \/>\n<meta name=\"twitter:card\" content=\"summary_large_image\" \/>\n<meta name=\"twitter:label1\" content=\"Escrito por\" \/>\n\t<meta name=\"twitter:data1\" content=\"Larissa Carvalho\" \/>\n\t<meta name=\"twitter:label2\" content=\"Est. tempo de leitura\" \/>\n\t<meta name=\"twitter:data2\" content=\"3 minutos\" \/>\n<!-- \/ Yoast SEO plugin. -->","yoast_head_json":{"title":"Essa cidade fica no lugar mais ventoso do mundo","description":"Uma cidade foi abandonada devido aos ventos extremos que atingem mais de 320 km\/h. Descubra os mist\u00e9rios desse lugar!","robots":{"index":"index","follow":"follow","max-snippet":"max-snippet:-1","max-image-preview":"max-image-preview:large","max-video-preview":"max-video-preview:-1"},"canonical":"https:\/\/www.correiobraziliense.com.br\/cbradar\/essa-cidade-fica-no-lugar-mais-ventoso-do-mundo\/","og_locale":"pt_BR","og_type":"article","og_title":"Essa cidade fica no lugar mais ventoso do mundo","og_description":"Uma cidade foi abandonada devido aos ventos extremos que atingem mais de 320 km\/h. Descubra os mist\u00e9rios desse lugar!","og_url":"https:\/\/www.correiobraziliense.com.br\/cbradar\/essa-cidade-fica-no-lugar-mais-ventoso-do-mundo\/","og_site_name":"Correio Braziliense - Radar","article_published_time":"2025-03-03T01:50:00+00:00","og_image":[{"width":1280,"height":720,"url":"https:\/\/www.correiobraziliense.com.br\/cbradar\/wp-content\/uploads\/2025\/03\/Port-Martin_1740851622176.jpg","type":"image\/jpeg"}],"author":"Larissa Carvalho","twitter_card":"summary_large_image","twitter_misc":{"Escrito por":"Larissa Carvalho","Est. tempo de leitura":"3 minutos"},"schema":{"@context":"https:\/\/schema.org","@graph":[{"@type":"WebPage","@id":"https:\/\/www.correiobraziliense.com.br\/cbradar\/essa-cidade-fica-no-lugar-mais-ventoso-do-mundo\/","url":"https:\/\/www.correiobraziliense.com.br\/cbradar\/essa-cidade-fica-no-lugar-mais-ventoso-do-mundo\/","name":"Essa cidade fica no lugar mais ventoso do mundo","isPartOf":{"@id":"https:\/\/www.correiobraziliense.com.br\/cbradar\/#website"},"primaryImageOfPage":{"@id":"https:\/\/www.correiobraziliense.com.br\/cbradar\/essa-cidade-fica-no-lugar-mais-ventoso-do-mundo\/#primaryimage"},"image":{"@id":"https:\/\/www.correiobraziliense.com.br\/cbradar\/essa-cidade-fica-no-lugar-mais-ventoso-do-mundo\/#primaryimage"},"thumbnailUrl":"https:\/\/www.correiobraziliense.com.br\/cbradar\/wp-content\/uploads\/2025\/03\/Port-Martin_1740851622176.jpg","datePublished":"2025-03-03T01:50:00+00:00","author":{"@id":"https:\/\/www.correiobraziliense.com.br\/cbradar\/#\/schema\/person\/58422787644df994b53a19d3e56c1513"},"description":"Uma cidade foi abandonada devido aos ventos extremos que atingem mais de 320 km\/h. Descubra os mist\u00e9rios desse lugar!","breadcrumb":{"@id":"https:\/\/www.correiobraziliense.com.br\/cbradar\/essa-cidade-fica-no-lugar-mais-ventoso-do-mundo\/#breadcrumb"},"inLanguage":"pt-BR","potentialAction":[{"@type":"ReadAction","target":["https:\/\/www.correiobraziliense.com.br\/cbradar\/essa-cidade-fica-no-lugar-mais-ventoso-do-mundo\/"]}]},{"@type":"ImageObject","inLanguage":"pt-BR","@id":"https:\/\/www.correiobraziliense.com.br\/cbradar\/essa-cidade-fica-no-lugar-mais-ventoso-do-mundo\/#primaryimage","url":"https:\/\/www.correiobraziliense.com.br\/cbradar\/wp-content\/uploads\/2025\/03\/Port-Martin_1740851622176.jpg","contentUrl":"https:\/\/www.correiobraziliense.com.br\/cbradar\/wp-content\/uploads\/2025\/03\/Port-Martin_1740851622176.jpg","width":1280,"height":720,"caption":"Port Martin. Cr\u00e9ditos: depositphotos.com \/ eskystudio"},{"@type":"BreadcrumbList","@id":"https:\/\/www.correiobraziliense.com.br\/cbradar\/essa-cidade-fica-no-lugar-mais-ventoso-do-mundo\/#breadcrumb","itemListElement":[{"@type":"ListItem","position":1,"name":"In\u00edcio","item":"https:\/\/www.correiobraziliense.com.br\/cbradar\/"},{"@type":"ListItem","position":2,"name":"Essa cidade fica no lugar mais ventoso do mundo"}]},{"@type":"WebSite","@id":"https:\/\/www.correiobraziliense.com.br\/cbradar\/#website","url":"https:\/\/www.correiobraziliense.com.br\/cbradar\/","name":"Correio Braziliense - Radar","description":"Acompanhe as \u00faltimas not\u00edcias e fique bem informado sobre tudo o que acontece no Brasil e no mundo.","potentialAction":[{"@type":"SearchAction","target":{"@type":"EntryPoint","urlTemplate":"https:\/\/www.correiobraziliense.com.br\/cbradar\/?s={search_term_string}"},"query-input":{"@type":"PropertyValueSpecification","valueRequired":true,"valueName":"search_term_string"}}],"inLanguage":"pt-BR"},{"@type":"Person","@id":"https:\/\/www.correiobraziliense.com.br\/cbradar\/#\/schema\/person\/58422787644df994b53a19d3e56c1513","name":"Larissa Carvalho","image":{"@type":"ImageObject","inLanguage":"pt-BR","@id":"https:\/\/www.correiobraziliense.com.br\/cbradar\/#\/schema\/person\/image\/","url":"https:\/\/secure.gravatar.com\/avatar\/fe4f91a0de32b52a838d0d612abdc1aa?s=96&d=mm&r=g","contentUrl":"https:\/\/secure.gravatar.com\/avatar\/fe4f91a0de32b52a838d0d612abdc1aa?s=96&d=mm&r=g","caption":"Larissa Carvalho"},"url":"https:\/\/www.correiobraziliense.com.br\/cbradar\/author\/larissamyth\/"}]}},"_links":{"self":[{"href":"https:\/\/www.correiobraziliense.com.br\/cbradar\/wp-json\/wp\/v2\/posts\/8157","targetHints":{"allow":["GET"]}}],"collection":[{"href":"https:\/\/www.correiobraziliense.com.br\/cbradar\/wp-json\/wp\/v2\/posts"}],"about":[{"href":"https:\/\/www.correiobraziliense.com.br\/cbradar\/wp-json\/wp\/v2\/types\/post"}],"author":[{"embeddable":true,"href":"https:\/\/www.correiobraziliense.com.br\/cbradar\/wp-json\/wp\/v2\/users\/3"}],"replies":[{"embeddable":true,"href":"https:\/\/www.correiobraziliense.com.br\/cbradar\/wp-json\/wp\/v2\/comments?post=8157"}],"version-history":[{"count":1,"href":"https:\/\/www.correiobraziliense.com.br\/cbradar\/wp-json\/wp\/v2\/posts\/8157\/revisions"}],"predecessor-version":[{"id":8163,"href":"https:\/\/www.correiobraziliense.com.br\/cbradar\/wp-json\/wp\/v2\/posts\/8157\/revisions\/8163"}],"wp:featuredmedia":[{"embeddable":true,"href":"https:\/\/www.correiobraziliense.com.br\/cbradar\/wp-json\/wp\/v2\/media\/8161"}],"wp:attachment":[{"href":"https:\/\/www.correiobraziliense.com.br\/cbradar\/wp-json\/wp\/v2\/media?parent=8157"}],"wp:term":[{"taxonomy":"category","embeddable":true,"href":"https:\/\/www.correiobraziliense.com.br\/cbradar\/wp-json\/wp\/v2\/categories?post=8157"},{"taxonomy":"post_tag","embeddable":true,"href":"https:\/\/www.correiobraziliense.com.br\/cbradar\/wp-json\/wp\/v2\/post_tag?post=8157"}],"curies":[{"name":"wp","href":"https:\/\/api.w.org\/{rel}","templated":true}]}}