{"id":8177,"date":"2025-03-02T06:10:43","date_gmt":"2025-03-02T09:10:43","guid":{"rendered":"https:\/\/www.correiobraziliense.com.br\/cbradar\/?p=8177"},"modified":"2025-03-01T16:06:30","modified_gmt":"2025-03-01T19:06:30","slug":"dicas-essenciais-para-o-cultivo-perfeito-de-ervilha-torta","status":"publish","type":"post","link":"https:\/\/www.correiobraziliense.com.br\/cbradar\/dicas-essenciais-para-o-cultivo-perfeito-de-ervilha-torta\/","title":{"rendered":"Dicas essenciais para o cultivo perfeito de ervilha-torta"},"content":{"rendered":"\n<p>A<strong> ervilha-torta<\/strong>, conhecida por suas vagens comest\u00edveis e saborosas, \u00e9 uma variedade de ervilha que se diferencia da ervilha comum por ser consumida inteira, incluindo a casca. Origin\u00e1ria de<strong> regi\u00f5es temperadas<\/strong>, a ervilha-torta \u00e9 uma excelente adi\u00e7\u00e3o a qualquer<a href=\"https:\/\/www.correiobraziliense.com.br\/cbradar\/veja-como-escolher-as-plantas-ideais-para-comecar-sua-horta-caseira-de-forma-simples\/\" target=\"_blank\" rel=\"noreferrer noopener\"> horta caseira<\/a> devido aos seus <strong>benef\u00edcios nutricionais<\/strong>, que incluem vitaminas <strong>A, C e K<\/strong>, al\u00e9m de fibras e antioxidantes. Incorporar ervilha-torta na alimenta\u00e7\u00e3o pode contribuir para uma dieta equilibrada e saud\u00e1vel.<\/p>\n\n\n\n<h2 class=\"wp-block-heading\">Qual o melhor clima e solo para o cultivo?<\/h2>\n\n\n\n<p>O cultivo de ervilha-torta \u00e9 mais adequado em<strong> climas frios e amenos<\/strong>, sendo ideal para regi\u00f5es com temperaturas entre <strong>10\u00b0C e 20\u00b0C<\/strong>. Para garantir um crescimento saud\u00e1vel, \u00e9 fundamental preparar um<strong> solo f\u00e9rtil e bem drenado<\/strong>. O ajuste do<strong> pH do solo<\/strong>, mantendo-o entre<strong> 6,0 e 7,5<\/strong>, \u00e9 crucial, assim como a pr\u00e1tica da rota\u00e7\u00e3o de culturas para evitar o esgotamento dos nutrientes.<\/p>\n\n\n\n<h2 class=\"wp-block-heading\">Sementes ou mudas?<\/h2>\n\n\n\n<p>Para plantar ervilha-torta, pode-se optar por sementes ou mudas. <strong>A germina\u00e7\u00e3o das sementes deve ser feita em local protegido, garantindo uma brota\u00e7\u00e3o r\u00e1pida. O espa\u00e7amento ideal entre as plantas \u00e9 de cerca de 5 a 10 cm, evitando a competi\u00e7\u00e3o por nutrientes<\/strong>. Escolher variedades que produzem mais e colhem mais r\u00e1pido pode otimizar o cultivo.<\/p>\n\n\n\n<h2 class=\"wp-block-heading\">Como regar corretamente a ervilha-torta para um crescimento saud\u00e1vel?<\/h2>\n\n\n\n<p>A irriga\u00e7\u00e3o adequada \u00e9 essencial para o <strong>cultivo <\/strong>de ervilha-torta. A frequ\u00eancia ideal \u00e9 manter o solo \u00famido, mas sem encharcar, para prevenir fungos nas ra\u00edzes e folhas. O melhor hor\u00e1rio para regar \u00e9 pela manh\u00e3, garantindo que as plantas tenham um desenvolvimento vigoroso ao longo do dia.<\/p>\n\n\n\n<h2 class=\"wp-block-heading\">Como adubar a ervilha-torta para acelerar o crescimento e aumentar a produ\u00e7\u00e3o?<\/h2>\n\n\n\n<p>Adubar a ervilha-torta com nutrientes essenciais \u00e9 crucial para<strong> fortalecer a planta e garantir vagens macias<\/strong>. O uso de <strong>adubos org\u00e2nicos<\/strong> e fertilizantes naturais pode potencializar a colheita. A melhor \u00e9poca para adubar \u00e9 no in\u00edcio do cultivo e durante o crescimento, mantendo a fertilidade do solo.<\/p>\n\n\n\n<h2 class=\"wp-block-heading\">Como tutoramento ajuda a ervilha-torta a crescer melhor?<\/h2>\n\n\n\n<p>O <strong>tutoramento <\/strong>\u00e9 uma t\u00e9cnica importante para o cultivo de ervilha-torta, pois oferece suporte \u00e0 planta, evitando o contato direto com o solo. Instalar treli\u00e7as, estacas ou redes ajuda a guiar o crescimento. Al\u00e9m disso, a poda leve pode estimular um crescimento mais produtivo, aumentando a produ\u00e7\u00e3o de vagens.<\/p>\n\n\n<div class=\"wp-block-image\">\n<figure class=\"aligncenter size-large\"><img decoding=\"async\" width=\"1024\" height=\"576\" src=\"https:\/\/www.correiobraziliense.com.br\/cbradar\/wp-content\/uploads\/2025\/03\/ervilha_1740855609900-1024x576.jpg\" alt=\"Dicas essenciais para o cultivo perfeito de ervilha-torta\" class=\"wp-image-8180\" srcset=\"https:\/\/www.correiobraziliense.com.br\/cbradar\/wp-content\/uploads\/2025\/03\/ervilha_1740855609900-1024x576.jpg 1024w, https:\/\/www.correiobraziliense.com.br\/cbradar\/wp-content\/uploads\/2025\/03\/ervilha_1740855609900-300x169.jpg 300w, https:\/\/www.correiobraziliense.com.br\/cbradar\/wp-content\/uploads\/2025\/03\/ervilha_1740855609900-768x432.jpg 768w, https:\/\/www.correiobraziliense.com.br\/cbradar\/wp-content\/uploads\/2025\/03\/ervilha_1740855609900-750x422.jpg 750w, https:\/\/www.correiobraziliense.com.br\/cbradar\/wp-content\/uploads\/2025\/03\/ervilha_1740855609900-1140x641.jpg 1140w, https:\/\/www.correiobraziliense.com.br\/cbradar\/wp-content\/uploads\/2025\/03\/ervilha_1740855609900.jpg 1280w\" sizes=\"(max-width: 1024px) 100vw, 1024px\" \/><figcaption class=\"wp-element-caption\">Ervilha &#8211; Cr\u00e9ditos: depositphotos.com \/ Rashevskiy<\/figcaption><\/figure><\/div>\n\n\n<h2 class=\"wp-block-heading\">Como evitar pragas e doen\u00e7as no cultivo da ervilha-torta?<\/h2>\n\n\n\n<p>Pragas como <strong>pulg\u00f5es e lagartas<\/strong> s\u00e3o comuns no cultivo de ervilha-torta. Combat\u00ea-las naturalmente, utilizando m\u00e9todos org\u00e2nicos, \u00e9 uma forma eficaz de manter a planta\u00e7\u00e3o saud\u00e1vel. Evitar fungos e doen\u00e7as foliares durante per\u00edodos \u00famidos \u00e9 poss\u00edvel com a manuten\u00e7\u00e3o de um bom espa\u00e7amento entre as plantas e a rota\u00e7\u00e3o de culturas.<\/p>\n\n\n\n<h2 class=\"wp-block-heading\">Quanto tempo a ervilha-torta leva para dar frutos e como acelerar esse processo?<\/h2>\n\n\n\n<p>O tempo m\u00e9dio para a frutifica\u00e7\u00e3o da ervilha-torta varia entre <strong>60 a 70 dias ap\u00f3s o plantio<\/strong>. T\u00e9cnicas avan\u00e7adas, como o uso de fertilizantes espec\u00edficos e a escolha de variedades precoces, podem estimular a flora\u00e7\u00e3o e frutifica\u00e7\u00e3o mais cedo. O clima e a nutri\u00e7\u00e3o tamb\u00e9m desempenham pap\u00e9is importantes na produ\u00e7\u00e3o das vagens.<\/p>\n\n\n\n<h2 class=\"wp-block-heading\">Como colher a ervilha-torta no ponto certo de matura\u00e7\u00e3o?<\/h2>\n\n\n\n<p>Identificar o momento ideal para a colheita \u00e9 crucial para evitar <strong>vagens fibrosas<\/strong>. A colheita deve ser feita quando as vagens est\u00e3o cheias, mas ainda tenras. Para colher sem danificar a planta, \u00e9 recomend\u00e1vel usar uma tesoura de poda. Ap\u00f3s a <strong>colheita, as ervilhas-tortas devem ser armazenadas em local fresco <\/strong>para conservar sua qualidade.<\/p>\n\n\n\n<h2 class=\"wp-block-heading\">Erros comuns ao cultivar ervilha-torta e como evit\u00e1-los<\/h2>\n\n\n\n<p>Alguns erros comuns no cultivo de ervilha-torta incluem plantar em locais muito quentes, o que reduz a produtividade, e a falta de tutoramento, que dificulta o crescimento e a colheita. Colher tarde demais pode resultar em vagens duras e menos saborosas. Evitar esses erros \u00e9 essencial para um cultivo bem-sucedido.<\/p>\n\n\n\n<h2 class=\"wp-block-heading\">Perguntas Frequentes sobre o cultivo de ervilha-torta<\/h2>\n\n\n\n<ul class=\"wp-block-list\">\n<li><strong>Qual \u00e9 a melhor \u00e9poca para plantar ervilha-torta?<\/strong> A melhor \u00e9poca \u00e9 no in\u00edcio da primavera ou no outono, quando as temperaturas s\u00e3o mais amenas.<\/li>\n\n\n\n<li><strong>\u00c9 necess\u00e1rio adubar a ervilha-torta frequentemente?<\/strong> Sim, adubar no in\u00edcio do cultivo e durante o crescimento ajuda a manter a fertilidade do solo.<\/li>\n\n\n\n<li><strong>Como posso prevenir pragas de forma org\u00e2nica?<\/strong> Usar armadilhas naturais e plantas repelentes pode ajudar a controlar pragas sem qu\u00edmicos.<\/li>\n<\/ul>\n\n\n\n<p>Experimente essas dicas e comece a cultivar sua pr\u00f3pria ervilha-torta em casa. Com dedica\u00e7\u00e3o e cuidado, \u00e9 poss\u00edvel colher vagens saborosas e nutritivas, enriquecendo sua alimenta\u00e7\u00e3o e aproveitando os benef\u00edcios de uma horta caseira.<\/p>\n","protected":false},"excerpt":{"rendered":"<p>A ervilha-torta, conhecida por suas vagens comest\u00edveis e saborosas, \u00e9 uma variedade de ervilha que se diferencia da ervilha comum por ser consumida inteira, incluindo a casca. Origin\u00e1ria de regi\u00f5es temperadas, a ervilha-torta \u00e9 uma excelente adi\u00e7\u00e3o a qualquer horta caseira devido aos seus benef\u00edcios nutricionais, que incluem vitaminas A, C e K, al\u00e9m de [&hellip;]<\/p>\n","protected":false},"author":9,"featured_media":8178,"comment_status":"open","ping_status":"open","sticky":false,"template":"","format":"standard","meta":{"_yoast_wpseo_focuskw":"ervilha-torta","_yoast_wpseo_title":"%%title%% %%page%%","_yoast_wpseo_metadesc":"Aprenda como cultivar ervilha-torta de forma simples e eficiente, com dicas essenciais para uma colheita saud\u00e1vel e saborosa.","jnews-multi-image_gallery":[],"jnews_single_post":{"format":"standard"},"jnews_primary_category":[],"jnews_social_meta":[],"jnews_override_counter":[],"footnotes":""},"categories":[136],"tags":[614,1386,1308],"class_list":["post-8177","post","type-post","status-publish","format-standard","has-post-thumbnail","hentry","category-jardinagem","tag-cultivo","tag-ervilhas","tag-vegetais"],"yoast_head":"<!-- This site is optimized with the Yoast SEO plugin v24.6 - https:\/\/yoast.com\/wordpress\/plugins\/seo\/ -->\n<title>Dicas essenciais para o cultivo perfeito de ervilha-torta<\/title>\n<meta name=\"description\" content=\"Aprenda como cultivar ervilha-torta de forma simples e eficiente, com dicas essenciais para uma colheita saud\u00e1vel e saborosa.\" \/>\n<meta name=\"robots\" content=\"index, follow, max-snippet:-1, max-image-preview:large, max-video-preview:-1\" \/>\n<link rel=\"canonical\" href=\"https:\/\/www.correiobraziliense.com.br\/cbradar\/dicas-essenciais-para-o-cultivo-perfeito-de-ervilha-torta\/\" \/>\n<meta property=\"og:locale\" content=\"pt_BR\" \/>\n<meta property=\"og:type\" content=\"article\" \/>\n<meta property=\"og:title\" content=\"Dicas essenciais para o cultivo perfeito de ervilha-torta\" \/>\n<meta property=\"og:description\" content=\"Aprenda como cultivar ervilha-torta de forma simples e eficiente, com dicas essenciais para uma colheita saud\u00e1vel e saborosa.\" \/>\n<meta property=\"og:url\" content=\"https:\/\/www.correiobraziliense.com.br\/cbradar\/dicas-essenciais-para-o-cultivo-perfeito-de-ervilha-torta\/\" \/>\n<meta property=\"og:site_name\" content=\"Correio Braziliense - Radar\" \/>\n<meta property=\"article:published_time\" content=\"2025-03-02T09:10:43+00:00\" \/>\n<meta property=\"og:image\" content=\"https:\/\/www.correiobraziliense.com.br\/cbradar\/wp-content\/uploads\/2025\/03\/ervilha_1740855418959.jpg\" \/>\n\t<meta property=\"og:image:width\" content=\"1280\" \/>\n\t<meta property=\"og:image:height\" content=\"720\" \/>\n\t<meta property=\"og:image:type\" content=\"image\/jpeg\" \/>\n<meta name=\"author\" content=\"Daniely Cardoso\" \/>\n<meta name=\"twitter:card\" content=\"summary_large_image\" \/>\n<meta name=\"twitter:label1\" content=\"Escrito por\" \/>\n\t<meta name=\"twitter:data1\" content=\"Daniely Cardoso\" \/>\n\t<meta name=\"twitter:label2\" content=\"Est. tempo de leitura\" \/>\n\t<meta name=\"twitter:data2\" content=\"5 minutos\" \/>\n<!-- \/ Yoast SEO plugin. -->","yoast_head_json":{"title":"Dicas essenciais para o cultivo perfeito de ervilha-torta","description":"Aprenda como cultivar ervilha-torta de forma simples e eficiente, com dicas essenciais para uma colheita saud\u00e1vel e saborosa.","robots":{"index":"index","follow":"follow","max-snippet":"max-snippet:-1","max-image-preview":"max-image-preview:large","max-video-preview":"max-video-preview:-1"},"canonical":"https:\/\/www.correiobraziliense.com.br\/cbradar\/dicas-essenciais-para-o-cultivo-perfeito-de-ervilha-torta\/","og_locale":"pt_BR","og_type":"article","og_title":"Dicas essenciais para o cultivo perfeito de ervilha-torta","og_description":"Aprenda como cultivar ervilha-torta de forma simples e eficiente, com dicas essenciais para uma colheita saud\u00e1vel e saborosa.","og_url":"https:\/\/www.correiobraziliense.com.br\/cbradar\/dicas-essenciais-para-o-cultivo-perfeito-de-ervilha-torta\/","og_site_name":"Correio Braziliense - Radar","article_published_time":"2025-03-02T09:10:43+00:00","og_image":[{"width":1280,"height":720,"url":"https:\/\/www.correiobraziliense.com.br\/cbradar\/wp-content\/uploads\/2025\/03\/ervilha_1740855418959.jpg","type":"image\/jpeg"}],"author":"Daniely Cardoso","twitter_card":"summary_large_image","twitter_misc":{"Escrito por":"Daniely Cardoso","Est. tempo de leitura":"5 minutos"},"schema":{"@context":"https:\/\/schema.org","@graph":[{"@type":"WebPage","@id":"https:\/\/www.correiobraziliense.com.br\/cbradar\/dicas-essenciais-para-o-cultivo-perfeito-de-ervilha-torta\/","url":"https:\/\/www.correiobraziliense.com.br\/cbradar\/dicas-essenciais-para-o-cultivo-perfeito-de-ervilha-torta\/","name":"Dicas essenciais para o cultivo perfeito de ervilha-torta","isPartOf":{"@id":"https:\/\/www.correiobraziliense.com.br\/cbradar\/#website"},"primaryImageOfPage":{"@id":"https:\/\/www.correiobraziliense.com.br\/cbradar\/dicas-essenciais-para-o-cultivo-perfeito-de-ervilha-torta\/#primaryimage"},"image":{"@id":"https:\/\/www.correiobraziliense.com.br\/cbradar\/dicas-essenciais-para-o-cultivo-perfeito-de-ervilha-torta\/#primaryimage"},"thumbnailUrl":"https:\/\/www.correiobraziliense.com.br\/cbradar\/wp-content\/uploads\/2025\/03\/ervilha_1740855418959.jpg","datePublished":"2025-03-02T09:10:43+00:00","author":{"@id":"https:\/\/www.correiobraziliense.com.br\/cbradar\/#\/schema\/person\/7356666e12ec0ee53f348ee5db227032"},"description":"Aprenda como cultivar ervilha-torta de forma simples e eficiente, com dicas essenciais para uma colheita saud\u00e1vel e saborosa.","breadcrumb":{"@id":"https:\/\/www.correiobraziliense.com.br\/cbradar\/dicas-essenciais-para-o-cultivo-perfeito-de-ervilha-torta\/#breadcrumb"},"inLanguage":"pt-BR","potentialAction":[{"@type":"ReadAction","target":["https:\/\/www.correiobraziliense.com.br\/cbradar\/dicas-essenciais-para-o-cultivo-perfeito-de-ervilha-torta\/"]}]},{"@type":"ImageObject","inLanguage":"pt-BR","@id":"https:\/\/www.correiobraziliense.com.br\/cbradar\/dicas-essenciais-para-o-cultivo-perfeito-de-ervilha-torta\/#primaryimage","url":"https:\/\/www.correiobraziliense.com.br\/cbradar\/wp-content\/uploads\/2025\/03\/ervilha_1740855418959.jpg","contentUrl":"https:\/\/www.correiobraziliense.com.br\/cbradar\/wp-content\/uploads\/2025\/03\/ervilha_1740855418959.jpg","width":1280,"height":720,"caption":"Ervilha - Cr\u00e9ditos: depositphotos.com \/ AntonMatyukha"},{"@type":"BreadcrumbList","@id":"https:\/\/www.correiobraziliense.com.br\/cbradar\/dicas-essenciais-para-o-cultivo-perfeito-de-ervilha-torta\/#breadcrumb","itemListElement":[{"@type":"ListItem","position":1,"name":"In\u00edcio","item":"https:\/\/www.correiobraziliense.com.br\/cbradar\/"},{"@type":"ListItem","position":2,"name":"Dicas essenciais para o cultivo perfeito de ervilha-torta"}]},{"@type":"WebSite","@id":"https:\/\/www.correiobraziliense.com.br\/cbradar\/#website","url":"https:\/\/www.correiobraziliense.com.br\/cbradar\/","name":"Correio Braziliense - Radar","description":"Acompanhe as \u00faltimas not\u00edcias e fique bem informado sobre tudo o que acontece no Brasil e no mundo.","potentialAction":[{"@type":"SearchAction","target":{"@type":"EntryPoint","urlTemplate":"https:\/\/www.correiobraziliense.com.br\/cbradar\/?s={search_term_string}"},"query-input":{"@type":"PropertyValueSpecification","valueRequired":true,"valueName":"search_term_string"}}],"inLanguage":"pt-BR"},{"@type":"Person","@id":"https:\/\/www.correiobraziliense.com.br\/cbradar\/#\/schema\/person\/7356666e12ec0ee53f348ee5db227032","name":"Daniely Cardoso","image":{"@type":"ImageObject","inLanguage":"pt-BR","@id":"https:\/\/www.correiobraziliense.com.br\/cbradar\/#\/schema\/person\/image\/","url":"https:\/\/secure.gravatar.com\/avatar\/4b80ddbd124d1f071b626d52d62e5dff?s=96&d=mm&r=g","contentUrl":"https:\/\/secure.gravatar.com\/avatar\/4b80ddbd124d1f071b626d52d62e5dff?s=96&d=mm&r=g","caption":"Daniely Cardoso"},"description":"Redatora nos portais CB Radar e EM Foco, formada pela Universidade Federal de Goi\u00e1s, em Goi\u00e2nia. Apaixonada por comunica\u00e7\u00e3o, arte, decora\u00e7\u00e3o e tend\u00eancias, atuo na produ\u00e7\u00e3o de conte\u00fados envolventes sobre curiosidades, moda, beleza e paisagismo, sempre com um olhar atento \u00e0s novidades do momento.","sameAs":["https:\/\/www.correiobraziliense.com.br\/cbradar"],"url":"https:\/\/www.correiobraziliense.com.br\/cbradar\/author\/danielymyth\/"}]}},"_links":{"self":[{"href":"https:\/\/www.correiobraziliense.com.br\/cbradar\/wp-json\/wp\/v2\/posts\/8177","targetHints":{"allow":["GET"]}}],"collection":[{"href":"https:\/\/www.correiobraziliense.com.br\/cbradar\/wp-json\/wp\/v2\/posts"}],"about":[{"href":"https:\/\/www.correiobraziliense.com.br\/cbradar\/wp-json\/wp\/v2\/types\/post"}],"author":[{"embeddable":true,"href":"https:\/\/www.correiobraziliense.com.br\/cbradar\/wp-json\/wp\/v2\/users\/9"}],"replies":[{"embeddable":true,"href":"https:\/\/www.correiobraziliense.com.br\/cbradar\/wp-json\/wp\/v2\/comments?post=8177"}],"version-history":[{"count":2,"href":"https:\/\/www.correiobraziliense.com.br\/cbradar\/wp-json\/wp\/v2\/posts\/8177\/revisions"}],"predecessor-version":[{"id":8181,"href":"https:\/\/www.correiobraziliense.com.br\/cbradar\/wp-json\/wp\/v2\/posts\/8177\/revisions\/8181"}],"wp:featuredmedia":[{"embeddable":true,"href":"https:\/\/www.correiobraziliense.com.br\/cbradar\/wp-json\/wp\/v2\/media\/8178"}],"wp:attachment":[{"href":"https:\/\/www.correiobraziliense.com.br\/cbradar\/wp-json\/wp\/v2\/media?parent=8177"}],"wp:term":[{"taxonomy":"category","embeddable":true,"href":"https:\/\/www.correiobraziliense.com.br\/cbradar\/wp-json\/wp\/v2\/categories?post=8177"},{"taxonomy":"post_tag","embeddable":true,"href":"https:\/\/www.correiobraziliense.com.br\/cbradar\/wp-json\/wp\/v2\/tags?post=8177"}],"curies":[{"name":"wp","href":"https:\/\/api.w.org\/{rel}","templated":true}]}}