{"id":81794,"date":"2025-08-07T06:53:00","date_gmt":"2025-08-07T09:53:00","guid":{"rendered":"https:\/\/www.correiobraziliense.com.br\/cbradar\/?p=81794"},"modified":"2025-08-06T11:25:47","modified_gmt":"2025-08-06T14:25:47","slug":"quanto-tempo-um-cachorro-pode-ficar-sozinho-sem-sofrer-regras-a-saber-para-evitar-tedio-e-ansiedade","status":"publish","type":"post","link":"https:\/\/www.correiobraziliense.com.br\/cbradar\/quanto-tempo-um-cachorro-pode-ficar-sozinho-sem-sofrer-regras-a-saber-para-evitar-tedio-e-ansiedade\/","title":{"rendered":"Quanto tempo um cachorro pode ficar sozinho sem sofrer? Regras a saber para evitar t\u00e9dio e ansiedade"},"content":{"rendered":"\n<p>Deixar seu c\u00e3o sozinho em casa \u00e9 uma preocupa\u00e7\u00e3o comum entre os donos. Entender as necessidades dos nossos amigos caninos e gerenciar bem esse tempo \u00e9 essencial para seu bem-estar.<\/p>\n\n\n\n<ul class=\"wp-block-list\">\n<li>A idade e a personalidade do c\u00e3o influenciam no tempo que ele pode ficar s\u00f3.<\/li>\n\n\n\n<li>O manejo adequado do ambiente pode minimizar o estresse e a ansiedade.<\/li>\n\n\n\n<li>Aten\u00e7\u00e3o aos sinais de alerta de ansiedade de separa\u00e7\u00e3o.<\/li>\n<\/ul>\n\n\n\n<h2 class=\"wp-block-heading\">Como prolongar o tempo que o c\u00e3o pode ficar sozinho?<\/h2>\n\n\n\n<p>Os<strong> c\u00e3es s\u00e3o animais sociais<\/strong> e n\u00e3o foram feitos para ficarem sozinhos por longos per\u00edodos. Embora possam aprender a se adaptar, n\u00e3o deveriam passar o dia inteiro sem companhia.<\/p>\n\n\n\n<p>Um<strong> filhote<\/strong> aguenta apenas cerca de duas horas de aus\u00eancia. Com o crescimento, essa toler\u00e2ncia pode aumentar, mas cuidados especiais s\u00e3o necess\u00e1rios para prolong\u00e1-la.<\/p>\n\n\n\n<h2 class=\"wp-block-heading\">Qual \u00e9 o m\u00e1ximo de horas recomendadas?<\/h2>\n\n\n\n<p>Para um <strong>c\u00e3o adulto<\/strong> equilibrado, recomenda-se um limite de 4 a 6 horas sozinho. Exceder 8 horas n\u00e3o \u00e9 ideal, especialmente para c\u00e3es mais sens\u00edveis ou idosos.<\/p>\n\n\n\n<p>Para <strong>c\u00e3es jovens<\/strong> ou <strong>s\u00eaniores<\/strong>, visitas frequentes s\u00e3o essenciais. Evite testar os limites da paci\u00eancia do seu animal.<\/p>\n\n\n\n<figure class=\"wp-block-image size-large\"><img decoding=\"async\" width=\"1024\" height=\"576\" src=\"https:\/\/www.correiobraziliense.com.br\/cbradar\/wp-content\/uploads\/2025\/08\/cachorro-sozinho_1754490304432-1024x576.jpg\" alt=\"Quanto tempo um cachorro pode ficar sozinho sem sofrer? Regras a saber para evitar t\u00e9dio e ansiedade\" class=\"wp-image-81797\" srcset=\"https:\/\/www.correiobraziliense.com.br\/cbradar\/wp-content\/uploads\/2025\/08\/cachorro-sozinho_1754490304432-1024x576.jpg 1024w, https:\/\/www.correiobraziliense.com.br\/cbradar\/wp-content\/uploads\/2025\/08\/cachorro-sozinho_1754490304432-300x169.jpg 300w, https:\/\/www.correiobraziliense.com.br\/cbradar\/wp-content\/uploads\/2025\/08\/cachorro-sozinho_1754490304432-768x432.jpg 768w, https:\/\/www.correiobraziliense.com.br\/cbradar\/wp-content\/uploads\/2025\/08\/cachorro-sozinho_1754490304432-750x422.jpg 750w, https:\/\/www.correiobraziliense.com.br\/cbradar\/wp-content\/uploads\/2025\/08\/cachorro-sozinho_1754490304432-1140x641.jpg 1140w, https:\/\/www.correiobraziliense.com.br\/cbradar\/wp-content\/uploads\/2025\/08\/cachorro-sozinho_1754490304432.jpg 1280w\" sizes=\"(max-width: 1024px) 100vw, 1024px\" \/><figcaption class=\"wp-element-caption\">cachorro sozinho. Cr\u00e9ditos: depositphotos.com \/ damedeeso<\/figcaption><\/figure>\n\n\n\n<h2 class=\"wp-block-heading\">Como manter seu c\u00e3o feliz na sua aus\u00eancia<\/h2>\n\n\n\n<p>Preparar o ambiente \u00e9 crucial. Um espa\u00e7o acolhedor com cama, coberta com odor familiar e acesso \u00e0 \u00e1gua \u00e9 reconfortante para o c\u00e3o.<\/p>\n\n\n\n<p>Os<strong> brinquedos interativos<\/strong> s\u00e3o \u00f3timos aliados. Jogos de busca e quebra-cabe\u00e7as ajudam a manter o c\u00e3o entretido e distra\u00eddo do t\u00e9dio.<\/p>\n\n\n\n<h2 class=\"wp-block-heading\">Solu\u00e7\u00f5es para longos per\u00edodos de aus\u00eancia<\/h2>\n\n\n\n<p>Considere contratar um <strong>dog-sitter<\/strong> para passeios ou uma parada na creche canina. Parentes ou amigos tamb\u00e9m podem ajudar com visitas breves ao longo do dia.<\/p>\n\n\n\n<p>Uma <strong>pausa para o almo\u00e7o<\/strong> em casa ou uma caminhada \u00e0 tarde s\u00e3o estrat\u00e9gias eficazes contra a ansiedade.<\/p>\n\n\n\n<p>Leia tamb\u00e9m: <a href=\"https:\/\/www.correiobraziliense.com.br\/cbradar\/como-fazer-um-cachorro-velho-feliz-dicas-de-veterinarios\/\" target=\"_blank\" rel=\"noreferrer noopener\">Como fazer um cachorro velho feliz: dicas de veterin\u00e1rios<\/a><\/p>\n\n\n\n<h2 class=\"wp-block-heading\">Sinais de alerta e como responder<\/h2>\n\n\n\n<p>Destrui\u00e7\u00e3o, <strong>latidos<\/strong> excessivos e malpropriedade s\u00fabita s\u00e3o sinais de alerta. Alterar rotinas e incentivar momentos de relaxamento pode ajudar.<\/p>\n\n\n\n<p>Evite respostas punitivas. Foque no <strong>refor\u00e7o positivo<\/strong> e premia\u00e7\u00f5es por bom comportamento para aliviar a tens\u00e3o.<\/p>\n\n\n\n<h2 class=\"wp-block-heading\">Seu C\u00e3o, Sua Responsabilidade<\/h2>\n\n\n\n<ul class=\"wp-block-list\">\n<li>A<strong> solid\u00e3o controlada<\/strong> \u00e9 fundamental para a sa\u00fade mental do seu c\u00e3o.<\/li>\n\n\n\n<li>Mantenha <strong>atividades e brinquedos<\/strong> para entret\u00ea-lo quando n\u00e3o estiver presente.<\/li>\n\n\n\n<li>Seja vigilante aos sinais de ansiedade e implemente solu\u00e7\u00f5es personalizadas de acordo com as necessidades do seu c\u00e3o.<\/li>\n<\/ul>\n","protected":false},"excerpt":{"rendered":"<p>Descubra por quanto tempo um c\u00e3o pode ficar sozinho sem sofrer: saiba como equilibrar independ\u00eancia e bem-estar canino com dicas pr\u00e1ticas.<\/p>\n","protected":false},"author":3,"featured_media":81796,"comment_status":"open","ping_status":"open","sticky":false,"template":"","format":"standard","meta":{"_yoast_wpseo_focuskw":"tempo cachorro ficar sozinho","_yoast_wpseo_title":"%%title%%","_yoast_wpseo_metadesc":"Descubra por quanto tempo um c\u00e3o pode ficar sozinho sem sofrer: saiba como equilibrar independ\u00eancia e bem-estar canino com dicas pr\u00e1ticas.","jnews-multi-image_gallery":[],"jnews_single_post":{"format":"standard"},"jnews_primary_category":[],"jnews_social_meta":[],"jnews_override_counter":[],"footnotes":""},"categories":[112],"tags":[1977,378,144],"class_list":["post-81794","post","type-post","status-publish","format-standard","has-post-thumbnail","hentry","category-curiosidades","tag-animais-de-estimacao","tag-cachorro","tag-curiosidades"],"yoast_head":"<!-- This site is optimized with the Yoast SEO plugin v24.6 - https:\/\/yoast.com\/wordpress\/plugins\/seo\/ -->\n<title>Quanto tempo um cachorro pode ficar sozinho sem sofrer? Regras a saber para evitar t\u00e9dio e ansiedade<\/title>\n<meta name=\"description\" content=\"Descubra por quanto tempo um c\u00e3o pode ficar sozinho sem sofrer: saiba como equilibrar independ\u00eancia e bem-estar canino com dicas pr\u00e1ticas.\" \/>\n<meta name=\"robots\" content=\"index, follow, max-snippet:-1, max-image-preview:large, max-video-preview:-1\" \/>\n<link rel=\"canonical\" href=\"https:\/\/www.correiobraziliense.com.br\/cbradar\/quanto-tempo-um-cachorro-pode-ficar-sozinho-sem-sofrer-regras-a-saber-para-evitar-tedio-e-ansiedade\/\" \/>\n<meta property=\"og:locale\" content=\"pt_BR\" \/>\n<meta property=\"og:type\" content=\"article\" \/>\n<meta property=\"og:title\" content=\"Quanto tempo um cachorro pode ficar sozinho sem sofrer? Regras a saber para evitar t\u00e9dio e ansiedade\" \/>\n<meta property=\"og:description\" content=\"Descubra por quanto tempo um c\u00e3o pode ficar sozinho sem sofrer: saiba como equilibrar independ\u00eancia e bem-estar canino com dicas pr\u00e1ticas.\" \/>\n<meta property=\"og:url\" content=\"https:\/\/www.correiobraziliense.com.br\/cbradar\/quanto-tempo-um-cachorro-pode-ficar-sozinho-sem-sofrer-regras-a-saber-para-evitar-tedio-e-ansiedade\/\" \/>\n<meta property=\"og:site_name\" content=\"Correio Braziliense - Radar\" \/>\n<meta property=\"article:published_time\" content=\"2025-08-07T09:53:00+00:00\" \/>\n<meta property=\"og:image\" content=\"https:\/\/www.correiobraziliense.com.br\/cbradar\/wp-content\/uploads\/2025\/08\/cachorro-sozinho_1754490224079.jpg\" \/>\n\t<meta property=\"og:image:width\" content=\"1280\" \/>\n\t<meta property=\"og:image:height\" content=\"720\" \/>\n\t<meta property=\"og:image:type\" content=\"image\/jpeg\" \/>\n<meta name=\"author\" content=\"Larissa Carvalho\" \/>\n<meta name=\"twitter:card\" content=\"summary_large_image\" \/>\n<meta name=\"twitter:label1\" content=\"Escrito por\" \/>\n\t<meta name=\"twitter:data1\" content=\"Larissa Carvalho\" \/>\n\t<meta name=\"twitter:label2\" content=\"Est. tempo de leitura\" \/>\n\t<meta name=\"twitter:data2\" content=\"3 minutos\" \/>\n<!-- \/ Yoast SEO plugin. -->","yoast_head_json":{"title":"Quanto tempo um cachorro pode ficar sozinho sem sofrer? Regras a saber para evitar t\u00e9dio e ansiedade","description":"Descubra por quanto tempo um c\u00e3o pode ficar sozinho sem sofrer: saiba como equilibrar independ\u00eancia e bem-estar canino com dicas pr\u00e1ticas.","robots":{"index":"index","follow":"follow","max-snippet":"max-snippet:-1","max-image-preview":"max-image-preview:large","max-video-preview":"max-video-preview:-1"},"canonical":"https:\/\/www.correiobraziliense.com.br\/cbradar\/quanto-tempo-um-cachorro-pode-ficar-sozinho-sem-sofrer-regras-a-saber-para-evitar-tedio-e-ansiedade\/","og_locale":"pt_BR","og_type":"article","og_title":"Quanto tempo um cachorro pode ficar sozinho sem sofrer? Regras a saber para evitar t\u00e9dio e ansiedade","og_description":"Descubra por quanto tempo um c\u00e3o pode ficar sozinho sem sofrer: saiba como equilibrar independ\u00eancia e bem-estar canino com dicas pr\u00e1ticas.","og_url":"https:\/\/www.correiobraziliense.com.br\/cbradar\/quanto-tempo-um-cachorro-pode-ficar-sozinho-sem-sofrer-regras-a-saber-para-evitar-tedio-e-ansiedade\/","og_site_name":"Correio Braziliense - Radar","article_published_time":"2025-08-07T09:53:00+00:00","og_image":[{"width":1280,"height":720,"url":"https:\/\/www.correiobraziliense.com.br\/cbradar\/wp-content\/uploads\/2025\/08\/cachorro-sozinho_1754490224079.jpg","type":"image\/jpeg"}],"author":"Larissa Carvalho","twitter_card":"summary_large_image","twitter_misc":{"Escrito por":"Larissa Carvalho","Est. tempo de leitura":"3 minutos"},"schema":{"@context":"https:\/\/schema.org","@graph":[{"@type":"WebPage","@id":"https:\/\/www.correiobraziliense.com.br\/cbradar\/quanto-tempo-um-cachorro-pode-ficar-sozinho-sem-sofrer-regras-a-saber-para-evitar-tedio-e-ansiedade\/","url":"https:\/\/www.correiobraziliense.com.br\/cbradar\/quanto-tempo-um-cachorro-pode-ficar-sozinho-sem-sofrer-regras-a-saber-para-evitar-tedio-e-ansiedade\/","name":"Quanto tempo um cachorro pode ficar sozinho sem sofrer? Regras a saber para evitar t\u00e9dio e ansiedade","isPartOf":{"@id":"https:\/\/www.correiobraziliense.com.br\/cbradar\/#website"},"primaryImageOfPage":{"@id":"https:\/\/www.correiobraziliense.com.br\/cbradar\/quanto-tempo-um-cachorro-pode-ficar-sozinho-sem-sofrer-regras-a-saber-para-evitar-tedio-e-ansiedade\/#primaryimage"},"image":{"@id":"https:\/\/www.correiobraziliense.com.br\/cbradar\/quanto-tempo-um-cachorro-pode-ficar-sozinho-sem-sofrer-regras-a-saber-para-evitar-tedio-e-ansiedade\/#primaryimage"},"thumbnailUrl":"https:\/\/www.correiobraziliense.com.br\/cbradar\/wp-content\/uploads\/2025\/08\/cachorro-sozinho_1754490224079.jpg","datePublished":"2025-08-07T09:53:00+00:00","author":{"@id":"https:\/\/www.correiobraziliense.com.br\/cbradar\/#\/schema\/person\/58422787644df994b53a19d3e56c1513"},"description":"Descubra por quanto tempo um c\u00e3o pode ficar sozinho sem sofrer: saiba como equilibrar independ\u00eancia e bem-estar canino com dicas pr\u00e1ticas.","breadcrumb":{"@id":"https:\/\/www.correiobraziliense.com.br\/cbradar\/quanto-tempo-um-cachorro-pode-ficar-sozinho-sem-sofrer-regras-a-saber-para-evitar-tedio-e-ansiedade\/#breadcrumb"},"inLanguage":"pt-BR","potentialAction":[{"@type":"ReadAction","target":["https:\/\/www.correiobraziliense.com.br\/cbradar\/quanto-tempo-um-cachorro-pode-ficar-sozinho-sem-sofrer-regras-a-saber-para-evitar-tedio-e-ansiedade\/"]}]},{"@type":"ImageObject","inLanguage":"pt-BR","@id":"https:\/\/www.correiobraziliense.com.br\/cbradar\/quanto-tempo-um-cachorro-pode-ficar-sozinho-sem-sofrer-regras-a-saber-para-evitar-tedio-e-ansiedade\/#primaryimage","url":"https:\/\/www.correiobraziliense.com.br\/cbradar\/wp-content\/uploads\/2025\/08\/cachorro-sozinho_1754490224079.jpg","contentUrl":"https:\/\/www.correiobraziliense.com.br\/cbradar\/wp-content\/uploads\/2025\/08\/cachorro-sozinho_1754490224079.jpg","width":1280,"height":720,"caption":"cachorro sozinho. Cr\u00e9ditos: depositphotos.com \/ ViktoriaSapata"},{"@type":"BreadcrumbList","@id":"https:\/\/www.correiobraziliense.com.br\/cbradar\/quanto-tempo-um-cachorro-pode-ficar-sozinho-sem-sofrer-regras-a-saber-para-evitar-tedio-e-ansiedade\/#breadcrumb","itemListElement":[{"@type":"ListItem","position":1,"name":"In\u00edcio","item":"https:\/\/www.correiobraziliense.com.br\/cbradar\/"},{"@type":"ListItem","position":2,"name":"Quanto tempo um cachorro pode ficar sozinho sem sofrer? Regras a saber para evitar t\u00e9dio e ansiedade"}]},{"@type":"WebSite","@id":"https:\/\/www.correiobraziliense.com.br\/cbradar\/#website","url":"https:\/\/www.correiobraziliense.com.br\/cbradar\/","name":"Correio Braziliense - Radar","description":"Acompanhe as \u00faltimas not\u00edcias e fique bem informado sobre tudo o que acontece no Brasil e no mundo.","potentialAction":[{"@type":"SearchAction","target":{"@type":"EntryPoint","urlTemplate":"https:\/\/www.correiobraziliense.com.br\/cbradar\/?s={search_term_string}"},"query-input":{"@type":"PropertyValueSpecification","valueRequired":true,"valueName":"search_term_string"}}],"inLanguage":"pt-BR"},{"@type":"Person","@id":"https:\/\/www.correiobraziliense.com.br\/cbradar\/#\/schema\/person\/58422787644df994b53a19d3e56c1513","name":"Larissa Carvalho","image":{"@type":"ImageObject","inLanguage":"pt-BR","@id":"https:\/\/www.correiobraziliense.com.br\/cbradar\/#\/schema\/person\/image\/","url":"https:\/\/secure.gravatar.com\/avatar\/fe4f91a0de32b52a838d0d612abdc1aa?s=96&d=mm&r=g","contentUrl":"https:\/\/secure.gravatar.com\/avatar\/fe4f91a0de32b52a838d0d612abdc1aa?s=96&d=mm&r=g","caption":"Larissa Carvalho"},"url":"https:\/\/www.correiobraziliense.com.br\/cbradar\/author\/larissamyth\/"}]}},"_links":{"self":[{"href":"https:\/\/www.correiobraziliense.com.br\/cbradar\/wp-json\/wp\/v2\/posts\/81794","targetHints":{"allow":["GET"]}}],"collection":[{"href":"https:\/\/www.correiobraziliense.com.br\/cbradar\/wp-json\/wp\/v2\/posts"}],"about":[{"href":"https:\/\/www.correiobraziliense.com.br\/cbradar\/wp-json\/wp\/v2\/types\/post"}],"author":[{"embeddable":true,"href":"https:\/\/www.correiobraziliense.com.br\/cbradar\/wp-json\/wp\/v2\/users\/3"}],"replies":[{"embeddable":true,"href":"https:\/\/www.correiobraziliense.com.br\/cbradar\/wp-json\/wp\/v2\/comments?post=81794"}],"version-history":[{"count":2,"href":"https:\/\/www.correiobraziliense.com.br\/cbradar\/wp-json\/wp\/v2\/posts\/81794\/revisions"}],"predecessor-version":[{"id":81798,"href":"https:\/\/www.correiobraziliense.com.br\/cbradar\/wp-json\/wp\/v2\/posts\/81794\/revisions\/81798"}],"wp:featuredmedia":[{"embeddable":true,"href":"https:\/\/www.correiobraziliense.com.br\/cbradar\/wp-json\/wp\/v2\/media\/81796"}],"wp:attachment":[{"href":"https:\/\/www.correiobraziliense.com.br\/cbradar\/wp-json\/wp\/v2\/media?parent=81794"}],"wp:term":[{"taxonomy":"category","embeddable":true,"href":"https:\/\/www.correiobraziliense.com.br\/cbradar\/wp-json\/wp\/v2\/categories?post=81794"},{"taxonomy":"post_tag","embeddable":true,"href":"https:\/\/www.correiobraziliense.com.br\/cbradar\/wp-json\/wp\/v2\/tags?post=81794"}],"curies":[{"name":"wp","href":"https:\/\/api.w.org\/{rel}","templated":true}]}}