{"id":81960,"date":"2025-08-07T09:23:00","date_gmt":"2025-08-07T12:23:00","guid":{"rendered":"https:\/\/www.correiobraziliense.com.br\/cbradar\/?p=81960"},"modified":"2025-08-06T16:04:12","modified_gmt":"2025-08-06T19:04:12","slug":"voce-vai-querer-viver-nessa-cidade-paulista-super-organizada","status":"publish","type":"post","link":"https:\/\/www.correiobraziliense.com.br\/cbradar\/voce-vai-querer-viver-nessa-cidade-paulista-super-organizada\/","title":{"rendered":"Voc\u00ea vai querer viver nessa cidade paulista super organizada"},"content":{"rendered":"\n<p><strong><a href=\"https:\/\/www.sorocaba.sp.gov.br\/\" target=\"_blank\" rel=\"noreferrer noopener\">Sorocaba<\/a><\/strong>, no interior de <strong>S\u00e3o Paulo<\/strong>, <strong>Brasil<\/strong>, a 100 km da capital <strong>S\u00e3o Paulo<\/strong> e pr\u00f3xima a <strong>Campinas<\/strong> e <strong>Itu<\/strong>, \u00e9 conhecida como \u201c<strong>Manchester Paulista<\/strong>\u201d. Com economia industrial diversificada e excelente qualidade de vida, <strong>Sorocaba<\/strong> \u00e9 ideal para morar. Vivencie o que torna esta cidade um destino pr\u00f3spero.<\/p>\n\n\n\n<ul class=\"wp-block-list\">\n<li>Economia diversificada com forte setor industrial e de servi\u00e7os.<\/li>\n\n\n\n<li>Qualidade de vida elevada com infraestrutura urbana moderna.<\/li>\n\n\n\n<li>Localiza\u00e7\u00e3o estrat\u00e9gica no interior paulista.<\/li>\n<\/ul>\n\n\n\n<h2 class=\"wp-block-heading\">Por que morar em Sorocaba?<\/h2>\n\n\n\n<p><strong>Sorocaba<\/strong> possui um IDH de 0,798, segundo o <strong><strong>Programa das Na\u00e7\u00f5es Unidas para o Desenvolvimento<\/strong><\/strong>. A economia \u00e9 movida pelos setores industrial, automotivo e de servi\u00e7os, conforme a <strong>Prefeitura de Sorocaba<\/strong>.<\/p>\n\n\n\n<p>Com cerca de 695.000 habitantes, segundo o <strong>IBGE<\/strong>, a cidade oferece sistema de sa\u00fade robusto com hospitais especializados e educa\u00e7\u00e3o superior de qualidade. A seguran\u00e7a \u00e9 refor\u00e7ada atrav\u00e9s do policiamento comunit\u00e1rio e tecnologia de monitoramento.<\/p>\n\n\n\n<p>O custo de vida \u00e9 mais acess\u00edvel que na capital paulista, mantendo sal\u00e1rios competitivos no setor industrial. A cidade oferece excelente infraestrutura de transporte p\u00fablico atrav\u00e9s do <strong>VLT &#8211; Ve\u00edculo Leve sobre Trilhos<\/strong>.<\/p>\n\n\n\n<p><strong>Sorocaba<\/strong> \u00e9 refer\u00eancia em educa\u00e7\u00e3o t\u00e9cnica e superior, com universidades como <strong>UNISO<\/strong>, <strong>UFSCar<\/strong> e <strong>FATEC<\/strong>. O mercado de trabalho apresenta oportunidades diversificadas em m\u00faltiplos setores econ\u00f4micos.<\/p>\n\n\n<div class=\"wp-block-image\">\n<figure class=\"aligncenter size-large\"><img decoding=\"async\" width=\"1024\" height=\"576\" src=\"https:\/\/www.correiobraziliense.com.br\/cbradar\/wp-content\/uploads\/2025\/06\/Sorocaba_1750482701932-1024x576.jpg\" alt=\"\" class=\"wp-image-56748\" srcset=\"https:\/\/www.correiobraziliense.com.br\/cbradar\/wp-content\/uploads\/2025\/06\/Sorocaba_1750482701932-1024x576.jpg 1024w, https:\/\/www.correiobraziliense.com.br\/cbradar\/wp-content\/uploads\/2025\/06\/Sorocaba_1750482701932-300x169.jpg 300w, https:\/\/www.correiobraziliense.com.br\/cbradar\/wp-content\/uploads\/2025\/06\/Sorocaba_1750482701932-768x432.jpg 768w, https:\/\/www.correiobraziliense.com.br\/cbradar\/wp-content\/uploads\/2025\/06\/Sorocaba_1750482701932-750x422.jpg 750w, https:\/\/www.correiobraziliense.com.br\/cbradar\/wp-content\/uploads\/2025\/06\/Sorocaba_1750482701932-1140x641.jpg 1140w, https:\/\/www.correiobraziliense.com.br\/cbradar\/wp-content\/uploads\/2025\/06\/Sorocaba_1750482701932.jpg 1280w\" sizes=\"(max-width: 1024px) 100vw, 1024px\" \/><figcaption class=\"wp-element-caption\">Sorocaba \/\/ Cr\u00e9ditos: depositphotos.com \/ snehitdesign<\/figcaption><\/figure><\/div>\n\n\n<h2 class=\"wp-block-heading\">Quais s\u00e3o os melhores bairros para morar em Sorocaba?<\/h2>\n\n\n\n<p>O <strong>Centro<\/strong> \u00e9 revitalizado, com com\u00e9rcio diversificado e acesso ao <strong>Teatro Municipal<\/strong> e <strong>Mercado Municipal<\/strong>. Ideal para quem busca vida urbana din\u00e2mica e proximidade aos servi\u00e7os.<\/p>\n\n\n\n<p>O <strong>Campolim<\/strong> oferece padr\u00e3o residencial elevado com casas amplas e condom\u00ednios de luxo. Perfeito para fam\u00edlias que valorizam seguran\u00e7a e qualidade de vida diferenciada.<\/p>\n\n\n\n<p><strong>Jardim Vergueiro<\/strong> combina tradi\u00e7\u00e3o e modernidade, apresentando ruas arborizadas e com\u00e9rcio consolidado. A regi\u00e3o mant\u00e9m caracter\u00edsticas residenciais tranquilas pr\u00f3ximas ao centro.<\/p>\n\n\n\n<p>O <strong>Parque S\u00e3o Bento<\/strong> \u00e9 um bairro em crescimento, com novos lan\u00e7amentos imobili\u00e1rios e proximidade ao <strong>Parque Chico Mendes<\/strong>. Oferece oportunidades para investimento e lazer familiar.<\/p>\n\n\n\n<p><strong>Vila Hort\u00eancia<\/strong> destaca-se pela proximidade com universidades e facilidade de acesso \u00e0s principais vias. Ideal para estudantes universit\u00e1rios e jovens profissionais.<\/p>\n\n\n\n<ul class=\"wp-block-list\">\n<li><strong>Centro<\/strong>: Vida urbana com com\u00e9rcio e servi\u00e7os completos.<\/li>\n\n\n\n<li><strong>Campolim<\/strong>: Padr\u00e3o residencial elevado e seguran\u00e7a.<\/li>\n\n\n\n<li><strong>Jardim Vergueiro<\/strong>: Tradi\u00e7\u00e3o com ruas arborizadas.<\/li>\n\n\n\n<li><strong>Parque S\u00e3o Bento<\/strong>: Crescimento urbano e \u00e1reas verdes.<\/li>\n\n\n\n<li><strong>Vila Hort\u00eancia<\/strong>: Proximidade universit\u00e1ria e acessibilidade.<\/li>\n<\/ul>\n\n\n\n<figure class=\"wp-block-embed aligncenter is-type-video is-provider-youtube wp-block-embed-youtube wp-embed-aspect-16-9 wp-has-aspect-ratio\"><div class=\"wp-block-embed__wrapper\">\n<div class=\"jeg_video_container jeg_video_content\"><iframe loading=\"lazy\" title=\"SOROCABA - SP - MANCHESTER PAULISTA\" width=\"500\" height=\"281\" src=\"https:\/\/www.youtube.com\/embed\/JH4T-kpq_Gk?feature=oembed\" frameborder=\"0\" allow=\"accelerometer; autoplay; clipboard-write; encrypted-media; gyroscope; picture-in-picture; web-share\" referrerpolicy=\"strict-origin-when-cross-origin\" allowfullscreen><\/iframe><\/div>\n<\/div><figcaption class=\"wp-element-caption\">Sorocaba \/\/ Cr\u00e9ditos: YouTube @BRASILVISTOPORDRONE<\/figcaption><\/figure>\n\n\n\n<h2 class=\"wp-block-heading\">Quais s\u00e3o as principais atra\u00e7\u00f5es tur\u00edsticas de Sorocaba?<\/h2>\n\n\n\n<p>O <strong>Museu da Estrada de Ferro Sorocabana<\/strong> encanta com acervo ferrovi\u00e1rio hist\u00f3rico e locomotivas preservadas. \u00c9 ponto imperd\u00edvel para compreender a import\u00e2ncia do transporte ferrovi\u00e1rio no desenvolvimento regional, segundo o <strong>Melhores Destinos<\/strong>.<\/p>\n\n\n\n<p>O <strong>Parque Zool\u00f3gico Municipal Quinzinho de Barros<\/strong> oferece 128 mil metros quadrados com mais de 1.200 animais de diversas esp\u00e9cies. Visitantes podem observar fauna brasileira e ex\u00f3tica em ambiente natural preservado.<\/p>\n\n\n\n<p>A <strong>Igreja do Carmo<\/strong> representa marco arquitet\u00f4nico religioso barroco no centro hist\u00f3rico. Constru\u00edda no s\u00e9culo XVIII, mant\u00e9m caracter\u00edsticas originais da arquitetura colonial paulista.<\/p>\n\n\n\n<p>O <strong>Mercado Municipal<\/strong> proporciona experi\u00eancia gastron\u00f4mica aut\u00eantica com produtos regionais e culin\u00e1ria tradicional. O espa\u00e7o hist\u00f3rico abriga restaurantes e lojas de especialidades locais.<\/p>\n\n\n\n<p>O <strong>Teatro Municipal Teot\u00f4nio Vilela<\/strong> \u00e9 palco de espet\u00e1culos teatrais, musicais e eventos culturais durante todo o ano. A arquitetura moderna complementa a programa\u00e7\u00e3o art\u00edstica diversificada.<\/p>\n\n\n\n<ul class=\"wp-block-list\">\n<li><strong>Museu da Estrada de Ferro<\/strong>: Acervo hist\u00f3rico ferrovi\u00e1rio preservado.<\/li>\n\n\n\n<li><strong>Zool\u00f3gico Quinzinho de Barros<\/strong>: 1.200 animais em 128 mil m\u00b2.<\/li>\n\n\n\n<li><strong>Igreja do Carmo<\/strong>: Arquitetura barroca do s\u00e9culo XVIII.<\/li>\n\n\n\n<li><strong>Mercado Municipal<\/strong>: Gastronomia regional e produtos locais.<\/li>\n\n\n\n<li><strong>Teatro Municipal<\/strong>: Programa\u00e7\u00e3o cultural e arquitetura moderna.<\/li>\n<\/ul>\n\n\n<div class=\"wp-block-image\">\n<figure class=\"aligncenter size-large\"><img decoding=\"async\" width=\"1024\" height=\"576\" src=\"https:\/\/www.correiobraziliense.com.br\/cbradar\/wp-content\/uploads\/2025\/02\/Sorocaba_1740204500202-1024x576.jpg\" alt=\"Esssa cidade do interior de S\u00e3o Paulo encanta brasileiros e o mundo!\" class=\"wp-image-5003\" srcset=\"https:\/\/www.correiobraziliense.com.br\/cbradar\/wp-content\/uploads\/2025\/02\/Sorocaba_1740204500202-1024x576.jpg 1024w, https:\/\/www.correiobraziliense.com.br\/cbradar\/wp-content\/uploads\/2025\/02\/Sorocaba_1740204500202-300x169.jpg 300w, https:\/\/www.correiobraziliense.com.br\/cbradar\/wp-content\/uploads\/2025\/02\/Sorocaba_1740204500202-768x432.jpg 768w, https:\/\/www.correiobraziliense.com.br\/cbradar\/wp-content\/uploads\/2025\/02\/Sorocaba_1740204500202-750x422.jpg 750w, https:\/\/www.correiobraziliense.com.br\/cbradar\/wp-content\/uploads\/2025\/02\/Sorocaba_1740204500202-1140x641.jpg 1140w, https:\/\/www.correiobraziliense.com.br\/cbradar\/wp-content\/uploads\/2025\/02\/Sorocaba_1740204500202.jpg 1280w\" sizes=\"(max-width: 1024px) 100vw, 1024px\" \/><figcaption class=\"wp-element-caption\">Sorocaba \/\/ Cr\u00e9ditos: depositphotos.com \/ snehitdesign<\/figcaption><\/figure><\/div>\n\n\n<h2 class=\"wp-block-heading\">Como \u00e9 a vida cultural em Sorocaba?<\/h2>\n\n\n\n<p><strong>Sorocaba<\/strong> vibra com o <strong>Festival de Inverno<\/strong>, evento que re\u00fane artistas nacionais e internacionais anualmente. Shows no <strong>Parque Campolim<\/strong> oferecem programa\u00e7\u00e3o musical diversificada para todos os p\u00fablicos.<\/p>\n\n\n\n<p>A gastronomia local mescla tradi\u00e7\u00f5es caipiras com influ\u00eancias contempor\u00e2neas. Restaurantes servem pratos como <strong>virado \u00e0 paulista<\/strong>, <strong>pacu assado<\/strong> e doces caseiros tradicionais da regi\u00e3o.<\/p>\n\n\n\n<p>O <strong>Centro Cultural<\/strong> promove exposi\u00e7\u00f5es de arte, workshops e apresenta\u00e7\u00f5es teatrais durante o ano. A agenda cultural inclui mostras de cinema e festivais de m\u00fasica regional.<\/p>\n\n\n\n<p>A <strong>Feira do Troca<\/strong> acontece aos domingos no centro, oferecendo antiguidades, artesanato e gastronomia local. O evento mant\u00e9m tradi\u00e7\u00f5es comerciais hist\u00f3ricas da cidade.<\/p>\n\n\n\n<p><strong>Leia tamb\u00e9m: <a href=\"https:\/\/www.correiobraziliense.com.br\/cbradar\/cidade-de-santa-catarina-se-destaca-entre-as-melhores-para-viver-no-brasil\/\" target=\"_blank\" rel=\"noreferrer noopener\">Cidade de Santa Catarina se destaca entre as melhores para viver no Brasil<\/a>.<\/strong><\/p>\n\n\n\n<h2 class=\"wp-block-heading\">Por que Sorocaba \u00e9 refer\u00eancia em ind\u00fastria t\u00eaxtil?<\/h2>\n\n\n\n<p><strong>Sorocaba<\/strong> \u00e9 conhecida como ber\u00e7o da industrializa\u00e7\u00e3o paulista, segundo a <strong>Secretaria de Desenvolvimento Econ\u00f4mico de Sorocaba<\/strong>. A tradi\u00e7\u00e3o t\u00eaxtil come\u00e7ou no s\u00e9culo XIX e se mant\u00e9m forte at\u00e9 hoje.<\/p>\n\n\n\n<p>O empres\u00e1rio <strong>Nicolau Vergueiro<\/strong> trouxe imigrantes europeus que desenvolveram t\u00e9cnicas t\u00eaxteis avan\u00e7adas. F\u00e1bricas como a <strong>Santa Ros\u00e1lia<\/strong> marcaram \u00e9poca na produ\u00e7\u00e3o nacional de tecidos.<\/p>\n\n\n\n<p>A <strong>Faculdade de Tecnologia de Sorocaba<\/strong> oferece cursos especializados em produ\u00e7\u00e3o t\u00eaxtil e moda. Essa forma\u00e7\u00e3o t\u00e9cnica alimenta a ind\u00fastria local com profissionais qualificados e inova\u00e7\u00e3o tecnol\u00f3gica.<\/p>\n\n\n<div class=\"wp-block-image\">\n<figure class=\"aligncenter size-large\"><img decoding=\"async\" width=\"1024\" height=\"576\" src=\"https:\/\/www.correiobraziliense.com.br\/cbradar\/wp-content\/uploads\/2025\/08\/Edicoes-2025-08-06T155411.565-1024x576.png\" alt=\"\" class=\"wp-image-82062\" srcset=\"https:\/\/www.correiobraziliense.com.br\/cbradar\/wp-content\/uploads\/2025\/08\/Edicoes-2025-08-06T155411.565-1024x576.png 1024w, https:\/\/www.correiobraziliense.com.br\/cbradar\/wp-content\/uploads\/2025\/08\/Edicoes-2025-08-06T155411.565-300x169.png 300w, https:\/\/www.correiobraziliense.com.br\/cbradar\/wp-content\/uploads\/2025\/08\/Edicoes-2025-08-06T155411.565-768x432.png 768w, https:\/\/www.correiobraziliense.com.br\/cbradar\/wp-content\/uploads\/2025\/08\/Edicoes-2025-08-06T155411.565-750x422.png 750w, https:\/\/www.correiobraziliense.com.br\/cbradar\/wp-content\/uploads\/2025\/08\/Edicoes-2025-08-06T155411.565-1140x641.png 1140w, https:\/\/www.correiobraziliense.com.br\/cbradar\/wp-content\/uploads\/2025\/08\/Edicoes-2025-08-06T155411.565.png 1280w\" sizes=\"(max-width: 1024px) 100vw, 1024px\" \/><figcaption class=\"wp-element-caption\">Sorocaba \/\/ Cr\u00e9ditos: YouTube @BRASILVISTOPORDRONE<\/figcaption><\/figure><\/div>\n\n\n<h2 class=\"wp-block-heading\">A origem do apelido Manchester Paulista<\/h2>\n\n\n\n<p><strong>Sorocaba<\/strong> ganhou o apelido &#8220;<strong>Manchester Paulista<\/strong>&#8221; pela semelhan\u00e7a com a cidade industrial inglesa no s\u00e9culo XIX. O desenvolvimento t\u00eaxtil acelerado e a concentra\u00e7\u00e3o de f\u00e1bricas criaram essa compara\u00e7\u00e3o hist\u00f3rica.<\/p>\n\n\n\n<p>A <strong>Real F\u00e1brica de Ferro S\u00e3o Jo\u00e3o de Ipanema<\/strong> foi a primeira sider\u00fargica do Brasil, estabelecida em 1810. Essa pioneira ind\u00fastria metal\u00fargica complementou o perfil industrial t\u00eaxtil da regi\u00e3o.<\/p>\n\n\n\n<h2 class=\"wp-block-heading\">Melhor \u00e9poca para visitar Sorocaba?<\/h2>\n\n\n\n<p>Entre <strong>abril e setembro<\/strong>, <strong>Sorocaba<\/strong> tem temperaturas entre 16\u00b0C e 28\u00b0C, segundo o <strong>Climatempo<\/strong>. O per\u00edodo seco \u00e9 ideal para atividades ao ar livre e visitas aos museus e parques.<\/p>\n\n\n\n<p><strong>Junho e julho<\/strong> marcam o inverno com clima seco e dias ensolarados frequentes. O <strong>Festival de Inverno<\/strong> acontece tradicionalmente neste per\u00edodo, oferecendo programa\u00e7\u00e3o cultural intensa.<\/p>\n\n\n\n<p>O ver\u00e3o (dezembro a mar\u00e7o) apresenta temperaturas entre 20\u00b0C e 32\u00b0C com chuvas vespertinas. \u00c9 \u00e9poca perfeita para explorar o <strong>Zool\u00f3gico Municipal<\/strong> e atividades nos parques urbanos.<\/p>\n\n\n\n<p>A primavera (setembro a novembro) traz temperaturas amenas e flora\u00e7\u00e3o exuberante nos parques. O per\u00edodo oferece clima agrad\u00e1vel para caminhadas no centro hist\u00f3rico e atividades culturais.<\/p>\n\n\n\n<h2 class=\"wp-block-heading\">Vivencie Sorocaba<\/h2>\n\n\n\n<p><strong>Sorocaba<\/strong> une desenvolvimento industrial, qualidade de vida e patrim\u00f4nio hist\u00f3rico no interior de <strong>S\u00e3o Paulo<\/strong>. Do <strong>Museu da Estrada de Ferro<\/strong> ao <strong>Festival de Inverno<\/strong>, \u00e9 um destino pr\u00f3spero para morar e trabalhar. Planeje sua mudan\u00e7a para viver as oportunidades da <strong>Manchester Paulista<\/strong>.<\/p>\n\n\n\n<ul class=\"wp-block-list\">\n<li>Economia diversificada com oportunidades em m\u00faltiplos setores.<\/li>\n\n\n\n<li>Qualidade de vida elevada com infraestrutura moderna.<\/li>\n\n\n\n<li>Localiza\u00e7\u00e3o estrat\u00e9gica com acesso facilitado \u00e0 capital.<\/li>\n<\/ul>\n","protected":false},"excerpt":{"rendered":"<p>Sorocaba, no interior de S\u00e3o Paulo, Brasil, a 100 km da capital S\u00e3o Paulo e pr\u00f3xima a Campinas e Itu, \u00e9 conhecida como \u201cManchester Paulista\u201d. Com economia industrial diversificada e excelente qualidade de vida, Sorocaba \u00e9 ideal para morar. Vivencie o que torna esta cidade um destino pr\u00f3spero. Por que morar em Sorocaba? Sorocaba possui [&hellip;]<\/p>\n","protected":false},"author":8,"featured_media":5001,"comment_status":"open","ping_status":"open","sticky":false,"template":"","format":"standard","meta":{"_yoast_wpseo_focuskw":"cidade","_yoast_wpseo_title":"","_yoast_wpseo_metadesc":"Essa cidade de S\u00e3o Paulo impressiona com qualidade de vida e transporte p\u00fablico eficiente. Um exemplo de mobilidade e bem-estar urbano.","jnews-multi-image_gallery":[],"jnews_single_post":{"format":"standard"},"jnews_primary_category":[],"jnews_social_meta":[],"jnews_override_counter":[],"footnotes":""},"categories":[108,111],"post_tag":[225,247,278,6866],"class_list":["post-81960","post","type-post","status-publish","format-standard","has-post-thumbnail","hentry","category-cidades","category-turismo","tag-brasil","tag-qualidade-de-vida","tag-sao-paulo","tag-sorocaba"],"yoast_head":"<!-- This site is optimized with the Yoast SEO plugin v24.6 - https:\/\/yoast.com\/wordpress\/plugins\/seo\/ -->\n<title>Voc\u00ea vai querer viver nessa cidade paulista super organizada - Correio Braziliense - Radar<\/title>\n<meta name=\"description\" content=\"Essa cidade de S\u00e3o Paulo impressiona com qualidade de vida e transporte p\u00fablico eficiente. Um exemplo de mobilidade e bem-estar urbano.\" \/>\n<meta name=\"robots\" content=\"index, follow, max-snippet:-1, max-image-preview:large, max-video-preview:-1\" \/>\n<link rel=\"canonical\" href=\"https:\/\/www.correiobraziliense.com.br\/cbradar\/voce-vai-querer-viver-nessa-cidade-paulista-super-organizada\/\" \/>\n<meta property=\"og:locale\" content=\"pt_BR\" \/>\n<meta property=\"og:type\" content=\"article\" \/>\n<meta property=\"og:title\" content=\"Voc\u00ea vai querer viver nessa cidade paulista super organizada - Correio Braziliense - Radar\" \/>\n<meta property=\"og:description\" content=\"Essa cidade de S\u00e3o Paulo impressiona com qualidade de vida e transporte p\u00fablico eficiente. Um exemplo de mobilidade e bem-estar urbano.\" \/>\n<meta property=\"og:url\" content=\"https:\/\/www.correiobraziliense.com.br\/cbradar\/voce-vai-querer-viver-nessa-cidade-paulista-super-organizada\/\" \/>\n<meta property=\"og:site_name\" content=\"Correio Braziliense - Radar\" \/>\n<meta property=\"article:published_time\" content=\"2025-08-07T12:23:00+00:00\" \/>\n<meta property=\"og:image\" content=\"https:\/\/www.correiobraziliense.com.br\/cbradar\/wp-content\/uploads\/2025\/02\/Sorocaba_1740204490407.jpg\" \/>\n\t<meta property=\"og:image:width\" content=\"1280\" \/>\n\t<meta property=\"og:image:height\" content=\"720\" \/>\n\t<meta property=\"og:image:type\" content=\"image\/jpeg\" \/>\n<meta name=\"author\" content=\"Maura Pereira\" \/>\n<meta name=\"twitter:card\" content=\"summary_large_image\" \/>\n<meta name=\"twitter:label1\" content=\"Escrito por\" \/>\n\t<meta name=\"twitter:data1\" content=\"Maura Pereira\" \/>\n\t<meta name=\"twitter:label2\" content=\"Est. tempo de leitura\" \/>\n\t<meta name=\"twitter:data2\" content=\"7 minutos\" \/>\n<!-- \/ Yoast SEO plugin. -->","yoast_head_json":{"title":"Voc\u00ea vai querer viver nessa cidade paulista super organizada - Correio Braziliense - Radar","description":"Essa cidade de S\u00e3o Paulo impressiona com qualidade de vida e transporte p\u00fablico eficiente. Um exemplo de mobilidade e bem-estar urbano.","robots":{"index":"index","follow":"follow","max-snippet":"max-snippet:-1","max-image-preview":"max-image-preview:large","max-video-preview":"max-video-preview:-1"},"canonical":"https:\/\/www.correiobraziliense.com.br\/cbradar\/voce-vai-querer-viver-nessa-cidade-paulista-super-organizada\/","og_locale":"pt_BR","og_type":"article","og_title":"Voc\u00ea vai querer viver nessa cidade paulista super organizada - Correio Braziliense - Radar","og_description":"Essa cidade de S\u00e3o Paulo impressiona com qualidade de vida e transporte p\u00fablico eficiente. Um exemplo de mobilidade e bem-estar urbano.","og_url":"https:\/\/www.correiobraziliense.com.br\/cbradar\/voce-vai-querer-viver-nessa-cidade-paulista-super-organizada\/","og_site_name":"Correio Braziliense - Radar","article_published_time":"2025-08-07T12:23:00+00:00","og_image":[{"width":1280,"height":720,"url":"https:\/\/www.correiobraziliense.com.br\/cbradar\/wp-content\/uploads\/2025\/02\/Sorocaba_1740204490407.jpg","type":"image\/jpeg"}],"author":"Maura Pereira","twitter_card":"summary_large_image","twitter_misc":{"Escrito por":"Maura Pereira","Est. tempo de leitura":"7 minutos"},"schema":{"@context":"https:\/\/schema.org","@graph":[{"@type":"WebPage","@id":"https:\/\/www.correiobraziliense.com.br\/cbradar\/voce-vai-querer-viver-nessa-cidade-paulista-super-organizada\/","url":"https:\/\/www.correiobraziliense.com.br\/cbradar\/voce-vai-querer-viver-nessa-cidade-paulista-super-organizada\/","name":"Voc\u00ea vai querer viver nessa cidade paulista super organizada - Correio Braziliense - Radar","isPartOf":{"@id":"https:\/\/www.correiobraziliense.com.br\/cbradar\/#website"},"primaryImageOfPage":{"@id":"https:\/\/www.correiobraziliense.com.br\/cbradar\/voce-vai-querer-viver-nessa-cidade-paulista-super-organizada\/#primaryimage"},"image":{"@id":"https:\/\/www.correiobraziliense.com.br\/cbradar\/voce-vai-querer-viver-nessa-cidade-paulista-super-organizada\/#primaryimage"},"thumbnailUrl":"https:\/\/www.correiobraziliense.com.br\/cbradar\/wp-content\/uploads\/2025\/02\/Sorocaba_1740204490407.jpg","datePublished":"2025-08-07T12:23:00+00:00","author":{"@id":"https:\/\/www.correiobraziliense.com.br\/cbradar\/#\/schema\/person\/4053c651a9bfc785afc6f4cbc9032fd3"},"description":"Essa cidade de S\u00e3o Paulo impressiona com qualidade de vida e transporte p\u00fablico eficiente. Um exemplo de mobilidade e bem-estar urbano.","breadcrumb":{"@id":"https:\/\/www.correiobraziliense.com.br\/cbradar\/voce-vai-querer-viver-nessa-cidade-paulista-super-organizada\/#breadcrumb"},"inLanguage":"pt-BR","potentialAction":[{"@type":"ReadAction","target":["https:\/\/www.correiobraziliense.com.br\/cbradar\/voce-vai-querer-viver-nessa-cidade-paulista-super-organizada\/"]}]},{"@type":"ImageObject","inLanguage":"pt-BR","@id":"https:\/\/www.correiobraziliense.com.br\/cbradar\/voce-vai-querer-viver-nessa-cidade-paulista-super-organizada\/#primaryimage","url":"https:\/\/www.correiobraziliense.com.br\/cbradar\/wp-content\/uploads\/2025\/02\/Sorocaba_1740204490407.jpg","contentUrl":"https:\/\/www.correiobraziliense.com.br\/cbradar\/wp-content\/uploads\/2025\/02\/Sorocaba_1740204490407.jpg","width":1280,"height":720,"caption":"Veja Sorocaba, cidade que une tradi\u00e7\u00e3o hist\u00f3rica e inova\u00e7\u00e3o para surpreender moradores e visitantes. \/\/ Cr\u00e9ditos: depositphotos.com \/ snehitdesign"},{"@type":"BreadcrumbList","@id":"https:\/\/www.correiobraziliense.com.br\/cbradar\/voce-vai-querer-viver-nessa-cidade-paulista-super-organizada\/#breadcrumb","itemListElement":[{"@type":"ListItem","position":1,"name":"In\u00edcio","item":"https:\/\/www.correiobraziliense.com.br\/cbradar\/"},{"@type":"ListItem","position":2,"name":"Voc\u00ea vai querer viver nessa cidade paulista super organizada"}]},{"@type":"WebSite","@id":"https:\/\/www.correiobraziliense.com.br\/cbradar\/#website","url":"https:\/\/www.correiobraziliense.com.br\/cbradar\/","name":"Correio Braziliense - Radar","description":"Acompanhe as \u00faltimas not\u00edcias e fique bem informado sobre tudo o que acontece no Brasil e no mundo.","potentialAction":[{"@type":"SearchAction","target":{"@type":"EntryPoint","urlTemplate":"https:\/\/www.correiobraziliense.com.br\/cbradar\/?s={search_term_string}"},"query-input":{"@type":"PropertyValueSpecification","valueRequired":true,"valueName":"search_term_string"}}],"inLanguage":"pt-BR"},{"@type":"Person","@id":"https:\/\/www.correiobraziliense.com.br\/cbradar\/#\/schema\/person\/4053c651a9bfc785afc6f4cbc9032fd3","name":"Maura Pereira","image":{"@type":"ImageObject","inLanguage":"pt-BR","@id":"https:\/\/www.correiobraziliense.com.br\/cbradar\/#\/schema\/person\/image\/","url":"https:\/\/secure.gravatar.com\/avatar\/3effd6bdadfa447f15089c7f7144eaa6?s=96&d=mm&r=g","contentUrl":"https:\/\/secure.gravatar.com\/avatar\/3effd6bdadfa447f15089c7f7144eaa6?s=96&d=mm&r=g","caption":"Maura Pereira"},"sameAs":["https:\/\/www.correiobraziliense.com.br\/"],"url":"https:\/\/www.correiobraziliense.com.br\/cbradar\/author\/mauramyth\/"}]}},"_links":{"self":[{"href":"https:\/\/www.correiobraziliense.com.br\/cbradar\/wp-json\/wp\/v2\/posts\/81960","targetHints":{"allow":["GET"]}}],"collection":[{"href":"https:\/\/www.correiobraziliense.com.br\/cbradar\/wp-json\/wp\/v2\/posts"}],"about":[{"href":"https:\/\/www.correiobraziliense.com.br\/cbradar\/wp-json\/wp\/v2\/types\/post"}],"author":[{"embeddable":true,"href":"https:\/\/www.correiobraziliense.com.br\/cbradar\/wp-json\/wp\/v2\/users\/8"}],"replies":[{"embeddable":true,"href":"https:\/\/www.correiobraziliense.com.br\/cbradar\/wp-json\/wp\/v2\/comments?post=81960"}],"version-history":[{"count":17,"href":"https:\/\/www.correiobraziliense.com.br\/cbradar\/wp-json\/wp\/v2\/posts\/81960\/revisions"}],"predecessor-version":[{"id":82068,"href":"https:\/\/www.correiobraziliense.com.br\/cbradar\/wp-json\/wp\/v2\/posts\/81960\/revisions\/82068"}],"wp:featuredmedia":[{"embeddable":true,"href":"https:\/\/www.correiobraziliense.com.br\/cbradar\/wp-json\/wp\/v2\/media\/5001"}],"wp:attachment":[{"href":"https:\/\/www.correiobraziliense.com.br\/cbradar\/wp-json\/wp\/v2\/media?parent=81960"}],"wp:term":[{"taxonomy":"category","embeddable":true,"href":"https:\/\/www.correiobraziliense.com.br\/cbradar\/wp-json\/wp\/v2\/categories?post=81960"},{"taxonomy":"post_tag","embeddable":true,"href":"https:\/\/www.correiobraziliense.com.br\/cbradar\/wp-json\/wp\/v2\/post_tag?post=81960"}],"curies":[{"name":"wp","href":"https:\/\/api.w.org\/{rel}","templated":true}]}}