{"id":81965,"date":"2025-08-07T16:33:00","date_gmt":"2025-08-07T19:33:00","guid":{"rendered":"https:\/\/www.correiobraziliense.com.br\/cbradar\/?p=81965"},"modified":"2025-08-06T18:07:30","modified_gmt":"2025-08-06T21:07:30","slug":"esse-refugio-e-um-paraiso-de-aguas-quentes-e-bem-estar","status":"publish","type":"post","link":"https:\/\/www.correiobraziliense.com.br\/cbradar\/esse-refugio-e-um-paraiso-de-aguas-quentes-e-bem-estar\/","title":{"rendered":"Esse ref\u00fagio \u00e9 um para\u00edso de \u00e1guas quentes e bem-estar"},"content":{"rendered":"\n<p><strong><a href=\"https:\/\/pocosdecaldas.mg.gov.br\/\" target=\"_blank\" rel=\"noreferrer noopener\">Po\u00e7os de Caldas<\/a><\/strong>, no sul de <strong>Minas Gerais<\/strong>, <strong>Brasil<\/strong>, a 450 km de <strong>S\u00e3o Paulo<\/strong> e pr\u00f3xima a <strong>Andradas<\/strong> e <strong>Caldas<\/strong>, \u00e9 conhecida como a \u201cSu\u00ed\u00e7a Brasileira\u201d. Com 171.533 habitantes, segundo estimativa de 2024 do <strong>IBGE<\/strong>, \u00e9 a cidade mais populosa do <strong>Sul de Minas<\/strong>. Vivencie o que torna <strong>Po\u00e7os de Caldas<\/strong> uma das cidades mais desejadas para morar no <strong>Brasil<\/strong>, combinando qualidade de vida excepcional, \u00e1guas termais e paisagens serranas deslumbrantes.<\/p>\n\n\n\n<ul class=\"wp-block-list\">\n<li>Sexto melhor IDH de <strong>Minas Gerais<\/strong> e uma das cidades mais felizes do <strong>Brasil<\/strong><\/li>\n\n\n\n<li>Est\u00e2ncia hidromineral com \u00e1guas termais reconhecidas mundialmente<\/li>\n\n\n\n<li>Clima serrano ameno durante todo o ano, ideal para fam\u00edlias<\/li>\n\n\n\n<li>Economia diversificada com turismo, ind\u00fastria e tecnologia<\/li>\n\n\n\n<li>Infraestrutura urbana exemplar com 97,97% de esgotamento sanit\u00e1rio<\/li>\n<\/ul>\n\n\n\n<h2 class=\"wp-block-heading\">Por que morar em Po\u00e7os de Caldas?<\/h2>\n\n\n\n<p><strong>Po\u00e7os de Caldas<\/strong> possui um dos melhores IDHs de <strong>Minas Gerais<\/strong>, ocupando o sexto lugar no estado, segundo a <strong>Prefeitura de Po\u00e7os de Caldas<\/strong>. A economia \u00e9 diversificada, baseada em turismo, ind\u00fastria farmac\u00eautica, tecnologia e agroneg\u00f3cios, oferecendo estabilidade econ\u00f4mica aos moradores.<\/p>\n\n\n\n<p>Com qualidade de vida reconhecida nacionalmente, <strong>Po\u00e7os de Caldas<\/strong> foi eleita uma das cidades mais felizes para se viver no <strong>Brasil<\/strong> pela <strong>Revista Bula<\/strong>. O clima serrano, com temperaturas amenas, e a infraestrutura urbana completa atraem fam\u00edlias de todo o pa\u00eds.<\/p>\n\n\n\n<p>A cidade oferece excelente infraestrutura de sa\u00fade, com hospitais especializados e centros m\u00e9dicos de refer\u00eancia regional. O sistema educacional inclui universidades renomadas como <strong>PUC Minas<\/strong> e <strong>UNIFAL<\/strong>, proporcionando ensino superior de qualidade para os moradores.<\/p>\n\n\n\n<p><strong>Po\u00e7os de Caldas<\/strong> possui 97,97% de cobertura de esgotamento sanit\u00e1rio, sendo a terceira melhor de <strong>Minas Gerais<\/strong>, segundo o <strong>IBGE<\/strong>. Esta infraestrutura sanit\u00e1ria exemplar reflete o planejamento urbano cuidadoso e o compromisso municipal com qualidade de vida.<\/p>\n\n\n<div class=\"wp-block-image\">\n<figure class=\"aligncenter size-large\"><img decoding=\"async\" width=\"1024\" height=\"576\" src=\"https:\/\/www.correiobraziliense.com.br\/cbradar\/wp-content\/uploads\/2025\/07\/Edicoes-44-1024x576.png\" alt=\"Voc\u00ea vai se apaixonar por esse para\u00edso de \u00e1guas quentes e clima perfeito\" class=\"wp-image-67346\" srcset=\"https:\/\/www.correiobraziliense.com.br\/cbradar\/wp-content\/uploads\/2025\/07\/Edicoes-44-1024x576.png 1024w, https:\/\/www.correiobraziliense.com.br\/cbradar\/wp-content\/uploads\/2025\/07\/Edicoes-44-300x169.png 300w, https:\/\/www.correiobraziliense.com.br\/cbradar\/wp-content\/uploads\/2025\/07\/Edicoes-44-768x432.png 768w, https:\/\/www.correiobraziliense.com.br\/cbradar\/wp-content\/uploads\/2025\/07\/Edicoes-44-750x422.png 750w, https:\/\/www.correiobraziliense.com.br\/cbradar\/wp-content\/uploads\/2025\/07\/Edicoes-44-1140x641.png 1140w, https:\/\/www.correiobraziliense.com.br\/cbradar\/wp-content\/uploads\/2025\/07\/Edicoes-44.png 1280w\" sizes=\"(max-width: 1024px) 100vw, 1024px\" \/><figcaption class=\"wp-element-caption\">Po\u00e7os de Caldas \/\/ Cr\u00e9ditos: YouTube @marcelkikuchi1135<\/figcaption><\/figure><\/div>\n\n\n<h2 class=\"wp-block-heading\">Quais s\u00e3o os melhores bairros para morar em Po\u00e7os de Caldas?<\/h2>\n\n\n\n<ul class=\"wp-block-list\">\n<li>O <strong>Centro<\/strong> concentra a vida comercial e cultural da cidade, oferecendo apartamentos modernos e facilidade de acesso a servi\u00e7os. Com arquitetura preservada e proximidade \u00e0s principais atra\u00e7\u00f5es, \u00e9 ideal para quem busca praticidade urbana.<\/li>\n\n\n\n<li>O <strong>Jardim Quisisana<\/strong> \u00e9 considerado um dos bairros mais nobres, com resid\u00eancias de alto padr\u00e3o e proximidade ao <strong>Palace Casino<\/strong>. As ruas arborizadas e a tranquilidade fazem deste bairro refer\u00eancia para fam\u00edlias de maior poder aquisitivo.<\/li>\n\n\n\n<li>A <strong>Vila Togni<\/strong> combina tradi\u00e7\u00e3o e modernidade, oferecendo casas amplas e boa infraestrutura. Com proximidade \u00e0s escolas e universidades, \u00e9 escolha preferencial de fam\u00edlias com filhos em idade escolar e universit\u00e1ria.<\/li>\n\n\n\n<li>O <strong>Jardim dos Estados<\/strong> destaca-se pelo crescimento imobili\u00e1rio e planejamento urbano moderno. Com ruas bem projetadas e loteamentos planejados, atrai jovens profissionais e investidores do mercado imobili\u00e1rio regional.<\/li>\n\n\n\n<li>O <strong>Vila Rica<\/strong> oferece excelente custo-benef\u00edcio, combinando proximidade ao centro com pre\u00e7os acess\u00edveis. O bairro possui boa infraestrutura de com\u00e9rcio local e transporte p\u00fablico eficiente.<\/li>\n<\/ul>\n\n\n\n<figure class=\"wp-block-embed aligncenter is-type-video is-provider-youtube wp-block-embed-youtube wp-embed-aspect-16-9 wp-has-aspect-ratio\"><div class=\"wp-block-embed__wrapper\">\n<div class=\"jeg_video_container jeg_video_content\"><iframe loading=\"lazy\" title=\"Drone 4k Po\u00e7os de Caldas MG\" width=\"500\" height=\"281\" src=\"https:\/\/www.youtube.com\/embed\/rJVD8IM3CRA?feature=oembed\" frameborder=\"0\" allow=\"accelerometer; autoplay; clipboard-write; encrypted-media; gyroscope; picture-in-picture; web-share\" referrerpolicy=\"strict-origin-when-cross-origin\" allowfullscreen><\/iframe><\/div>\n<\/div><figcaption class=\"wp-element-caption\">Po\u00e7os de Caldas \/\/ Cr\u00e9ditos: YouTube @celsopp2<\/figcaption><\/figure>\n\n\n\n<h2 class=\"wp-block-heading\">Quais s\u00e3o as principais atra\u00e7\u00f5es tur\u00edsticas de Po\u00e7os de Caldas?<\/h2>\n\n\n\n<p>O <strong>Complexo Thermas Ant\u00f4nio Carlos<\/strong> \u00e9 o principal atrativo da cidade, oferecendo \u00e1guas termais terap\u00eauticas reconhecidas internacionalmente. Com piscinas, tratamentos de spa e centro de medicina termal, atrai visitantes em busca de sa\u00fade e bem-estar.<\/p>\n\n\n\n<p>O <strong>Palace Casino<\/strong> representa o patrim\u00f4nio arquitet\u00f4nico art d\u00e9co da cidade. Embora n\u00e3o funcione mais como cassino, o edif\u00edcio hist\u00f3rico abriga eventos culturais e \u00e9 s\u00edmbolo da era dourada de <strong>Po\u00e7os de Caldas<\/strong> como destino tur\u00edstico internacional.<\/p>\n\n\n\n<p>A <strong>Represa Saturnino de Brito<\/strong> oferece paisagens deslumbrantes e atividades n\u00e1uticas. Com ciclovia ao redor e parques aqu\u00e1ticos, \u00e9 local preferido para lazer familiar e pr\u00e1tica de esportes aqu\u00e1ticos seguros.<\/p>\n\n\n\n<p>O <strong>Cristo Redentor de Po\u00e7os de Caldas<\/strong> proporciona vista panor\u00e2mica da cidade e regi\u00e3o serrana. Com 37 metros de altura, \u00e9 ponto de refer\u00eancia tur\u00edstica e local de contempla\u00e7\u00e3o das belezas naturais locais.<\/p>\n\n\n\n<p>O <strong>Recanto Japon\u00eas<\/strong> preserva jardins orientais aut\u00eanticos em ambiente serrano. Com lagos, pontes e vegeta\u00e7\u00e3o t\u00edpica japonesa, oferece tranquilidade e experi\u00eancia cultural \u00fanica no <strong>Sul de Minas<\/strong>.<\/p>\n\n\n\n<p><strong>Principais atra\u00e7\u00f5es:<\/strong><\/p>\n\n\n\n<ul class=\"wp-block-list\">\n<li><strong>Thermas Ant\u00f4nio Carlos<\/strong>: Complexo de \u00e1guas termais terap\u00eauticas<\/li>\n\n\n\n<li><strong>Palace Casino<\/strong>: Patrim\u00f4nio art d\u00e9co e centro de eventos culturais<\/li>\n\n\n\n<li><strong>Represa Saturnino de Brito<\/strong>: \u00c1rea de lazer com atividades n\u00e1uticas<\/li>\n\n\n\n<li><strong>Cristo Redentor<\/strong>: Mirante com vista panor\u00e2mica de 37 metros<\/li>\n\n\n\n<li><strong>Recanto Japon\u00eas<\/strong>: Jardins orientais aut\u00eanticos em ambiente serrano<\/li>\n<\/ul>\n\n\n<div class=\"wp-block-image\">\n<figure class=\"aligncenter size-large\"><img decoding=\"async\" width=\"1024\" height=\"576\" src=\"https:\/\/www.correiobraziliense.com.br\/cbradar\/wp-content\/uploads\/2025\/04\/Edicoes-68-1024x576.png\" alt=\"Voc\u00ea vai se apaixonar por esse para\u00edso de \u00e1guas quentes e clima perfeito\" class=\"wp-image-24855\" srcset=\"https:\/\/www.correiobraziliense.com.br\/cbradar\/wp-content\/uploads\/2025\/04\/Edicoes-68-1024x576.png 1024w, https:\/\/www.correiobraziliense.com.br\/cbradar\/wp-content\/uploads\/2025\/04\/Edicoes-68-300x169.png 300w, https:\/\/www.correiobraziliense.com.br\/cbradar\/wp-content\/uploads\/2025\/04\/Edicoes-68-768x432.png 768w, https:\/\/www.correiobraziliense.com.br\/cbradar\/wp-content\/uploads\/2025\/04\/Edicoes-68-750x422.png 750w, https:\/\/www.correiobraziliense.com.br\/cbradar\/wp-content\/uploads\/2025\/04\/Edicoes-68-1140x641.png 1140w, https:\/\/www.correiobraziliense.com.br\/cbradar\/wp-content\/uploads\/2025\/04\/Edicoes-68.png 1280w\" sizes=\"(max-width: 1024px) 100vw, 1024px\" \/><figcaption class=\"wp-element-caption\">Po\u00e7os de Caldas \/\/ Reprodu\u00e7\u00e3o: Wikip\u00e9dia<\/figcaption><\/figure><\/div>\n\n\n<h2 class=\"wp-block-heading\">Como \u00e9 a vida cultural em Po\u00e7os de Caldas?<\/h2>\n\n\n\n<p><strong>Po\u00e7os de Caldas<\/strong> mant\u00e9m agenda cultural diversificada durante todo o ano. O <strong>Festival de Inverno<\/strong> re\u00fane artistas nacionais e internacionais em apresenta\u00e7\u00f5es musicais, teatrais e exposi\u00e7\u00f5es art\u00edsticas nos principais espa\u00e7os culturais da cidade.<\/p>\n\n\n\n<p>A <strong>Feira Nacional do Doce (FENADOCE)<\/strong> celebra a tradi\u00e7\u00e3o doceira mineira com degusta\u00e7\u00f5es, concursos e comercializa\u00e7\u00e3o de doces artesanais. Produtores regionais apresentam receitas centen\u00e1rias que preservam sabores tradicionais de <strong>Minas Gerais<\/strong>.<\/p>\n\n\n\n<p>Os <strong>centros culturais<\/strong> como <strong>Palace Casino<\/strong> e <strong>Centro Cultural Urania<\/strong> oferecem programa\u00e7\u00e3o regular de teatro, cinema e exposi\u00e7\u00f5es. Estes espa\u00e7os consolidam <strong>Po\u00e7os de Caldas<\/strong> como importante centro cultural do interior mineiro.<\/p>\n\n\n\n<p>A gastronomia local combina tradi\u00e7\u00f5es mineiras com influ\u00eancias internacionais. Restaurantes especializados servem pratos t\u00edpicos como <strong>p\u00e3o de a\u00e7\u00facar<\/strong>, <strong>doce de leite<\/strong> e <strong>queijo minas<\/strong>, mantendo sabores aut\u00eanticos da regi\u00e3o.<\/p>\n\n\n\n<p><strong>Leia tamb\u00e9m: <a href=\"https:\/\/www.correiobraziliense.com.br\/cbradar\/as-novas-rotas-de-cicloturismo-que-vao-bombar-no-brasil-em-2025\/\">As novas rotas de cicloturismo que v\u00e3o bombar no Brasil em 2025.<\/a><\/strong><\/p>\n\n\n<div class=\"wp-block-image\">\n<figure class=\"aligncenter size-large\"><img decoding=\"async\" width=\"1024\" height=\"576\" src=\"https:\/\/www.correiobraziliense.com.br\/cbradar\/wp-content\/uploads\/2025\/07\/Edicoes-42-1024x576.png\" alt=\"Voc\u00ea vai se apaixonar por esse para\u00edso de \u00e1guas quentes e clima perfeito\" class=\"wp-image-67341\" srcset=\"https:\/\/www.correiobraziliense.com.br\/cbradar\/wp-content\/uploads\/2025\/07\/Edicoes-42-1024x576.png 1024w, https:\/\/www.correiobraziliense.com.br\/cbradar\/wp-content\/uploads\/2025\/07\/Edicoes-42-300x169.png 300w, https:\/\/www.correiobraziliense.com.br\/cbradar\/wp-content\/uploads\/2025\/07\/Edicoes-42-768x432.png 768w, https:\/\/www.correiobraziliense.com.br\/cbradar\/wp-content\/uploads\/2025\/07\/Edicoes-42-750x422.png 750w, https:\/\/www.correiobraziliense.com.br\/cbradar\/wp-content\/uploads\/2025\/07\/Edicoes-42-1140x641.png 1140w, https:\/\/www.correiobraziliense.com.br\/cbradar\/wp-content\/uploads\/2025\/07\/Edicoes-42.png 1280w\" sizes=\"(max-width: 1024px) 100vw, 1024px\" \/><figcaption class=\"wp-element-caption\">Po\u00e7os de Caldas \/\/ Cr\u00e9ditos: YouTube @marcelkikuchi1135<\/figcaption><\/figure><\/div>\n\n\n<h2 class=\"wp-block-heading\">Por que Po\u00e7os de Caldas \u00e9 refer\u00eancia em qualidade de vida?<\/h2>\n\n\n\n<p><strong>Po\u00e7os de Caldas<\/strong> possui infraestrutura de sa\u00fade reconhecida regionalmente, com hospitais especializados e centros de medicina termal, segundo a <strong>Secretaria Municipal de Sa\u00fade<\/strong>. A cidade atrai pacientes de todo o <strong>Brasil<\/strong> em busca de tratamentos termais.<\/p>\n\n\n\n<p>O sistema educacional inclui institui\u00e7\u00f5es renomadas como <strong>Pontif\u00edcia Universidade Cat\u00f3lica de Minas Gerais<\/strong> e <strong>Universidade Federal de Alfenas<\/strong>. Esta oferta educacional de qualidade atrai estudantes e consolida <strong>Po\u00e7os de Caldas<\/strong> como polo educacional regional.<\/p>\n\n\n\n<p>A seguran\u00e7a p\u00fablica \u00e9 destaque, com \u00edndices de criminalidade abaixo da m\u00e9dia nacional. O planejamento urbano cuidadoso, com \u00e1reas verdes preservadas e tr\u00e2nsito organizado, contribui para a sensa\u00e7\u00e3o de seguran\u00e7a dos moradores.<\/p>\n\n\n\n<p>O clima serrano oferece temperaturas amenas durante todo o ano, variando entre 15\u00b0C e 28\u00b0C. Esta condi\u00e7\u00e3o clim\u00e1tica favor\u00e1vel elimina extremos de calor e frio, proporcionando conforto t\u00e9rmico natural aos residentes.<\/p>\n\n\n\n<h2 class=\"wp-block-heading\">A tradi\u00e7\u00e3o das \u00e1guas termais<\/h2>\n\n\n\n<p><strong>Po\u00e7os de Caldas<\/strong> possui \u00e1guas termais com propriedades terap\u00eauticas comprovadas cientificamente. As fontes naturais brotam a temperaturas entre 38\u00b0C e 42\u00b0C, contendo minerais como enxofre, que beneficiam tratamentos dermatol\u00f3gicos e reum\u00e1ticos.<\/p>\n\n\n\n<p>A tradi\u00e7\u00e3o termal remonta ao s\u00e9culo XIX, quando a cidade se tornou destino de elite brasileira em busca de curas e lazer. O <strong>Palace Hotel<\/strong> e os cassinos atra\u00edam personalidades nacionais e internacionais, consolidando <strong>Po\u00e7os de Caldas<\/strong> como est\u00e2ncia de prest\u00edgio.<\/p>\n\n\n\n<p>Atualmente, o <strong>Complexo Thermas<\/strong> modernizou as instala\u00e7\u00f5es mantendo a tradi\u00e7\u00e3o terap\u00eautica. M\u00e9dicos especializados prescrevem tratamentos termais combinados com t\u00e9cnicas modernas de fisioterapia e medicina preventiva.<\/p>\n\n\n<div class=\"wp-block-image\">\n<figure class=\"aligncenter size-large\"><img decoding=\"async\" src=\"https:\/\/www.correiobraziliense.com.br\/cbradar\/wp-content\/uploads\/2025\/04\/Edicoes-69-1-1024x576.png\" alt=\"Voc\u00ea vai se apaixonar por esse para\u00edso de \u00e1guas quentes e clima perfeito\" class=\"wp-image-24856\"\/><figcaption class=\"wp-element-caption\">Po\u00e7os de Caldas \/\/ Reprodu\u00e7\u00e3o: Prefeitura de Po\u00e7os de Caldas<\/figcaption><\/figure><\/div>\n\n\n<h2 class=\"wp-block-heading\">Melhor \u00e9poca para visitar Po\u00e7os de Caldas?<\/h2>\n\n\n\n<p>Entre <strong>abril e setembro<\/strong>, <strong>Po\u00e7os de Caldas<\/strong> tem temperaturas entre 15\u00b0C e 25\u00b0C, segundo o <strong>Climatempo<\/strong>. O per\u00edodo seco \u00e9 ideal para caminhadas, atividades ao ar livre e aproveitamento das \u00e1guas termais em ambiente confort\u00e1vel.<\/p>\n\n\n\n<p><strong>Junho e julho<\/strong> registram temperaturas mais baixas, entre 10\u00b0C e 22\u00b0C. O <strong>Festival de Inverno<\/strong> nesta \u00e9poca oferece programa\u00e7\u00e3o cultural especial, aquecendo a vida cultural da cidade durante os meses mais frescos.<\/p>\n\n\n\n<p><strong>Dezembro a mar\u00e7o<\/strong> apresenta temperaturas mais elevadas, entre 18\u00b0C e 30\u00b0C. As chuvas de ver\u00e3o favorecem a vegeta\u00e7\u00e3o serrana, criando paisagens exuberantes, mas podem interferir em atividades externas planejadas.<\/p>\n\n\n\n<p><strong>Outubro e novembro<\/strong> oferecem clima equilibrado, com temperaturas entre 16\u00b0C e 27\u00b0C. Esta transi\u00e7\u00e3o para o ver\u00e3o \u00e9 considerada ideal para quem est\u00e1 conhecendo a cidade com inten\u00e7\u00e3o de mudan\u00e7a.<\/p>\n\n\n\n<h2 class=\"wp-block-heading\">Vivencie Po\u00e7os de Caldas<\/h2>\n\n\n\n<p><strong>Po\u00e7os de Caldas<\/strong> une qualidade de vida excepcional, infraestrutura moderna e belezas naturais no cora\u00e7\u00e3o do <strong>Sul de Minas<\/strong>. Das <strong>\u00e1guas termais terap\u00eauticas<\/strong> ao <strong>clima serrano privilegiado<\/strong>, \u00e9 uma cidade que oferece tudo para uma vida plena e feliz. Planeje sua mudan\u00e7a para descobrir por que <strong>Po\u00e7os de Caldas<\/strong> \u00e9 considerada uma das melhores cidades para viver no <strong>Brasil<\/strong>.<\/p>\n\n\n\n<ul class=\"wp-block-list\">\n<li>Sexto melhor IDH de <strong>Minas Gerais<\/strong> com infraestrutura sanit\u00e1ria exemplar<\/li>\n\n\n\n<li>Est\u00e2ncia termal com \u00e1guas terap\u00eauticas e clima serrano ameno<\/li>\n\n\n\n<li>Centro educacional e cultural do <strong>Sul de Minas<\/strong> com universidades renomadas<\/li>\n<\/ul>\n","protected":false},"excerpt":{"rendered":"<p>Po\u00e7os de Caldas, no sul de Minas Gerais, Brasil, a 450 km de S\u00e3o Paulo e pr\u00f3xima a Andradas e Caldas, \u00e9 conhecida como a \u201cSu\u00ed\u00e7a Brasileira\u201d. Com 171.533 habitantes, segundo estimativa de 2024 do IBGE, \u00e9 a cidade mais populosa do Sul de Minas. Vivencie o que torna Po\u00e7os de Caldas uma das cidades [&hellip;]<\/p>\n","protected":false},"author":8,"featured_media":67343,"comment_status":"open","ping_status":"open","sticky":false,"template":"","format":"standard","meta":{"_yoast_wpseo_focuskw":"\u00e1guas","_yoast_wpseo_title":"","_yoast_wpseo_metadesc":"Essa cidade brasileira oferece \u00e1guas termais e uma das melhores qualidades de vida do pa\u00eds. Um lugar que surpreende quem descobre.","jnews-multi-image_gallery":[],"jnews_single_post":{"format":"standard"},"jnews_primary_category":[],"jnews_social_meta":[],"jnews_override_counter":[],"footnotes":""},"categories":[108,111],"post_tag":[225,388,9099],"class_list":["post-81965","post","type-post","status-publish","format-standard","has-post-thumbnail","hentry","category-cidades","category-turismo","tag-brasil","tag-minas-gerais","tag-pocos-da-caldas"],"yoast_head":"<!-- This site is optimized with the Yoast SEO plugin v24.6 - https:\/\/yoast.com\/wordpress\/plugins\/seo\/ -->\n<title>Esse ref\u00fagio \u00e9 um para\u00edso de \u00e1guas quentes e bem-estar - Correio Braziliense - Radar<\/title>\n<meta name=\"description\" content=\"Essa cidade brasileira oferece \u00e1guas termais e uma das melhores qualidades de vida do pa\u00eds. Um lugar que surpreende quem descobre.\" \/>\n<meta name=\"robots\" content=\"index, follow, max-snippet:-1, max-image-preview:large, max-video-preview:-1\" \/>\n<link rel=\"canonical\" href=\"https:\/\/www.correiobraziliense.com.br\/cbradar\/esse-refugio-e-um-paraiso-de-aguas-quentes-e-bem-estar\/\" \/>\n<meta property=\"og:locale\" content=\"pt_BR\" \/>\n<meta property=\"og:type\" content=\"article\" \/>\n<meta property=\"og:title\" content=\"Esse ref\u00fagio \u00e9 um para\u00edso de \u00e1guas quentes e bem-estar - Correio Braziliense - Radar\" \/>\n<meta property=\"og:description\" content=\"Essa cidade brasileira oferece \u00e1guas termais e uma das melhores qualidades de vida do pa\u00eds. Um lugar que surpreende quem descobre.\" \/>\n<meta property=\"og:url\" content=\"https:\/\/www.correiobraziliense.com.br\/cbradar\/esse-refugio-e-um-paraiso-de-aguas-quentes-e-bem-estar\/\" \/>\n<meta property=\"og:site_name\" content=\"Correio Braziliense - Radar\" \/>\n<meta property=\"article:published_time\" content=\"2025-08-07T19:33:00+00:00\" \/>\n<meta property=\"og:image\" content=\"https:\/\/www.correiobraziliense.com.br\/cbradar\/wp-content\/uploads\/2025\/07\/Edicoes-43.png\" \/>\n\t<meta property=\"og:image:width\" content=\"1280\" \/>\n\t<meta property=\"og:image:height\" content=\"720\" \/>\n\t<meta property=\"og:image:type\" content=\"image\/png\" \/>\n<meta name=\"author\" content=\"Maura Pereira\" \/>\n<meta name=\"twitter:card\" content=\"summary_large_image\" \/>\n<meta name=\"twitter:label1\" content=\"Escrito por\" \/>\n\t<meta name=\"twitter:data1\" content=\"Maura Pereira\" \/>\n\t<meta name=\"twitter:label2\" content=\"Est. tempo de leitura\" \/>\n\t<meta name=\"twitter:data2\" content=\"9 minutos\" \/>\n<!-- \/ Yoast SEO plugin. -->","yoast_head_json":{"title":"Esse ref\u00fagio \u00e9 um para\u00edso de \u00e1guas quentes e bem-estar - Correio Braziliense - Radar","description":"Essa cidade brasileira oferece \u00e1guas termais e uma das melhores qualidades de vida do pa\u00eds. Um lugar que surpreende quem descobre.","robots":{"index":"index","follow":"follow","max-snippet":"max-snippet:-1","max-image-preview":"max-image-preview:large","max-video-preview":"max-video-preview:-1"},"canonical":"https:\/\/www.correiobraziliense.com.br\/cbradar\/esse-refugio-e-um-paraiso-de-aguas-quentes-e-bem-estar\/","og_locale":"pt_BR","og_type":"article","og_title":"Esse ref\u00fagio \u00e9 um para\u00edso de \u00e1guas quentes e bem-estar - Correio Braziliense - Radar","og_description":"Essa cidade brasileira oferece \u00e1guas termais e uma das melhores qualidades de vida do pa\u00eds. Um lugar que surpreende quem descobre.","og_url":"https:\/\/www.correiobraziliense.com.br\/cbradar\/esse-refugio-e-um-paraiso-de-aguas-quentes-e-bem-estar\/","og_site_name":"Correio Braziliense - Radar","article_published_time":"2025-08-07T19:33:00+00:00","og_image":[{"width":1280,"height":720,"url":"https:\/\/www.correiobraziliense.com.br\/cbradar\/wp-content\/uploads\/2025\/07\/Edicoes-43.png","type":"image\/png"}],"author":"Maura Pereira","twitter_card":"summary_large_image","twitter_misc":{"Escrito por":"Maura Pereira","Est. tempo de leitura":"9 minutos"},"schema":{"@context":"https:\/\/schema.org","@graph":[{"@type":"WebPage","@id":"https:\/\/www.correiobraziliense.com.br\/cbradar\/esse-refugio-e-um-paraiso-de-aguas-quentes-e-bem-estar\/","url":"https:\/\/www.correiobraziliense.com.br\/cbradar\/esse-refugio-e-um-paraiso-de-aguas-quentes-e-bem-estar\/","name":"Esse ref\u00fagio \u00e9 um para\u00edso de \u00e1guas quentes e bem-estar - Correio Braziliense - Radar","isPartOf":{"@id":"https:\/\/www.correiobraziliense.com.br\/cbradar\/#website"},"primaryImageOfPage":{"@id":"https:\/\/www.correiobraziliense.com.br\/cbradar\/esse-refugio-e-um-paraiso-de-aguas-quentes-e-bem-estar\/#primaryimage"},"image":{"@id":"https:\/\/www.correiobraziliense.com.br\/cbradar\/esse-refugio-e-um-paraiso-de-aguas-quentes-e-bem-estar\/#primaryimage"},"thumbnailUrl":"https:\/\/www.correiobraziliense.com.br\/cbradar\/wp-content\/uploads\/2025\/07\/Edicoes-43.png","datePublished":"2025-08-07T19:33:00+00:00","author":{"@id":"https:\/\/www.correiobraziliense.com.br\/cbradar\/#\/schema\/person\/4053c651a9bfc785afc6f4cbc9032fd3"},"description":"Essa cidade brasileira oferece \u00e1guas termais e uma das melhores qualidades de vida do pa\u00eds. Um lugar que surpreende quem descobre.","breadcrumb":{"@id":"https:\/\/www.correiobraziliense.com.br\/cbradar\/esse-refugio-e-um-paraiso-de-aguas-quentes-e-bem-estar\/#breadcrumb"},"inLanguage":"pt-BR","potentialAction":[{"@type":"ReadAction","target":["https:\/\/www.correiobraziliense.com.br\/cbradar\/esse-refugio-e-um-paraiso-de-aguas-quentes-e-bem-estar\/"]}]},{"@type":"ImageObject","inLanguage":"pt-BR","@id":"https:\/\/www.correiobraziliense.com.br\/cbradar\/esse-refugio-e-um-paraiso-de-aguas-quentes-e-bem-estar\/#primaryimage","url":"https:\/\/www.correiobraziliense.com.br\/cbradar\/wp-content\/uploads\/2025\/07\/Edicoes-43.png","contentUrl":"https:\/\/www.correiobraziliense.com.br\/cbradar\/wp-content\/uploads\/2025\/07\/Edicoes-43.png","width":1280,"height":720,"caption":"Em Po\u00e7os de Caldas\ufeff, relaxe em parques, aproveite a gastronomia mineira e explore a rica cultura local. \/\/ Cr\u00e9ditos: YouTube @marcelkikuchi1135"},{"@type":"BreadcrumbList","@id":"https:\/\/www.correiobraziliense.com.br\/cbradar\/esse-refugio-e-um-paraiso-de-aguas-quentes-e-bem-estar\/#breadcrumb","itemListElement":[{"@type":"ListItem","position":1,"name":"In\u00edcio","item":"https:\/\/www.correiobraziliense.com.br\/cbradar\/"},{"@type":"ListItem","position":2,"name":"Esse ref\u00fagio \u00e9 um para\u00edso de \u00e1guas quentes e bem-estar"}]},{"@type":"WebSite","@id":"https:\/\/www.correiobraziliense.com.br\/cbradar\/#website","url":"https:\/\/www.correiobraziliense.com.br\/cbradar\/","name":"Correio Braziliense - Radar","description":"Acompanhe as \u00faltimas not\u00edcias e fique bem informado sobre tudo o que acontece no Brasil e no mundo.","potentialAction":[{"@type":"SearchAction","target":{"@type":"EntryPoint","urlTemplate":"https:\/\/www.correiobraziliense.com.br\/cbradar\/?s={search_term_string}"},"query-input":{"@type":"PropertyValueSpecification","valueRequired":true,"valueName":"search_term_string"}}],"inLanguage":"pt-BR"},{"@type":"Person","@id":"https:\/\/www.correiobraziliense.com.br\/cbradar\/#\/schema\/person\/4053c651a9bfc785afc6f4cbc9032fd3","name":"Maura Pereira","image":{"@type":"ImageObject","inLanguage":"pt-BR","@id":"https:\/\/www.correiobraziliense.com.br\/cbradar\/#\/schema\/person\/image\/","url":"https:\/\/secure.gravatar.com\/avatar\/3effd6bdadfa447f15089c7f7144eaa6?s=96&d=mm&r=g","contentUrl":"https:\/\/secure.gravatar.com\/avatar\/3effd6bdadfa447f15089c7f7144eaa6?s=96&d=mm&r=g","caption":"Maura Pereira"},"sameAs":["https:\/\/www.correiobraziliense.com.br\/"],"url":"https:\/\/www.correiobraziliense.com.br\/cbradar\/author\/mauramyth\/"}]}},"_links":{"self":[{"href":"https:\/\/www.correiobraziliense.com.br\/cbradar\/wp-json\/wp\/v2\/posts\/81965","targetHints":{"allow":["GET"]}}],"collection":[{"href":"https:\/\/www.correiobraziliense.com.br\/cbradar\/wp-json\/wp\/v2\/posts"}],"about":[{"href":"https:\/\/www.correiobraziliense.com.br\/cbradar\/wp-json\/wp\/v2\/types\/post"}],"author":[{"embeddable":true,"href":"https:\/\/www.correiobraziliense.com.br\/cbradar\/wp-json\/wp\/v2\/users\/8"}],"replies":[{"embeddable":true,"href":"https:\/\/www.correiobraziliense.com.br\/cbradar\/wp-json\/wp\/v2\/comments?post=81965"}],"version-history":[{"count":14,"href":"https:\/\/www.correiobraziliense.com.br\/cbradar\/wp-json\/wp\/v2\/posts\/81965\/revisions"}],"predecessor-version":[{"id":82193,"href":"https:\/\/www.correiobraziliense.com.br\/cbradar\/wp-json\/wp\/v2\/posts\/81965\/revisions\/82193"}],"wp:featuredmedia":[{"embeddable":true,"href":"https:\/\/www.correiobraziliense.com.br\/cbradar\/wp-json\/wp\/v2\/media\/67343"}],"wp:attachment":[{"href":"https:\/\/www.correiobraziliense.com.br\/cbradar\/wp-json\/wp\/v2\/media?parent=81965"}],"wp:term":[{"taxonomy":"category","embeddable":true,"href":"https:\/\/www.correiobraziliense.com.br\/cbradar\/wp-json\/wp\/v2\/categories?post=81965"},{"taxonomy":"post_tag","embeddable":true,"href":"https:\/\/www.correiobraziliense.com.br\/cbradar\/wp-json\/wp\/v2\/post_tag?post=81965"}],"curies":[{"name":"wp","href":"https:\/\/api.w.org\/{rel}","templated":true}]}}