{"id":81966,"date":"2025-08-07T18:33:00","date_gmt":"2025-08-07T21:33:00","guid":{"rendered":"https:\/\/www.correiobraziliense.com.br\/cbradar\/?p=81966"},"modified":"2025-08-06T18:13:12","modified_gmt":"2025-08-06T21:13:12","slug":"essa-cidade-paulista-e-referencia-em-qualidade-de-vida-e-economia","status":"publish","type":"post","link":"https:\/\/www.correiobraziliense.com.br\/cbradar\/essa-cidade-paulista-e-referencia-em-qualidade-de-vida-e-economia\/","title":{"rendered":"Essa cidade paulista \u00e9 refer\u00eancia em qualidade de vida e economia"},"content":{"rendered":"\n<p><strong><a href=\"https:\/\/taubate.sp.gov.br\/\" target=\"_blank\" rel=\"noreferrer noopener\">Taubat\u00e9<\/a><\/strong>, no <strong>Vale do Para\u00edba<\/strong> de <strong>S\u00e3o Paulo, Brasil<\/strong>, a 123 km de <strong>S\u00e3o Paulo<\/strong> e pr\u00f3xima a <strong>S\u00e3o Jos\u00e9 dos Campos<\/strong> e <strong>Guaratinguet\u00e1<\/strong>, \u00e9 conhecida como \u201c<strong>Cidade do Saber<\/strong>\u201d. Com uma economia diversificada e excelente qualidade de vida, <strong>Taubat\u00e9<\/strong> \u00e9 ideal para morar e estabelecer ra\u00edzes. Vivencie o que torna esta cidade um destino pr\u00f3spero no interior paulista.<\/p>\n\n\n\n<ul class=\"wp-block-list\">\n<li>Economia robusta com ind\u00fastria automobil\u00edstica e setor de servi\u00e7os desenvolvido<\/li>\n\n\n\n<li>Cultura vibrante com festivais tradicionais e rica hist\u00f3ria colonial<\/li>\n\n\n\n<li>Qualidade de vida excepcional com parques urbanos e infraestrutura completa<\/li>\n<\/ul>\n\n\n\n<h2 class=\"wp-block-heading\">Por que morar em Taubat\u00e9?<\/h2>\n\n\n\n<p><strong>Taubat\u00e9<\/strong> possui um IDH de 0,800, segundo o <strong>\u00a0<strong>Programa das Na\u00e7\u00f5es Unidas para o Desenvolvimento<\/strong><\/strong>. A economia \u00e9 movida pela ind\u00fastria automobil\u00edstica, metal\u00fargica e pelo setor de servi\u00e7os, conforme a <strong>Prefeitura de Taubat\u00e9<\/strong>.<\/p>\n\n\n\n<p>Com cerca de 317.915 habitantes, segundo o <strong>IBGE<\/strong>, a cidade oferece infraestrutura completa em sa\u00fade, educa\u00e7\u00e3o e transporte. A seguran\u00e7a \u00e9 refor\u00e7ada em todas as regi\u00f5es da cidade.<\/p>\n\n\n\n<p>O custo de vida \u00e9 mais acess\u00edvel que na capital paulista, com alugu\u00e9is at\u00e9 40% menores. A cidade conta com universidades renomadas como a <strong>Universidade de Taubat\u00e9 (UNITAU)<\/strong>.<\/p>\n\n\n\n<p>O sistema de sa\u00fade integra hospitais p\u00fablicos e privados de refer\u00eancia. A educa\u00e7\u00e3o municipal \u00e9 reconhecida nacionalmente, com escolas bem estruturadas.<\/p>\n\n\n<div class=\"wp-block-image\">\n<figure class=\"aligncenter size-large\"><img decoding=\"async\" width=\"1024\" height=\"576\" src=\"https:\/\/www.correiobraziliense.com.br\/cbradar\/wp-content\/uploads\/2025\/07\/Edicoes-53-1024x576.png\" alt=\"Cidade paulista encanta com sua cultura e economia em crescimento\" class=\"wp-image-72284\" srcset=\"https:\/\/www.correiobraziliense.com.br\/cbradar\/wp-content\/uploads\/2025\/07\/Edicoes-53-1024x576.png 1024w, https:\/\/www.correiobraziliense.com.br\/cbradar\/wp-content\/uploads\/2025\/07\/Edicoes-53-300x169.png 300w, https:\/\/www.correiobraziliense.com.br\/cbradar\/wp-content\/uploads\/2025\/07\/Edicoes-53-768x432.png 768w, https:\/\/www.correiobraziliense.com.br\/cbradar\/wp-content\/uploads\/2025\/07\/Edicoes-53-750x422.png 750w, https:\/\/www.correiobraziliense.com.br\/cbradar\/wp-content\/uploads\/2025\/07\/Edicoes-53-1140x641.png 1140w, https:\/\/www.correiobraziliense.com.br\/cbradar\/wp-content\/uploads\/2025\/07\/Edicoes-53.png 1280w\" sizes=\"(max-width: 1024px) 100vw, 1024px\" \/><figcaption class=\"wp-element-caption\">Taubat\u00e9 \/\/ Cr\u00e9ditos: Wikip\u00e9dia<\/figcaption><\/figure><\/div>\n\n\n<h2 class=\"wp-block-heading\">Quais s\u00e3o os melhores bairros para morar em Taubat\u00e9?<\/h2>\n\n\n\n<p>O <strong>Centro<\/strong> \u00e9 vibrante, com com\u00e9rcio diversificado e acesso ao <strong>Museu Monteiro Lobato<\/strong>. Ideal para quem busca praticidade e vida urbana intensa.<\/p>\n\n\n\n<p>O <strong>Jardim das Na\u00e7\u00f5es<\/strong> oferece tranquilidade residencial com proximidade ao <strong>Parque da Cidade<\/strong>. Perfeito para fam\u00edlias com crian\u00e7as.<\/p>\n\n\n\n<p>A <strong>Vila S\u00e3o Geraldo<\/strong> combina tradi\u00e7\u00e3o e modernidade, com casas hist\u00f3ricas preservadas. Muito procurada por profissionais liberais.<\/p>\n\n\n\n<p>O <strong>Bosque da Sa\u00fade<\/strong> \u00e9 um bairro planejado com infraestrutura completa e \u00e1rea verde preservada. Valoriza\u00e7\u00e3o imobili\u00e1ria constante garante bom investimento.<\/p>\n\n\n\n<ul class=\"wp-block-list\">\n<li><strong>Centro<\/strong>: Com\u00e9rcio movimentado e patrim\u00f4nio hist\u00f3rico preservado<\/li>\n\n\n\n<li><strong>Jardim das Na\u00e7\u00f5es<\/strong>: Resid\u00eancias familiares pr\u00f3ximas a parques<\/li>\n\n\n\n<li><strong>Vila S\u00e3o Geraldo<\/strong>: Arquitetura tradicional e localiza\u00e7\u00e3o privilegiada<\/li>\n\n\n\n<li><strong>Bosque da Sa\u00fade<\/strong>: Planejamento urbano moderno e sustent\u00e1vel<\/li>\n\n\n\n<li><strong>Parque Aeroporto<\/strong>: Expans\u00e3o imobili\u00e1ria com \u00f3tima infraestrutura<\/li>\n<\/ul>\n\n\n\n<figure class=\"wp-block-embed aligncenter is-type-video is-provider-youtube wp-block-embed-youtube wp-embed-aspect-16-9 wp-has-aspect-ratio\"><div class=\"wp-block-embed__wrapper\">\n<div class=\"jeg_video_container jeg_video_content\"><iframe loading=\"lazy\" title=\"TAUBAT\u00c9 VISTA DE CIMA  |  4K\" width=\"500\" height=\"281\" src=\"https:\/\/www.youtube.com\/embed\/EyeAMEnyEVE?start=91&#038;feature=oembed\" frameborder=\"0\" allow=\"accelerometer; autoplay; clipboard-write; encrypted-media; gyroscope; picture-in-picture; web-share\" referrerpolicy=\"strict-origin-when-cross-origin\" allowfullscreen><\/iframe><\/div>\n<\/div><figcaption class=\"wp-element-caption\">Taubat\u00e9 \/\/ Cr\u00e9ditos: YouTube @partiubr<\/figcaption><\/figure>\n\n\n\n<h2 class=\"wp-block-heading\">Quais s\u00e3o as principais atra\u00e7\u00f5es tur\u00edsticas de Taubat\u00e9?<\/h2>\n\n\n\n<p>O <strong>Museu Monteiro Lobato<\/strong> encanta com o universo do <strong>S\u00edtio do Picapau Amarelo<\/strong>, preservando a mem\u00f3ria do escritor. \u00c9 um ponto imperd\u00edvel para fam\u00edlias, segundo o <strong>Melhores Destinos<\/strong>.<\/p>\n\n\n\n<p>A <strong>Casa do Folclore<\/strong> apresenta tradi\u00e7\u00f5es regionais atrav\u00e9s de exposi\u00e7\u00f5es permanentes e tempor\u00e1rias. Localizada no centro hist\u00f3rico, preserva a cultura popular do <strong>Vale do Para\u00edba<\/strong>.<\/p>\n\n\n\n<p>O <strong>Memorial F\u00e9lix Guisard Filho<\/strong> homenageia a hist\u00f3ria local com acervo de documentos e fotografias antigas. Oferece uma viagem no tempo pela forma\u00e7\u00e3o da cidade.<\/p>\n\n\n\n<p>O <strong>Parque Natural Municipal do Itaim<\/strong> proporciona contato com a natureza atrav\u00e9s de trilhas ecol\u00f3gicas e observa\u00e7\u00e3o da fauna. Possui \u00e1rea de 143 hectares de mata preservada.<\/p>\n\n\n\n<p>A <strong>Catedral de S\u00e3o Francisco das Chagas<\/strong> impressiona pela arquitetura neocl\u00e1ssica e vitrais coloridos. Importante marco religioso e arquitet\u00f4nico da regi\u00e3o.<\/p>\n\n\n\n<ul class=\"wp-block-list\">\n<li><strong>Museu Monteiro Lobato<\/strong>: Universo l\u00fadico do criador do Jeca Tatu<\/li>\n\n\n\n<li><strong>Casa do Folclore<\/strong>: Tradi\u00e7\u00f5es culturais do Vale do Para\u00edba<\/li>\n\n\n\n<li><strong>Memorial F\u00e9lix Guisard Filho<\/strong>: Hist\u00f3ria documentada da cidade<\/li>\n\n\n\n<li><strong>Parque Natural do Itaim<\/strong>: Trilhas ecol\u00f3gicas e fauna nativa<\/li>\n\n\n\n<li><strong>Catedral S\u00e3o Francisco<\/strong>: Arquitetura neocl\u00e1ssica imponente<\/li>\n<\/ul>\n\n\n<div class=\"wp-block-image\">\n<figure class=\"aligncenter size-large\"><img decoding=\"async\" width=\"1024\" height=\"576\" src=\"https:\/\/www.correiobraziliense.com.br\/cbradar\/wp-content\/uploads\/2025\/03\/Taubate_1741826355922-1024x576.jpg\" alt=\"Cidade paulista encanta com sua cultura e economia em crescimento\" class=\"wp-image-11944\" srcset=\"https:\/\/www.correiobraziliense.com.br\/cbradar\/wp-content\/uploads\/2025\/03\/Taubate_1741826355922-1024x576.jpg 1024w, https:\/\/www.correiobraziliense.com.br\/cbradar\/wp-content\/uploads\/2025\/03\/Taubate_1741826355922-300x169.jpg 300w, https:\/\/www.correiobraziliense.com.br\/cbradar\/wp-content\/uploads\/2025\/03\/Taubate_1741826355922-768x432.jpg 768w, https:\/\/www.correiobraziliense.com.br\/cbradar\/wp-content\/uploads\/2025\/03\/Taubate_1741826355922-750x422.jpg 750w, https:\/\/www.correiobraziliense.com.br\/cbradar\/wp-content\/uploads\/2025\/03\/Taubate_1741826355922-1140x641.jpg 1140w, https:\/\/www.correiobraziliense.com.br\/cbradar\/wp-content\/uploads\/2025\/03\/Taubate_1741826355922.jpg 1280w\" sizes=\"(max-width: 1024px) 100vw, 1024px\" \/><figcaption class=\"wp-element-caption\">Taubat\u00e9 \/\/ Cr\u00e9ditos: depositphotos.com \/ jprlpco.gmail.com<\/figcaption><\/figure><\/div>\n\n\n<h2 class=\"wp-block-heading\">Como \u00e9 a vida cultural em Taubat\u00e9?<\/h2>\n\n\n\n<p><strong>Taubat\u00e9<\/strong> vibra com o <strong>Festival de Inverno<\/strong>, que re\u00fane m\u00fasica, teatro e artes pl\u00e1sticas durante julho. O evento atrai artistas regionais e nacionais ao centro da cidade.<\/p>\n\n\n\n<p>Feiras na <strong>Pra\u00e7a Santa Terezinha<\/strong> oferecem artesanato local e gastronomia t\u00edpica do interior paulista. Os fins de semana s\u00e3o animados com apresenta\u00e7\u00f5es culturais.<\/p>\n\n\n\n<p>A <strong>Orquestra Sinf\u00f4nica de Taubat\u00e9<\/strong> realiza concertos regulares no <strong>Teatro Municipal<\/strong>. A programa\u00e7\u00e3o cultural inclui pe\u00e7as teatrais, shows e festivais liter\u00e1rios.<\/p>\n\n\n\n<p>O <strong>Carnaval de Taubat\u00e9<\/strong> preserva tradi\u00e7\u00f5es com blocos de rua e desfiles no samb\u00f3dromo municipal. A festa mobiliza toda a popula\u00e7\u00e3o em fevereiro.<\/p>\n\n\n\n<p><strong>Leia tamb\u00e9m: <a href=\"https:\/\/www.correiobraziliense.com.br\/cbradar\/as-novas-rotas-de-cicloturismo-que-vao-bombar-no-brasil-em-2025\/\">As novas rotas de cicloturismo que v\u00e3o bombar no Brasil em 2025.<\/a><\/strong><\/p>\n\n\n\n<h2 class=\"wp-block-heading\">Por que Taubat\u00e9 \u00e9 refer\u00eancia em educa\u00e7\u00e3o?<\/h2>\n\n\n\n<p><strong>Taubat\u00e9<\/strong> \u00e9 conhecida como &#8220;<strong>Cidade do Saber<\/strong>&#8221; pela concentra\u00e7\u00e3o de institui\u00e7\u00f5es de ensino superior, segundo a <strong>Secretaria de Educa\u00e7\u00e3o de Taubat\u00e9<\/strong>. A <strong>UNITAU<\/strong> oferece cursos reconhecidos nacionalmente.<\/p>\n\n\n\n<p>O munic\u00edpio investe 28% do or\u00e7amento em educa\u00e7\u00e3o, superando os 25% exigidos por lei. As escolas municipais s\u00e3o equipadas com laborat\u00f3rios de inform\u00e1tica e bibliotecas.<\/p>\n\n\n\n<p>A cidade abriga o <strong>N\u00facleo de Pesquisa e Desenvolvimento<\/strong> em parceria com universidades paulistas. Projetos de inova\u00e7\u00e3o tecnol\u00f3gica atraem estudantes de todo o pa\u00eds.<\/p>\n\n\n<div class=\"wp-block-image\">\n<figure class=\"aligncenter size-large\"><img decoding=\"async\" width=\"1024\" height=\"576\" src=\"https:\/\/www.correiobraziliense.com.br\/cbradar\/wp-content\/uploads\/2025\/07\/Edicoes-54-1024x576.png\" alt=\"Cidade paulista encanta com sua cultura e economia em crescimento\" class=\"wp-image-72288\" srcset=\"https:\/\/www.correiobraziliense.com.br\/cbradar\/wp-content\/uploads\/2025\/07\/Edicoes-54-1024x576.png 1024w, https:\/\/www.correiobraziliense.com.br\/cbradar\/wp-content\/uploads\/2025\/07\/Edicoes-54-300x169.png 300w, https:\/\/www.correiobraziliense.com.br\/cbradar\/wp-content\/uploads\/2025\/07\/Edicoes-54-768x432.png 768w, https:\/\/www.correiobraziliense.com.br\/cbradar\/wp-content\/uploads\/2025\/07\/Edicoes-54-750x422.png 750w, https:\/\/www.correiobraziliense.com.br\/cbradar\/wp-content\/uploads\/2025\/07\/Edicoes-54-1140x641.png 1140w, https:\/\/www.correiobraziliense.com.br\/cbradar\/wp-content\/uploads\/2025\/07\/Edicoes-54.png 1280w\" sizes=\"(max-width: 1024px) 100vw, 1024px\" \/><figcaption class=\"wp-element-caption\">Taubat\u00e9 \/\/ Cr\u00e9ditos: Wikip\u00e9dia<\/figcaption><\/figure><\/div>\n\n\n<h2 class=\"wp-block-heading\">O ber\u00e7o de Monteiro Lobato<\/h2>\n\n\n\n<p><strong>Taubat\u00e9<\/strong> ganhou reconhecimento mundial por ser o ber\u00e7o de <strong>Monteiro Lobato<\/strong>, criador do <strong>S\u00edtio do Picapau Amarelo<\/strong>. O escritor nasceu na cidade em 1882 e ambientou muitas obras na regi\u00e3o.<\/p>\n\n\n\n<p>A casa onde nasceu o autor foi transformada em museu, preservando m\u00f3veis e objetos pessoais. O local recebe milhares de visitantes anualmente, especialmente crian\u00e7as em excurs\u00f5es escolares.<\/p>\n\n\n\n<p>O legado liter\u00e1rio influencia a identidade cultural local, com ruas e pra\u00e7as homenageando personagens criados pelo escritor. A <strong>Em\u00edlia<\/strong> e o <strong>Visconde de Sabugosa<\/strong> s\u00e3o s\u00edmbolos municipais.<\/p>\n\n\n\n<h2 class=\"wp-block-heading\">Melhor \u00e9poca para visitar Taubat\u00e9?<\/h2>\n\n\n\n<p>Entre <strong>maio<\/strong> e <strong>setembro<\/strong>, <strong>Taubat\u00e9<\/strong> tem temperaturas entre 15\u00b0C e 25\u00b0C, segundo o <strong>Climatempo<\/strong>. O inverno \u00e9 ideal para caminhadas no <strong>Parque Natural do Itaim<\/strong>.<\/p>\n\n\n\n<p><strong>Julho<\/strong> \u00e9 especial com o <strong>Festival de Inverno<\/strong>, quando a cidade se transforma em palco cultural. Hot\u00e9is e pousadas ficam mais movimentados durante o evento.<\/p>\n\n\n\n<p>A primavera, de <strong>setembro<\/strong> a <strong>novembro<\/strong>, oferece clima ameno para explorar o centro hist\u00f3rico. As chuvas s\u00e3o menos frequentes, facilitando passeios ao ar livre.<\/p>\n\n\n\n<p>O ver\u00e3o traz temperaturas mais altas, mas \u00e9 compensado pelas festividades de <strong>Carnaval<\/strong> em fevereiro. As cachoeiras da regi\u00e3o ficam mais convidativas para banhos refrescantes.<\/p>\n\n\n\n<h2 class=\"wp-block-heading\">Vivencie Taubat\u00e9<\/h2>\n\n\n\n<p><strong>Taubat\u00e9<\/strong> une desenvolvimento econ\u00f4mico, educa\u00e7\u00e3o de qualidade e rica cultura em <strong>S\u00e3o Paulo<\/strong>. Do <strong>Museu Monteiro Lobato<\/strong> ao <strong>Festival de Inverno<\/strong>, \u00e9 uma cidade que oferece oportunidades e qualidade de vida. Planeje sua mudan\u00e7a para viver o progresso e a tradi\u00e7\u00e3o de <strong>Taubat\u00e9<\/strong>.<\/p>\n\n\n\n<ul class=\"wp-block-list\">\n<li>Economia diversificada com oportunidades de emprego<\/li>\n\n\n\n<li>Educa\u00e7\u00e3o superior reconhecida nacionalmente<\/li>\n\n\n\n<li>Qualidade de vida superior \u00e0 m\u00e9dia nacional<\/li>\n<\/ul>\n","protected":false},"excerpt":{"rendered":"<p>Taubat\u00e9, no Vale do Para\u00edba de S\u00e3o Paulo, Brasil, a 123 km de S\u00e3o Paulo e pr\u00f3xima a S\u00e3o Jos\u00e9 dos Campos e Guaratinguet\u00e1, \u00e9 conhecida como \u201cCidade do Saber\u201d. Com uma economia diversificada e excelente qualidade de vida, Taubat\u00e9 \u00e9 ideal para morar e estabelecer ra\u00edzes. Vivencie o que torna esta cidade um destino [&hellip;]<\/p>\n","protected":false},"author":8,"featured_media":11943,"comment_status":"open","ping_status":"open","sticky":false,"template":"","format":"standard","meta":{"_yoast_wpseo_focuskw":"cidade","_yoast_wpseo_title":"","_yoast_wpseo_metadesc":"Essa cidade paulista virou refer\u00eancia nacional em qualidade de vida e economia forte. Descubra por que tantos querem morar l\u00e1.","jnews-multi-image_gallery":[],"jnews_single_post":{"format":"standard"},"jnews_primary_category":[],"jnews_social_meta":[],"jnews_override_counter":[],"footnotes":""},"categories":[108,111],"post_tag":[225,247,278,1867],"class_list":["post-81966","post","type-post","status-publish","format-standard","has-post-thumbnail","hentry","category-cidades","category-turismo","tag-brasil","tag-qualidade-de-vida","tag-sao-paulo","tag-taubate"],"yoast_head":"<!-- This site is optimized with the Yoast SEO plugin v24.6 - https:\/\/yoast.com\/wordpress\/plugins\/seo\/ -->\n<title>Essa cidade paulista \u00e9 refer\u00eancia em qualidade de vida e economia - Correio Braziliense - Radar<\/title>\n<meta name=\"description\" content=\"Essa cidade paulista virou refer\u00eancia nacional em qualidade de vida e economia forte. Descubra por que tantos querem morar l\u00e1.\" \/>\n<meta name=\"robots\" content=\"index, follow, max-snippet:-1, max-image-preview:large, max-video-preview:-1\" \/>\n<link rel=\"canonical\" href=\"https:\/\/www.correiobraziliense.com.br\/cbradar\/essa-cidade-paulista-e-referencia-em-qualidade-de-vida-e-economia\/\" \/>\n<meta property=\"og:locale\" content=\"pt_BR\" \/>\n<meta property=\"og:type\" content=\"article\" \/>\n<meta property=\"og:title\" content=\"Essa cidade paulista \u00e9 refer\u00eancia em qualidade de vida e economia - Correio Braziliense - Radar\" \/>\n<meta property=\"og:description\" content=\"Essa cidade paulista virou refer\u00eancia nacional em qualidade de vida e economia forte. Descubra por que tantos querem morar l\u00e1.\" \/>\n<meta property=\"og:url\" content=\"https:\/\/www.correiobraziliense.com.br\/cbradar\/essa-cidade-paulista-e-referencia-em-qualidade-de-vida-e-economia\/\" \/>\n<meta property=\"og:site_name\" content=\"Correio Braziliense - Radar\" \/>\n<meta property=\"article:published_time\" content=\"2025-08-07T21:33:00+00:00\" \/>\n<meta property=\"og:image\" content=\"https:\/\/www.correiobraziliense.com.br\/cbradar\/wp-content\/uploads\/2025\/03\/Taubate_1741826346133.jpg\" \/>\n\t<meta property=\"og:image:width\" content=\"1280\" \/>\n\t<meta property=\"og:image:height\" content=\"720\" \/>\n\t<meta property=\"og:image:type\" content=\"image\/jpeg\" \/>\n<meta name=\"author\" content=\"Maura Pereira\" \/>\n<meta name=\"twitter:card\" content=\"summary_large_image\" \/>\n<meta name=\"twitter:label1\" content=\"Escrito por\" \/>\n\t<meta name=\"twitter:data1\" content=\"Maura Pereira\" \/>\n\t<meta name=\"twitter:label2\" content=\"Est. tempo de leitura\" \/>\n\t<meta name=\"twitter:data2\" content=\"7 minutos\" \/>\n<!-- \/ Yoast SEO plugin. -->","yoast_head_json":{"title":"Essa cidade paulista \u00e9 refer\u00eancia em qualidade de vida e economia - Correio Braziliense - Radar","description":"Essa cidade paulista virou refer\u00eancia nacional em qualidade de vida e economia forte. Descubra por que tantos querem morar l\u00e1.","robots":{"index":"index","follow":"follow","max-snippet":"max-snippet:-1","max-image-preview":"max-image-preview:large","max-video-preview":"max-video-preview:-1"},"canonical":"https:\/\/www.correiobraziliense.com.br\/cbradar\/essa-cidade-paulista-e-referencia-em-qualidade-de-vida-e-economia\/","og_locale":"pt_BR","og_type":"article","og_title":"Essa cidade paulista \u00e9 refer\u00eancia em qualidade de vida e economia - Correio Braziliense - Radar","og_description":"Essa cidade paulista virou refer\u00eancia nacional em qualidade de vida e economia forte. Descubra por que tantos querem morar l\u00e1.","og_url":"https:\/\/www.correiobraziliense.com.br\/cbradar\/essa-cidade-paulista-e-referencia-em-qualidade-de-vida-e-economia\/","og_site_name":"Correio Braziliense - Radar","article_published_time":"2025-08-07T21:33:00+00:00","og_image":[{"width":1280,"height":720,"url":"https:\/\/www.correiobraziliense.com.br\/cbradar\/wp-content\/uploads\/2025\/03\/Taubate_1741826346133.jpg","type":"image\/jpeg"}],"author":"Maura Pereira","twitter_card":"summary_large_image","twitter_misc":{"Escrito por":"Maura Pereira","Est. tempo de leitura":"7 minutos"},"schema":{"@context":"https:\/\/schema.org","@graph":[{"@type":"WebPage","@id":"https:\/\/www.correiobraziliense.com.br\/cbradar\/essa-cidade-paulista-e-referencia-em-qualidade-de-vida-e-economia\/","url":"https:\/\/www.correiobraziliense.com.br\/cbradar\/essa-cidade-paulista-e-referencia-em-qualidade-de-vida-e-economia\/","name":"Essa cidade paulista \u00e9 refer\u00eancia em qualidade de vida e economia - Correio Braziliense - Radar","isPartOf":{"@id":"https:\/\/www.correiobraziliense.com.br\/cbradar\/#website"},"primaryImageOfPage":{"@id":"https:\/\/www.correiobraziliense.com.br\/cbradar\/essa-cidade-paulista-e-referencia-em-qualidade-de-vida-e-economia\/#primaryimage"},"image":{"@id":"https:\/\/www.correiobraziliense.com.br\/cbradar\/essa-cidade-paulista-e-referencia-em-qualidade-de-vida-e-economia\/#primaryimage"},"thumbnailUrl":"https:\/\/www.correiobraziliense.com.br\/cbradar\/wp-content\/uploads\/2025\/03\/Taubate_1741826346133.jpg","datePublished":"2025-08-07T21:33:00+00:00","author":{"@id":"https:\/\/www.correiobraziliense.com.br\/cbradar\/#\/schema\/person\/4053c651a9bfc785afc6f4cbc9032fd3"},"description":"Essa cidade paulista virou refer\u00eancia nacional em qualidade de vida e economia forte. Descubra por que tantos querem morar l\u00e1.","breadcrumb":{"@id":"https:\/\/www.correiobraziliense.com.br\/cbradar\/essa-cidade-paulista-e-referencia-em-qualidade-de-vida-e-economia\/#breadcrumb"},"inLanguage":"pt-BR","potentialAction":[{"@type":"ReadAction","target":["https:\/\/www.correiobraziliense.com.br\/cbradar\/essa-cidade-paulista-e-referencia-em-qualidade-de-vida-e-economia\/"]}]},{"@type":"ImageObject","inLanguage":"pt-BR","@id":"https:\/\/www.correiobraziliense.com.br\/cbradar\/essa-cidade-paulista-e-referencia-em-qualidade-de-vida-e-economia\/#primaryimage","url":"https:\/\/www.correiobraziliense.com.br\/cbradar\/wp-content\/uploads\/2025\/03\/Taubate_1741826346133.jpg","contentUrl":"https:\/\/www.correiobraziliense.com.br\/cbradar\/wp-content\/uploads\/2025\/03\/Taubate_1741826346133.jpg","width":1280,"height":720,"caption":"Taubat\u00e9 se destaca no Vale do Para\u00edba por sua economia diversificada e qualidade de vida crescente. \/\/ Cr\u00e9ditos: depositphotos.com \/ jprlpco.gmail.com"},{"@type":"BreadcrumbList","@id":"https:\/\/www.correiobraziliense.com.br\/cbradar\/essa-cidade-paulista-e-referencia-em-qualidade-de-vida-e-economia\/#breadcrumb","itemListElement":[{"@type":"ListItem","position":1,"name":"In\u00edcio","item":"https:\/\/www.correiobraziliense.com.br\/cbradar\/"},{"@type":"ListItem","position":2,"name":"Essa cidade paulista \u00e9 refer\u00eancia em qualidade de vida e economia"}]},{"@type":"WebSite","@id":"https:\/\/www.correiobraziliense.com.br\/cbradar\/#website","url":"https:\/\/www.correiobraziliense.com.br\/cbradar\/","name":"Correio Braziliense - Radar","description":"Acompanhe as \u00faltimas not\u00edcias e fique bem informado sobre tudo o que acontece no Brasil e no mundo.","potentialAction":[{"@type":"SearchAction","target":{"@type":"EntryPoint","urlTemplate":"https:\/\/www.correiobraziliense.com.br\/cbradar\/?s={search_term_string}"},"query-input":{"@type":"PropertyValueSpecification","valueRequired":true,"valueName":"search_term_string"}}],"inLanguage":"pt-BR"},{"@type":"Person","@id":"https:\/\/www.correiobraziliense.com.br\/cbradar\/#\/schema\/person\/4053c651a9bfc785afc6f4cbc9032fd3","name":"Maura Pereira","image":{"@type":"ImageObject","inLanguage":"pt-BR","@id":"https:\/\/www.correiobraziliense.com.br\/cbradar\/#\/schema\/person\/image\/","url":"https:\/\/secure.gravatar.com\/avatar\/3effd6bdadfa447f15089c7f7144eaa6?s=96&d=mm&r=g","contentUrl":"https:\/\/secure.gravatar.com\/avatar\/3effd6bdadfa447f15089c7f7144eaa6?s=96&d=mm&r=g","caption":"Maura Pereira"},"sameAs":["https:\/\/www.correiobraziliense.com.br\/"],"url":"https:\/\/www.correiobraziliense.com.br\/cbradar\/author\/mauramyth\/"}]}},"_links":{"self":[{"href":"https:\/\/www.correiobraziliense.com.br\/cbradar\/wp-json\/wp\/v2\/posts\/81966","targetHints":{"allow":["GET"]}}],"collection":[{"href":"https:\/\/www.correiobraziliense.com.br\/cbradar\/wp-json\/wp\/v2\/posts"}],"about":[{"href":"https:\/\/www.correiobraziliense.com.br\/cbradar\/wp-json\/wp\/v2\/types\/post"}],"author":[{"embeddable":true,"href":"https:\/\/www.correiobraziliense.com.br\/cbradar\/wp-json\/wp\/v2\/users\/8"}],"replies":[{"embeddable":true,"href":"https:\/\/www.correiobraziliense.com.br\/cbradar\/wp-json\/wp\/v2\/comments?post=81966"}],"version-history":[{"count":13,"href":"https:\/\/www.correiobraziliense.com.br\/cbradar\/wp-json\/wp\/v2\/posts\/81966\/revisions"}],"predecessor-version":[{"id":82217,"href":"https:\/\/www.correiobraziliense.com.br\/cbradar\/wp-json\/wp\/v2\/posts\/81966\/revisions\/82217"}],"wp:featuredmedia":[{"embeddable":true,"href":"https:\/\/www.correiobraziliense.com.br\/cbradar\/wp-json\/wp\/v2\/media\/11943"}],"wp:attachment":[{"href":"https:\/\/www.correiobraziliense.com.br\/cbradar\/wp-json\/wp\/v2\/media?parent=81966"}],"wp:term":[{"taxonomy":"category","embeddable":true,"href":"https:\/\/www.correiobraziliense.com.br\/cbradar\/wp-json\/wp\/v2\/categories?post=81966"},{"taxonomy":"post_tag","embeddable":true,"href":"https:\/\/www.correiobraziliense.com.br\/cbradar\/wp-json\/wp\/v2\/post_tag?post=81966"}],"curies":[{"name":"wp","href":"https:\/\/api.w.org\/{rel}","templated":true}]}}