{"id":82221,"date":"2025-08-07T13:03:00","date_gmt":"2025-08-07T16:03:00","guid":{"rendered":"https:\/\/www.correiobraziliense.com.br\/cbradar\/?p=82221"},"modified":"2025-08-06T18:15:22","modified_gmt":"2025-08-06T21:15:22","slug":"o-erro-que-voce-comete-ao-nao-usar-fio-dental-pode-estar-com-dias-contados","status":"publish","type":"post","link":"https:\/\/www.correiobraziliense.com.br\/cbradar\/o-erro-que-voce-comete-ao-nao-usar-fio-dental-pode-estar-com-dias-contados\/","title":{"rendered":"O erro que voc\u00ea comete ao n\u00e3o usar fio dental pode estar com dias contados"},"content":{"rendered":"\n<p>Numa era onde o cuidado oral est\u00e1 em constante evolu\u00e7\u00e3o, destacar-se nas pr\u00e1ticas de <strong>higiene bucal<\/strong> \u00e9 essencial. <strong>Interdentais<\/strong> e fio dental t\u00eam gerado debates sobre qual oferece melhores resultados. Para esclarecer essa d\u00favida, abordaremos as principais considera\u00e7\u00f5es sobre essa mudan\u00e7a de paradigma.<\/p>\n\n\n\n<ul class=\"wp-block-list\">\n<li>Compara\u00e7\u00e3o entre escovas interdentais e fio dental.<\/li>\n\n\n\n<li>Impacto na sa\u00fade bucal geral.<\/li>\n\n\n\n<li>Dicas pr\u00e1ticas para implementar na rotina di\u00e1ria.<\/li>\n<\/ul>\n\n\n\n<h2 class=\"wp-block-heading\">Fio dental ainda \u00e9 eficaz?<\/h2>\n\n\n\n<p>Historicamente, o <strong>fio dental<\/strong> tem sido praxe nas recomenda\u00e7\u00f5es de higiene bucal. No entanto, especialistas como Lancette VanGuilder, presidente da American Dental Hygienists&#8217; Association, destacam que a mensagem simples de &#8220;escovar e passar fio dental&#8221; n\u00e3o surte mais os mesmos efeitos esperados.<\/p>\n\n\n\n<p>Segundo a American Dental Association, apenas um ter\u00e7o dos americanos utiliza o fio dental regularmente, o que levanta a discuss\u00e3o sobre alternativas mais agrad\u00e1veis e eficazes.<\/p>\n\n\n\n<h2 class=\"wp-block-heading\">Por que optar por escovas interdentais?<\/h2>\n\n\n\n<p>Estudos, como a revis\u00e3o de 22 ensaios cl\u00ednicos em 2018, indicam que as <strong>escovas interdentais<\/strong> s\u00e3o mais eficazes na redu\u00e7\u00e3o da inflama\u00e7\u00e3o gengival do que o fio dental tradicional.<\/p>\n\n\n\n<p>Al\u00e9m disso, anedotas de profissionais de odontologia refor\u00e7am essa escolha, relatando melhorias vis\u00edveis na sa\u00fade bucal de seus pacientes que fizeram a transi\u00e7\u00e3o para as escovas interdentais.<\/p>\n\n\n\n<p>Recentemente, diretrizes europeias tamb\u00e9m t\u00eam recomendado o uso das escovas interdentais como primeira escolha para higiene interproximal, especialmente para adultos, ressaltando que seu formato facilita a remo\u00e7\u00e3o da placa bacteriana em locais de dif\u00edcil acesso.<\/p>\n\n\n\n<figure class=\"wp-block-image size-large\"><img decoding=\"async\" width=\"1024\" height=\"576\" src=\"https:\/\/www.correiobraziliense.com.br\/cbradar\/wp-content\/uploads\/2025\/08\/fio-dental_1754514879520-1024x576.jpg\" alt=\"O erro que voc\u00ea comete ao n\u00e3o usar fio dental pode estar com dias contados\" class=\"wp-image-82227\" srcset=\"https:\/\/www.correiobraziliense.com.br\/cbradar\/wp-content\/uploads\/2025\/08\/fio-dental_1754514879520-1024x576.jpg 1024w, https:\/\/www.correiobraziliense.com.br\/cbradar\/wp-content\/uploads\/2025\/08\/fio-dental_1754514879520-300x169.jpg 300w, https:\/\/www.correiobraziliense.com.br\/cbradar\/wp-content\/uploads\/2025\/08\/fio-dental_1754514879520-768x432.jpg 768w, https:\/\/www.correiobraziliense.com.br\/cbradar\/wp-content\/uploads\/2025\/08\/fio-dental_1754514879520-750x422.jpg 750w, https:\/\/www.correiobraziliense.com.br\/cbradar\/wp-content\/uploads\/2025\/08\/fio-dental_1754514879520-1140x641.jpg 1140w, https:\/\/www.correiobraziliense.com.br\/cbradar\/wp-content\/uploads\/2025\/08\/fio-dental_1754514879520.jpg 1280w\" sizes=\"(max-width: 1024px) 100vw, 1024px\" \/><figcaption class=\"wp-element-caption\">fio dental. Cr\u00e9ditos: depositphotos.com \/ IgorVetushko<\/figcaption><\/figure>\n\n\n\n<h2 class=\"wp-block-heading\">Qual \u00e9 a melhor ferramenta para voc\u00ea?<\/h2>\n\n\n\n<p>A escolha entre fio dental e escovas interdentais deve ser pessoal e baseada naquilo que voc\u00ea est\u00e1 disposto a utilizar regularmente. Segundo VanGuilder, &#8220;a \u00fanica ferramenta realmente ben\u00e9fica \u00e9 aquela que voc\u00ea vai de fato usar&#8221;.<\/p>\n\n\n\n<p>Embora o fio dental seja eficaz na remo\u00e7\u00e3o de grandes peda\u00e7os de comida, quando falamos de placa \u2014 os &#8220;bact\u00e9rias, v\u00edrus e fungos invis\u00edveis&#8221; \u2014 a efic\u00e1cia pode ser limitada.<\/p>\n\n\n\n<ul class=\"wp-block-list\">\n<li>Exemplo pr\u00e1tico: Pessoas com espa\u00e7os apertados entre os dentes podem optar pelo fio dental em tais situa\u00e7\u00f5es espec\u00edficas.\n<ul class=\"wp-block-list\">\n<li><strong>Dica R\u00e1pida:<\/strong> Experimente diferentes tamanhos de escovas interdentais para encontrar a que melhor limpa seus dentes.<\/li>\n\n\n\n<li><strong>Dica Extra:<\/strong> Para quem tem implantes ou aparelhos ortod\u00f4nticos, as escovas interdentais costumam ser mais pr\u00e1ticas e seguras do que o fio dental.<\/li>\n<\/ul>\n<\/li>\n<\/ul>\n\n\n\n<h2 class=\"wp-block-heading\">A import\u00e2ncia da higiene bucal para a sa\u00fade geral<\/h2>\n\n\n\n<p>Conforme a <strong>CDC<\/strong>, a higiene bucal vai al\u00e9m de um sorriso saud\u00e1vel. Doen\u00e7as gengivais est\u00e3o associadas a condi\u00e7\u00f5es de sa\u00fade mais amplas, como doen\u00e7as card\u00edacas e diabetes.<\/p>\n\n\n\n<p>Portanto, escovar somente remove de 40 a 60% da placa dos dentes, destacando a import\u00e2ncia de limpezas interdentais regulares para combater o ac\u00famulo de placa e prevenir doen\u00e7as gengivais.<\/p>\n\n\n\n<p>Manter uma rotina de higiene bucal adequada pode ajudar n\u00e3o apenas a proteger os dentes, mas tamb\u00e9m contribuir para a preven\u00e7\u00e3o de complica\u00e7\u00f5es sist\u00eamicas, segundo estudos recentes publicados por associa\u00e7\u00f5es odontol\u00f3gicas.<\/p>\n\n\n\n<h2 class=\"wp-block-heading\">Importantes reflex\u00f5es para a sua rotina bucal<\/h2>\n\n\n\n<ul class=\"wp-block-list\">\n<li>A efic\u00e1cia das escovas interdentais sobre o fio dental em reduzir inflama\u00e7\u00f5es.<\/li>\n\n\n\n<li>A import\u00e2ncia de optar por uma ferramenta que voc\u00ea usar\u00e1 regularmente.<\/li>\n\n\n\n<li>Considera\u00e7\u00f5es sobre como a higiene bucal impacta a sa\u00fade geral.<\/li>\n<\/ul>\n","protected":false},"excerpt":{"rendered":"<p>Descubra por que especialistas em higiene dental, liderados por Lancette VanGuilder, est\u00e3o substituindo o fio dental por escovas interdentais mais eficazes.<\/p>\n","protected":false},"author":3,"featured_media":82226,"comment_status":"open","ping_status":"open","sticky":false,"template":"","format":"standard","meta":{"_yoast_wpseo_focuskw":"fio dental","_yoast_wpseo_title":"%%title%%","_yoast_wpseo_metadesc":"Descubra por que especialistas em higiene dental, liderados por Lancette VanGuilder, est\u00e3o substituindo o fio dental por escovas interdentais mais eficazes.","jnews-multi-image_gallery":[],"jnews_single_post":{"format":"standard"},"jnews_primary_category":[],"jnews_social_meta":[],"jnews_override_counter":[],"footnotes":""},"categories":[112],"tags":[144,4531,565],"class_list":["post-82221","post","type-post","status-publish","format-standard","has-post-thumbnail","hentry","category-curiosidades","tag-curiosidades","tag-dentista","tag-saude"],"yoast_head":"<!-- This site is optimized with the Yoast SEO plugin v24.6 - https:\/\/yoast.com\/wordpress\/plugins\/seo\/ -->\n<title>O erro que voc\u00ea comete ao n\u00e3o usar fio dental pode estar com dias contados<\/title>\n<meta name=\"description\" content=\"Descubra por que especialistas em higiene dental, liderados por Lancette VanGuilder, est\u00e3o substituindo o fio dental por escovas interdentais mais eficazes.\" \/>\n<meta name=\"robots\" content=\"index, follow, max-snippet:-1, max-image-preview:large, max-video-preview:-1\" \/>\n<link rel=\"canonical\" href=\"https:\/\/www.correiobraziliense.com.br\/cbradar\/o-erro-que-voce-comete-ao-nao-usar-fio-dental-pode-estar-com-dias-contados\/\" \/>\n<meta property=\"og:locale\" content=\"pt_BR\" \/>\n<meta property=\"og:type\" content=\"article\" \/>\n<meta property=\"og:title\" content=\"O erro que voc\u00ea comete ao n\u00e3o usar fio dental pode estar com dias contados\" \/>\n<meta property=\"og:description\" content=\"Descubra por que especialistas em higiene dental, liderados por Lancette VanGuilder, est\u00e3o substituindo o fio dental por escovas interdentais mais eficazes.\" \/>\n<meta property=\"og:url\" content=\"https:\/\/www.correiobraziliense.com.br\/cbradar\/o-erro-que-voce-comete-ao-nao-usar-fio-dental-pode-estar-com-dias-contados\/\" \/>\n<meta property=\"og:site_name\" content=\"Correio Braziliense - Radar\" \/>\n<meta property=\"article:published_time\" content=\"2025-08-07T16:03:00+00:00\" \/>\n<meta property=\"og:image\" content=\"https:\/\/www.correiobraziliense.com.br\/cbradar\/wp-content\/uploads\/2025\/08\/fio-dental_1754514807520.jpg\" \/>\n\t<meta property=\"og:image:width\" content=\"1280\" \/>\n\t<meta property=\"og:image:height\" content=\"720\" \/>\n\t<meta property=\"og:image:type\" content=\"image\/jpeg\" \/>\n<meta name=\"author\" content=\"Larissa Carvalho\" \/>\n<meta name=\"twitter:card\" content=\"summary_large_image\" \/>\n<meta name=\"twitter:label1\" content=\"Escrito por\" \/>\n\t<meta name=\"twitter:data1\" content=\"Larissa Carvalho\" \/>\n\t<meta name=\"twitter:label2\" content=\"Est. tempo de leitura\" \/>\n\t<meta name=\"twitter:data2\" content=\"4 minutos\" \/>\n<!-- \/ Yoast SEO plugin. -->","yoast_head_json":{"title":"O erro que voc\u00ea comete ao n\u00e3o usar fio dental pode estar com dias contados","description":"Descubra por que especialistas em higiene dental, liderados por Lancette VanGuilder, est\u00e3o substituindo o fio dental por escovas interdentais mais eficazes.","robots":{"index":"index","follow":"follow","max-snippet":"max-snippet:-1","max-image-preview":"max-image-preview:large","max-video-preview":"max-video-preview:-1"},"canonical":"https:\/\/www.correiobraziliense.com.br\/cbradar\/o-erro-que-voce-comete-ao-nao-usar-fio-dental-pode-estar-com-dias-contados\/","og_locale":"pt_BR","og_type":"article","og_title":"O erro que voc\u00ea comete ao n\u00e3o usar fio dental pode estar com dias contados","og_description":"Descubra por que especialistas em higiene dental, liderados por Lancette VanGuilder, est\u00e3o substituindo o fio dental por escovas interdentais mais eficazes.","og_url":"https:\/\/www.correiobraziliense.com.br\/cbradar\/o-erro-que-voce-comete-ao-nao-usar-fio-dental-pode-estar-com-dias-contados\/","og_site_name":"Correio Braziliense - Radar","article_published_time":"2025-08-07T16:03:00+00:00","og_image":[{"width":1280,"height":720,"url":"https:\/\/www.correiobraziliense.com.br\/cbradar\/wp-content\/uploads\/2025\/08\/fio-dental_1754514807520.jpg","type":"image\/jpeg"}],"author":"Larissa Carvalho","twitter_card":"summary_large_image","twitter_misc":{"Escrito por":"Larissa Carvalho","Est. tempo de leitura":"4 minutos"},"schema":{"@context":"https:\/\/schema.org","@graph":[{"@type":"WebPage","@id":"https:\/\/www.correiobraziliense.com.br\/cbradar\/o-erro-que-voce-comete-ao-nao-usar-fio-dental-pode-estar-com-dias-contados\/","url":"https:\/\/www.correiobraziliense.com.br\/cbradar\/o-erro-que-voce-comete-ao-nao-usar-fio-dental-pode-estar-com-dias-contados\/","name":"O erro que voc\u00ea comete ao n\u00e3o usar fio dental pode estar com dias contados","isPartOf":{"@id":"https:\/\/www.correiobraziliense.com.br\/cbradar\/#website"},"primaryImageOfPage":{"@id":"https:\/\/www.correiobraziliense.com.br\/cbradar\/o-erro-que-voce-comete-ao-nao-usar-fio-dental-pode-estar-com-dias-contados\/#primaryimage"},"image":{"@id":"https:\/\/www.correiobraziliense.com.br\/cbradar\/o-erro-que-voce-comete-ao-nao-usar-fio-dental-pode-estar-com-dias-contados\/#primaryimage"},"thumbnailUrl":"https:\/\/www.correiobraziliense.com.br\/cbradar\/wp-content\/uploads\/2025\/08\/fio-dental_1754514807520.jpg","datePublished":"2025-08-07T16:03:00+00:00","author":{"@id":"https:\/\/www.correiobraziliense.com.br\/cbradar\/#\/schema\/person\/58422787644df994b53a19d3e56c1513"},"description":"Descubra por que especialistas em higiene dental, liderados por Lancette VanGuilder, est\u00e3o substituindo o fio dental por escovas interdentais mais eficazes.","breadcrumb":{"@id":"https:\/\/www.correiobraziliense.com.br\/cbradar\/o-erro-que-voce-comete-ao-nao-usar-fio-dental-pode-estar-com-dias-contados\/#breadcrumb"},"inLanguage":"pt-BR","potentialAction":[{"@type":"ReadAction","target":["https:\/\/www.correiobraziliense.com.br\/cbradar\/o-erro-que-voce-comete-ao-nao-usar-fio-dental-pode-estar-com-dias-contados\/"]}]},{"@type":"ImageObject","inLanguage":"pt-BR","@id":"https:\/\/www.correiobraziliense.com.br\/cbradar\/o-erro-que-voce-comete-ao-nao-usar-fio-dental-pode-estar-com-dias-contados\/#primaryimage","url":"https:\/\/www.correiobraziliense.com.br\/cbradar\/wp-content\/uploads\/2025\/08\/fio-dental_1754514807520.jpg","contentUrl":"https:\/\/www.correiobraziliense.com.br\/cbradar\/wp-content\/uploads\/2025\/08\/fio-dental_1754514807520.jpg","width":1280,"height":720,"caption":"fio dental. Cr\u00e9ditos: depositphotos.com \/ AllaSerebrina"},{"@type":"BreadcrumbList","@id":"https:\/\/www.correiobraziliense.com.br\/cbradar\/o-erro-que-voce-comete-ao-nao-usar-fio-dental-pode-estar-com-dias-contados\/#breadcrumb","itemListElement":[{"@type":"ListItem","position":1,"name":"In\u00edcio","item":"https:\/\/www.correiobraziliense.com.br\/cbradar\/"},{"@type":"ListItem","position":2,"name":"O erro que voc\u00ea comete ao n\u00e3o usar fio dental pode estar com dias contados"}]},{"@type":"WebSite","@id":"https:\/\/www.correiobraziliense.com.br\/cbradar\/#website","url":"https:\/\/www.correiobraziliense.com.br\/cbradar\/","name":"Correio Braziliense - Radar","description":"Acompanhe as \u00faltimas not\u00edcias e fique bem informado sobre tudo o que acontece no Brasil e no mundo.","potentialAction":[{"@type":"SearchAction","target":{"@type":"EntryPoint","urlTemplate":"https:\/\/www.correiobraziliense.com.br\/cbradar\/?s={search_term_string}"},"query-input":{"@type":"PropertyValueSpecification","valueRequired":true,"valueName":"search_term_string"}}],"inLanguage":"pt-BR"},{"@type":"Person","@id":"https:\/\/www.correiobraziliense.com.br\/cbradar\/#\/schema\/person\/58422787644df994b53a19d3e56c1513","name":"Larissa Carvalho","image":{"@type":"ImageObject","inLanguage":"pt-BR","@id":"https:\/\/www.correiobraziliense.com.br\/cbradar\/#\/schema\/person\/image\/","url":"https:\/\/secure.gravatar.com\/avatar\/fe4f91a0de32b52a838d0d612abdc1aa?s=96&d=mm&r=g","contentUrl":"https:\/\/secure.gravatar.com\/avatar\/fe4f91a0de32b52a838d0d612abdc1aa?s=96&d=mm&r=g","caption":"Larissa Carvalho"},"url":"https:\/\/www.correiobraziliense.com.br\/cbradar\/author\/larissamyth\/"}]}},"_links":{"self":[{"href":"https:\/\/www.correiobraziliense.com.br\/cbradar\/wp-json\/wp\/v2\/posts\/82221","targetHints":{"allow":["GET"]}}],"collection":[{"href":"https:\/\/www.correiobraziliense.com.br\/cbradar\/wp-json\/wp\/v2\/posts"}],"about":[{"href":"https:\/\/www.correiobraziliense.com.br\/cbradar\/wp-json\/wp\/v2\/types\/post"}],"author":[{"embeddable":true,"href":"https:\/\/www.correiobraziliense.com.br\/cbradar\/wp-json\/wp\/v2\/users\/3"}],"replies":[{"embeddable":true,"href":"https:\/\/www.correiobraziliense.com.br\/cbradar\/wp-json\/wp\/v2\/comments?post=82221"}],"version-history":[{"count":2,"href":"https:\/\/www.correiobraziliense.com.br\/cbradar\/wp-json\/wp\/v2\/posts\/82221\/revisions"}],"predecessor-version":[{"id":82232,"href":"https:\/\/www.correiobraziliense.com.br\/cbradar\/wp-json\/wp\/v2\/posts\/82221\/revisions\/82232"}],"wp:featuredmedia":[{"embeddable":true,"href":"https:\/\/www.correiobraziliense.com.br\/cbradar\/wp-json\/wp\/v2\/media\/82226"}],"wp:attachment":[{"href":"https:\/\/www.correiobraziliense.com.br\/cbradar\/wp-json\/wp\/v2\/media?parent=82221"}],"wp:term":[{"taxonomy":"category","embeddable":true,"href":"https:\/\/www.correiobraziliense.com.br\/cbradar\/wp-json\/wp\/v2\/categories?post=82221"},{"taxonomy":"post_tag","embeddable":true,"href":"https:\/\/www.correiobraziliense.com.br\/cbradar\/wp-json\/wp\/v2\/tags?post=82221"}],"curies":[{"name":"wp","href":"https:\/\/api.w.org\/{rel}","templated":true}]}}