{"id":82267,"date":"2025-08-06T19:20:00","date_gmt":"2025-08-06T22:20:00","guid":{"rendered":"https:\/\/www.correiobraziliense.com.br\/cbradar\/?p=82267"},"modified":"2025-08-06T18:40:50","modified_gmt":"2025-08-06T21:40:50","slug":"o-habito-comum-que-as-pessoas-mais-felizes-compartilham-segundo-especialistas","status":"publish","type":"post","link":"https:\/\/www.correiobraziliense.com.br\/cbradar\/o-habito-comum-que-as-pessoas-mais-felizes-compartilham-segundo-especialistas\/","title":{"rendered":"O h\u00e1bito comum que as pessoas mais felizes compartilham, segundo especialistas"},"content":{"rendered":"\n<p>Os <strong>h\u00e1bitos di\u00e1rios<\/strong> que cultivamos t\u00eam um impacto significativo no nosso <strong>bem-estar<\/strong>. Um gesto simples, como <strong>manter a casa em ordem<\/strong>, pode potencializar nossa felicidade cotidiana. Estudos indicam que um ambiente organizado n\u00e3o s\u00f3 traz tranquilidade visual, como tamb\u00e9m reduz a ansiedade.<\/p>\n\n\n\n<ul class=\"wp-block-list\">\n<li>Redu\u00e7\u00e3o do <strong>estresse<\/strong> e da ansiedade<\/li>\n\n\n\n<li>Aumento da produtividade e concentra\u00e7\u00e3o<\/li>\n\n\n\n<li>Melhoria na qualidade do sono<\/li>\n<\/ul>\n\n\n\n<h2 class=\"wp-block-heading\">Como a organiza\u00e7\u00e3o afeta o bem-estar?<\/h2>\n\n\n\n<p>Um espa\u00e7o organizado proporciona uma sensa\u00e7\u00e3o de <strong>calma<\/strong> e controle. Quando tudo est\u00e1 no seu devido lugar, a mente pode descansar, o que contribui para um <strong>bem-estar<\/strong> geral. Ambientes desordenados, por outro lado, s\u00e3o interpretados como tarefas a cumprir, o que pode causar <strong>ansiedade<\/strong> e fadiga mental.<\/p>\n\n\n\n<h2 class=\"wp-block-heading\">Qual o impacto de um ambiente desordenado?<\/h2>\n\n\n\n<p>O <strong>desordem<\/strong> visual e f\u00edsica pode dar ao c\u00e9rebro a impress\u00e3o de excesso de <strong>trabalho<\/strong>. Essa sensa\u00e7\u00e3o gera <strong>ansiedade<\/strong>, ins\u00f4nia e at\u00e9 mesmo <em>fadiga mental<\/em>. Ambientes desarrumados levam a uma menor produtividade e criam uma atmosfera de caos.<\/p>\n\n\n\n<h2 class=\"wp-block-heading\">Benef\u00edcios de uma casa organizada<\/h2>\n\n\n\n<p>Manter a casa em ordem pode <strong>transformar<\/strong> o ambiente familiar e pessoal:<\/p>\n\n\n\n<ul class=\"wp-block-list\">\n<li><strong>Redu\u00e7\u00e3o do Estresse<\/strong>: Espa\u00e7os arrumados diminuem a carga mental, facilitando o relaxamento.<\/li>\n\n\n\n<li><strong>Melhoria do Sono<\/strong>: Um quarto organizado promove uma atmosfera prop\u00edcia para um bom descanso.<\/li>\n\n\n\n<li><strong>Aumento da Produtividade<\/strong>: Com menos distra\u00e7\u00f5es, a concentra\u00e7\u00e3o e a efici\u00eancia melhoram.<\/li>\n<\/ul>\n\n\n\n<figure class=\"wp-block-image size-large\"><img decoding=\"async\" width=\"1024\" height=\"576\" src=\"https:\/\/www.correiobraziliense.com.br\/cbradar\/wp-content\/uploads\/2025\/08\/pessoa-feliz_1754516423573-1024x576.jpg\" alt=\"O h\u00e1bito comum que as pessoas mais felizes compartilham, segundo especialistas\" class=\"wp-image-82271\" srcset=\"https:\/\/www.correiobraziliense.com.br\/cbradar\/wp-content\/uploads\/2025\/08\/pessoa-feliz_1754516423573-1024x576.jpg 1024w, https:\/\/www.correiobraziliense.com.br\/cbradar\/wp-content\/uploads\/2025\/08\/pessoa-feliz_1754516423573-300x169.jpg 300w, https:\/\/www.correiobraziliense.com.br\/cbradar\/wp-content\/uploads\/2025\/08\/pessoa-feliz_1754516423573-768x432.jpg 768w, https:\/\/www.correiobraziliense.com.br\/cbradar\/wp-content\/uploads\/2025\/08\/pessoa-feliz_1754516423573-750x422.jpg 750w, https:\/\/www.correiobraziliense.com.br\/cbradar\/wp-content\/uploads\/2025\/08\/pessoa-feliz_1754516423573-1140x641.jpg 1140w, https:\/\/www.correiobraziliense.com.br\/cbradar\/wp-content\/uploads\/2025\/08\/pessoa-feliz_1754516423573.jpg 1280w\" sizes=\"(max-width: 1024px) 100vw, 1024px\" \/><figcaption class=\"wp-element-caption\">pessoa feliz. Cr\u00e9ditos: depositphotos.com \/ IgorTishenko<\/figcaption><\/figure>\n\n\n\n<h2 class=\"wp-block-heading\">Como come\u00e7ar a organizar melhor seu espa\u00e7o?<\/h2>\n\n\n\n<p>Comece por pequenas \u00e1reas, como a <strong>mesa de trabalho<\/strong> ou o arm\u00e1rio. Estabele\u00e7a uma rotina de organiza\u00e7\u00e3o semanal para evitar acumula\u00e7\u00e3o de desordem. Ao longo do tempo, isso se tornar\u00e1 parte do seu h\u00e1bito di\u00e1rio. Experimente m\u00e9todos conhecidos, como a t\u00e9cnica do descarte ou a organiza\u00e7\u00e3o por categorias, para tornar o processo mais eficiente.<\/p>\n\n\n\n<h2 class=\"wp-block-heading\">Transforme seu espa\u00e7o e sua vida<\/h2>\n\n\n\n<p>Um lar organizado \u00e9 um reflexo de uma mente tranquila. Invista em pr\u00e1ticas de organiza\u00e7\u00e3o e note um <strong>impacto positivo<\/strong> em voc\u00ea e nas suas rela\u00e7\u00f5es familiares.<\/p>\n\n\n\n<ul class=\"wp-block-list\">\n<li>Organiza\u00e7\u00e3o reduz <strong>estresse<\/strong> e promove <strong>bem-estar<\/strong>.<\/li>\n\n\n\n<li>Ambientes organizados aumentam a <strong>produtividade<\/strong> e a <strong>felicidade<\/strong>.<\/li>\n\n\n\n<li>Manter a ordem \u00e9 chave para um dia a dia equilibrado.<\/li>\n<\/ul>\n","protected":false},"excerpt":{"rendered":"<p>Descubra como a organiza\u00e7\u00e3o da casa pode aumentar sua felicidade e bem-estar. Transforme o caos em calma e melhore sua qualidade de vida!<\/p>\n","protected":false},"author":3,"featured_media":82269,"comment_status":"open","ping_status":"open","sticky":false,"template":"","format":"standard","meta":{"_yoast_wpseo_focuskw":"pessoas mais felizes","_yoast_wpseo_title":"%%title%%","_yoast_wpseo_metadesc":"Descubra como a organiza\u00e7\u00e3o da casa pode aumentar sua felicidade e bem-estar. Transforme o caos em calma e melhore sua qualidade de vida!","jnews-multi-image_gallery":[],"jnews_single_post":{"format":"standard"},"jnews_primary_category":[],"jnews_social_meta":[],"jnews_override_counter":[],"footnotes":""},"categories":[112],"tags":[2304,144,944,565],"class_list":["post-82267","post","type-post","status-publish","format-standard","has-post-thumbnail","hentry","category-curiosidades","tag-alzheimer","tag-curiosidades","tag-doencas","tag-saude"],"yoast_head":"<!-- This site is optimized with the Yoast SEO plugin v24.6 - https:\/\/yoast.com\/wordpress\/plugins\/seo\/ -->\n<title>O h\u00e1bito comum que as pessoas mais felizes compartilham, segundo especialistas<\/title>\n<meta name=\"description\" content=\"Descubra como a organiza\u00e7\u00e3o da casa pode aumentar sua felicidade e bem-estar. Transforme o caos em calma e melhore sua qualidade de vida!\" \/>\n<meta name=\"robots\" content=\"index, follow, max-snippet:-1, max-image-preview:large, max-video-preview:-1\" \/>\n<link rel=\"canonical\" href=\"https:\/\/www.correiobraziliense.com.br\/cbradar\/o-habito-comum-que-as-pessoas-mais-felizes-compartilham-segundo-especialistas\/\" \/>\n<meta property=\"og:locale\" content=\"pt_BR\" \/>\n<meta property=\"og:type\" content=\"article\" \/>\n<meta property=\"og:title\" content=\"O h\u00e1bito comum que as pessoas mais felizes compartilham, segundo especialistas\" \/>\n<meta property=\"og:description\" content=\"Descubra como a organiza\u00e7\u00e3o da casa pode aumentar sua felicidade e bem-estar. Transforme o caos em calma e melhore sua qualidade de vida!\" \/>\n<meta property=\"og:url\" content=\"https:\/\/www.correiobraziliense.com.br\/cbradar\/o-habito-comum-que-as-pessoas-mais-felizes-compartilham-segundo-especialistas\/\" \/>\n<meta property=\"og:site_name\" content=\"Correio Braziliense - Radar\" \/>\n<meta property=\"article:published_time\" content=\"2025-08-06T22:20:00+00:00\" \/>\n<meta property=\"og:image\" content=\"https:\/\/www.correiobraziliense.com.br\/cbradar\/wp-content\/uploads\/2025\/08\/pessoa-feliz_1754516318781.jpg\" \/>\n\t<meta property=\"og:image:width\" content=\"1280\" \/>\n\t<meta property=\"og:image:height\" content=\"720\" \/>\n\t<meta property=\"og:image:type\" content=\"image\/jpeg\" \/>\n<meta name=\"author\" content=\"Larissa Carvalho\" \/>\n<meta name=\"twitter:card\" content=\"summary_large_image\" \/>\n<meta name=\"twitter:label1\" content=\"Escrito por\" \/>\n\t<meta name=\"twitter:data1\" content=\"Larissa Carvalho\" \/>\n\t<meta name=\"twitter:label2\" content=\"Est. tempo de leitura\" \/>\n\t<meta name=\"twitter:data2\" content=\"3 minutos\" \/>\n<!-- \/ Yoast SEO plugin. -->","yoast_head_json":{"title":"O h\u00e1bito comum que as pessoas mais felizes compartilham, segundo especialistas","description":"Descubra como a organiza\u00e7\u00e3o da casa pode aumentar sua felicidade e bem-estar. Transforme o caos em calma e melhore sua qualidade de vida!","robots":{"index":"index","follow":"follow","max-snippet":"max-snippet:-1","max-image-preview":"max-image-preview:large","max-video-preview":"max-video-preview:-1"},"canonical":"https:\/\/www.correiobraziliense.com.br\/cbradar\/o-habito-comum-que-as-pessoas-mais-felizes-compartilham-segundo-especialistas\/","og_locale":"pt_BR","og_type":"article","og_title":"O h\u00e1bito comum que as pessoas mais felizes compartilham, segundo especialistas","og_description":"Descubra como a organiza\u00e7\u00e3o da casa pode aumentar sua felicidade e bem-estar. Transforme o caos em calma e melhore sua qualidade de vida!","og_url":"https:\/\/www.correiobraziliense.com.br\/cbradar\/o-habito-comum-que-as-pessoas-mais-felizes-compartilham-segundo-especialistas\/","og_site_name":"Correio Braziliense - Radar","article_published_time":"2025-08-06T22:20:00+00:00","og_image":[{"width":1280,"height":720,"url":"https:\/\/www.correiobraziliense.com.br\/cbradar\/wp-content\/uploads\/2025\/08\/pessoa-feliz_1754516318781.jpg","type":"image\/jpeg"}],"author":"Larissa Carvalho","twitter_card":"summary_large_image","twitter_misc":{"Escrito por":"Larissa Carvalho","Est. tempo de leitura":"3 minutos"},"schema":{"@context":"https:\/\/schema.org","@graph":[{"@type":"WebPage","@id":"https:\/\/www.correiobraziliense.com.br\/cbradar\/o-habito-comum-que-as-pessoas-mais-felizes-compartilham-segundo-especialistas\/","url":"https:\/\/www.correiobraziliense.com.br\/cbradar\/o-habito-comum-que-as-pessoas-mais-felizes-compartilham-segundo-especialistas\/","name":"O h\u00e1bito comum que as pessoas mais felizes compartilham, segundo especialistas","isPartOf":{"@id":"https:\/\/www.correiobraziliense.com.br\/cbradar\/#website"},"primaryImageOfPage":{"@id":"https:\/\/www.correiobraziliense.com.br\/cbradar\/o-habito-comum-que-as-pessoas-mais-felizes-compartilham-segundo-especialistas\/#primaryimage"},"image":{"@id":"https:\/\/www.correiobraziliense.com.br\/cbradar\/o-habito-comum-que-as-pessoas-mais-felizes-compartilham-segundo-especialistas\/#primaryimage"},"thumbnailUrl":"https:\/\/www.correiobraziliense.com.br\/cbradar\/wp-content\/uploads\/2025\/08\/pessoa-feliz_1754516318781.jpg","datePublished":"2025-08-06T22:20:00+00:00","author":{"@id":"https:\/\/www.correiobraziliense.com.br\/cbradar\/#\/schema\/person\/58422787644df994b53a19d3e56c1513"},"description":"Descubra como a organiza\u00e7\u00e3o da casa pode aumentar sua felicidade e bem-estar. Transforme o caos em calma e melhore sua qualidade de vida!","breadcrumb":{"@id":"https:\/\/www.correiobraziliense.com.br\/cbradar\/o-habito-comum-que-as-pessoas-mais-felizes-compartilham-segundo-especialistas\/#breadcrumb"},"inLanguage":"pt-BR","potentialAction":[{"@type":"ReadAction","target":["https:\/\/www.correiobraziliense.com.br\/cbradar\/o-habito-comum-que-as-pessoas-mais-felizes-compartilham-segundo-especialistas\/"]}]},{"@type":"ImageObject","inLanguage":"pt-BR","@id":"https:\/\/www.correiobraziliense.com.br\/cbradar\/o-habito-comum-que-as-pessoas-mais-felizes-compartilham-segundo-especialistas\/#primaryimage","url":"https:\/\/www.correiobraziliense.com.br\/cbradar\/wp-content\/uploads\/2025\/08\/pessoa-feliz_1754516318781.jpg","contentUrl":"https:\/\/www.correiobraziliense.com.br\/cbradar\/wp-content\/uploads\/2025\/08\/pessoa-feliz_1754516318781.jpg","width":1280,"height":720,"caption":"pessoa feliz. Cr\u00e9ditos: depositphotos.com \/ AndrewLozovyi"},{"@type":"BreadcrumbList","@id":"https:\/\/www.correiobraziliense.com.br\/cbradar\/o-habito-comum-que-as-pessoas-mais-felizes-compartilham-segundo-especialistas\/#breadcrumb","itemListElement":[{"@type":"ListItem","position":1,"name":"In\u00edcio","item":"https:\/\/www.correiobraziliense.com.br\/cbradar\/"},{"@type":"ListItem","position":2,"name":"O h\u00e1bito comum que as pessoas mais felizes compartilham, segundo especialistas"}]},{"@type":"WebSite","@id":"https:\/\/www.correiobraziliense.com.br\/cbradar\/#website","url":"https:\/\/www.correiobraziliense.com.br\/cbradar\/","name":"Correio Braziliense - Radar","description":"Acompanhe as \u00faltimas not\u00edcias e fique bem informado sobre tudo o que acontece no Brasil e no mundo.","potentialAction":[{"@type":"SearchAction","target":{"@type":"EntryPoint","urlTemplate":"https:\/\/www.correiobraziliense.com.br\/cbradar\/?s={search_term_string}"},"query-input":{"@type":"PropertyValueSpecification","valueRequired":true,"valueName":"search_term_string"}}],"inLanguage":"pt-BR"},{"@type":"Person","@id":"https:\/\/www.correiobraziliense.com.br\/cbradar\/#\/schema\/person\/58422787644df994b53a19d3e56c1513","name":"Larissa Carvalho","image":{"@type":"ImageObject","inLanguage":"pt-BR","@id":"https:\/\/www.correiobraziliense.com.br\/cbradar\/#\/schema\/person\/image\/","url":"https:\/\/secure.gravatar.com\/avatar\/fe4f91a0de32b52a838d0d612abdc1aa?s=96&d=mm&r=g","contentUrl":"https:\/\/secure.gravatar.com\/avatar\/fe4f91a0de32b52a838d0d612abdc1aa?s=96&d=mm&r=g","caption":"Larissa Carvalho"},"url":"https:\/\/www.correiobraziliense.com.br\/cbradar\/author\/larissamyth\/"}]}},"_links":{"self":[{"href":"https:\/\/www.correiobraziliense.com.br\/cbradar\/wp-json\/wp\/v2\/posts\/82267","targetHints":{"allow":["GET"]}}],"collection":[{"href":"https:\/\/www.correiobraziliense.com.br\/cbradar\/wp-json\/wp\/v2\/posts"}],"about":[{"href":"https:\/\/www.correiobraziliense.com.br\/cbradar\/wp-json\/wp\/v2\/types\/post"}],"author":[{"embeddable":true,"href":"https:\/\/www.correiobraziliense.com.br\/cbradar\/wp-json\/wp\/v2\/users\/3"}],"replies":[{"embeddable":true,"href":"https:\/\/www.correiobraziliense.com.br\/cbradar\/wp-json\/wp\/v2\/comments?post=82267"}],"version-history":[{"count":2,"href":"https:\/\/www.correiobraziliense.com.br\/cbradar\/wp-json\/wp\/v2\/posts\/82267\/revisions"}],"predecessor-version":[{"id":82272,"href":"https:\/\/www.correiobraziliense.com.br\/cbradar\/wp-json\/wp\/v2\/posts\/82267\/revisions\/82272"}],"wp:featuredmedia":[{"embeddable":true,"href":"https:\/\/www.correiobraziliense.com.br\/cbradar\/wp-json\/wp\/v2\/media\/82269"}],"wp:attachment":[{"href":"https:\/\/www.correiobraziliense.com.br\/cbradar\/wp-json\/wp\/v2\/media?parent=82267"}],"wp:term":[{"taxonomy":"category","embeddable":true,"href":"https:\/\/www.correiobraziliense.com.br\/cbradar\/wp-json\/wp\/v2\/categories?post=82267"},{"taxonomy":"post_tag","embeddable":true,"href":"https:\/\/www.correiobraziliense.com.br\/cbradar\/wp-json\/wp\/v2\/tags?post=82267"}],"curies":[{"name":"wp","href":"https:\/\/api.w.org\/{rel}","templated":true}]}}