{"id":82320,"date":"2025-08-09T09:53:00","date_gmt":"2025-08-09T12:53:00","guid":{"rendered":"https:\/\/www.correiobraziliense.com.br\/cbradar\/?p=82320"},"modified":"2025-08-07T10:51:40","modified_gmt":"2025-08-07T13:51:40","slug":"por-que-a-aveia-e-o-alimento-perfeito-para-melhorar-a-sua-pressao-arterial","status":"publish","type":"post","link":"https:\/\/www.correiobraziliense.com.br\/cbradar\/por-que-a-aveia-e-o-alimento-perfeito-para-melhorar-a-sua-pressao-arterial\/","title":{"rendered":"Por que a aveia \u00e9 o alimento perfeito para melhorar a sua press\u00e3o arterial?"},"content":{"rendered":"\n<p>No pante\u00e3o dos alimentos saud\u00e1veis, poucos s\u00e3o t\u00e3o universalmente celebrados pela ci\u00eancia quanto a <strong>aveia<\/strong>. Este cereal humilde, acess\u00edvel e extremamente vers\u00e1til \u00e9 muito mais do que apenas um ingrediente para o caf\u00e9 da manh\u00e3.<\/p>\n\n\n\n<p>A sua s\u00f3lida reputa\u00e7\u00e3o como um &#8220;superalimento&#8221; n\u00e3o \u00e9 baseada em modismos passageiros, mas sim em um vasto corpo de pesquisas cient\u00edficas que comprovam seus m\u00faltiplos benef\u00edcios para a sa\u00fade.<\/p>\n\n\n\n<p>Este artigo explora o que a ci\u00eancia diz sobre os poderes da <strong><a href=\"https:\/\/pt.wikipedia.org\/wiki\/Aveia\" target=\"_blank\" rel=\"noreferrer noopener\">aveia<\/a><\/strong>, detalhando os mecanismos que protegem o cora\u00e7\u00e3o, regulam o metabolismo e promovem o bem-estar geral.<\/p>\n\n\n\n<h2 class=\"wp-block-heading\">Qual \u00e9 o segredo da aveia que atrai a aten\u00e7\u00e3o de cientistas do mundo todo?<\/h2>\n\n\n\n<p>O principal componente bioativo da aveia, e a grande estrela de suas propriedades, tem um nome: <strong>beta-glucana<\/strong>. Este \u00e9 um tipo especial de <strong>fibra sol\u00favel<\/strong> que, ao se misturar com a \u00e1gua em nosso sistema digestivo, forma um gel espesso e viscoso.<\/p>\n\n\n\n<p>\u00c9 a a\u00e7\u00e3o deste gel que est\u00e1 por tr\u00e1s da maioria dos benef\u00edcios da <strong>aveia<\/strong> para a sa\u00fade, um fato t\u00e3o bem estabelecido que ag\u00eancias reguladoras, como o <strong>FDA (Food and Drug Administration)<\/strong> nos Estados Unidos, permitem que produtos ricos em aveia estampem em seus r\u00f3tulos alega\u00e7\u00f5es de sa\u00fade sobre a redu\u00e7\u00e3o do risco de doen\u00e7as card\u00edacas.<\/p>\n\n\n<div class=\"wp-block-image\">\n<figure class=\"aligncenter size-large\"><img decoding=\"async\" width=\"1024\" height=\"576\" src=\"https:\/\/www.correiobraziliense.com.br\/cbradar\/wp-content\/uploads\/2025\/08\/aveia_1754573079070-1024x576.jpg\" alt=\"Por que a aveia \u00e9 o alimento perfeito para melhorar a sua press\u00e3o arterial?\" class=\"wp-image-82323\" srcset=\"https:\/\/www.correiobraziliense.com.br\/cbradar\/wp-content\/uploads\/2025\/08\/aveia_1754573079070-1024x576.jpg 1024w, https:\/\/www.correiobraziliense.com.br\/cbradar\/wp-content\/uploads\/2025\/08\/aveia_1754573079070-300x169.jpg 300w, https:\/\/www.correiobraziliense.com.br\/cbradar\/wp-content\/uploads\/2025\/08\/aveia_1754573079070-768x432.jpg 768w, https:\/\/www.correiobraziliense.com.br\/cbradar\/wp-content\/uploads\/2025\/08\/aveia_1754573079070-750x422.jpg 750w, https:\/\/www.correiobraziliense.com.br\/cbradar\/wp-content\/uploads\/2025\/08\/aveia_1754573079070-1140x641.jpg 1140w, https:\/\/www.correiobraziliense.com.br\/cbradar\/wp-content\/uploads\/2025\/08\/aveia_1754573079070.jpg 1280w\" sizes=\"(max-width: 1024px) 100vw, 1024px\" \/><figcaption class=\"wp-element-caption\">Aveia &#8211; Cr\u00e9ditos: depositphotos.com \/ soloist_nan@hotmail.com<\/figcaption><\/figure><\/div>\n\n\n<h2 class=\"wp-block-heading\">Como uma simples tigela de mingau pode proteger seu cora\u00e7\u00e3o e seu metabolismo?<\/h2>\n\n\n\n<p>A inclus\u00e3o regular de aveia na dieta oferece benef\u00edcios sist\u00eamicos, comprovados por in\u00fameras pesquisas.<\/p>\n\n\n\n<p>O mais famoso \u00e9 seu papel na redu\u00e7\u00e3o do <strong>colesterol LDL<\/strong> (o &#8220;ruim&#8221;). Uma importante meta-an\u00e1lise publicada no <strong><a href=\"https:\/\/www.cambridge.org\/core\/journals\/british-journal-of-nutrition\/article\/effect-of-oat-glucan-on-ldlcholesterol-nonhdlcholesterol-and-apob-for-cvd-risk-reduction-a-systematic-review-and-metaanalysis-of-randomisedcontrolled-trials\/60A75CB215602240E9363D49DCB690ED\" target=\"_blank\" rel=\"noreferrer noopener\">British Journal of Nutrition<\/a><\/strong>, por exemplo, revisou dezenas de estudos e confirmou que o consumo de <strong>beta-glucana<\/strong> da aveia tem um efeito significativo na redu\u00e7\u00e3o do colesterol LDL e de outros marcadores de risco cardiovascular. O gel que ela forma no intestino &#8220;captura&#8221; o colesterol, ajudando a elimin\u00e1-lo do corpo.<\/p>\n\n\n\n<p>Essa mesma consist\u00eancia de gel tamb\u00e9m retarda o esvaziamento do est\u00f4mago e a absor\u00e7\u00e3o dos carboidratos. Pesquisas, como uma revis\u00e3o sistem\u00e1tica publicada pela <strong>MDPI<\/strong>, uma editora de jornais cient\u00edficos, mostram que isso ajuda a evitar picos bruscos de <strong>glicemia<\/strong> ap\u00f3s as refei\u00e7\u00f5es, tornando a aveia um excelente alimento para a sa\u00fade metab\u00f3lica.<\/p>\n\n\n\n<p>Al\u00e9m disso, a <strong>beta-glucana<\/strong> atua como um poderoso <strong>prebi\u00f3tico<\/strong>. Ela serve de alimento para as bact\u00e9rias ben\u00e9ficas da nossa <strong>microbiota intestinal<\/strong>. Um intestino saud\u00e1vel, como apontam especialistas da <strong>Harvard T.H. Chan School of Public Health<\/strong>, \u00e9 a base para uma boa imunidade e bem-estar geral.<\/p>\n\n\n\n<p>Por fim, o gel de <strong>beta-glucana<\/strong> promove uma forte e prolongada sensa\u00e7\u00e3o de saciedade. Este efeito pode ajudar no controle do apetite e, consequentemente, na manuten\u00e7\u00e3o de um peso corporal saud\u00e1vel.<\/p>\n\n\n\n<p>Leia mais: <a href=\"https:\/\/www.correiobraziliense.com.br\/cbradar\/o-habito-comum-que-voce-pratica-a-noite-e-atrapalha-seu-sono\" target=\"_blank\" rel=\"noreferrer noopener\">O h\u00e1bito comum que voc\u00ea pratica \u00e0 noite e atrapalha seu sono<\/a><\/p>\n\n\n\n<h2 class=\"wp-block-heading\">Qual a melhor forma de incluir a aveia na sua rotina?<\/h2>\n\n\n\n<p>A versatilidade da aveia permite que ela seja incorporada de diversas formas na alimenta\u00e7\u00e3o di\u00e1ria, facilitando o aproveitamento de seus benef\u00edcios.<\/p>\n\n\n\n<ol start=\"1\" class=\"wp-block-list\">\n<li><strong>Mingau (Cozido):<\/strong> A forma cl\u00e1ssica e uma das mais eficazes. Cozinhar a <strong>aveia<\/strong> em flocos com \u00e1gua, leite ou bebida vegetal ajuda a liberar ao m\u00e1ximo a <strong>beta-glucana<\/strong>. Adicione frutas e sementes para um caf\u00e9 da manh\u00e3 completo.<\/li>\n\n\n\n<li><strong>Overnight Oats (Aveia &#8220;Amanhecida&#8221;):<\/strong> Para uma op\u00e7\u00e3o pr\u00e1tica, misture a <strong>aveia<\/strong> com iogurte ou leite e deixe na geladeira durante a noite. Este processo de hidrata\u00e7\u00e3o a frio tamb\u00e9m \u00e9 eficaz em ativar as fibras e deixar o cereal pronto para o consumo.<\/li>\n\n\n\n<li><strong>Adicionada a Vitaminas e Smoothies:<\/strong> Acrescentar de duas a tr\u00eas colheres de sopa de <strong>aveia<\/strong> em flocos \u00e0s suas vitaminas \u00e9 uma maneira f\u00e1cil e r\u00e1pida de enriquecer a bebida com fibras, promovendo mais saciedade e tornando-a nutricionalmente mais completa.<\/li>\n\n\n\n<li><strong>Como Farinha em Receitas Saud\u00e1veis:<\/strong> Voc\u00ea pode facilmente transformar a aveia em flocos em farinha, triturando-a em um liquidificador. Use-a para substituir total ou parcialmente a farinha de trigo em receitas de panquecas, bolos e p\u00e3es para torn\u00e1-los mais saud\u00e1veis.<\/li>\n<\/ol>\n\n\n\n<h2 class=\"wp-block-heading\">A aveia \u00e9 uma boa op\u00e7\u00e3o para todos?<\/h2>\n\n\n\n<p>A <strong>aveia<\/strong> \u00e9 um alimento extremamente seguro e recomendado para a grande maioria da popula\u00e7\u00e3o, sendo um verdadeiro pilar de uma dieta saud\u00e1vel.<\/p>\n\n\n\n<p>A principal ressalva, que exige aten\u00e7\u00e3o, \u00e9 para pessoas com <strong>doen\u00e7a cel\u00edaca<\/strong>. Embora a <strong>aveia<\/strong> pura seja naturalmente isenta de gl\u00faten, ela \u00e9 frequentemente cultivada e processada nos mesmos equipamentos que o trigo, o que pode levar \u00e0 contamina\u00e7\u00e3o cruzada. Nesses casos, \u00e9 indispens\u00e1vel procurar por embalagens de <strong>aveia<\/strong> que tenham a certifica\u00e7\u00e3o oficial &#8220;sem gl\u00faten&#8221;.<\/p>\n\n\n\n<p>Para pessoas com <strong>diabetes<\/strong>, a aveia \u00e9 um alimento altamente recomendado por seu baixo impacto glic\u00eamico. No entanto, \u00e9 importante lembrar que ela \u00e9 uma fonte de carboidratos, e as por\u00e7\u00f5es devem ser adequadas a um plano alimentar orientado por um <strong>m\u00e9dico<\/strong> ou <strong>nutricionista<\/strong>.<\/p>\n\n\n\n<p>Leia mais: <a href=\"https:\/\/www.correiobraziliense.com.br\/cbradar\/o-alimento-mais-eficiente-para-gripe-e-garganta-inflamada\" target=\"_blank\" rel=\"noreferrer noopener\">O alimento mais eficiente para gripe e garganta inflamada<\/a><\/p>\n\n\n\n<h2 class=\"wp-block-heading\">Por que a aveia \u00e9 considerada um verdadeiro pilar da alimenta\u00e7\u00e3o saud\u00e1vel?<\/h2>\n\n\n\n<p>Em resumo, a <strong>aveia<\/strong> \u00e9 um dos raros exemplos onde a fama de &#8220;superalimento&#8221; \u00e9 totalmente justificada por uma robusta base de evid\u00eancias cient\u00edficas e pelo reconhecimento de grandes organiza\u00e7\u00f5es de sa\u00fade.<\/p>\n\n\n\n<p>Seus benef\u00edcios, impulsionados pela poderosa fibra <strong>beta-glucana<\/strong>, v\u00e3o da prote\u00e7\u00e3o cardiovascular \u00e0 regula\u00e7\u00e3o do a\u00e7\u00facar no sangue e \u00e0 promo\u00e7\u00e3o da sa\u00fade intestinal. Inclu\u00ed-la na dieta di\u00e1ria \u00e9 uma das escolhas mais inteligentes, acess\u00edveis e eficazes que voc\u00ea pode fazer pela sua sa\u00fade a longo prazo.<\/p>\n","protected":false},"excerpt":{"rendered":"<p>No pante\u00e3o dos alimentos saud\u00e1veis, poucos s\u00e3o t\u00e3o universalmente celebrados pela ci\u00eancia quanto a aveia. Este cereal humilde, acess\u00edvel e extremamente vers\u00e1til \u00e9 muito mais do que apenas um ingrediente para o caf\u00e9 da manh\u00e3. A sua s\u00f3lida reputa\u00e7\u00e3o como um &#8220;superalimento&#8221; n\u00e3o \u00e9 baseada em modismos passageiros, mas sim em um vasto corpo de [&hellip;]<\/p>\n","protected":false},"author":11,"featured_media":82322,"comment_status":"open","ping_status":"open","sticky":false,"template":"","format":"standard","meta":{"_yoast_wpseo_focuskw":"press\u00e3o arterial","_yoast_wpseo_title":"","_yoast_wpseo_metadesc":"A aveia possui propriedades que auxiliam na regula\u00e7\u00e3o da press\u00e3o arterial e vem ganhando destaque entre especialistas em sa\u00fade","jnews-multi-image_gallery":[],"jnews_single_post":{"format":"standard"},"jnews_primary_category":[],"jnews_social_meta":[],"jnews_override_counter":[],"footnotes":""},"categories":[119],"tags":[8066,1318],"class_list":["post-82320","post","type-post","status-publish","format-standard","has-post-thumbnail","hentry","category-bem-estar","tag-aveia","tag-saude-2"],"yoast_head":"<!-- This site is optimized with the Yoast SEO plugin v24.6 - https:\/\/yoast.com\/wordpress\/plugins\/seo\/ -->\n<title>Por que a aveia \u00e9 o alimento perfeito para melhorar a sua press\u00e3o arterial? - Correio Braziliense - Radar<\/title>\n<meta name=\"description\" content=\"A aveia possui propriedades que auxiliam na regula\u00e7\u00e3o da press\u00e3o arterial e vem ganhando destaque entre especialistas em sa\u00fade\" \/>\n<meta name=\"robots\" content=\"index, follow, max-snippet:-1, max-image-preview:large, max-video-preview:-1\" \/>\n<link rel=\"canonical\" href=\"https:\/\/www.correiobraziliense.com.br\/cbradar\/por-que-a-aveia-e-o-alimento-perfeito-para-melhorar-a-sua-pressao-arterial\/\" \/>\n<meta property=\"og:locale\" content=\"pt_BR\" \/>\n<meta property=\"og:type\" content=\"article\" \/>\n<meta property=\"og:title\" content=\"Por que a aveia \u00e9 o alimento perfeito para melhorar a sua press\u00e3o arterial? - Correio Braziliense - Radar\" \/>\n<meta property=\"og:description\" content=\"A aveia possui propriedades que auxiliam na regula\u00e7\u00e3o da press\u00e3o arterial e vem ganhando destaque entre especialistas em sa\u00fade\" \/>\n<meta property=\"og:url\" content=\"https:\/\/www.correiobraziliense.com.br\/cbradar\/por-que-a-aveia-e-o-alimento-perfeito-para-melhorar-a-sua-pressao-arterial\/\" \/>\n<meta property=\"og:site_name\" content=\"Correio Braziliense - Radar\" \/>\n<meta property=\"article:published_time\" content=\"2025-08-09T12:53:00+00:00\" \/>\n<meta property=\"og:image\" content=\"https:\/\/www.correiobraziliense.com.br\/cbradar\/wp-content\/uploads\/2025\/08\/aveia_1754572944123.jpg\" \/>\n\t<meta property=\"og:image:width\" content=\"1280\" \/>\n\t<meta property=\"og:image:height\" content=\"720\" \/>\n\t<meta property=\"og:image:type\" content=\"image\/jpeg\" \/>\n<meta name=\"author\" content=\"Paulo Custodio\" \/>\n<meta name=\"twitter:card\" content=\"summary_large_image\" \/>\n<meta name=\"twitter:label1\" content=\"Escrito por\" \/>\n\t<meta name=\"twitter:data1\" content=\"Paulo Custodio\" \/>\n\t<meta name=\"twitter:label2\" content=\"Est. tempo de leitura\" \/>\n\t<meta name=\"twitter:data2\" content=\"6 minutos\" \/>\n<!-- \/ Yoast SEO plugin. -->","yoast_head_json":{"title":"Por que a aveia \u00e9 o alimento perfeito para melhorar a sua press\u00e3o arterial? - Correio Braziliense - Radar","description":"A aveia possui propriedades que auxiliam na regula\u00e7\u00e3o da press\u00e3o arterial e vem ganhando destaque entre especialistas em sa\u00fade","robots":{"index":"index","follow":"follow","max-snippet":"max-snippet:-1","max-image-preview":"max-image-preview:large","max-video-preview":"max-video-preview:-1"},"canonical":"https:\/\/www.correiobraziliense.com.br\/cbradar\/por-que-a-aveia-e-o-alimento-perfeito-para-melhorar-a-sua-pressao-arterial\/","og_locale":"pt_BR","og_type":"article","og_title":"Por que a aveia \u00e9 o alimento perfeito para melhorar a sua press\u00e3o arterial? - Correio Braziliense - Radar","og_description":"A aveia possui propriedades que auxiliam na regula\u00e7\u00e3o da press\u00e3o arterial e vem ganhando destaque entre especialistas em sa\u00fade","og_url":"https:\/\/www.correiobraziliense.com.br\/cbradar\/por-que-a-aveia-e-o-alimento-perfeito-para-melhorar-a-sua-pressao-arterial\/","og_site_name":"Correio Braziliense - Radar","article_published_time":"2025-08-09T12:53:00+00:00","og_image":[{"width":1280,"height":720,"url":"https:\/\/www.correiobraziliense.com.br\/cbradar\/wp-content\/uploads\/2025\/08\/aveia_1754572944123.jpg","type":"image\/jpeg"}],"author":"Paulo Custodio","twitter_card":"summary_large_image","twitter_misc":{"Escrito por":"Paulo Custodio","Est. tempo de leitura":"6 minutos"},"schema":{"@context":"https:\/\/schema.org","@graph":[{"@type":"WebPage","@id":"https:\/\/www.correiobraziliense.com.br\/cbradar\/por-que-a-aveia-e-o-alimento-perfeito-para-melhorar-a-sua-pressao-arterial\/","url":"https:\/\/www.correiobraziliense.com.br\/cbradar\/por-que-a-aveia-e-o-alimento-perfeito-para-melhorar-a-sua-pressao-arterial\/","name":"Por que a aveia \u00e9 o alimento perfeito para melhorar a sua press\u00e3o arterial? - Correio Braziliense - Radar","isPartOf":{"@id":"https:\/\/www.correiobraziliense.com.br\/cbradar\/#website"},"primaryImageOfPage":{"@id":"https:\/\/www.correiobraziliense.com.br\/cbradar\/por-que-a-aveia-e-o-alimento-perfeito-para-melhorar-a-sua-pressao-arterial\/#primaryimage"},"image":{"@id":"https:\/\/www.correiobraziliense.com.br\/cbradar\/por-que-a-aveia-e-o-alimento-perfeito-para-melhorar-a-sua-pressao-arterial\/#primaryimage"},"thumbnailUrl":"https:\/\/www.correiobraziliense.com.br\/cbradar\/wp-content\/uploads\/2025\/08\/aveia_1754572944123.jpg","datePublished":"2025-08-09T12:53:00+00:00","author":{"@id":"https:\/\/www.correiobraziliense.com.br\/cbradar\/#\/schema\/person\/4cec7857301a9a1a2ef249893cd908d3"},"description":"A aveia possui propriedades que auxiliam na regula\u00e7\u00e3o da press\u00e3o arterial e vem ganhando destaque entre especialistas em sa\u00fade","breadcrumb":{"@id":"https:\/\/www.correiobraziliense.com.br\/cbradar\/por-que-a-aveia-e-o-alimento-perfeito-para-melhorar-a-sua-pressao-arterial\/#breadcrumb"},"inLanguage":"pt-BR","potentialAction":[{"@type":"ReadAction","target":["https:\/\/www.correiobraziliense.com.br\/cbradar\/por-que-a-aveia-e-o-alimento-perfeito-para-melhorar-a-sua-pressao-arterial\/"]}]},{"@type":"ImageObject","inLanguage":"pt-BR","@id":"https:\/\/www.correiobraziliense.com.br\/cbradar\/por-que-a-aveia-e-o-alimento-perfeito-para-melhorar-a-sua-pressao-arterial\/#primaryimage","url":"https:\/\/www.correiobraziliense.com.br\/cbradar\/wp-content\/uploads\/2025\/08\/aveia_1754572944123.jpg","contentUrl":"https:\/\/www.correiobraziliense.com.br\/cbradar\/wp-content\/uploads\/2025\/08\/aveia_1754572944123.jpg","width":1280,"height":720,"caption":"Benef\u00edcios da aveia para baixar o colesterol - Cr\u00e9ditos: depositphotos.com \/ VadimVasenin"},{"@type":"BreadcrumbList","@id":"https:\/\/www.correiobraziliense.com.br\/cbradar\/por-que-a-aveia-e-o-alimento-perfeito-para-melhorar-a-sua-pressao-arterial\/#breadcrumb","itemListElement":[{"@type":"ListItem","position":1,"name":"In\u00edcio","item":"https:\/\/www.correiobraziliense.com.br\/cbradar\/"},{"@type":"ListItem","position":2,"name":"Por que a aveia \u00e9 o alimento perfeito para melhorar a sua press\u00e3o arterial?"}]},{"@type":"WebSite","@id":"https:\/\/www.correiobraziliense.com.br\/cbradar\/#website","url":"https:\/\/www.correiobraziliense.com.br\/cbradar\/","name":"Correio Braziliense - Radar","description":"Acompanhe as \u00faltimas not\u00edcias e fique bem informado sobre tudo o que acontece no Brasil e no mundo.","potentialAction":[{"@type":"SearchAction","target":{"@type":"EntryPoint","urlTemplate":"https:\/\/www.correiobraziliense.com.br\/cbradar\/?s={search_term_string}"},"query-input":{"@type":"PropertyValueSpecification","valueRequired":true,"valueName":"search_term_string"}}],"inLanguage":"pt-BR"},{"@type":"Person","@id":"https:\/\/www.correiobraziliense.com.br\/cbradar\/#\/schema\/person\/4cec7857301a9a1a2ef249893cd908d3","name":"Paulo Custodio","image":{"@type":"ImageObject","inLanguage":"pt-BR","@id":"https:\/\/www.correiobraziliense.com.br\/cbradar\/#\/schema\/person\/image\/","url":"https:\/\/secure.gravatar.com\/avatar\/bcd67168d1534e8fcf4f45c726a87cea?s=96&d=mm&r=g","contentUrl":"https:\/\/secure.gravatar.com\/avatar\/bcd67168d1534e8fcf4f45c726a87cea?s=96&d=mm&r=g","caption":"Paulo Custodio"},"sameAs":["https:\/\/www.correiobraziliense.com.br\/cbradar"],"url":"https:\/\/www.correiobraziliense.com.br\/cbradar\/author\/paulomyth\/"}]}},"_links":{"self":[{"href":"https:\/\/www.correiobraziliense.com.br\/cbradar\/wp-json\/wp\/v2\/posts\/82320","targetHints":{"allow":["GET"]}}],"collection":[{"href":"https:\/\/www.correiobraziliense.com.br\/cbradar\/wp-json\/wp\/v2\/posts"}],"about":[{"href":"https:\/\/www.correiobraziliense.com.br\/cbradar\/wp-json\/wp\/v2\/types\/post"}],"author":[{"embeddable":true,"href":"https:\/\/www.correiobraziliense.com.br\/cbradar\/wp-json\/wp\/v2\/users\/11"}],"replies":[{"embeddable":true,"href":"https:\/\/www.correiobraziliense.com.br\/cbradar\/wp-json\/wp\/v2\/comments?post=82320"}],"version-history":[{"count":3,"href":"https:\/\/www.correiobraziliense.com.br\/cbradar\/wp-json\/wp\/v2\/posts\/82320\/revisions"}],"predecessor-version":[{"id":82352,"href":"https:\/\/www.correiobraziliense.com.br\/cbradar\/wp-json\/wp\/v2\/posts\/82320\/revisions\/82352"}],"wp:featuredmedia":[{"embeddable":true,"href":"https:\/\/www.correiobraziliense.com.br\/cbradar\/wp-json\/wp\/v2\/media\/82322"}],"wp:attachment":[{"href":"https:\/\/www.correiobraziliense.com.br\/cbradar\/wp-json\/wp\/v2\/media?parent=82320"}],"wp:term":[{"taxonomy":"category","embeddable":true,"href":"https:\/\/www.correiobraziliense.com.br\/cbradar\/wp-json\/wp\/v2\/categories?post=82320"},{"taxonomy":"post_tag","embeddable":true,"href":"https:\/\/www.correiobraziliense.com.br\/cbradar\/wp-json\/wp\/v2\/tags?post=82320"}],"curies":[{"name":"wp","href":"https:\/\/api.w.org\/{rel}","templated":true}]}}