{"id":82362,"date":"2025-08-08T06:33:00","date_gmt":"2025-08-08T09:33:00","guid":{"rendered":"https:\/\/www.correiobraziliense.com.br\/cbradar\/?p=82362"},"modified":"2025-08-07T10:58:38","modified_gmt":"2025-08-07T13:58:38","slug":"o-que-acontece-com-o-corpo-de-quem-sofre-de-ansiedade","status":"publish","type":"post","link":"https:\/\/www.correiobraziliense.com.br\/cbradar\/o-que-acontece-com-o-corpo-de-quem-sofre-de-ansiedade\/","title":{"rendered":"O que acontece com o corpo de quem sofre de ansiedade"},"content":{"rendered":"\n<p>A <strong>ansiedade<\/strong> \u00e9 uma resposta natural do corpo ao estresse, mas quando se torna cr\u00f4nica, pode trazer <strong>impactos<\/strong> significativos \u00e0 sa\u00fade f\u00edsica. Muitas pessoas se perguntam como a ansiedade afeta o corpo e quais sintomas podem emergir. Aqui, destacamos alguns dos efeitos mais comuns:<\/p>\n\n\n\n<ul class=\"wp-block-list\">\n<li><strong>Acelera\u00e7\u00e3o do ritmo card\u00edaco<\/strong>, causando palpita\u00e7\u00f5es.<\/li>\n\n\n\n<li><strong>Tens\u00e3o muscular<\/strong>, gerando desconforto e dores.<\/li>\n\n\n\n<li><strong>Fadiga constante<\/strong>, afetando a qualidade de vida.<\/li>\n<\/ul>\n\n\n\n<h2 class=\"wp-block-heading\">Como a ansiedade afeta o corpo e a mente?<\/h2>\n\n\n\n<p>A <strong>ansiedade<\/strong> pode causar uma s\u00e9rie de rea\u00e7\u00f5es no <strong>corpo<\/strong> e na mente. Fisicamente, o aumento dos n\u00edveis de cortisol pode levar ao ganho de peso e \u00e0 hipertens\u00e3o. Mentalmente, o estado de alerta constante pode transformar-se em transtornos de sono e dificuldades de concentra\u00e7\u00e3o.<\/p>\n\n\n\n<p>Al\u00e9m disso, o <strong>aperto no peito<\/strong> \u00e9 uma das manifesta\u00e7\u00f5es mais relatadas, pois a ansiedade ativa o sistema de \u201cluta ou fuga\u201d do organismo. Outro efeito \u00e9 a sensa\u00e7\u00e3o de formigamento ou dorm\u00eancia em algumas partes do corpo devido \u00e0 hiperventila\u00e7\u00e3o causada pela ansiedade.<\/p>\n\n\n\n<h2 class=\"wp-block-heading\">Por que ansiedade causa tens\u00e3o muscular?<\/h2>\n\n\n\n<p>A <strong>tens\u00e3o muscular<\/strong> \u00e9 um sintoma cl\u00e1ssico da ansiedade, acontecendo devido ao estresse cont\u00ednuo que o corpo interpreta como perigo. Esta tens\u00e3o cont\u00ednua pode levar a dores de cabe\u00e7a frequentes e enxaquecas.<\/p>\n\n\n\n<figure class=\"wp-block-image size-large\"><img decoding=\"async\" width=\"1024\" height=\"576\" src=\"https:\/\/www.correiobraziliense.com.br\/cbradar\/wp-content\/uploads\/2025\/08\/ansiedade_1754575080440-1024x576.jpg\" alt=\"O que acontece com o corpo de quem sofre de ansiedade\" class=\"wp-image-82367\" srcset=\"https:\/\/www.correiobraziliense.com.br\/cbradar\/wp-content\/uploads\/2025\/08\/ansiedade_1754575080440-1024x576.jpg 1024w, https:\/\/www.correiobraziliense.com.br\/cbradar\/wp-content\/uploads\/2025\/08\/ansiedade_1754575080440-300x169.jpg 300w, https:\/\/www.correiobraziliense.com.br\/cbradar\/wp-content\/uploads\/2025\/08\/ansiedade_1754575080440-768x432.jpg 768w, https:\/\/www.correiobraziliense.com.br\/cbradar\/wp-content\/uploads\/2025\/08\/ansiedade_1754575080440-750x422.jpg 750w, https:\/\/www.correiobraziliense.com.br\/cbradar\/wp-content\/uploads\/2025\/08\/ansiedade_1754575080440-1140x641.jpg 1140w, https:\/\/www.correiobraziliense.com.br\/cbradar\/wp-content\/uploads\/2025\/08\/ansiedade_1754575080440.jpg 1280w\" sizes=\"(max-width: 1024px) 100vw, 1024px\" \/><figcaption class=\"wp-element-caption\">ansiedade. Cr\u00e9ditos: depositphotos.com \/ AndrewLozovyi<\/figcaption><\/figure>\n\n\n\n<h2 class=\"wp-block-heading\">Quais os sintomas fisiol\u00f3gicos da ansiedade?<\/h2>\n\n\n\n<p>Os sintomas fisiol\u00f3gicos da <strong>ansiedade<\/strong> s\u00e3o variados, incluindo desde suor excessivo at\u00e9 dificuldades respirat\u00f3rias. O corpo pode tamb\u00e9m responder com tremores, problemas g\u00e1stricos e n\u00e1useas. Em alguns casos, \u00e9 comum tamb\u00e9m sentir tonturas, sensa\u00e7\u00e3o de desmaio e frio nas extremidades devido \u00e0 diminui\u00e7\u00e3o do fluxo sangu\u00edneo.<\/p>\n\n\n\n<p><em>Aten\u00e7\u00e3o:<\/em> Em casos cr\u00f4nicos, \u00e9 fundamental buscar <strong>apoio m\u00e9dico<\/strong> para identificar as causas espec\u00edficas e adotar tratamentos adequados.<\/p>\n\n\n\n<h2 class=\"wp-block-heading\">A integra\u00e7\u00e3o corpo e mente no combate \u00e0 ansiedade<\/h2>\n\n\n\n<p>\u00c9 vital considerar pr\u00e1ticas que integrem corpo e mente para <strong>aliviar os sintomas de ansiedade<\/strong>. T\u00e9cnicas de relaxamento, exerc\u00edcios f\u00edsicos e medita\u00e7\u00e3o podem melhorar a resili\u00eancia do organismo. Buscar apoio psicol\u00f3gico e construir uma rede de suporte social tamb\u00e9m s\u00e3o essenciais na redu\u00e7\u00e3o do impacto da ansiedade.<\/p>\n\n\n\n<p>Leia tamb\u00e9m: <a href=\"https:\/\/www.correiobraziliense.com.br\/cbradar\/o-que-acontece-no-cerebro-durante-uma-crise-de-ansiedade\/\" target=\"_blank\" rel=\"noreferrer noopener\">O que acontece no c\u00e9rebro durante uma crise de ansiedade?<\/a><\/p>\n\n\n\n<h2 class=\"wp-block-heading\">Entenda como controlar os efeitos da ansiedade<\/h2>\n\n\n\n<ul class=\"wp-block-list\">\n<li>Pr\u00e1tica regular de <strong>exerc\u00edcios f\u00edsicos<\/strong> ajuda a liberar endorfinas, diminuindo sintomas de ansiedade.<\/li>\n\n\n\n<li>Terapias como a <strong>cognitiva-comportamental<\/strong> s\u00e3o efetivas no manejo dos pensamentos ansiosos.<\/li>\n\n\n\n<li>Manter uma <strong>dieta balanceada<\/strong>, rica em vitaminas e minerais, apoia a sa\u00fade mental.<\/li>\n\n\n\n<li>Estabelecer uma rotina de sono adequada contribui para o equil\u00edbrio do organismo e a redu\u00e7\u00e3o dos sintomas.<\/li>\n<\/ul>\n\n\n\n<p>\u00c9 fundamental lembrar que a ansiedade requer uma abordagem compreensiva e integrada, considerando tanto o lado f\u00edsico quanto o emocional. Incorporar h\u00e1bitos saud\u00e1veis diminui os impactos no dia a dia e promove uma vida mais equilibrada.<\/p>\n","protected":false},"excerpt":{"rendered":"<p>Desvende os efeitos da ansiedade no corpo: sintomas, causas e abordagens de al\u00edvio que promovem equil\u00edbrio e bem-estar.<\/p>\n","protected":false},"author":3,"featured_media":82365,"comment_status":"open","ping_status":"open","sticky":false,"template":"","format":"standard","meta":{"_yoast_wpseo_focuskw":"corpo ansiedade","_yoast_wpseo_title":"%%title%%","_yoast_wpseo_metadesc":"Desvende os efeitos da ansiedade no corpo: sintomas, causas e abordagens de al\u00edvio que promovem equil\u00edbrio e bem-estar.","jnews-multi-image_gallery":[],"jnews_single_post":{"format":"standard"},"jnews_primary_category":[],"jnews_social_meta":[],"jnews_override_counter":[],"footnotes":""},"categories":[112],"tags":[3559,144,404,565],"class_list":["post-82362","post","type-post","status-publish","format-standard","has-post-thumbnail","hentry","category-curiosidades","tag-corpo-humano","tag-curiosidades","tag-psicologia","tag-saude"],"yoast_head":"<!-- This site is optimized with the Yoast SEO plugin v24.6 - https:\/\/yoast.com\/wordpress\/plugins\/seo\/ -->\n<title>O que acontece com o corpo de quem sofre de ansiedade<\/title>\n<meta name=\"description\" content=\"Desvende os efeitos da ansiedade no corpo: sintomas, causas e abordagens de al\u00edvio que promovem equil\u00edbrio e bem-estar.\" \/>\n<meta name=\"robots\" content=\"index, follow, max-snippet:-1, max-image-preview:large, max-video-preview:-1\" \/>\n<link rel=\"canonical\" href=\"https:\/\/www.correiobraziliense.com.br\/cbradar\/o-que-acontece-com-o-corpo-de-quem-sofre-de-ansiedade\/\" \/>\n<meta property=\"og:locale\" content=\"pt_BR\" \/>\n<meta property=\"og:type\" content=\"article\" \/>\n<meta property=\"og:title\" content=\"O que acontece com o corpo de quem sofre de ansiedade\" \/>\n<meta property=\"og:description\" content=\"Desvende os efeitos da ansiedade no corpo: sintomas, causas e abordagens de al\u00edvio que promovem equil\u00edbrio e bem-estar.\" \/>\n<meta property=\"og:url\" content=\"https:\/\/www.correiobraziliense.com.br\/cbradar\/o-que-acontece-com-o-corpo-de-quem-sofre-de-ansiedade\/\" \/>\n<meta property=\"og:site_name\" content=\"Correio Braziliense - Radar\" \/>\n<meta property=\"article:published_time\" content=\"2025-08-08T09:33:00+00:00\" \/>\n<meta property=\"og:image\" content=\"https:\/\/www.correiobraziliense.com.br\/cbradar\/wp-content\/uploads\/2025\/08\/ansiedade_1754574959824.jpg\" \/>\n\t<meta property=\"og:image:width\" content=\"1280\" \/>\n\t<meta property=\"og:image:height\" content=\"720\" \/>\n\t<meta property=\"og:image:type\" content=\"image\/jpeg\" \/>\n<meta name=\"author\" content=\"Larissa Carvalho\" \/>\n<meta name=\"twitter:card\" content=\"summary_large_image\" \/>\n<meta name=\"twitter:label1\" content=\"Escrito por\" \/>\n\t<meta name=\"twitter:data1\" content=\"Larissa Carvalho\" \/>\n\t<meta name=\"twitter:label2\" content=\"Est. tempo de leitura\" \/>\n\t<meta name=\"twitter:data2\" content=\"3 minutos\" \/>\n<!-- \/ Yoast SEO plugin. -->","yoast_head_json":{"title":"O que acontece com o corpo de quem sofre de ansiedade","description":"Desvende os efeitos da ansiedade no corpo: sintomas, causas e abordagens de al\u00edvio que promovem equil\u00edbrio e bem-estar.","robots":{"index":"index","follow":"follow","max-snippet":"max-snippet:-1","max-image-preview":"max-image-preview:large","max-video-preview":"max-video-preview:-1"},"canonical":"https:\/\/www.correiobraziliense.com.br\/cbradar\/o-que-acontece-com-o-corpo-de-quem-sofre-de-ansiedade\/","og_locale":"pt_BR","og_type":"article","og_title":"O que acontece com o corpo de quem sofre de ansiedade","og_description":"Desvende os efeitos da ansiedade no corpo: sintomas, causas e abordagens de al\u00edvio que promovem equil\u00edbrio e bem-estar.","og_url":"https:\/\/www.correiobraziliense.com.br\/cbradar\/o-que-acontece-com-o-corpo-de-quem-sofre-de-ansiedade\/","og_site_name":"Correio Braziliense - Radar","article_published_time":"2025-08-08T09:33:00+00:00","og_image":[{"width":1280,"height":720,"url":"https:\/\/www.correiobraziliense.com.br\/cbradar\/wp-content\/uploads\/2025\/08\/ansiedade_1754574959824.jpg","type":"image\/jpeg"}],"author":"Larissa Carvalho","twitter_card":"summary_large_image","twitter_misc":{"Escrito por":"Larissa Carvalho","Est. tempo de leitura":"3 minutos"},"schema":{"@context":"https:\/\/schema.org","@graph":[{"@type":"WebPage","@id":"https:\/\/www.correiobraziliense.com.br\/cbradar\/o-que-acontece-com-o-corpo-de-quem-sofre-de-ansiedade\/","url":"https:\/\/www.correiobraziliense.com.br\/cbradar\/o-que-acontece-com-o-corpo-de-quem-sofre-de-ansiedade\/","name":"O que acontece com o corpo de quem sofre de ansiedade","isPartOf":{"@id":"https:\/\/www.correiobraziliense.com.br\/cbradar\/#website"},"primaryImageOfPage":{"@id":"https:\/\/www.correiobraziliense.com.br\/cbradar\/o-que-acontece-com-o-corpo-de-quem-sofre-de-ansiedade\/#primaryimage"},"image":{"@id":"https:\/\/www.correiobraziliense.com.br\/cbradar\/o-que-acontece-com-o-corpo-de-quem-sofre-de-ansiedade\/#primaryimage"},"thumbnailUrl":"https:\/\/www.correiobraziliense.com.br\/cbradar\/wp-content\/uploads\/2025\/08\/ansiedade_1754574959824.jpg","datePublished":"2025-08-08T09:33:00+00:00","author":{"@id":"https:\/\/www.correiobraziliense.com.br\/cbradar\/#\/schema\/person\/58422787644df994b53a19d3e56c1513"},"description":"Desvende os efeitos da ansiedade no corpo: sintomas, causas e abordagens de al\u00edvio que promovem equil\u00edbrio e bem-estar.","breadcrumb":{"@id":"https:\/\/www.correiobraziliense.com.br\/cbradar\/o-que-acontece-com-o-corpo-de-quem-sofre-de-ansiedade\/#breadcrumb"},"inLanguage":"pt-BR","potentialAction":[{"@type":"ReadAction","target":["https:\/\/www.correiobraziliense.com.br\/cbradar\/o-que-acontece-com-o-corpo-de-quem-sofre-de-ansiedade\/"]}]},{"@type":"ImageObject","inLanguage":"pt-BR","@id":"https:\/\/www.correiobraziliense.com.br\/cbradar\/o-que-acontece-com-o-corpo-de-quem-sofre-de-ansiedade\/#primaryimage","url":"https:\/\/www.correiobraziliense.com.br\/cbradar\/wp-content\/uploads\/2025\/08\/ansiedade_1754574959824.jpg","contentUrl":"https:\/\/www.correiobraziliense.com.br\/cbradar\/wp-content\/uploads\/2025\/08\/ansiedade_1754574959824.jpg","width":1280,"height":720,"caption":"ansiedade. Cr\u00e9ditos: depositphotos.com \/ AndrewLozovyi"},{"@type":"BreadcrumbList","@id":"https:\/\/www.correiobraziliense.com.br\/cbradar\/o-que-acontece-com-o-corpo-de-quem-sofre-de-ansiedade\/#breadcrumb","itemListElement":[{"@type":"ListItem","position":1,"name":"In\u00edcio","item":"https:\/\/www.correiobraziliense.com.br\/cbradar\/"},{"@type":"ListItem","position":2,"name":"O que acontece com o corpo de quem sofre de ansiedade"}]},{"@type":"WebSite","@id":"https:\/\/www.correiobraziliense.com.br\/cbradar\/#website","url":"https:\/\/www.correiobraziliense.com.br\/cbradar\/","name":"Correio Braziliense - Radar","description":"Acompanhe as \u00faltimas not\u00edcias e fique bem informado sobre tudo o que acontece no Brasil e no mundo.","potentialAction":[{"@type":"SearchAction","target":{"@type":"EntryPoint","urlTemplate":"https:\/\/www.correiobraziliense.com.br\/cbradar\/?s={search_term_string}"},"query-input":{"@type":"PropertyValueSpecification","valueRequired":true,"valueName":"search_term_string"}}],"inLanguage":"pt-BR"},{"@type":"Person","@id":"https:\/\/www.correiobraziliense.com.br\/cbradar\/#\/schema\/person\/58422787644df994b53a19d3e56c1513","name":"Larissa Carvalho","image":{"@type":"ImageObject","inLanguage":"pt-BR","@id":"https:\/\/www.correiobraziliense.com.br\/cbradar\/#\/schema\/person\/image\/","url":"https:\/\/secure.gravatar.com\/avatar\/fe4f91a0de32b52a838d0d612abdc1aa?s=96&d=mm&r=g","contentUrl":"https:\/\/secure.gravatar.com\/avatar\/fe4f91a0de32b52a838d0d612abdc1aa?s=96&d=mm&r=g","caption":"Larissa Carvalho"},"url":"https:\/\/www.correiobraziliense.com.br\/cbradar\/author\/larissamyth\/"}]}},"_links":{"self":[{"href":"https:\/\/www.correiobraziliense.com.br\/cbradar\/wp-json\/wp\/v2\/posts\/82362","targetHints":{"allow":["GET"]}}],"collection":[{"href":"https:\/\/www.correiobraziliense.com.br\/cbradar\/wp-json\/wp\/v2\/posts"}],"about":[{"href":"https:\/\/www.correiobraziliense.com.br\/cbradar\/wp-json\/wp\/v2\/types\/post"}],"author":[{"embeddable":true,"href":"https:\/\/www.correiobraziliense.com.br\/cbradar\/wp-json\/wp\/v2\/users\/3"}],"replies":[{"embeddable":true,"href":"https:\/\/www.correiobraziliense.com.br\/cbradar\/wp-json\/wp\/v2\/comments?post=82362"}],"version-history":[{"count":2,"href":"https:\/\/www.correiobraziliense.com.br\/cbradar\/wp-json\/wp\/v2\/posts\/82362\/revisions"}],"predecessor-version":[{"id":82369,"href":"https:\/\/www.correiobraziliense.com.br\/cbradar\/wp-json\/wp\/v2\/posts\/82362\/revisions\/82369"}],"wp:featuredmedia":[{"embeddable":true,"href":"https:\/\/www.correiobraziliense.com.br\/cbradar\/wp-json\/wp\/v2\/media\/82365"}],"wp:attachment":[{"href":"https:\/\/www.correiobraziliense.com.br\/cbradar\/wp-json\/wp\/v2\/media?parent=82362"}],"wp:term":[{"taxonomy":"category","embeddable":true,"href":"https:\/\/www.correiobraziliense.com.br\/cbradar\/wp-json\/wp\/v2\/categories?post=82362"},{"taxonomy":"post_tag","embeddable":true,"href":"https:\/\/www.correiobraziliense.com.br\/cbradar\/wp-json\/wp\/v2\/tags?post=82362"}],"curies":[{"name":"wp","href":"https:\/\/api.w.org\/{rel}","templated":true}]}}