{"id":82398,"date":"2025-08-09T20:53:00","date_gmt":"2025-08-09T23:53:00","guid":{"rendered":"https:\/\/www.correiobraziliense.com.br\/cbradar\/?p=82398"},"modified":"2025-08-07T11:17:40","modified_gmt":"2025-08-07T14:17:40","slug":"descoberto-efeitos-pouco-conhecidos-da-rucula-segundo-a-ciencia-moderna","status":"publish","type":"post","link":"https:\/\/www.correiobraziliense.com.br\/cbradar\/descoberto-efeitos-pouco-conhecidos-da-rucula-segundo-a-ciencia-moderna\/","title":{"rendered":"Descoberto efeitos pouco conhecidos da R\u00facula segundo a ci\u00eancia moderna"},"content":{"rendered":"\n<p>A <strong>R\u00facula<\/strong>, tamb\u00e9m conhecida cientificamente como\u00a0<em>Eruca sativa<\/em>, \u00e9 uma planta mediterr\u00e2nea valorizada por suas qualidades nutricionais e potencial terap\u00eautico. Com a populariza\u00e7\u00e3o da alimenta\u00e7\u00e3o saud\u00e1vel, a R\u00facula ganhou destaque gra\u00e7as aos seus compostos bioativos que demonstram efeitos positivos em v\u00e1rias \u00e1reas da <a href=\"https:\/\/www.correiobraziliense.com.br\/cbradar\/anvisa-alerta-preocupante-sobre-uso-de-alisantes-capilares\/\" target=\"_blank\" rel=\"noreferrer noopener\">sa\u00fade <\/a>humana. Pesquisas apontam que o consumo da R\u00facula pode ser ben\u00e9fico gra\u00e7as a suas propriedades anti-inflamat\u00f3rias, antioxidantes e hepatoprotetoras, ampliando seu uso n\u00e3o apenas na culin\u00e1ria, mas tamb\u00e9m em pr\u00e1ticas de promo\u00e7\u00e3o da sa\u00fade.<\/p>\n\n\n<div class=\"wp-block-image\">\n<figure class=\"aligncenter size-large\"><img decoding=\"async\" width=\"1024\" height=\"576\" src=\"https:\/\/www.correiobraziliense.com.br\/cbradar\/wp-content\/uploads\/2025\/08\/Rucula_1754576216124-1024x576.jpg\" alt=\"\" class=\"wp-image-82401\" srcset=\"https:\/\/www.correiobraziliense.com.br\/cbradar\/wp-content\/uploads\/2025\/08\/Rucula_1754576216124-1024x576.jpg 1024w, https:\/\/www.correiobraziliense.com.br\/cbradar\/wp-content\/uploads\/2025\/08\/Rucula_1754576216124-300x169.jpg 300w, https:\/\/www.correiobraziliense.com.br\/cbradar\/wp-content\/uploads\/2025\/08\/Rucula_1754576216124-768x432.jpg 768w, https:\/\/www.correiobraziliense.com.br\/cbradar\/wp-content\/uploads\/2025\/08\/Rucula_1754576216124-750x422.jpg 750w, https:\/\/www.correiobraziliense.com.br\/cbradar\/wp-content\/uploads\/2025\/08\/Rucula_1754576216124-1140x641.jpg 1140w, https:\/\/www.correiobraziliense.com.br\/cbradar\/wp-content\/uploads\/2025\/08\/Rucula_1754576216124.jpg 1280w\" sizes=\"(max-width: 1024px) 100vw, 1024px\" \/><figcaption class=\"wp-element-caption\">R\u00facula &#8211; Cr\u00e9ditos: depositphotos.com \/ AntonMatyukha<\/figcaption><\/figure><\/div>\n\n\n<p>O poder anti-inflamat\u00f3rio da R\u00facula \u00e9 considerado uma de suas qualidades mais valiosas. A planta cont\u00e9m subst\u00e2ncias como glucosinolatos e flavonoides, que s\u00e3o conhecidas por ajudar na regula\u00e7\u00e3o de processos inflamat\u00f3rios no corpo. Estas subst\u00e2ncias qu\u00edmicas agem inibindo mediadores inflamatorios, como as citocinas, que est\u00e3o associadas a condi\u00e7\u00f5es inflamat\u00f3rias cr\u00f4nicas. Estudos indicam que o consumo de R\u00facula pode levar a uma diminui\u00e7\u00e3o dos n\u00edveis de marcadores inflamat\u00f3rios no organismo, auxiliando na manuten\u00e7\u00e3o do equil\u00edbrio imunol\u00f3gico.<\/p>\n\n\n\n<h2 class=\"wp-block-heading\">Como a R\u00facula ajuda na prote\u00e7\u00e3o antioxidante do corpo?<\/h2>\n\n\n\n<p>Rica em vitamina C, caroten\u00f3ides e isotiocianatos, a R\u00facula destaca-se por sua potente a\u00e7\u00e3o antioxidante. Esses elementos s\u00e3o essenciais para a neutraliza\u00e7\u00e3o de radicais livres, agentes respons\u00e1veis pelos danos oxidativos em c\u00e9lulas e tecidos. O consumo regular de R\u00facula pode, portanto, contribuir para a preven\u00e7\u00e3o de doen\u00e7as cr\u00f4nicas que s\u00e3o muitas vezes exacerbadas pelo estresse oxidativo. Al\u00e9m disso, os fitoqu\u00edmicos presentes na R\u00facula desempenham um papel importante na prote\u00e7\u00e3o celular, assegurando uma defesa robusta do organismo contra diversos fatores ambientais prejudiciais.<\/p>\n\n\n\n<h2 class=\"wp-block-heading\">De que forma a R\u00facula contribui para a sa\u00fade hep\u00e1tica?<\/h2>\n\n\n\n<p>O f\u00edgado, \u00f3rg\u00e3o vital para a desintoxica\u00e7\u00e3o e metabolismo, pode se beneficiar significativamente dos compostos presentes na R\u00facula. Glucosinolatos, ao se converterem em isotiocianatos, proporcionam uma camada extra de prote\u00e7\u00e3o aos hepat\u00f3citos \u2013 as c\u00e9lulas do f\u00edgado. Esses compostos facilitam a elimina\u00e7\u00e3o de toxinas e res\u00edduos metab\u00f3licos, contribuindo para a preven\u00e7\u00e3o de condi\u00e7\u00f5es como esteatose hep\u00e1tica. Pesquisas laboratoriais refor\u00e7am esses benef\u00edcios, sugerindo que a R\u00facula pode desempenhar um papel protetor importante na manuten\u00e7\u00e3o da <a href=\"https:\/\/www.gov.br\/saude\/pt-br\" target=\"_blank\" rel=\"noreferrer noopener\">sa\u00fade <\/a>hep\u00e1tica.<\/p>\n\n\n\n<h2 class=\"wp-block-heading\">Qual \u00e9 a melhor maneira de consumir R\u00facula para maximizar seus benef\u00edcios?<\/h2>\n\n\n\n<p>Para aproveitar os muitos benef\u00edcios da R\u00facula, \u00e9 ideal incorpor\u00e1-la na dieta di\u00e1ria de forma variada. Consumi-la crua, como em saladas, ajuda a preservar os compostos bioativos. Adicionar R\u00facula a sucos e smoothies verdes pode proporcionar um impulso antioxidante consider\u00e1vel. Al\u00e9m disso, pode-se usar a R\u00facula em refogados ou como complemento em molhos, embora algum aquecimento possa reduzir um pouco seus nutrientes. Para aqueles com condi\u00e7\u00f5es espec\u00edficas, como o hipotireoidismo, \u00e9 aconselh\u00e1vel moderar o consumo devido a poss\u00edveis intera\u00e7\u00f5es com a fun\u00e7\u00e3o tireoidiana.<\/p>\n\n\n\n<p>A crescente quantidade de pesquisas sobre a R\u00facula continua a real\u00e7ar seu papel como uma poderosa aliada na alimenta\u00e7\u00e3o saud\u00e1vel. Seus compostos v\u00e3o al\u00e9m de benef\u00edcios imediatos, como sabor e palatabilidade, oferecendo suporte cient\u00edfico para o bem-estar geral. Ao incluir a R\u00facula na dieta, \u00e9 poss\u00edvel n\u00e3o apenas desfrutar de refei\u00e7\u00f5es mais saborosas, mas tamb\u00e9m contribuir para uma sa\u00fade mais equilibrada e refor\u00e7ada pelas propriedades medicinais dessa planta not\u00e1vel.<\/p>\n\n\n<a href=\"https:\/\/www.instagram.com\/dra.annaluisabf\/\" target=\"_blank\" rel=\"noopener\" style=\"text-decoration: none; color: inherit;\">\n    <span style=\"display: inline-block; border: 1px solid #ccc; border-radius: 10px; padding: 15px; max-width: 550px; font-family: sans-serif; box-shadow: 0 2px 5px rgba(0,0,0,0.1); width: 100%;\">\n\n      <!-- T\u00edtulo -->\n      <span style=\"display: block; margin: 0 0 15px 0; font-weight: bold; color: #2c3e50; text-align: center;\">\n        Entre em contato:\n      <\/span>\n\n      <!-- Linha do perfil -->\n      <span style=\"display: flex; align-items: center; gap: 15px;\">\n        <img decoding=\"async\"\n          src=\"https:\/\/www.correiobraziliense.com.br\/cbradar\/wp-content\/uploads\/2025\/08\/dra_anna_luisa.jpeg\"\n          alt=\"Foto da Dra. Anna Lu\u00edsa\"\n          style=\"border-radius: 50%; width: 80px; height: 80px; object-fit: cover;\"\n        \/>\n        <span style=\"display: flex; flex-direction: column;\">\n          <span style=\"font-size: 18px; font-weight: 700; color: #2c3e50;\">Dra. Anna Lu\u00edsa Barbosa Fernandes<\/span>\n          <span style=\"color: #555;\">CRM-GO 33.271<\/span>\n        <\/span>\n      <\/span>\n\n      <!-- Redes -->\n      <span style=\"display: flex; align-items: center; gap: 10px; margin-top: 12px;\">\n        <img decoding=\"async\" src=\"https:\/\/cdn-icons-png.flaticon.com\/24\/1384\/1384063.png\" alt=\"Instagram\" width=\"24\" height=\"24\" \/>\n        <span style=\"text-decoration: underline; color: #2c3e50;\">@dra.annaluisabf<\/span>\n      <\/span>\n\n    <\/span>\n  <\/a>\n\n\n<p><\/p>\n","protected":false},"excerpt":{"rendered":"<p>A R\u00facula, tamb\u00e9m conhecida cientificamente como\u00a0Eruca sativa, \u00e9 uma planta mediterr\u00e2nea valorizada por suas qualidades nutricionais e potencial terap\u00eautico. Com a populariza\u00e7\u00e3o da alimenta\u00e7\u00e3o saud\u00e1vel, a R\u00facula ganhou destaque gra\u00e7as aos seus compostos bioativos que demonstram efeitos positivos em v\u00e1rias \u00e1reas da sa\u00fade humana. Pesquisas apontam que o consumo da R\u00facula pode ser ben\u00e9fico gra\u00e7as [&hellip;]<\/p>\n","protected":false},"author":14,"featured_media":82400,"comment_status":"open","ping_status":"open","sticky":false,"template":"","format":"standard","meta":{"_yoast_wpseo_focuskw":"R\u00facula","_yoast_wpseo_title":"","_yoast_wpseo_metadesc":"Conhe\u00e7a os compostos da r\u00facula que combatem inflama\u00e7\u00f5es, protegem o f\u00edgado e previnem doen\u00e7as. Veja como incluir esse vegetal na sua dieta.","jnews-multi-image_gallery":[],"jnews_single_post":{"format":"standard"},"jnews_primary_category":[],"jnews_social_meta":[],"jnews_override_counter":[],"footnotes":""},"categories":[4404],"post_tag":[281,120,1488,1318],"class_list":["post-82398","post","type-post","status-publish","format-standard","has-post-thumbnail","hentry","category-saude","tag-alimentacao","tag-bem-estar","tag-dieta","tag-saude-2"],"yoast_head":"<!-- This site is optimized with the Yoast SEO plugin v24.6 - https:\/\/yoast.com\/wordpress\/plugins\/seo\/ -->\n<title>Descoberto efeitos pouco conhecidos da R\u00facula segundo a ci\u00eancia moderna - Correio Braziliense - Radar<\/title>\n<meta name=\"description\" content=\"Conhe\u00e7a os compostos da r\u00facula que combatem inflama\u00e7\u00f5es, protegem o f\u00edgado e previnem doen\u00e7as. Veja como incluir esse vegetal na sua dieta.\" \/>\n<meta name=\"robots\" content=\"index, follow, max-snippet:-1, max-image-preview:large, max-video-preview:-1\" \/>\n<link rel=\"canonical\" href=\"https:\/\/www.correiobraziliense.com.br\/cbradar\/descoberto-efeitos-pouco-conhecidos-da-rucula-segundo-a-ciencia-moderna\/\" \/>\n<meta property=\"og:locale\" content=\"pt_BR\" \/>\n<meta property=\"og:type\" content=\"article\" \/>\n<meta property=\"og:title\" content=\"Descoberto efeitos pouco conhecidos da R\u00facula segundo a ci\u00eancia moderna - Correio Braziliense - Radar\" \/>\n<meta property=\"og:description\" content=\"Conhe\u00e7a os compostos da r\u00facula que combatem inflama\u00e7\u00f5es, protegem o f\u00edgado e previnem doen\u00e7as. Veja como incluir esse vegetal na sua dieta.\" \/>\n<meta property=\"og:url\" content=\"https:\/\/www.correiobraziliense.com.br\/cbradar\/descoberto-efeitos-pouco-conhecidos-da-rucula-segundo-a-ciencia-moderna\/\" \/>\n<meta property=\"og:site_name\" content=\"Correio Braziliense - Radar\" \/>\n<meta property=\"article:published_time\" content=\"2025-08-09T23:53:00+00:00\" \/>\n<meta property=\"og:image\" content=\"https:\/\/www.correiobraziliense.com.br\/cbradar\/wp-content\/uploads\/2025\/08\/Rucula_1754576145716.jpg\" \/>\n\t<meta property=\"og:image:width\" content=\"1280\" \/>\n\t<meta property=\"og:image:height\" content=\"720\" \/>\n\t<meta property=\"og:image:type\" content=\"image\/jpeg\" \/>\n<meta name=\"author\" content=\"guilherme_saude\" \/>\n<meta name=\"twitter:card\" content=\"summary_large_image\" \/>\n<meta name=\"twitter:label1\" content=\"Escrito por\" \/>\n\t<meta name=\"twitter:data1\" content=\"guilherme_saude\" \/>\n\t<meta name=\"twitter:label2\" content=\"Est. tempo de leitura\" \/>\n\t<meta name=\"twitter:data2\" content=\"4 minutos\" \/>\n<!-- \/ Yoast SEO plugin. -->","yoast_head_json":{"title":"Descoberto efeitos pouco conhecidos da R\u00facula segundo a ci\u00eancia moderna - Correio Braziliense - Radar","description":"Conhe\u00e7a os compostos da r\u00facula que combatem inflama\u00e7\u00f5es, protegem o f\u00edgado e previnem doen\u00e7as. Veja como incluir esse vegetal na sua dieta.","robots":{"index":"index","follow":"follow","max-snippet":"max-snippet:-1","max-image-preview":"max-image-preview:large","max-video-preview":"max-video-preview:-1"},"canonical":"https:\/\/www.correiobraziliense.com.br\/cbradar\/descoberto-efeitos-pouco-conhecidos-da-rucula-segundo-a-ciencia-moderna\/","og_locale":"pt_BR","og_type":"article","og_title":"Descoberto efeitos pouco conhecidos da R\u00facula segundo a ci\u00eancia moderna - Correio Braziliense - Radar","og_description":"Conhe\u00e7a os compostos da r\u00facula que combatem inflama\u00e7\u00f5es, protegem o f\u00edgado e previnem doen\u00e7as. Veja como incluir esse vegetal na sua dieta.","og_url":"https:\/\/www.correiobraziliense.com.br\/cbradar\/descoberto-efeitos-pouco-conhecidos-da-rucula-segundo-a-ciencia-moderna\/","og_site_name":"Correio Braziliense - Radar","article_published_time":"2025-08-09T23:53:00+00:00","og_image":[{"width":1280,"height":720,"url":"https:\/\/www.correiobraziliense.com.br\/cbradar\/wp-content\/uploads\/2025\/08\/Rucula_1754576145716.jpg","type":"image\/jpeg"}],"author":"guilherme_saude","twitter_card":"summary_large_image","twitter_misc":{"Escrito por":"guilherme_saude","Est. tempo de leitura":"4 minutos"},"schema":{"@context":"https:\/\/schema.org","@graph":[{"@type":"WebPage","@id":"https:\/\/www.correiobraziliense.com.br\/cbradar\/descoberto-efeitos-pouco-conhecidos-da-rucula-segundo-a-ciencia-moderna\/","url":"https:\/\/www.correiobraziliense.com.br\/cbradar\/descoberto-efeitos-pouco-conhecidos-da-rucula-segundo-a-ciencia-moderna\/","name":"Descoberto efeitos pouco conhecidos da R\u00facula segundo a ci\u00eancia moderna - Correio Braziliense - Radar","isPartOf":{"@id":"https:\/\/www.correiobraziliense.com.br\/cbradar\/#website"},"primaryImageOfPage":{"@id":"https:\/\/www.correiobraziliense.com.br\/cbradar\/descoberto-efeitos-pouco-conhecidos-da-rucula-segundo-a-ciencia-moderna\/#primaryimage"},"image":{"@id":"https:\/\/www.correiobraziliense.com.br\/cbradar\/descoberto-efeitos-pouco-conhecidos-da-rucula-segundo-a-ciencia-moderna\/#primaryimage"},"thumbnailUrl":"https:\/\/www.correiobraziliense.com.br\/cbradar\/wp-content\/uploads\/2025\/08\/Rucula_1754576145716.jpg","datePublished":"2025-08-09T23:53:00+00:00","author":{"@id":"https:\/\/www.correiobraziliense.com.br\/cbradar\/#\/schema\/person\/5aa4bf3c8fa699c267933611de12978b"},"description":"Conhe\u00e7a os compostos da r\u00facula que combatem inflama\u00e7\u00f5es, protegem o f\u00edgado e previnem doen\u00e7as. Veja como incluir esse vegetal na sua dieta.","breadcrumb":{"@id":"https:\/\/www.correiobraziliense.com.br\/cbradar\/descoberto-efeitos-pouco-conhecidos-da-rucula-segundo-a-ciencia-moderna\/#breadcrumb"},"inLanguage":"pt-BR","potentialAction":[{"@type":"ReadAction","target":["https:\/\/www.correiobraziliense.com.br\/cbradar\/descoberto-efeitos-pouco-conhecidos-da-rucula-segundo-a-ciencia-moderna\/"]}]},{"@type":"ImageObject","inLanguage":"pt-BR","@id":"https:\/\/www.correiobraziliense.com.br\/cbradar\/descoberto-efeitos-pouco-conhecidos-da-rucula-segundo-a-ciencia-moderna\/#primaryimage","url":"https:\/\/www.correiobraziliense.com.br\/cbradar\/wp-content\/uploads\/2025\/08\/Rucula_1754576145716.jpg","contentUrl":"https:\/\/www.correiobraziliense.com.br\/cbradar\/wp-content\/uploads\/2025\/08\/Rucula_1754576145716.jpg","width":1280,"height":720,"caption":"R\u00facula - Cr\u00e9ditos: depositphotos.com \/ AntonMatyukha"},{"@type":"BreadcrumbList","@id":"https:\/\/www.correiobraziliense.com.br\/cbradar\/descoberto-efeitos-pouco-conhecidos-da-rucula-segundo-a-ciencia-moderna\/#breadcrumb","itemListElement":[{"@type":"ListItem","position":1,"name":"In\u00edcio","item":"https:\/\/www.correiobraziliense.com.br\/cbradar\/"},{"@type":"ListItem","position":2,"name":"Descoberto efeitos pouco conhecidos da R\u00facula segundo a ci\u00eancia moderna"}]},{"@type":"WebSite","@id":"https:\/\/www.correiobraziliense.com.br\/cbradar\/#website","url":"https:\/\/www.correiobraziliense.com.br\/cbradar\/","name":"Correio Braziliense - Radar","description":"Acompanhe as \u00faltimas not\u00edcias e fique bem informado sobre tudo o que acontece no Brasil e no mundo.","potentialAction":[{"@type":"SearchAction","target":{"@type":"EntryPoint","urlTemplate":"https:\/\/www.correiobraziliense.com.br\/cbradar\/?s={search_term_string}"},"query-input":{"@type":"PropertyValueSpecification","valueRequired":true,"valueName":"search_term_string"}}],"inLanguage":"pt-BR"},{"@type":"Person","@id":"https:\/\/www.correiobraziliense.com.br\/cbradar\/#\/schema\/person\/5aa4bf3c8fa699c267933611de12978b","name":"guilherme_saude","image":{"@type":"ImageObject","inLanguage":"pt-BR","@id":"https:\/\/www.correiobraziliense.com.br\/cbradar\/#\/schema\/person\/image\/","url":"https:\/\/secure.gravatar.com\/avatar\/df9adfb835d344bc0af109d41756253f?s=96&d=mm&r=g","contentUrl":"https:\/\/secure.gravatar.com\/avatar\/df9adfb835d344bc0af109d41756253f?s=96&d=mm&r=g","caption":"guilherme_saude"},"url":"https:\/\/www.correiobraziliense.com.br\/cbradar\/author\/guilherme_saude\/"}]}},"_links":{"self":[{"href":"https:\/\/www.correiobraziliense.com.br\/cbradar\/wp-json\/wp\/v2\/posts\/82398","targetHints":{"allow":["GET"]}}],"collection":[{"href":"https:\/\/www.correiobraziliense.com.br\/cbradar\/wp-json\/wp\/v2\/posts"}],"about":[{"href":"https:\/\/www.correiobraziliense.com.br\/cbradar\/wp-json\/wp\/v2\/types\/post"}],"author":[{"embeddable":true,"href":"https:\/\/www.correiobraziliense.com.br\/cbradar\/wp-json\/wp\/v2\/users\/14"}],"replies":[{"embeddable":true,"href":"https:\/\/www.correiobraziliense.com.br\/cbradar\/wp-json\/wp\/v2\/comments?post=82398"}],"version-history":[{"count":2,"href":"https:\/\/www.correiobraziliense.com.br\/cbradar\/wp-json\/wp\/v2\/posts\/82398\/revisions"}],"predecessor-version":[{"id":82403,"href":"https:\/\/www.correiobraziliense.com.br\/cbradar\/wp-json\/wp\/v2\/posts\/82398\/revisions\/82403"}],"wp:featuredmedia":[{"embeddable":true,"href":"https:\/\/www.correiobraziliense.com.br\/cbradar\/wp-json\/wp\/v2\/media\/82400"}],"wp:attachment":[{"href":"https:\/\/www.correiobraziliense.com.br\/cbradar\/wp-json\/wp\/v2\/media?parent=82398"}],"wp:term":[{"taxonomy":"category","embeddable":true,"href":"https:\/\/www.correiobraziliense.com.br\/cbradar\/wp-json\/wp\/v2\/categories?post=82398"},{"taxonomy":"post_tag","embeddable":true,"href":"https:\/\/www.correiobraziliense.com.br\/cbradar\/wp-json\/wp\/v2\/post_tag?post=82398"}],"curies":[{"name":"wp","href":"https:\/\/api.w.org\/{rel}","templated":true}]}}