{"id":8245,"date":"2025-03-02T17:50:00","date_gmt":"2025-03-02T20:50:00","guid":{"rendered":"https:\/\/www.correiobraziliense.com.br\/cbradar\/?p=8245"},"modified":"2025-03-01T18:52:42","modified_gmt":"2025-03-01T21:52:42","slug":"a-cidade-imperial-brasileira-e-lider-em-qualidade-de-vida","status":"publish","type":"post","link":"https:\/\/www.correiobraziliense.com.br\/cbradar\/a-cidade-imperial-brasileira-e-lider-em-qualidade-de-vida\/","title":{"rendered":"A cidade imperial brasileira \u00e9 lider em qualidade de vida"},"content":{"rendered":"\n<p><strong><a href=\"https:\/\/www.petropolis.rj.gov.br\/pmp\/\" target=\"_blank\" rel=\"noreferrer noopener\">Petr\u00f3polis<\/a><\/strong>, localizada na regi\u00e3o serrana do estado do<strong> Rio de Janeiro<\/strong>, \u00e9 um destino que combina hist\u00f3ria, cultura e belezas naturais. Conhecida como a <strong>&#8220;Cidade Imperial&#8221;<\/strong>, Petr\u00f3polis foi a resid\u00eancia de ver\u00e3o da fam\u00edlia real brasileira no s\u00e9culo <strong>XIX<\/strong>. A cidade \u00e9 famosa por sua arquitetura preservada, museus e clima ameno, atraindo turistas em busca de uma experi\u00eancia \u00fanica.<\/p>\n\n\n\n<p>Este artigo explora as principais atra\u00e7\u00f5es de Petr\u00f3polis, al\u00e9m de fornecer dicas \u00fateis para quem planeja visitar a cidade. Desde informa\u00e7\u00f5es sobre transporte e hospedagem at\u00e9 sugest\u00f5es de atividades e eventos, este guia \u00e9 um recurso valioso para otimizar sua viagem. Continue lendo para descobrir tudo o que Petr\u00f3polis tem a oferecer.<\/p>\n\n\n\n<h2 class=\"wp-block-heading\"><strong>Qual \u00e9 a hist\u00f3ria de Petr\u00f3polis?<\/strong><\/h2>\n\n\n\n<p>A hist\u00f3ria de Petr\u00f3polis remonta ao s\u00e9culo <strong>XIX<\/strong>, quando o imperador<strong> Dom Pedro II<\/strong> decidiu construir um pal\u00e1cio de ver\u00e3o na regi\u00e3o. A cidade foi oficialmente fundada em <strong>1843 <\/strong>e rapidamente se tornou um ref\u00fagio para a aristocracia brasileira. O <strong>Pal\u00e1cio Imperial<\/strong>, hoje um museu, \u00e9 um dos principais marcos hist\u00f3ricos da cidade, preservando m\u00f3veis, roupas e documentos da \u00e9poca imperial.<\/p>\n\n\n\n<p>Al\u00e9m do <strong>Pal\u00e1cio Imperial<\/strong>, a cidade cresceu ao redor de outras constru\u00e7\u00f5es importantes, como a <strong>Catedral <\/strong>de <strong>S\u00e3o Pedro de Alc\u00e2ntara<\/strong> e a <strong>Casa de Santos Dumont.<\/strong> A influ\u00eancia europeia \u00e9 evidente na arquitetura e no planejamento urbano, refletindo o desejo de<strong> Dom Pedro II <\/strong>de criar uma cidade moderna e sofisticada. Hoje, <strong>Petr\u00f3polis <\/strong>\u00e9 um testemunho vivo da hist\u00f3ria do<a href=\"https:\/\/www.correiobraziliense.com.br\/cbradar\/conheca-a-cidade-brasileira-com-nome-de-um-sanduiche\/\" target=\"_blank\" rel=\"noreferrer noopener\"> <strong>Brasil<\/strong><\/a><strong> <\/strong>imperial.<\/p>\n\n\n<div class=\"wp-block-image\">\n<figure class=\"aligncenter size-large\"><img decoding=\"async\" width=\"1024\" height=\"576\" src=\"https:\/\/www.correiobraziliense.com.br\/cbradar\/wp-content\/uploads\/2025\/02\/Petropolis_1739514087219-1024x576.jpg\" alt=\"Vale a pena conhecer a cidade imperial brasileira?\" class=\"wp-image-2646\" srcset=\"https:\/\/www.correiobraziliense.com.br\/cbradar\/wp-content\/uploads\/2025\/02\/Petropolis_1739514087219-1024x576.jpg 1024w, https:\/\/www.correiobraziliense.com.br\/cbradar\/wp-content\/uploads\/2025\/02\/Petropolis_1739514087219-300x169.jpg 300w, https:\/\/www.correiobraziliense.com.br\/cbradar\/wp-content\/uploads\/2025\/02\/Petropolis_1739514087219-768x432.jpg 768w, https:\/\/www.correiobraziliense.com.br\/cbradar\/wp-content\/uploads\/2025\/02\/Petropolis_1739514087219-750x422.jpg 750w, https:\/\/www.correiobraziliense.com.br\/cbradar\/wp-content\/uploads\/2025\/02\/Petropolis_1739514087219-1140x641.jpg 1140w, https:\/\/www.correiobraziliense.com.br\/cbradar\/wp-content\/uploads\/2025\/02\/Petropolis_1739514087219.jpg 1280w\" sizes=\"(max-width: 1024px) 100vw, 1024px\" \/><figcaption class=\"wp-element-caption\">Petr\u00f3polis \/\/ Cr\u00e9ditos: depositphotos.com \/ diegograndi<\/figcaption><\/figure><\/div>\n\n\n<h2 class=\"wp-block-heading\"><strong>Quais s\u00e3o as curiosidades mais interessantes sobre Petr\u00f3polis?<\/strong><\/h2>\n\n\n\n<p>Petr\u00f3polis \u00e9 rica em curiosidades e tradi\u00e7\u00f5es culturais. Um fato interessante \u00e9 que a cidade abriga o <strong>Museu Casa de Santos Dumont<\/strong>, dedicado ao pai da avia\u00e7\u00e3o. Outro destaque \u00e9 a <strong>Bauernfest<\/strong>, uma festa t\u00edpica alem\u00e3 que celebra a heran\u00e7a cultural dos imigrantes germ\u00e2nicos que ajudaram a colonizar a regi\u00e3o. Este evento anual atrai milhares de visitantes com suas dan\u00e7as, m\u00fasicas e gastronomia t\u00edpicas.<\/p>\n\n\n\n<p>A cidade tamb\u00e9m \u00e9 conhecida por seus apelidos, como <strong>&#8220;Cidade Imperial&#8221;<\/strong> e<strong> &#8220;Capital do Estado do Rio de Janeiro&#8221;<\/strong> durante os meses de ver\u00e3o do imp\u00e9rio. Al\u00e9m disso, Petr\u00f3polis possui s\u00edmbolos oficiais, como sua bandeira e bras\u00e3o, que refletem sua rica hist\u00f3ria e identidade cultural. Esses elementos contribuem para a atmosfera \u00fanica que encanta moradores e turistas.<\/p>\n\n\n\n<h2 class=\"wp-block-heading\"><strong>Quais s\u00e3o os principais pontos tur\u00edsticos de Petr\u00f3polis?<\/strong><\/h2>\n\n\n\n<p>Entre os principais pontos tur\u00edsticos de Petr\u00f3polis, destaca-se o <strong>Pal\u00e1cio Imperial<\/strong>, que oferece uma viagem no tempo atrav\u00e9s de suas exposi\u00e7\u00f5es. Outro local imperd\u00edvel \u00e9 a <strong>Catedral de S\u00e3o Pedro de Alc\u00e2ntara,<\/strong> onde est\u00e3o sepultados membros da fam\u00edlia imperial. Para os amantes da natureza, o <strong>Parque Nacional da Serra dos \u00d3rg\u00e3os <\/strong>oferece trilhas e vistas deslumbrantes.<\/p>\n\n\n\n<p>Al\u00e9m disso, o<strong> Museu Casa de Santos Dumont<\/strong> e o <strong>Pal\u00e1cio de Cristal <\/strong>s\u00e3o atra\u00e7\u00f5es que merecem uma visita. A melhor \u00e9poca para explorar esses locais \u00e9 durante a baixa temporada, quando a cidade est\u00e1 menos movimentada. Roteiros complementares incluem passeios pelas ruas hist\u00f3ricas e visitas a caf\u00e9s e restaurantes que oferecem o melhor da culin\u00e1ria local.<\/p>\n\n\n\n<h2 class=\"wp-block-heading\"><strong>Como \u00e9 o clima local e qual a melhor \u00e9poca para visit\u00e1-la?<\/strong><\/h2>\n\n\n\n<p>Petr\u00f3polis possui um clima ameno, com temperaturas m\u00e9dias que variam entre <strong>13\u00b0C e 25\u00b0C<\/strong> ao longo do ano. O ver\u00e3o \u00e9 quente e \u00famido, enquanto o inverno \u00e9 mais seco e frio, com temperaturas que podem cair abaixo de <strong>10\u00b0C.<\/strong> A cidade \u00e9 conhecida por suas chuvas frequentes, especialmente nos meses de ver\u00e3o.<\/p>\n\n\n\n<p>A melhor \u00e9poca para visitar Petr\u00f3polis \u00e9 durante a primavera e o outono, quando o clima \u00e9 mais est\u00e1vel e as temperaturas s\u00e3o agrad\u00e1veis. Durante esses per\u00edodos, os visitantes podem aproveitar ao m\u00e1ximo as atra\u00e7\u00f5es ao ar livre e participar de eventos locais. Recomenda-se levar roupas confort\u00e1veis e adequadas para o clima vari\u00e1vel da regi\u00e3o.<\/p>\n\n\n\n<h2 class=\"wp-block-heading\"><strong>O que fazer em Petr\u00f3polis al\u00e9m dos pontos tur\u00edsticos?<\/strong><\/h2>\n\n\n\n<p>Al\u00e9m dos pontos tur\u00edsticos tradicionais, Petr\u00f3polis oferece experi\u00eancias aut\u00eanticas, como visitar feiras e mercados locais. O<strong> Mercado Municipal de Petr\u00f3polis <\/strong>\u00e9 um \u00f3timo lugar para experimentar produtos frescos e artesanais. A cidade tamb\u00e9m \u00e9 famosa por sua gastronomia, com restaurantes que servem pratos t\u00edpicos da culin\u00e1ria alem\u00e3 e brasileira.<\/p>\n\n\n\n<p>Para hospedagem, h\u00e1 op\u00e7\u00f5es que v\u00e3o desde hot\u00e9is luxuosos at\u00e9 pousadas aconchegantes. O transporte na cidade \u00e9 facilitado por \u00f4nibus, t\u00e1xis e aplicativos de transporte. Explorar a cidade de bicicleta tamb\u00e9m \u00e9 uma op\u00e7\u00e3o pr\u00e1tica e ecol\u00f3gica. Com tantas op\u00e7\u00f5es, Petr\u00f3polis \u00e9 um destino que oferece algo para todos os gostos e or\u00e7amentos.<\/p>\n\n\n\n<h2 class=\"wp-block-heading\"><strong>Dicas essenciais<\/strong><\/h2>\n\n\n\n<p>Para garantir uma visita segura e agrad\u00e1vel a Petr\u00f3polis, \u00e9 importante tomar algumas precau\u00e7\u00f5es. Mantenha seus pertences pessoais sempre \u00e0 vista e evite \u00e1reas desertas \u00e0 noite. O transporte p\u00fablico \u00e9 eficiente, mas \u00e9 aconselh\u00e1vel verificar os hor\u00e1rios e rotas com anteced\u00eancia.<\/p>\n\n\n\n<p>Para economizar, procure por cupons de desconto e ofertas especiais em atra\u00e7\u00f5es e restaurantes. Fique atento a poss\u00edveis &#8220;pegadinhas&#8221; tur\u00edsticas, como pre\u00e7os inflacionados em \u00e1reas muito movimentadas. Com planejamento e aten\u00e7\u00e3o, sua visita a Petr\u00f3polis ser\u00e1 uma experi\u00eancia memor\u00e1vel.<\/p>\n\n\n\n<h2 class=\"wp-block-heading\"><strong>Perguntas frequentes &#8211; FAQ<\/strong><\/h2>\n\n\n\n<ul class=\"wp-block-list\">\n<li><strong>Qual \u00e9 a melhor \u00e9poca do ano para visitar Petr\u00f3polis?<\/strong><\/li>\n\n\n\n<li>Geralmente, depende do clima e dos eventos locais, como festivais ou feriados.<\/li>\n\n\n\n<li><strong>Quais pratos t\u00edpicos devem ser experimentados?<\/strong><\/li>\n\n\n\n<li>Busque restaurantes tradicionais para provar a culin\u00e1ria local de Petr\u00f3polis.<\/li>\n\n\n\n<li><strong>Quais s\u00e3o as melhores op\u00e7\u00f5es de transporte na cidade?<\/strong><\/li>\n\n\n\n<li>Use \u00f4nibus, t\u00e1xis, aplicativos ou aluguel de bicicletas, dependendo da infraestrutura de Petr\u00f3polis.<\/li>\n\n\n\n<li><strong>Petr\u00f3polis \u00e9 segura para turistas?<\/strong><\/li>\n\n\n\n<li>Em geral, sim, mas \u00e9 importante manter os cuidados de praxe em qualquer grande centro urbano.<\/li>\n\n\n\n<li><strong>Que eventos e festivais ocorrem anualmente em Petr\u00f3polis?<\/strong><\/li>\n\n\n\n<li>H\u00e1 celebra\u00e7\u00f5es religiosas, gastron\u00f4micas ou art\u00edsticas ao longo do ano; consulte calend\u00e1rios oficiais para se programar.<\/li>\n<\/ul>\n","protected":false},"excerpt":{"rendered":"<p>Petr\u00f3polis, localizada na regi\u00e3o serrana do estado do Rio de Janeiro, \u00e9 um destino que combina hist\u00f3ria, cultura e belezas naturais. Conhecida como a &#8220;Cidade Imperial&#8221;, Petr\u00f3polis foi a resid\u00eancia de ver\u00e3o da fam\u00edlia real brasileira no s\u00e9culo XIX. A cidade \u00e9 famosa por sua arquitetura preservada, museus e clima ameno, atraindo turistas em busca [&hellip;]<\/p>\n","protected":false},"author":8,"featured_media":2647,"comment_status":"open","ping_status":"open","sticky":false,"template":"","format":"standard","meta":{"_yoast_wpseo_focuskw":"Cidade","_yoast_wpseo_title":"","_yoast_wpseo_metadesc":"A cidade imperial brasileira se destaca como l\u00edder em qualidade de vida, oferecendo infraestrutura, seguran\u00e7a e bem-estar para seus moradores.","jnews-multi-image_gallery":[],"jnews_single_post":{"format":"standard"},"jnews_primary_category":[],"jnews_social_meta":[],"jnews_override_counter":[],"footnotes":""},"categories":[108,111],"tags":[225,204],"class_list":["post-8245","post","type-post","status-publish","format-standard","has-post-thumbnail","hentry","category-cidades","category-turismo","tag-brasil","tag-cidade"],"yoast_head":"<!-- This site is optimized with the Yoast SEO plugin v24.6 - https:\/\/yoast.com\/wordpress\/plugins\/seo\/ -->\n<title>A cidade imperial brasileira \u00e9 lider em qualidade de vida - Correio Braziliense - Radar<\/title>\n<meta name=\"description\" content=\"A cidade imperial brasileira se destaca como l\u00edder em qualidade de vida, oferecendo infraestrutura, seguran\u00e7a e bem-estar para seus moradores.\" \/>\n<meta name=\"robots\" content=\"index, follow, max-snippet:-1, max-image-preview:large, max-video-preview:-1\" \/>\n<link rel=\"canonical\" href=\"https:\/\/www.correiobraziliense.com.br\/cbradar\/a-cidade-imperial-brasileira-e-lider-em-qualidade-de-vida\/\" \/>\n<meta property=\"og:locale\" content=\"pt_BR\" \/>\n<meta property=\"og:type\" content=\"article\" \/>\n<meta property=\"og:title\" content=\"A cidade imperial brasileira \u00e9 lider em qualidade de vida - Correio Braziliense - Radar\" \/>\n<meta property=\"og:description\" content=\"A cidade imperial brasileira se destaca como l\u00edder em qualidade de vida, oferecendo infraestrutura, seguran\u00e7a e bem-estar para seus moradores.\" \/>\n<meta property=\"og:url\" content=\"https:\/\/www.correiobraziliense.com.br\/cbradar\/a-cidade-imperial-brasileira-e-lider-em-qualidade-de-vida\/\" \/>\n<meta property=\"og:site_name\" content=\"Correio Braziliense - Radar\" \/>\n<meta property=\"article:published_time\" content=\"2025-03-02T20:50:00+00:00\" \/>\n<meta property=\"og:image\" content=\"https:\/\/www.correiobraziliense.com.br\/cbradar\/wp-content\/uploads\/2025\/02\/Petropolis_1739514066616.jpg\" \/>\n\t<meta property=\"og:image:width\" content=\"1280\" \/>\n\t<meta property=\"og:image:height\" content=\"720\" \/>\n\t<meta property=\"og:image:type\" content=\"image\/jpeg\" \/>\n<meta name=\"author\" content=\"Maura Pereira\" \/>\n<meta name=\"twitter:card\" content=\"summary_large_image\" \/>\n<meta name=\"twitter:label1\" content=\"Escrito por\" \/>\n\t<meta name=\"twitter:data1\" content=\"Maura Pereira\" \/>\n\t<meta name=\"twitter:label2\" content=\"Est. tempo de leitura\" \/>\n\t<meta name=\"twitter:data2\" content=\"6 minutos\" \/>\n<!-- \/ Yoast SEO plugin. -->","yoast_head_json":{"title":"A cidade imperial brasileira \u00e9 lider em qualidade de vida - Correio Braziliense - Radar","description":"A cidade imperial brasileira se destaca como l\u00edder em qualidade de vida, oferecendo infraestrutura, seguran\u00e7a e bem-estar para seus moradores.","robots":{"index":"index","follow":"follow","max-snippet":"max-snippet:-1","max-image-preview":"max-image-preview:large","max-video-preview":"max-video-preview:-1"},"canonical":"https:\/\/www.correiobraziliense.com.br\/cbradar\/a-cidade-imperial-brasileira-e-lider-em-qualidade-de-vida\/","og_locale":"pt_BR","og_type":"article","og_title":"A cidade imperial brasileira \u00e9 lider em qualidade de vida - Correio Braziliense - Radar","og_description":"A cidade imperial brasileira se destaca como l\u00edder em qualidade de vida, oferecendo infraestrutura, seguran\u00e7a e bem-estar para seus moradores.","og_url":"https:\/\/www.correiobraziliense.com.br\/cbradar\/a-cidade-imperial-brasileira-e-lider-em-qualidade-de-vida\/","og_site_name":"Correio Braziliense - Radar","article_published_time":"2025-03-02T20:50:00+00:00","og_image":[{"width":1280,"height":720,"url":"https:\/\/www.correiobraziliense.com.br\/cbradar\/wp-content\/uploads\/2025\/02\/Petropolis_1739514066616.jpg","type":"image\/jpeg"}],"author":"Maura Pereira","twitter_card":"summary_large_image","twitter_misc":{"Escrito por":"Maura Pereira","Est. tempo de leitura":"6 minutos"},"schema":{"@context":"https:\/\/schema.org","@graph":[{"@type":"WebPage","@id":"https:\/\/www.correiobraziliense.com.br\/cbradar\/a-cidade-imperial-brasileira-e-lider-em-qualidade-de-vida\/","url":"https:\/\/www.correiobraziliense.com.br\/cbradar\/a-cidade-imperial-brasileira-e-lider-em-qualidade-de-vida\/","name":"A cidade imperial brasileira \u00e9 lider em qualidade de vida - Correio Braziliense - Radar","isPartOf":{"@id":"https:\/\/www.correiobraziliense.com.br\/cbradar\/#website"},"primaryImageOfPage":{"@id":"https:\/\/www.correiobraziliense.com.br\/cbradar\/a-cidade-imperial-brasileira-e-lider-em-qualidade-de-vida\/#primaryimage"},"image":{"@id":"https:\/\/www.correiobraziliense.com.br\/cbradar\/a-cidade-imperial-brasileira-e-lider-em-qualidade-de-vida\/#primaryimage"},"thumbnailUrl":"https:\/\/www.correiobraziliense.com.br\/cbradar\/wp-content\/uploads\/2025\/02\/Petropolis_1739514066616.jpg","datePublished":"2025-03-02T20:50:00+00:00","author":{"@id":"https:\/\/www.correiobraziliense.com.br\/cbradar\/#\/schema\/person\/4053c651a9bfc785afc6f4cbc9032fd3"},"description":"A cidade imperial brasileira se destaca como l\u00edder em qualidade de vida, oferecendo infraestrutura, seguran\u00e7a e bem-estar para seus moradores.","breadcrumb":{"@id":"https:\/\/www.correiobraziliense.com.br\/cbradar\/a-cidade-imperial-brasileira-e-lider-em-qualidade-de-vida\/#breadcrumb"},"inLanguage":"pt-BR","potentialAction":[{"@type":"ReadAction","target":["https:\/\/www.correiobraziliense.com.br\/cbradar\/a-cidade-imperial-brasileira-e-lider-em-qualidade-de-vida\/"]}]},{"@type":"ImageObject","inLanguage":"pt-BR","@id":"https:\/\/www.correiobraziliense.com.br\/cbradar\/a-cidade-imperial-brasileira-e-lider-em-qualidade-de-vida\/#primaryimage","url":"https:\/\/www.correiobraziliense.com.br\/cbradar\/wp-content\/uploads\/2025\/02\/Petropolis_1739514066616.jpg","contentUrl":"https:\/\/www.correiobraziliense.com.br\/cbradar\/wp-content\/uploads\/2025\/02\/Petropolis_1739514066616.jpg","width":1280,"height":720,"caption":"Petr\u00f3polis, RJ, \u00e9 conhecida pela arquitetura hist\u00f3rica, clima ameno e natureza exuberante. \/\/ Cr\u00e9ditos: depositphotos.com \/ diegograndi"},{"@type":"BreadcrumbList","@id":"https:\/\/www.correiobraziliense.com.br\/cbradar\/a-cidade-imperial-brasileira-e-lider-em-qualidade-de-vida\/#breadcrumb","itemListElement":[{"@type":"ListItem","position":1,"name":"In\u00edcio","item":"https:\/\/www.correiobraziliense.com.br\/cbradar\/"},{"@type":"ListItem","position":2,"name":"A cidade imperial brasileira \u00e9 lider em qualidade de vida"}]},{"@type":"WebSite","@id":"https:\/\/www.correiobraziliense.com.br\/cbradar\/#website","url":"https:\/\/www.correiobraziliense.com.br\/cbradar\/","name":"Correio Braziliense - Radar","description":"Acompanhe as \u00faltimas not\u00edcias e fique bem informado sobre tudo o que acontece no Brasil e no mundo.","potentialAction":[{"@type":"SearchAction","target":{"@type":"EntryPoint","urlTemplate":"https:\/\/www.correiobraziliense.com.br\/cbradar\/?s={search_term_string}"},"query-input":{"@type":"PropertyValueSpecification","valueRequired":true,"valueName":"search_term_string"}}],"inLanguage":"pt-BR"},{"@type":"Person","@id":"https:\/\/www.correiobraziliense.com.br\/cbradar\/#\/schema\/person\/4053c651a9bfc785afc6f4cbc9032fd3","name":"Maura Pereira","image":{"@type":"ImageObject","inLanguage":"pt-BR","@id":"https:\/\/www.correiobraziliense.com.br\/cbradar\/#\/schema\/person\/image\/","url":"https:\/\/secure.gravatar.com\/avatar\/3effd6bdadfa447f15089c7f7144eaa6?s=96&d=mm&r=g","contentUrl":"https:\/\/secure.gravatar.com\/avatar\/3effd6bdadfa447f15089c7f7144eaa6?s=96&d=mm&r=g","caption":"Maura Pereira"},"sameAs":["https:\/\/www.correiobraziliense.com.br\/"],"url":"https:\/\/www.correiobraziliense.com.br\/cbradar\/author\/mauramyth\/"}]}},"_links":{"self":[{"href":"https:\/\/www.correiobraziliense.com.br\/cbradar\/wp-json\/wp\/v2\/posts\/8245","targetHints":{"allow":["GET"]}}],"collection":[{"href":"https:\/\/www.correiobraziliense.com.br\/cbradar\/wp-json\/wp\/v2\/posts"}],"about":[{"href":"https:\/\/www.correiobraziliense.com.br\/cbradar\/wp-json\/wp\/v2\/types\/post"}],"author":[{"embeddable":true,"href":"https:\/\/www.correiobraziliense.com.br\/cbradar\/wp-json\/wp\/v2\/users\/8"}],"replies":[{"embeddable":true,"href":"https:\/\/www.correiobraziliense.com.br\/cbradar\/wp-json\/wp\/v2\/comments?post=8245"}],"version-history":[{"count":1,"href":"https:\/\/www.correiobraziliense.com.br\/cbradar\/wp-json\/wp\/v2\/posts\/8245\/revisions"}],"predecessor-version":[{"id":8257,"href":"https:\/\/www.correiobraziliense.com.br\/cbradar\/wp-json\/wp\/v2\/posts\/8245\/revisions\/8257"}],"wp:featuredmedia":[{"embeddable":true,"href":"https:\/\/www.correiobraziliense.com.br\/cbradar\/wp-json\/wp\/v2\/media\/2647"}],"wp:attachment":[{"href":"https:\/\/www.correiobraziliense.com.br\/cbradar\/wp-json\/wp\/v2\/media?parent=8245"}],"wp:term":[{"taxonomy":"category","embeddable":true,"href":"https:\/\/www.correiobraziliense.com.br\/cbradar\/wp-json\/wp\/v2\/categories?post=8245"},{"taxonomy":"post_tag","embeddable":true,"href":"https:\/\/www.correiobraziliense.com.br\/cbradar\/wp-json\/wp\/v2\/tags?post=8245"}],"curies":[{"name":"wp","href":"https:\/\/api.w.org\/{rel}","templated":true}]}}