{"id":82472,"date":"2025-08-08T07:23:00","date_gmt":"2025-08-08T10:23:00","guid":{"rendered":"https:\/\/www.correiobraziliense.com.br\/cbradar\/?p=82472"},"modified":"2025-08-07T14:17:51","modified_gmt":"2025-08-07T17:17:51","slug":"a-folha-verde-mais-completa-da-natureza-para-fortalecer-a-imunidade-e-limpar-o-organismo","status":"publish","type":"post","link":"https:\/\/www.correiobraziliense.com.br\/cbradar\/a-folha-verde-mais-completa-da-natureza-para-fortalecer-a-imunidade-e-limpar-o-organismo\/","title":{"rendered":"A folha verde mais completa da natureza para fortalecer a imunidade e limpar o organismo"},"content":{"rendered":"\n<p>A couve-manteiga (<em>Brassica oleracea<\/em> var. <em>acephala<\/em>) \u00e9 um vegetal de folhas verdes escuras, muito popular na culin\u00e1ria brasileira e valorizado por seu perfil nutricional. Al\u00e9m de ser um ingrediente vers\u00e1til, a couve-manteiga \u00e9 uma fonte poderosa de <strong>compostos bioativos<\/strong> que oferecem <strong>propriedades medicinais<\/strong>, como a\u00e7\u00f5es anti-inflamat\u00f3rias, antioxidantes e benef\u00edcios para a sa\u00fade \u00f3ssea e digestiva, que contribuem para o bem-estar e a sa\u00fade do organismo.<\/p>\n\n\n\n<ul class=\"wp-block-list\">\n<li><strong>A\u00e7\u00e3o Anti-inflamat\u00f3ria e Desintoxicante<\/strong><\/li>\n\n\n\n<li><strong>Propriedade Antioxidante e Protetora<\/strong><\/li>\n\n\n\n<li><strong>Benef\u00edcios para a Sa\u00fade \u00d3ssea e Digestiva<\/strong><\/li>\n<\/ul>\n\n\n\n<h2 class=\"wp-block-heading\">A\u00e7\u00e3o anti-inflamat\u00f3ria e desintoxicante<\/h2>\n\n\n\n<p>A couve-manteiga \u00e9 rica em <strong>compostos fen\u00f3licos e glicosinolatos<\/strong>, que lhe conferem uma potente <strong>a\u00e7\u00e3o anti-inflamat\u00f3ria<\/strong>. Esses fitoqu\u00edmicos atuam na modula\u00e7\u00e3o da resposta inflamat\u00f3ria do corpo, ajudando a reduzir a inflama\u00e7\u00e3o cr\u00f4nica. Al\u00e9m disso, os glicosinolatos s\u00e3o precursores de isotiocianatos, que estimulam enzimas de desintoxica\u00e7\u00e3o no f\u00edgado. De acordo com um estudo publicado no <em>Journal of Food Science<\/em>,<\/p>\n\n\n\n<blockquote class=\"wp-block-quote is-layout-flow wp-block-quote-is-layout-flow\">\n<p><em>&#8220;O extrato da couve demonstrou inibir a produ\u00e7\u00e3o de mediadores inflamat\u00f3rios e citocinas em testes celulares. A presen\u00e7a de sulforafano, um isotiocianato derivado dos glicosinolatos, \u00e9 a principal respons\u00e1vel por essa a\u00e7\u00e3o anti-inflamat\u00f3ria e pela ativa\u00e7\u00e3o de vias de desintoxica\u00e7\u00e3o&#8221;<\/em> (KIM et al., 2017).<\/p>\n<\/blockquote>\n\n\n\n<h2 class=\"wp-block-heading\">Propriedade antioxidante e protetora<\/h2>\n\n\n\n<p>A couve-manteiga \u00e9 uma excelente fonte de <strong>antioxidantes<\/strong>, como a <strong>vitamina C, carotenoides e flavonoides<\/strong>. Esses compostos combatem os radicais livres, protegendo as c\u00e9lulas do corpo contra o estresse oxidativo e o envelhecimento precoce. O consumo da couve \u00e9 uma estrat\u00e9gia eficaz para fortalecer as defesas do organismo e prevenir danos celulares. Uma pesquisa sobre o potencial do vegetal destacou que:<\/p>\n\n\n\n<blockquote class=\"wp-block-quote is-layout-flow wp-block-quote-is-layout-flow\">\n<p><em>&#8220;A couve \u00e9 um dos vegetais mais ricos em vitamina C e compostos fen\u00f3licos. A capacidade antioxidante do extrato da folha de couve \u00e9 atribu\u00edda \u00e0 presen\u00e7a de flavonoides como a quercetina e o kaempferol, que atuam como varredores de radicais livres, protegendo o DNA e as membranas celulares&#8221;<\/em> (ISLAM et al., 2019).<\/p>\n<\/blockquote>\n\n\n<div class=\"wp-block-image\">\n<figure class=\"aligncenter size-large\"><img decoding=\"async\" width=\"1024\" height=\"576\" src=\"https:\/\/www.correiobraziliense.com.br\/cbradar\/wp-content\/uploads\/2025\/03\/couve-planta_1743445158603-1024x576.jpg\" alt=\"\" class=\"wp-image-17515\" srcset=\"https:\/\/www.correiobraziliense.com.br\/cbradar\/wp-content\/uploads\/2025\/03\/couve-planta_1743445158603-1024x576.jpg 1024w, https:\/\/www.correiobraziliense.com.br\/cbradar\/wp-content\/uploads\/2025\/03\/couve-planta_1743445158603-300x169.jpg 300w, https:\/\/www.correiobraziliense.com.br\/cbradar\/wp-content\/uploads\/2025\/03\/couve-planta_1743445158603-768x432.jpg 768w, https:\/\/www.correiobraziliense.com.br\/cbradar\/wp-content\/uploads\/2025\/03\/couve-planta_1743445158603-750x422.jpg 750w, https:\/\/www.correiobraziliense.com.br\/cbradar\/wp-content\/uploads\/2025\/03\/couve-planta_1743445158603-1140x641.jpg 1140w, https:\/\/www.correiobraziliense.com.br\/cbradar\/wp-content\/uploads\/2025\/03\/couve-planta_1743445158603.jpg 1280w\" sizes=\"(max-width: 1024px) 100vw, 1024px\" \/><figcaption class=\"wp-element-caption\">Poder antioxidante elevado &#8211; Cr\u00e9ditos: depositphotos.com \/ bedobedo<\/figcaption><\/figure><\/div>\n\n\n<h2 class=\"wp-block-heading\">Benef\u00edcios para a sa\u00fade \u00f3ssea e digestiva<\/h2>\n\n\n\n<p>A couve-manteiga \u00e9 um excelente aliado para a <strong>sa\u00fade \u00f3ssea e o sistema digestivo<\/strong>. \u00c9 uma das melhores fontes vegetais de <strong>c\u00e1lcio e vitamina K<\/strong>, nutrientes essenciais para a densidade e a integridade dos ossos. Al\u00e9m disso, a alta quantidade de <strong>fibras<\/strong> na couve contribui para o bom funcionamento do intestino, prevenindo a constipa\u00e7\u00e3o. Segundo uma revis\u00e3o de artigos sobre a planta e seus benef\u00edcios,<\/p>\n\n\n\n<blockquote class=\"wp-block-quote is-layout-flow wp-block-quote-is-layout-flow\">\n<p><em>&#8220;O consumo de couve \u00e9 fundamental para a sa\u00fade \u00f3ssea, devido \u00e0 sua riqueza em c\u00e1lcio e vitamina K. A vitamina K \u00e9 essencial para a s\u00edntese de prote\u00ednas que regulam a mineraliza\u00e7\u00e3o \u00f3ssea, enquanto o c\u00e1lcio \u00e9 o principal componente estrutural dos ossos. As fibras da couve tamb\u00e9m promovem a sa\u00fade gastrointestinal, prevenindo dist\u00farbios digestivos&#8221;<\/em> (YANG et al., 2018).<\/p>\n<\/blockquote>\n\n\n\n<p>Para aproveitar os benef\u00edcios da couve-manteiga, consuma-a refogada, em sopas, sucos verdes ou saladas. O preparo leve, como o cozimento no vapor, ajuda a preservar os nutrientes. A couve refogada com alho e azeite \u00e9 um acompanhamento cl\u00e1ssico e saud\u00e1vel. Lembre-se sempre de buscar orienta\u00e7\u00e3o profissional para um plano alimentar adequado.<\/p>\n\n\n\n<p>Leia tamb\u00e9m: <a href=\"https:\/\/www.correiobraziliense.com.br\/cbradar\/o-que-acontece-com-o-seu-corpo-quando-voce-come-muito-abacate\/\" target=\"_blank\" rel=\"noreferrer noopener\">O que acontece com o seu corpo quando voc\u00ea come muito abacate?<\/a><\/p>\n\n\n\n<h2 class=\"wp-block-heading\">Um alimento simples com grandes virtudes<\/h2>\n\n\n\n<ul class=\"wp-block-list\">\n<li>A <strong>couve-manteiga<\/strong> possui <strong>propriedades anti-inflamat\u00f3rias e desintoxicantes<\/strong>, gra\u00e7as aos glicosinolatos e compostos fen\u00f3licos que modulam a resposta inflamat\u00f3ria do corpo.<\/li>\n\n\n\n<li>Seus compostos bioativos, como a vitamina C e os carotenoides, oferecem uma potente <strong>a\u00e7\u00e3o antioxidante<\/strong>, protegendo as c\u00e9lulas do estresse oxidativo, conforme demonstrado em pesquisas cient\u00edficas.<\/li>\n\n\n\n<li>O consumo do vegetal contribui para a <strong>sa\u00fade \u00f3ssea e digestiva<\/strong>, devido ao seu alto teor de c\u00e1lcio, vitamina K e fibras, que fortalecem os ossos e promovem o bom funcionamento do intestino.<\/li>\n<\/ul>\n\n\n\n<h2 class=\"wp-block-heading\">Refer\u00eancias bibliogr\u00e1ficas<\/h2>\n\n\n\n<ul class=\"wp-block-list\">\n<li>KIM, S. et al. Anti-inflammatory and antioxidant activities of kale extracts. <em>Journal of Food Science<\/em>, v. 82, n. 3, p. 770-776, 2017.<\/li>\n\n\n\n<li>ISLAM, M. S. et al. Phytochemicals and antioxidant activities of kale (<em>Brassica oleracea<\/em> var. <em>acephala<\/em>). <em>Journal of Functional Foods<\/em>, v. 53, p. 119-125, 2019.<\/li>\n\n\n\n<li>YANG, F. et al. Health benefits of kale and other leafy green vegetables. <em>Nutrients<\/em>, v. 10, n. 1, p. 89, 2018.<\/li>\n\n\n\n<li>MATOS, F. J. A. <em>Farmacognosia: do produto natural ao medicamento<\/em>. 5. ed. Fortaleza: Edi\u00e7\u00f5es UFC, 2009.<\/li>\n<\/ul>\n","protected":false},"excerpt":{"rendered":"<p>A couve-manteiga (Brassica oleracea var. acephala) \u00e9 um vegetal de folhas verdes escuras, muito popular na culin\u00e1ria brasileira e valorizado por seu perfil nutricional. Al\u00e9m de ser um ingrediente vers\u00e1til, a couve-manteiga \u00e9 uma fonte poderosa de compostos bioativos que oferecem propriedades medicinais, como a\u00e7\u00f5es anti-inflamat\u00f3rias, antioxidantes e benef\u00edcios para a sa\u00fade \u00f3ssea e digestiva, [&hellip;]<\/p>\n","protected":false},"author":9,"featured_media":17518,"comment_status":"open","ping_status":"open","sticky":false,"template":"","format":"standard","meta":{"_yoast_wpseo_focuskw":"couve-manteiga","_yoast_wpseo_title":"%%title%% %%page%%","_yoast_wpseo_metadesc":"Couve \u00e9 rica em antioxidantes, fibras e c\u00e1lcio que fortalecem os ossos, protegem as c\u00e9lulas e melhoram a digest\u00e3o. Conhe\u00e7a os seus benef\u00edcios.","jnews-multi-image_gallery":[],"jnews_single_post":{"format":"standard"},"jnews_primary_category":[],"jnews_social_meta":[],"jnews_override_counter":[],"footnotes":""},"categories":[136,4404],"post_tag":[9116,1318,1071],"class_list":["post-82472","post","type-post","status-publish","format-standard","has-post-thumbnail","hentry","category-jardinagem","category-saude","tag-couve-manteiga","tag-saude-2","tag-vegetal"],"yoast_head":"<!-- This site is optimized with the Yoast SEO plugin v24.6 - https:\/\/yoast.com\/wordpress\/plugins\/seo\/ -->\n<title>A folha verde mais completa da natureza para fortalecer a imunidade e limpar o organismo<\/title>\n<meta name=\"description\" content=\"Couve \u00e9 rica em antioxidantes, fibras e c\u00e1lcio que fortalecem os ossos, protegem as c\u00e9lulas e melhoram a digest\u00e3o. Conhe\u00e7a os seus benef\u00edcios.\" \/>\n<meta name=\"robots\" content=\"index, follow, max-snippet:-1, max-image-preview:large, max-video-preview:-1\" \/>\n<link rel=\"canonical\" href=\"https:\/\/www.correiobraziliense.com.br\/cbradar\/a-folha-verde-mais-completa-da-natureza-para-fortalecer-a-imunidade-e-limpar-o-organismo\/\" \/>\n<meta property=\"og:locale\" content=\"pt_BR\" \/>\n<meta property=\"og:type\" content=\"article\" \/>\n<meta property=\"og:title\" content=\"A folha verde mais completa da natureza para fortalecer a imunidade e limpar o organismo\" \/>\n<meta property=\"og:description\" content=\"Couve \u00e9 rica em antioxidantes, fibras e c\u00e1lcio que fortalecem os ossos, protegem as c\u00e9lulas e melhoram a digest\u00e3o. Conhe\u00e7a os seus benef\u00edcios.\" \/>\n<meta property=\"og:url\" content=\"https:\/\/www.correiobraziliense.com.br\/cbradar\/a-folha-verde-mais-completa-da-natureza-para-fortalecer-a-imunidade-e-limpar-o-organismo\/\" \/>\n<meta property=\"og:site_name\" content=\"Correio Braziliense - Radar\" \/>\n<meta property=\"article:published_time\" content=\"2025-08-08T10:23:00+00:00\" \/>\n<meta property=\"og:image\" content=\"https:\/\/www.correiobraziliense.com.br\/cbradar\/wp-content\/uploads\/2025\/03\/couve-planta_1743445190183.jpg\" \/>\n\t<meta property=\"og:image:width\" content=\"1280\" \/>\n\t<meta property=\"og:image:height\" content=\"720\" \/>\n\t<meta property=\"og:image:type\" content=\"image\/jpeg\" \/>\n<meta name=\"author\" content=\"Daniely Cardoso\" \/>\n<meta name=\"twitter:card\" content=\"summary_large_image\" \/>\n<meta name=\"twitter:label1\" content=\"Escrito por\" \/>\n\t<meta name=\"twitter:data1\" content=\"Daniely Cardoso\" \/>\n\t<meta name=\"twitter:label2\" content=\"Est. tempo de leitura\" \/>\n\t<meta name=\"twitter:data2\" content=\"4 minutos\" \/>\n<!-- \/ Yoast SEO plugin. -->","yoast_head_json":{"title":"A folha verde mais completa da natureza para fortalecer a imunidade e limpar o organismo","description":"Couve \u00e9 rica em antioxidantes, fibras e c\u00e1lcio que fortalecem os ossos, protegem as c\u00e9lulas e melhoram a digest\u00e3o. Conhe\u00e7a os seus benef\u00edcios.","robots":{"index":"index","follow":"follow","max-snippet":"max-snippet:-1","max-image-preview":"max-image-preview:large","max-video-preview":"max-video-preview:-1"},"canonical":"https:\/\/www.correiobraziliense.com.br\/cbradar\/a-folha-verde-mais-completa-da-natureza-para-fortalecer-a-imunidade-e-limpar-o-organismo\/","og_locale":"pt_BR","og_type":"article","og_title":"A folha verde mais completa da natureza para fortalecer a imunidade e limpar o organismo","og_description":"Couve \u00e9 rica em antioxidantes, fibras e c\u00e1lcio que fortalecem os ossos, protegem as c\u00e9lulas e melhoram a digest\u00e3o. Conhe\u00e7a os seus benef\u00edcios.","og_url":"https:\/\/www.correiobraziliense.com.br\/cbradar\/a-folha-verde-mais-completa-da-natureza-para-fortalecer-a-imunidade-e-limpar-o-organismo\/","og_site_name":"Correio Braziliense - Radar","article_published_time":"2025-08-08T10:23:00+00:00","og_image":[{"width":1280,"height":720,"url":"https:\/\/www.correiobraziliense.com.br\/cbradar\/wp-content\/uploads\/2025\/03\/couve-planta_1743445190183.jpg","type":"image\/jpeg"}],"author":"Daniely Cardoso","twitter_card":"summary_large_image","twitter_misc":{"Escrito por":"Daniely Cardoso","Est. tempo de leitura":"4 minutos"},"schema":{"@context":"https:\/\/schema.org","@graph":[{"@type":"WebPage","@id":"https:\/\/www.correiobraziliense.com.br\/cbradar\/a-folha-verde-mais-completa-da-natureza-para-fortalecer-a-imunidade-e-limpar-o-organismo\/","url":"https:\/\/www.correiobraziliense.com.br\/cbradar\/a-folha-verde-mais-completa-da-natureza-para-fortalecer-a-imunidade-e-limpar-o-organismo\/","name":"A folha verde mais completa da natureza para fortalecer a imunidade e limpar o organismo","isPartOf":{"@id":"https:\/\/www.correiobraziliense.com.br\/cbradar\/#website"},"primaryImageOfPage":{"@id":"https:\/\/www.correiobraziliense.com.br\/cbradar\/a-folha-verde-mais-completa-da-natureza-para-fortalecer-a-imunidade-e-limpar-o-organismo\/#primaryimage"},"image":{"@id":"https:\/\/www.correiobraziliense.com.br\/cbradar\/a-folha-verde-mais-completa-da-natureza-para-fortalecer-a-imunidade-e-limpar-o-organismo\/#primaryimage"},"thumbnailUrl":"https:\/\/www.correiobraziliense.com.br\/cbradar\/wp-content\/uploads\/2025\/03\/couve-planta_1743445190183.jpg","datePublished":"2025-08-08T10:23:00+00:00","author":{"@id":"https:\/\/www.correiobraziliense.com.br\/cbradar\/#\/schema\/person\/7356666e12ec0ee53f348ee5db227032"},"description":"Couve \u00e9 rica em antioxidantes, fibras e c\u00e1lcio que fortalecem os ossos, protegem as c\u00e9lulas e melhoram a digest\u00e3o. Conhe\u00e7a os seus benef\u00edcios.","breadcrumb":{"@id":"https:\/\/www.correiobraziliense.com.br\/cbradar\/a-folha-verde-mais-completa-da-natureza-para-fortalecer-a-imunidade-e-limpar-o-organismo\/#breadcrumb"},"inLanguage":"pt-BR","potentialAction":[{"@type":"ReadAction","target":["https:\/\/www.correiobraziliense.com.br\/cbradar\/a-folha-verde-mais-completa-da-natureza-para-fortalecer-a-imunidade-e-limpar-o-organismo\/"]}]},{"@type":"ImageObject","inLanguage":"pt-BR","@id":"https:\/\/www.correiobraziliense.com.br\/cbradar\/a-folha-verde-mais-completa-da-natureza-para-fortalecer-a-imunidade-e-limpar-o-organismo\/#primaryimage","url":"https:\/\/www.correiobraziliense.com.br\/cbradar\/wp-content\/uploads\/2025\/03\/couve-planta_1743445190183.jpg","contentUrl":"https:\/\/www.correiobraziliense.com.br\/cbradar\/wp-content\/uploads\/2025\/03\/couve-planta_1743445190183.jpg","width":1280,"height":720,"caption":"Uma das hortali\u00e7as mais utilizadas na alimenta\u00e7\u00e3o brasileira - Cr\u00e9ditos: depositphotos.com \/ mvg68"},{"@type":"BreadcrumbList","@id":"https:\/\/www.correiobraziliense.com.br\/cbradar\/a-folha-verde-mais-completa-da-natureza-para-fortalecer-a-imunidade-e-limpar-o-organismo\/#breadcrumb","itemListElement":[{"@type":"ListItem","position":1,"name":"In\u00edcio","item":"https:\/\/www.correiobraziliense.com.br\/cbradar\/"},{"@type":"ListItem","position":2,"name":"A folha verde mais completa da natureza para fortalecer a imunidade e limpar o organismo"}]},{"@type":"WebSite","@id":"https:\/\/www.correiobraziliense.com.br\/cbradar\/#website","url":"https:\/\/www.correiobraziliense.com.br\/cbradar\/","name":"Correio Braziliense - Radar","description":"Acompanhe as \u00faltimas not\u00edcias e fique bem informado sobre tudo o que acontece no Brasil e no mundo.","potentialAction":[{"@type":"SearchAction","target":{"@type":"EntryPoint","urlTemplate":"https:\/\/www.correiobraziliense.com.br\/cbradar\/?s={search_term_string}"},"query-input":{"@type":"PropertyValueSpecification","valueRequired":true,"valueName":"search_term_string"}}],"inLanguage":"pt-BR"},{"@type":"Person","@id":"https:\/\/www.correiobraziliense.com.br\/cbradar\/#\/schema\/person\/7356666e12ec0ee53f348ee5db227032","name":"Daniely Cardoso","image":{"@type":"ImageObject","inLanguage":"pt-BR","@id":"https:\/\/www.correiobraziliense.com.br\/cbradar\/#\/schema\/person\/image\/","url":"https:\/\/secure.gravatar.com\/avatar\/4b80ddbd124d1f071b626d52d62e5dff?s=96&d=mm&r=g","contentUrl":"https:\/\/secure.gravatar.com\/avatar\/4b80ddbd124d1f071b626d52d62e5dff?s=96&d=mm&r=g","caption":"Daniely Cardoso"},"description":"Redatora nos portais CB Radar e EM Foco, formada pela Universidade Federal de Goi\u00e1s, em Goi\u00e2nia. Apaixonada por comunica\u00e7\u00e3o, arte, decora\u00e7\u00e3o e tend\u00eancias, atuo na produ\u00e7\u00e3o de conte\u00fados envolventes sobre curiosidades, moda, beleza e paisagismo, sempre com um olhar atento \u00e0s novidades do momento.","sameAs":["https:\/\/www.correiobraziliense.com.br\/cbradar"],"url":"https:\/\/www.correiobraziliense.com.br\/cbradar\/author\/danielymyth\/"}]}},"_links":{"self":[{"href":"https:\/\/www.correiobraziliense.com.br\/cbradar\/wp-json\/wp\/v2\/posts\/82472","targetHints":{"allow":["GET"]}}],"collection":[{"href":"https:\/\/www.correiobraziliense.com.br\/cbradar\/wp-json\/wp\/v2\/posts"}],"about":[{"href":"https:\/\/www.correiobraziliense.com.br\/cbradar\/wp-json\/wp\/v2\/types\/post"}],"author":[{"embeddable":true,"href":"https:\/\/www.correiobraziliense.com.br\/cbradar\/wp-json\/wp\/v2\/users\/9"}],"replies":[{"embeddable":true,"href":"https:\/\/www.correiobraziliense.com.br\/cbradar\/wp-json\/wp\/v2\/comments?post=82472"}],"version-history":[{"count":1,"href":"https:\/\/www.correiobraziliense.com.br\/cbradar\/wp-json\/wp\/v2\/posts\/82472\/revisions"}],"predecessor-version":[{"id":82476,"href":"https:\/\/www.correiobraziliense.com.br\/cbradar\/wp-json\/wp\/v2\/posts\/82472\/revisions\/82476"}],"wp:featuredmedia":[{"embeddable":true,"href":"https:\/\/www.correiobraziliense.com.br\/cbradar\/wp-json\/wp\/v2\/media\/17518"}],"wp:attachment":[{"href":"https:\/\/www.correiobraziliense.com.br\/cbradar\/wp-json\/wp\/v2\/media?parent=82472"}],"wp:term":[{"taxonomy":"category","embeddable":true,"href":"https:\/\/www.correiobraziliense.com.br\/cbradar\/wp-json\/wp\/v2\/categories?post=82472"},{"taxonomy":"post_tag","embeddable":true,"href":"https:\/\/www.correiobraziliense.com.br\/cbradar\/wp-json\/wp\/v2\/post_tag?post=82472"}],"curies":[{"name":"wp","href":"https:\/\/api.w.org\/{rel}","templated":true}]}}