{"id":82492,"date":"2025-08-08T18:33:00","date_gmt":"2025-08-08T21:33:00","guid":{"rendered":"https:\/\/www.correiobraziliense.com.br\/cbradar\/?p=82492"},"modified":"2025-08-07T18:09:55","modified_gmt":"2025-08-07T21:09:55","slug":"cidade-carioca-e-modelo-em-qualidade-de-vida-saude-e-infraestrutura","status":"publish","type":"post","link":"https:\/\/www.correiobraziliense.com.br\/cbradar\/cidade-carioca-e-modelo-em-qualidade-de-vida-saude-e-infraestrutura\/","title":{"rendered":"Cidade carioca \u00e9 modelo em qualidade de vida, sa\u00fade e infraestrutura"},"content":{"rendered":"\n<p><a href=\"https:\/\/barramansa.rj.gov.br\/\" target=\"_blank\" rel=\"noreferrer noopener\"><strong>Barra Mansa<\/strong>,<\/a> no <strong>Sul Fluminense<\/strong> de <strong>Rio de Janeiro<\/strong>, <strong>Brasil<\/strong>, a 120 km de <strong>Rio de Janeiro<\/strong> e pr\u00f3xima \u00e0 <strong>Volta Redonda<\/strong> e <strong>Resende<\/strong>, \u00e9 conhecida como \u201c<strong>Cidade das Rosas<\/strong>\u201d. Com economia s\u00f3lida e qualidade de vida elevada, <strong>Barra Mansa<\/strong> \u00e9 ideal para morar. Conhe\u00e7a o que torna esta cidade um destino vibrante.<\/p>\n\n\n\n<ul class=\"wp-block-list\">\n<li>Economia diversificada com ind\u00fastria sider\u00fargica e setor de servi\u00e7os<\/li>\n\n\n\n<li>Qualidade de vida reconhecida no <strong>\u00cdndice de Progresso Social<\/strong><\/li>\n\n\n\n<li>Infraestrutura completa com sa\u00fade, educa\u00e7\u00e3o e mobilidade urbana<\/li>\n<\/ul>\n\n\n\n<h2 class=\"wp-block-heading\">Por que morar em Barra Mansa?<\/h2>\n\n\n\n<p><strong>Barra Mansa<\/strong> possui um <strong>IDH<\/strong> de 0,806, segundo o <strong><strong>Programa das Na\u00e7\u00f5es Unidas para o Desenvolvimento<\/strong><\/strong>, sendo a sexta melhor coloca\u00e7\u00e3o do <strong>Rio de Janeiro<\/strong>. A economia \u00e9 movida pela ind\u00fastria sider\u00fargica, setor de servi\u00e7os e com\u00e9rcio, conforme a <strong>Prefeitura de Barra Mansa<\/strong>.<\/p>\n\n\n\n<p>Com cerca de 181.688 habitantes, segundo o <strong>IBGE<\/strong>, a cidade oferece infraestrutura completa em sa\u00fade e educa\u00e7\u00e3o. A seguran\u00e7a \u00e9 refor\u00e7ada em \u00e1reas residenciais centrais.<\/p>\n\n\n\n<p>O custo de vida \u00e9 mais baixo que na capital, especialmente em moradia. A renda per capita de R$ 13.956,15 est\u00e1 acima da m\u00e9dia nacional.<\/p>\n\n\n\n<p>A cidade destaca-se no <strong>\u00cdndice de Progresso Social<\/strong> de 2025, sendo refer\u00eancia no <strong>Sul Fluminense<\/strong>. A qualidade dos servi\u00e7os p\u00fablicos e a proximidade com grandes centros tornam <strong>Barra Mansa<\/strong> atrativa para fam\u00edlias.<\/p>\n\n\n<div class=\"wp-block-image\">\n<figure class=\"aligncenter size-large\"><img decoding=\"async\" width=\"1024\" height=\"576\" src=\"https:\/\/www.correiobraziliense.com.br\/cbradar\/wp-content\/uploads\/2025\/07\/Edicoes-31-1024x576.png\" alt=\"\" class=\"wp-image-64734\" srcset=\"https:\/\/www.correiobraziliense.com.br\/cbradar\/wp-content\/uploads\/2025\/07\/Edicoes-31-1024x576.png 1024w, https:\/\/www.correiobraziliense.com.br\/cbradar\/wp-content\/uploads\/2025\/07\/Edicoes-31-300x169.png 300w, https:\/\/www.correiobraziliense.com.br\/cbradar\/wp-content\/uploads\/2025\/07\/Edicoes-31-768x432.png 768w, https:\/\/www.correiobraziliense.com.br\/cbradar\/wp-content\/uploads\/2025\/07\/Edicoes-31-750x422.png 750w, https:\/\/www.correiobraziliense.com.br\/cbradar\/wp-content\/uploads\/2025\/07\/Edicoes-31-1140x641.png 1140w, https:\/\/www.correiobraziliense.com.br\/cbradar\/wp-content\/uploads\/2025\/07\/Edicoes-31.png 1280w\" sizes=\"(max-width: 1024px) 100vw, 1024px\" \/><figcaption class=\"wp-element-caption\">Barra Mansa, Rio de Janeiro \/\/ Cr\u00e9ditos: Wikip\u00e9dia<\/figcaption><\/figure><\/div>\n\n\n<h2 class=\"wp-block-heading\">Quais s\u00e3o os melhores bairros para morar em Barra Mansa?<\/h2>\n\n\n\n<ul class=\"wp-block-list\">\n<li>O <strong>Centro<\/strong> \u00e9 vibrante, com com\u00e9rcio diversificado e acesso ao <strong>Parque da Cidade<\/strong>. Ideal para quem busca praticidade e movimento urbano.<\/li>\n\n\n\n<li>O <strong>Boa Sorte<\/strong> oferece tranquilidade residencial com boas op\u00e7\u00f5es de moradia. \u00c9 procurado por fam\u00edlias que valorizam ambiente familiar.<\/li>\n\n\n\n<li>O <strong>Santa Rosa<\/strong> combina resid\u00eancias de qualidade com proximidade aos principais servi\u00e7os. Conta com f\u00e1cil acesso \u00e0s vias principais da cidade.<\/li>\n\n\n\n<li>O <strong>Vila Nova<\/strong> atrai pelo perfil residencial e infraestrutura consolidada. Oferece op\u00e7\u00f5es variadas de im\u00f3veis e proximidade com escolas.<\/li>\n\n\n\n<li>O <strong>Ano Bom<\/strong> destaca-se pela localiza\u00e7\u00e3o estrat\u00e9gica e desenvolvimento imobili\u00e1rio crescente. \u00c9 uma regi\u00e3o em expans\u00e3o com boas perspectivas.<\/li>\n<\/ul>\n\n\n\n<figure class=\"wp-block-embed aligncenter is-type-video is-provider-youtube wp-block-embed-youtube wp-embed-aspect-16-9 wp-has-aspect-ratio\"><div class=\"wp-block-embed__wrapper\">\n<div class=\"jeg_video_container jeg_video_content\"><iframe loading=\"lazy\" title=\"[4K] \ud83c\udde7\ud83c\uddf7 Barra Mansa - by drone \ud83c\udde7\ud83c\uddf7\" width=\"500\" height=\"281\" src=\"https:\/\/www.youtube.com\/embed\/8v4_8n_2kP4?feature=oembed\" frameborder=\"0\" allow=\"accelerometer; autoplay; clipboard-write; encrypted-media; gyroscope; picture-in-picture; web-share\" referrerpolicy=\"strict-origin-when-cross-origin\" allowfullscreen><\/iframe><\/div>\n<\/div><figcaption class=\"wp-element-caption\">Barra Mansa, Rio de Janeiro \/\/ Cr\u00e9ditos: YouTube @ACDrone<\/figcaption><\/figure>\n\n\n\n<h2 class=\"wp-block-heading\">Quais s\u00e3o as principais atra\u00e7\u00f5es tur\u00edsticas de Barra Mansa?<\/h2>\n\n\n\n<p>O <strong>Parque da Cidade<\/strong> encanta com \u00e1rea verde de 23 hectares no cora\u00e7\u00e3o urbano. Oferece trilhas, equipamentos de gin\u00e1stica e espa\u00e7o para eventos familiares, sendo ponto de encontro da comunidade.<\/p>\n\n\n\n<p>A <strong>Igreja do Ros\u00e1rio<\/strong> impressiona pela arquitetura colonial preservada desde o s\u00e9culo XVIII. Representa importante patrim\u00f4nio hist\u00f3rico e religioso, atraindo visitantes interessados na cultura local.<\/p>\n\n\n\n<p>O <strong>Centro Hist\u00f3rico<\/strong> revela constru\u00e7\u00f5es que contam a hist\u00f3ria da coloniza\u00e7\u00e3o fluminense. Casar\u00f5es antigos e com\u00e9rcio tradicional criam ambiente charmoso para caminhadas culturais.<\/p>\n\n\n\n<p>A <strong>Esta\u00e7\u00e3o Ferrovi\u00e1ria<\/strong> preserva a mem\u00f3ria do transporte que impulsionou o desenvolvimento regional. Hoje funciona como centro cultural, mantendo viva a tradi\u00e7\u00e3o ferrovi\u00e1ria da regi\u00e3o.<\/p>\n\n\n\n<p>O <strong>Museu da Fundi\u00e7\u00e3o<\/strong> apresenta a hist\u00f3ria da ind\u00fastria sider\u00fargica local. Exposi\u00e7\u00f5es interativas mostram a evolu\u00e7\u00e3o tecnol\u00f3gica e a import\u00e2ncia econ\u00f4mica do setor para <strong>Barra Mansa<\/strong>.<\/p>\n\n\n\n<ul class=\"wp-block-list\">\n<li><strong>Parque da Cidade<\/strong>: \u00c1rea verde com trilhas e equipamentos de lazer<\/li>\n\n\n\n<li><strong>Igreja do Ros\u00e1rio<\/strong>: Patrim\u00f4nio hist\u00f3rico do s\u00e9culo XVIII<\/li>\n\n\n\n<li><strong>Centro Hist\u00f3rico<\/strong>: Arquitetura colonial preservada<\/li>\n\n\n\n<li><strong>Esta\u00e7\u00e3o Ferrovi\u00e1ria<\/strong>: Centro cultural em pr\u00e9dio hist\u00f3rico<\/li>\n\n\n\n<li><strong>Museu da Fundi\u00e7\u00e3o<\/strong>: Hist\u00f3ria da ind\u00fastria sider\u00fargica local<\/li>\n<\/ul>\n\n\n<div class=\"wp-block-image\">\n<figure class=\"aligncenter size-large\"><img decoding=\"async\" width=\"1024\" height=\"576\" src=\"https:\/\/www.correiobraziliense.com.br\/cbradar\/wp-content\/uploads\/2025\/07\/Edicoes-33-1024x576.png\" alt=\"\" class=\"wp-image-64748\" srcset=\"https:\/\/www.correiobraziliense.com.br\/cbradar\/wp-content\/uploads\/2025\/07\/Edicoes-33-1024x576.png 1024w, https:\/\/www.correiobraziliense.com.br\/cbradar\/wp-content\/uploads\/2025\/07\/Edicoes-33-300x169.png 300w, https:\/\/www.correiobraziliense.com.br\/cbradar\/wp-content\/uploads\/2025\/07\/Edicoes-33-768x432.png 768w, https:\/\/www.correiobraziliense.com.br\/cbradar\/wp-content\/uploads\/2025\/07\/Edicoes-33-750x422.png 750w, https:\/\/www.correiobraziliense.com.br\/cbradar\/wp-content\/uploads\/2025\/07\/Edicoes-33-1140x641.png 1140w, https:\/\/www.correiobraziliense.com.br\/cbradar\/wp-content\/uploads\/2025\/07\/Edicoes-33.png 1280w\" sizes=\"(max-width: 1024px) 100vw, 1024px\" \/><figcaption class=\"wp-element-caption\">Barra Mansa, Rio de Janeiro \/\/ Cr\u00e9ditos: YouTube @ACDrone<\/figcaption><\/figure><\/div>\n\n\n<h2 class=\"wp-block-heading\">Como \u00e9 a vida cultural em Barra Mansa?<\/h2>\n\n\n\n<p><strong>Barra Mansa<\/strong> vibra com o <strong>Festival de Inverno<\/strong>, que re\u00fane m\u00fasica, teatro e gastronomia no centro da cidade. As apresenta\u00e7\u00f5es acontecem em diversos pontos hist\u00f3ricos durante julho.<\/p>\n\n\n\n<p>As feiras no <strong>Centro<\/strong> oferecem artesanato local e comida t\u00edpica fluminense. A <strong>Feira da Torre<\/strong> \u00e9 tradicional encontro aos s\u00e1bados, com produtos regionais.<\/p>\n\n\n\n<p>A gastronomia destaca pratos da culin\u00e1ria mineira e fluminense. Restaurantes no <strong>Centro<\/strong> servem especialidades como tutu de feij\u00e3o e peixe de \u00e1gua doce.<\/p>\n\n\n<div class=\"wp-block-image\">\n<figure class=\"aligncenter size-large\"><img decoding=\"async\" width=\"1024\" height=\"576\" src=\"https:\/\/www.correiobraziliense.com.br\/cbradar\/wp-content\/uploads\/2025\/08\/Edicoes-2025-08-07T180352.922-1024x576.png\" alt=\"Cidade carioca \u00e9 modelo em qualidade de vida, sa\u00fade e infraestrutura\" class=\"wp-image-82775\" srcset=\"https:\/\/www.correiobraziliense.com.br\/cbradar\/wp-content\/uploads\/2025\/08\/Edicoes-2025-08-07T180352.922-1024x576.png 1024w, https:\/\/www.correiobraziliense.com.br\/cbradar\/wp-content\/uploads\/2025\/08\/Edicoes-2025-08-07T180352.922-300x169.png 300w, https:\/\/www.correiobraziliense.com.br\/cbradar\/wp-content\/uploads\/2025\/08\/Edicoes-2025-08-07T180352.922-768x432.png 768w, https:\/\/www.correiobraziliense.com.br\/cbradar\/wp-content\/uploads\/2025\/08\/Edicoes-2025-08-07T180352.922-750x422.png 750w, https:\/\/www.correiobraziliense.com.br\/cbradar\/wp-content\/uploads\/2025\/08\/Edicoes-2025-08-07T180352.922-1140x641.png 1140w, https:\/\/www.correiobraziliense.com.br\/cbradar\/wp-content\/uploads\/2025\/08\/Edicoes-2025-08-07T180352.922.png 1280w\" sizes=\"(max-width: 1024px) 100vw, 1024px\" \/><figcaption class=\"wp-element-caption\">Barra Mansa, Rio de Janeiro \/\/ Cr\u00e9ditos: YouTube @ACDrone<\/figcaption><\/figure><\/div>\n\n\n<h2 class=\"wp-block-heading\">Por que Barra Mansa \u00e9 refer\u00eancia em desenvolvimento social?<\/h2>\n\n\n\n<p><strong>Barra Mansa<\/strong> \u00e9 reconhecida pelo destaque no <strong>\u00cdndice de Progresso Social<\/strong> de 2025, segundo a <strong>Prefeitura de Barra Mansa<\/strong>. A cidade lidera no <strong>Sul Fluminense<\/strong> em indicadores de sa\u00fade, educa\u00e7\u00e3o e seguran\u00e7a.<\/p>\n\n\n\n<p>Os investimentos em infraestrutura urbana e programas sociais elevaram a qualidade de vida. Iniciativas em habita\u00e7\u00e3o popular e mobilidade urbana s\u00e3o refer\u00eancia regional.<\/p>\n\n\n\n<p>A gest\u00e3o municipal focada em resultados sociais posicionou <strong>Barra Mansa<\/strong> como modelo. Parcerias com institui\u00e7\u00f5es educacionais fortalecem o desenvolvimento humano sustent\u00e1vel.<\/p>\n\n\n\n<h2 class=\"wp-block-heading\">A origem do nome Cidade das Rosas<\/h2>\n\n\n\n<p><strong>Barra Mansa<\/strong> ganhou o apelido &#8220;<strong>Cidade das Rosas<\/strong>&#8221; pela tradi\u00e7\u00e3o no cultivo ornamental desde o in\u00edcio do s\u00e9culo XX. Jardins residenciais e pra\u00e7as p\u00fablicas exibem variedades de rosas que colorem a paisagem urbana.<\/p>\n\n\n\n<p>A <strong>Festa das Rosas<\/strong> celebra anualmente essa caracter\u00edstica marcante da cidade. O evento re\u00fane exposi\u00e7\u00f5es de jardinagem, concursos de cultivo e atividades educativas sobre horticultura.<\/p>\n\n\n\n<p>A tradi\u00e7\u00e3o das rosas conecta-se \u00e0 heran\u00e7a cultural dos imigrantes europeus. Fam\u00edlias alem\u00e3s e italianas trouxeram t\u00e9cnicas de cultivo que se adaptaram ao clima local.<\/p>\n\n\n<div class=\"wp-block-image\">\n<figure class=\"aligncenter size-large\"><img decoding=\"async\" width=\"1024\" height=\"576\" src=\"https:\/\/www.correiobraziliense.com.br\/cbradar\/wp-content\/uploads\/2025\/08\/Edicoes-2025-08-07T180441.946-1024x576.png\" alt=\"Cidade carioca \u00e9 modelo em qualidade de vida, sa\u00fade e infraestrutura\" class=\"wp-image-82774\" srcset=\"https:\/\/www.correiobraziliense.com.br\/cbradar\/wp-content\/uploads\/2025\/08\/Edicoes-2025-08-07T180441.946-1024x576.png 1024w, https:\/\/www.correiobraziliense.com.br\/cbradar\/wp-content\/uploads\/2025\/08\/Edicoes-2025-08-07T180441.946-300x169.png 300w, https:\/\/www.correiobraziliense.com.br\/cbradar\/wp-content\/uploads\/2025\/08\/Edicoes-2025-08-07T180441.946-768x432.png 768w, https:\/\/www.correiobraziliense.com.br\/cbradar\/wp-content\/uploads\/2025\/08\/Edicoes-2025-08-07T180441.946-750x422.png 750w, https:\/\/www.correiobraziliense.com.br\/cbradar\/wp-content\/uploads\/2025\/08\/Edicoes-2025-08-07T180441.946-1140x641.png 1140w, https:\/\/www.correiobraziliense.com.br\/cbradar\/wp-content\/uploads\/2025\/08\/Edicoes-2025-08-07T180441.946.png 1280w\" sizes=\"(max-width: 1024px) 100vw, 1024px\" \/><figcaption class=\"wp-element-caption\">Barra Mansa, Rio de Janeiro \/\/ Cr\u00e9ditos: YouTube @ACDrone<\/figcaption><\/figure><\/div>\n\n\n<h2 class=\"wp-block-heading\">Melhor \u00e9poca para visitar Barra Mansa?<\/h2>\n\n\n\n<p>Entre <strong>maio<\/strong> e <strong>setembro<\/strong>, <strong>Barra Mansa<\/strong> tem temperaturas entre 15\u00b0C e 25\u00b0C, segundo o <strong>Climatempo<\/strong>. O inverno seco \u00e9 ideal para caminhadas no <strong>Centro Hist\u00f3rico<\/strong> e <strong>Parque da Cidade<\/strong>.<\/p>\n\n\n\n<p><strong>Julho<\/strong> concentra o <strong>Festival de Inverno<\/strong> e a \u00e9poca de flora\u00e7\u00e3o das rosas. As manh\u00e3s frescas favorecem atividades ao ar livre e visita\u00e7\u00e3o aos pontos tur\u00edsticos.<\/p>\n\n\n\n<p><strong>Setembro<\/strong> marca o in\u00edcio da primavera com clima agrad\u00e1vel para turismo. As chuvas ocasionais refrescam o ambiente sem prejudicar os passeios urbanos.<\/p>\n\n\n\n<p>O per\u00edodo de <strong>dezembro<\/strong> a <strong>fevereiro<\/strong> registra temperaturas mais altas e chuvas frequentes. Mesmo assim, a programa\u00e7\u00e3o cultural se mant\u00e9m ativa nos espa\u00e7os cobertos.<\/p>\n\n\n\n<p><strong>Leia tamb\u00e9m: <a href=\"https:\/\/www.correiobraziliense.com.br\/cbradar\/cidade-com-apenas-4-mil-habitantes-lidera-em-qualidade-de-vida-no-brasil\/\" target=\"_blank\" rel=\"noreferrer noopener\">Cidade com apenas 4 mil habitantes lidera em qualidade de vida no Brasil<\/a>.<\/strong><\/p>\n\n\n\n<h2 class=\"wp-block-heading\">Vivencie Barra Mansa<\/h2>\n\n\n\n<p><strong>Barra Mansa<\/strong> une desenvolvimento econ\u00f4mico, qualidade de vida e rica hist\u00f3ria no <strong>Sul Fluminense<\/strong>. Do <strong>Parque da Cidade<\/strong> ao <strong>Festival de Inverno<\/strong>, \u00e9 um destino acolhedor para fam\u00edlias. Planeje sua mudan\u00e7a para viver o charme e as oportunidades de <strong>Barra Mansa<\/strong>.<\/p>\n\n\n\n<ul class=\"wp-block-list\">\n<li>Economia s\u00f3lida com ind\u00fastria e servi\u00e7os diversificados<\/li>\n\n\n\n<li>Qualidade de vida reconhecida em rankings nacionais<\/li>\n\n\n\n<li>Patrim\u00f4nio hist\u00f3rico preservado e vida cultural ativa<\/li>\n<\/ul>\n","protected":false},"excerpt":{"rendered":"<p>Barra Mansa, no Sul Fluminense de Rio de Janeiro, Brasil, a 120 km de Rio de Janeiro e pr\u00f3xima \u00e0 Volta Redonda e Resende, \u00e9 conhecida como \u201cCidade das Rosas\u201d. Com economia s\u00f3lida e qualidade de vida elevada, Barra Mansa \u00e9 ideal para morar. Conhe\u00e7a o que torna esta cidade um destino vibrante. Por que [&hellip;]<\/p>\n","protected":false},"author":8,"featured_media":64732,"comment_status":"open","ping_status":"open","sticky":false,"template":"","format":"standard","meta":{"_yoast_wpseo_focuskw":"cidade","_yoast_wpseo_title":"","_yoast_wpseo_metadesc":"Com alto IDH e excelente estrutura de sa\u00fade, essa cidade do RJ se destaca como uma das melhores para viver no Brasil.","jnews-multi-image_gallery":[],"jnews_single_post":{"format":"standard"},"jnews_primary_category":[],"jnews_social_meta":[],"jnews_override_counter":[],"footnotes":""},"categories":[108,111],"tags":[9133,247,304,1318],"class_list":["post-82492","post","type-post","status-publish","format-standard","has-post-thumbnail","hentry","category-cidades","category-turismo","tag-barra-da-mansa","tag-qualidade-de-vida","tag-rio-de-janeiro","tag-saude-2"],"yoast_head":"<!-- This site is optimized with the Yoast SEO plugin v24.6 - https:\/\/yoast.com\/wordpress\/plugins\/seo\/ -->\n<title>Cidade carioca \u00e9 modelo em qualidade de vida, sa\u00fade e infraestrutura - Correio Braziliense - Radar<\/title>\n<meta name=\"description\" content=\"Com alto IDH e excelente estrutura de sa\u00fade, essa cidade do RJ se destaca como uma das melhores para viver no Brasil.\" \/>\n<meta name=\"robots\" content=\"index, follow, max-snippet:-1, max-image-preview:large, max-video-preview:-1\" \/>\n<link rel=\"canonical\" href=\"https:\/\/www.correiobraziliense.com.br\/cbradar\/cidade-carioca-e-modelo-em-qualidade-de-vida-saude-e-infraestrutura\/\" \/>\n<meta property=\"og:locale\" content=\"pt_BR\" \/>\n<meta property=\"og:type\" content=\"article\" \/>\n<meta property=\"og:title\" content=\"Cidade carioca \u00e9 modelo em qualidade de vida, sa\u00fade e infraestrutura - Correio Braziliense - Radar\" \/>\n<meta property=\"og:description\" content=\"Com alto IDH e excelente estrutura de sa\u00fade, essa cidade do RJ se destaca como uma das melhores para viver no Brasil.\" \/>\n<meta property=\"og:url\" content=\"https:\/\/www.correiobraziliense.com.br\/cbradar\/cidade-carioca-e-modelo-em-qualidade-de-vida-saude-e-infraestrutura\/\" \/>\n<meta property=\"og:site_name\" content=\"Correio Braziliense - Radar\" \/>\n<meta property=\"article:published_time\" content=\"2025-08-08T21:33:00+00:00\" \/>\n<meta property=\"og:image\" content=\"https:\/\/www.correiobraziliense.com.br\/cbradar\/wp-content\/uploads\/2025\/07\/Edicoes-32.png\" \/>\n\t<meta property=\"og:image:width\" content=\"1280\" \/>\n\t<meta property=\"og:image:height\" content=\"720\" \/>\n\t<meta property=\"og:image:type\" content=\"image\/png\" \/>\n<meta name=\"author\" content=\"Maura Pereira\" \/>\n<meta name=\"twitter:card\" content=\"summary_large_image\" \/>\n<meta name=\"twitter:label1\" content=\"Escrito por\" \/>\n\t<meta name=\"twitter:data1\" content=\"Maura Pereira\" \/>\n\t<meta name=\"twitter:label2\" content=\"Est. tempo de leitura\" \/>\n\t<meta name=\"twitter:data2\" content=\"7 minutos\" \/>\n<!-- \/ Yoast SEO plugin. -->","yoast_head_json":{"title":"Cidade carioca \u00e9 modelo em qualidade de vida, sa\u00fade e infraestrutura - Correio Braziliense - Radar","description":"Com alto IDH e excelente estrutura de sa\u00fade, essa cidade do RJ se destaca como uma das melhores para viver no Brasil.","robots":{"index":"index","follow":"follow","max-snippet":"max-snippet:-1","max-image-preview":"max-image-preview:large","max-video-preview":"max-video-preview:-1"},"canonical":"https:\/\/www.correiobraziliense.com.br\/cbradar\/cidade-carioca-e-modelo-em-qualidade-de-vida-saude-e-infraestrutura\/","og_locale":"pt_BR","og_type":"article","og_title":"Cidade carioca \u00e9 modelo em qualidade de vida, sa\u00fade e infraestrutura - Correio Braziliense - Radar","og_description":"Com alto IDH e excelente estrutura de sa\u00fade, essa cidade do RJ se destaca como uma das melhores para viver no Brasil.","og_url":"https:\/\/www.correiobraziliense.com.br\/cbradar\/cidade-carioca-e-modelo-em-qualidade-de-vida-saude-e-infraestrutura\/","og_site_name":"Correio Braziliense - Radar","article_published_time":"2025-08-08T21:33:00+00:00","og_image":[{"width":1280,"height":720,"url":"https:\/\/www.correiobraziliense.com.br\/cbradar\/wp-content\/uploads\/2025\/07\/Edicoes-32.png","type":"image\/png"}],"author":"Maura Pereira","twitter_card":"summary_large_image","twitter_misc":{"Escrito por":"Maura Pereira","Est. tempo de leitura":"7 minutos"},"schema":{"@context":"https:\/\/schema.org","@graph":[{"@type":"WebPage","@id":"https:\/\/www.correiobraziliense.com.br\/cbradar\/cidade-carioca-e-modelo-em-qualidade-de-vida-saude-e-infraestrutura\/","url":"https:\/\/www.correiobraziliense.com.br\/cbradar\/cidade-carioca-e-modelo-em-qualidade-de-vida-saude-e-infraestrutura\/","name":"Cidade carioca \u00e9 modelo em qualidade de vida, sa\u00fade e infraestrutura - Correio Braziliense - Radar","isPartOf":{"@id":"https:\/\/www.correiobraziliense.com.br\/cbradar\/#website"},"primaryImageOfPage":{"@id":"https:\/\/www.correiobraziliense.com.br\/cbradar\/cidade-carioca-e-modelo-em-qualidade-de-vida-saude-e-infraestrutura\/#primaryimage"},"image":{"@id":"https:\/\/www.correiobraziliense.com.br\/cbradar\/cidade-carioca-e-modelo-em-qualidade-de-vida-saude-e-infraestrutura\/#primaryimage"},"thumbnailUrl":"https:\/\/www.correiobraziliense.com.br\/cbradar\/wp-content\/uploads\/2025\/07\/Edicoes-32.png","datePublished":"2025-08-08T21:33:00+00:00","author":{"@id":"https:\/\/www.correiobraziliense.com.br\/cbradar\/#\/schema\/person\/4053c651a9bfc785afc6f4cbc9032fd3"},"description":"Com alto IDH e excelente estrutura de sa\u00fade, essa cidade do RJ se destaca como uma das melhores para viver no Brasil.","breadcrumb":{"@id":"https:\/\/www.correiobraziliense.com.br\/cbradar\/cidade-carioca-e-modelo-em-qualidade-de-vida-saude-e-infraestrutura\/#breadcrumb"},"inLanguage":"pt-BR","potentialAction":[{"@type":"ReadAction","target":["https:\/\/www.correiobraziliense.com.br\/cbradar\/cidade-carioca-e-modelo-em-qualidade-de-vida-saude-e-infraestrutura\/"]}]},{"@type":"ImageObject","inLanguage":"pt-BR","@id":"https:\/\/www.correiobraziliense.com.br\/cbradar\/cidade-carioca-e-modelo-em-qualidade-de-vida-saude-e-infraestrutura\/#primaryimage","url":"https:\/\/www.correiobraziliense.com.br\/cbradar\/wp-content\/uploads\/2025\/07\/Edicoes-32.png","contentUrl":"https:\/\/www.correiobraziliense.com.br\/cbradar\/wp-content\/uploads\/2025\/07\/Edicoes-32.png","width":1280,"height":720,"caption":"Barra Mansa \u00e9 um munic\u00edpio no sul do Rio de Janeiro, com 169 mil habitantes, forte em com\u00e9rcio e ind\u00fastria. \/\/ Cr\u00e9ditos: Wikip\u00e9dia"},{"@type":"BreadcrumbList","@id":"https:\/\/www.correiobraziliense.com.br\/cbradar\/cidade-carioca-e-modelo-em-qualidade-de-vida-saude-e-infraestrutura\/#breadcrumb","itemListElement":[{"@type":"ListItem","position":1,"name":"In\u00edcio","item":"https:\/\/www.correiobraziliense.com.br\/cbradar\/"},{"@type":"ListItem","position":2,"name":"Cidade carioca \u00e9 modelo em qualidade de vida, sa\u00fade e infraestrutura"}]},{"@type":"WebSite","@id":"https:\/\/www.correiobraziliense.com.br\/cbradar\/#website","url":"https:\/\/www.correiobraziliense.com.br\/cbradar\/","name":"Correio Braziliense - Radar","description":"Acompanhe as \u00faltimas not\u00edcias e fique bem informado sobre tudo o que acontece no Brasil e no mundo.","potentialAction":[{"@type":"SearchAction","target":{"@type":"EntryPoint","urlTemplate":"https:\/\/www.correiobraziliense.com.br\/cbradar\/?s={search_term_string}"},"query-input":{"@type":"PropertyValueSpecification","valueRequired":true,"valueName":"search_term_string"}}],"inLanguage":"pt-BR"},{"@type":"Person","@id":"https:\/\/www.correiobraziliense.com.br\/cbradar\/#\/schema\/person\/4053c651a9bfc785afc6f4cbc9032fd3","name":"Maura Pereira","image":{"@type":"ImageObject","inLanguage":"pt-BR","@id":"https:\/\/www.correiobraziliense.com.br\/cbradar\/#\/schema\/person\/image\/","url":"https:\/\/secure.gravatar.com\/avatar\/3effd6bdadfa447f15089c7f7144eaa6?s=96&d=mm&r=g","contentUrl":"https:\/\/secure.gravatar.com\/avatar\/3effd6bdadfa447f15089c7f7144eaa6?s=96&d=mm&r=g","caption":"Maura Pereira"},"sameAs":["https:\/\/www.correiobraziliense.com.br\/"],"url":"https:\/\/www.correiobraziliense.com.br\/cbradar\/author\/mauramyth\/"}]}},"_links":{"self":[{"href":"https:\/\/www.correiobraziliense.com.br\/cbradar\/wp-json\/wp\/v2\/posts\/82492","targetHints":{"allow":["GET"]}}],"collection":[{"href":"https:\/\/www.correiobraziliense.com.br\/cbradar\/wp-json\/wp\/v2\/posts"}],"about":[{"href":"https:\/\/www.correiobraziliense.com.br\/cbradar\/wp-json\/wp\/v2\/types\/post"}],"author":[{"embeddable":true,"href":"https:\/\/www.correiobraziliense.com.br\/cbradar\/wp-json\/wp\/v2\/users\/8"}],"replies":[{"embeddable":true,"href":"https:\/\/www.correiobraziliense.com.br\/cbradar\/wp-json\/wp\/v2\/comments?post=82492"}],"version-history":[{"count":18,"href":"https:\/\/www.correiobraziliense.com.br\/cbradar\/wp-json\/wp\/v2\/posts\/82492\/revisions"}],"predecessor-version":[{"id":82786,"href":"https:\/\/www.correiobraziliense.com.br\/cbradar\/wp-json\/wp\/v2\/posts\/82492\/revisions\/82786"}],"wp:featuredmedia":[{"embeddable":true,"href":"https:\/\/www.correiobraziliense.com.br\/cbradar\/wp-json\/wp\/v2\/media\/64732"}],"wp:attachment":[{"href":"https:\/\/www.correiobraziliense.com.br\/cbradar\/wp-json\/wp\/v2\/media?parent=82492"}],"wp:term":[{"taxonomy":"category","embeddable":true,"href":"https:\/\/www.correiobraziliense.com.br\/cbradar\/wp-json\/wp\/v2\/categories?post=82492"},{"taxonomy":"post_tag","embeddable":true,"href":"https:\/\/www.correiobraziliense.com.br\/cbradar\/wp-json\/wp\/v2\/tags?post=82492"}],"curies":[{"name":"wp","href":"https:\/\/api.w.org\/{rel}","templated":true}]}}