{"id":82871,"date":"2025-08-09T21:43:00","date_gmt":"2025-08-10T00:43:00","guid":{"rendered":"https:\/\/www.correiobraziliense.com.br\/cbradar\/?p=82871"},"modified":"2025-08-08T18:49:39","modified_gmt":"2025-08-08T21:49:39","slug":"a-cidade-brasileira-do-dedo-de-deus-e-um-espetaculo-natural","status":"publish","type":"post","link":"https:\/\/www.correiobraziliense.com.br\/cbradar\/a-cidade-brasileira-do-dedo-de-deus-e-um-espetaculo-natural\/","title":{"rendered":"A cidade brasileira do &#8220;Dedo de Deus&#8221; \u00e9 um espet\u00e1culo natural"},"content":{"rendered":"\n<p><strong><a href=\"https:\/\/www.teresopolis.rj.gov.br\/\" target=\"_blank\" rel=\"noreferrer noopener\">Teres\u00f3polis<\/a><\/strong>, na regi\u00e3o serrana do <strong>Rio de Janeiro<\/strong>, <strong>Brasil<\/strong>, a 96 km da capital <strong>Rio de Janeiro<\/strong> e pr\u00f3xima \u00e0 <strong>Nova Friburgo<\/strong> e <strong>Petr\u00f3polis<\/strong>, \u00e9 conhecida como \u201c<strong>Cidade do Dedo de Deus<\/strong>\u201d. Com paisagens montanhosas deslumbrantes e clima ameno, <strong>Teres\u00f3polis<\/strong> \u00e9 ideal para visitar. Conhe\u00e7a o que torna esta cidade um destino encantador.<\/p>\n\n\n\n<ul class=\"wp-block-list\">\n<li>Natureza exuberante com trilhas e montanhas na <strong>Serra dos \u00d3rg\u00e3os<\/strong>.<\/li>\n\n\n\n<li>Clima ameno e agrad\u00e1vel durante todo o ano.<\/li>\n\n\n\n<li>Rica oferta tur\u00edstica com atra\u00e7\u00f5es hist\u00f3ricas e naturais.<\/li>\n<\/ul>\n\n\n\n<h2 class=\"wp-block-heading\">Quais s\u00e3o as principais atra\u00e7\u00f5es tur\u00edsticas de Teres\u00f3polis?<\/h2>\n\n\n\n<p>O <strong>Parque Nacional da Serra dos \u00d3rg\u00e3os<\/strong> \u00e9 o cart\u00e3o-postal da cidade, oferecendo trilhas espetaculares e vistas panor\u00e2micas do famoso <strong>Dedo de Deus<\/strong>. Com mais de 20 trilhas, \u00e9 considerado um dos melhores parques para montanhismo do <strong>Brasil<\/strong>, segundo o <strong>Melhores Destinos<\/strong>. As trilhas variam de n\u00edveis iniciante a avan\u00e7ado, atendendo todos os perfis de visitantes.<\/p>\n\n\n\n<p>A <strong>Pedra do Sino<\/strong> desafia montanhistas experientes com seus 2.263 metros de altitude. \u00c9 uma das trilhas mais procuradas do parque, oferecendo vistas espetaculares da regi\u00e3o serrana. O percurso demanda preparo f\u00edsico e equipamentos adequados, mas recompensa com paisagens inesquec\u00edveis.<\/p>\n\n\n\n<p>O <strong>Centro Hist\u00f3rico<\/strong> preserva a arquitetura colonial e abriga casar\u00f5es centen\u00e1rios. A <strong>Igreja de Santa Teresa<\/strong> e o <strong>Mercado Municipal<\/strong> s\u00e3o pontos imperd\u00edveis para conhecer a hist\u00f3ria local. As ruas de paralelep\u00edpedo contam a trajet\u00f3ria da imigra\u00e7\u00e3o alem\u00e3 e su\u00ed\u00e7a na regi\u00e3o.<\/p>\n\n\n\n<p>A <strong>Granja Comary<\/strong>, centro de treinamento da <strong>Sele\u00e7\u00e3o Brasileira de Futebol<\/strong>, atrai visitantes do mundo inteiro. O local oferece visitas guiadas onde \u00e9 poss\u00edvel conhecer os campos onde grandes craques se prepararam para copas do mundo. \u00c9 um destino obrigat\u00f3rio para os amantes do futebol.<\/p>\n\n\n\n<p>A <strong>Feira do Alto<\/strong> acontece nos fins de semana e oferece produtos artesanais, flores e gastronomia t\u00edpica da regi\u00e3o. O ambiente familiar e acolhedor torna o passeio ainda mais especial. Os visitantes podem degustar quitutes locais enquanto apreciam o artesanato regional.<\/p>\n\n\n\n<ul class=\"wp-block-list\">\n<li><strong>Parque Nacional da Serra dos \u00d3rg\u00e3os<\/strong>: Trilhas e montanhismo de classe mundial.<\/li>\n\n\n\n<li><strong>Pedra do Sino<\/strong>: Pico com vista panor\u00e2mica a 2.263 metros.<\/li>\n\n\n\n<li><strong>Centro Hist\u00f3rico<\/strong>: Arquitetura colonial preservada.<\/li>\n\n\n\n<li><strong>Granja Comary<\/strong>: Centro de treinamento da sele\u00e7\u00e3o brasileira.<\/li>\n\n\n\n<li><strong>Feira do Alto<\/strong>: Artesanato e gastronomia regional.<\/li>\n<\/ul>\n\n\n<div class=\"wp-block-image\">\n<figure class=\"aligncenter size-large\"><img decoding=\"async\" width=\"1024\" height=\"576\" src=\"https:\/\/www.correiobraziliense.com.br\/cbradar\/wp-content\/uploads\/2025\/08\/Edicoes-2025-08-08T184248.545-1-1024x576.png\" alt=\"\" class=\"wp-image-83275\" srcset=\"https:\/\/www.correiobraziliense.com.br\/cbradar\/wp-content\/uploads\/2025\/08\/Edicoes-2025-08-08T184248.545-1-1024x576.png 1024w, https:\/\/www.correiobraziliense.com.br\/cbradar\/wp-content\/uploads\/2025\/08\/Edicoes-2025-08-08T184248.545-1-300x169.png 300w, https:\/\/www.correiobraziliense.com.br\/cbradar\/wp-content\/uploads\/2025\/08\/Edicoes-2025-08-08T184248.545-1-768x432.png 768w, https:\/\/www.correiobraziliense.com.br\/cbradar\/wp-content\/uploads\/2025\/08\/Edicoes-2025-08-08T184248.545-1-750x422.png 750w, https:\/\/www.correiobraziliense.com.br\/cbradar\/wp-content\/uploads\/2025\/08\/Edicoes-2025-08-08T184248.545-1-1140x641.png 1140w, https:\/\/www.correiobraziliense.com.br\/cbradar\/wp-content\/uploads\/2025\/08\/Edicoes-2025-08-08T184248.545-1.png 1280w\" sizes=\"(max-width: 1024px) 100vw, 1024px\" \/><figcaption class=\"wp-element-caption\">Teres\u00f3polis \/\/ Cr\u00e9ditos: YouTube @NanauSolMaior<\/figcaption><\/figure><\/div>\n\n\n<h2 class=\"wp-block-heading\">Como \u00e9 a vida cultural em Teres\u00f3polis?<\/h2>\n\n\n\n<p><strong>Teres\u00f3polis<\/strong> vibra com o <strong>Festival de Inverno<\/strong>, que re\u00fane m\u00fasica cl\u00e1ssica, jazz e MPB em cen\u00e1rios \u00fanicos da serra. O evento atrai artistas renomados e milhares de visitantes anualmente. Os concertos acontecem em locais hist\u00f3ricos e ao ar livre, criando uma atmosfera m\u00e1gica.<\/p>\n\n\n\n<p>A gastronomia local mescla influ\u00eancias alem\u00e3, su\u00ed\u00e7a e brasileira. Restaurantes especializados em fondues e pratos da culin\u00e1ria europeia se destacam no <strong>Alto<\/strong>. A <strong>Rua Tenente Luiz Meirelles<\/strong> concentra os melhores estabelecimentos gastron\u00f4micos da cidade.<\/p>\n\n\n\n<p>As tradi\u00e7\u00f5es culturais incluem festivais de m\u00fasica, exposi\u00e7\u00f5es de arte e eventos gastron\u00f4micos. O <strong>Pal\u00e1cio Teresa<\/strong>, sede da prefeitura, frequentemente recebe mostras culturais. A cidade tamb\u00e9m \u00e9 conhecida pela produ\u00e7\u00e3o de flores e hortali\u00e7as, celebrada em eventos sazonais.<\/p>\n\n\n\n<figure class=\"wp-block-embed aligncenter is-type-video is-provider-youtube wp-block-embed-youtube wp-embed-aspect-16-9 wp-has-aspect-ratio\"><div class=\"wp-block-embed__wrapper\">\n<div class=\"jeg_video_container jeg_video_content\"><iframe loading=\"lazy\" title=\"TERES\u00d3POLIS VISTO DE CIMA 02- 4K  (Comari -Dedo de Deus - Soberbo)\" width=\"500\" height=\"281\" src=\"https:\/\/www.youtube.com\/embed\/iOvEvl_8q0s?feature=oembed\" frameborder=\"0\" allow=\"accelerometer; autoplay; clipboard-write; encrypted-media; gyroscope; picture-in-picture; web-share\" referrerpolicy=\"strict-origin-when-cross-origin\" allowfullscreen><\/iframe><\/div>\n<\/div><figcaption class=\"wp-element-caption\">Teres\u00f3polis \/\/ Cr\u00e9ditos: YouTube @NanauSolMaior<br><\/figcaption><\/figure>\n\n\n\n<h2 class=\"wp-block-heading\">Por que Teres\u00f3polis \u00e9 refer\u00eancia em turismo de montanha?<\/h2>\n\n\n\n<p><strong>Teres\u00f3polis<\/strong> \u00e9 considerada a capital brasileira do montanhismo, segundo a <strong>Secretaria de Turismo do Rio de Janeiro<\/strong>. A cidade oferece infraestrutura completa para praticantes de esportes de aventura e montanhismo. Guias especializados e lojas de equipamentos atendem desde iniciantes at\u00e9 alpinistas experientes.<\/p>\n\n\n\n<p>A localiza\u00e7\u00e3o estrat\u00e9gica no <strong>Parque Nacional da Serra dos \u00d3rg\u00e3os<\/strong> proporciona acesso a mais de 200 quil\u00f4metros de trilhas. As rotas variam desde caminhadas leves at\u00e9 escaladas t\u00e9cnicas desafiadoras. O clima ameno e a altitude favorecem a pr\u00e1tica de atividades ao ar livre durante todo o ano.<\/p>\n\n\n\n<p>A cidade desenvolveu um cluster de turismo de aventura com pousadas especializadas, restaurantes e servi\u00e7os voltados para montanhistas. Essa especializa\u00e7\u00e3o fez de <strong>Teres\u00f3polis<\/strong> refer\u00eancia nacional e internacional no segmento, atraindo visitantes de diversos pa\u00edses.<\/p>\n\n\n<div class=\"wp-block-image\">\n<figure class=\"aligncenter size-large\"><img decoding=\"async\" width=\"1024\" height=\"576\" src=\"https:\/\/www.correiobraziliense.com.br\/cbradar\/wp-content\/uploads\/2025\/06\/Teresopolis_1748893354542-1024x576.jpg\" alt=\"\" class=\"wp-image-47124\" srcset=\"https:\/\/www.correiobraziliense.com.br\/cbradar\/wp-content\/uploads\/2025\/06\/Teresopolis_1748893354542-1024x576.jpg 1024w, https:\/\/www.correiobraziliense.com.br\/cbradar\/wp-content\/uploads\/2025\/06\/Teresopolis_1748893354542-300x169.jpg 300w, https:\/\/www.correiobraziliense.com.br\/cbradar\/wp-content\/uploads\/2025\/06\/Teresopolis_1748893354542-768x432.jpg 768w, https:\/\/www.correiobraziliense.com.br\/cbradar\/wp-content\/uploads\/2025\/06\/Teresopolis_1748893354542-750x422.jpg 750w, https:\/\/www.correiobraziliense.com.br\/cbradar\/wp-content\/uploads\/2025\/06\/Teresopolis_1748893354542-1140x641.jpg 1140w, https:\/\/www.correiobraziliense.com.br\/cbradar\/wp-content\/uploads\/2025\/06\/Teresopolis_1748893354542.jpg 1280w\" sizes=\"(max-width: 1024px) 100vw, 1024px\" \/><figcaption class=\"wp-element-caption\">Teres\u00f3polis \/\/ Cr\u00e9ditos: depositphotos.com \/ Ranimiro<\/figcaption><\/figure><\/div>\n\n\n<h2 class=\"wp-block-heading\">A lenda do Dedo de Deus<\/h2>\n\n\n\n<p><strong>Teres\u00f3polis<\/strong> ganhou fama mundial atrav\u00e9s da forma\u00e7\u00e3o rochosa conhecida como <strong>Dedo de Deus<\/strong>, que se tornou s\u00edmbolo da cidade. A lenda ind\u00edgena conta que o dedo representa a marca deixada por <strong>Tup\u00e3<\/strong>, o deus supremo, ao tocar a terra. A forma\u00e7\u00e3o rochosa de 1.692 metros de altura \u00e9 vis\u00edvel de diversos pontos da cidade.<\/p>\n\n\n\n<p>O <strong>Dedo de Deus<\/strong> foi tema de poemas, pinturas e fotografias ao longo dos s\u00e9culos. Artistas famosos como <strong>Debret<\/strong> e <strong>Rugendas<\/strong> retrataram a majestosa forma\u00e7\u00e3o em suas obras. Hoje, \u00e9 uma das paisagens mais fotografadas do <strong>Brasil<\/strong> e s\u00edmbolo do estado do <strong>Rio de Janeiro<\/strong>.<\/p>\n\n\n\n<p>A primeira escalada documentada do <strong>Dedo de Deus<\/strong> aconteceu em 1912, marcando o in\u00edcio do montanhismo moderno no <strong>Brasil<\/strong>. Desde ent\u00e3o, a forma\u00e7\u00e3o atrai escaladores do mundo inteiro em busca do desafio de conquistar seu cume estreito e t\u00e9cnico.<\/p>\n\n\n\n<figure class=\"wp-block-embed aligncenter is-type-video is-provider-youtube wp-block-embed-youtube wp-embed-aspect-16-9 wp-has-aspect-ratio\"><div class=\"wp-block-embed__wrapper\">\n<div class=\"jeg_video_container jeg_video_content\"><iframe loading=\"lazy\" title=\"Teres\u00f3polis | Dedo de Deus | Parque Nacional Serra dos Org\u00e3os | Drone | Brasil #lifewithoutborders\" width=\"500\" height=\"281\" src=\"https:\/\/www.youtube.com\/embed\/v5s0gOnVHzg?feature=oembed\" frameborder=\"0\" allow=\"accelerometer; autoplay; clipboard-write; encrypted-media; gyroscope; picture-in-picture; web-share\" referrerpolicy=\"strict-origin-when-cross-origin\" allowfullscreen><\/iframe><\/div>\n<\/div><figcaption class=\"wp-element-caption\">Teres\u00f3polis \/\/ Cr\u00e9ditos: YouTube @lifewithoutborders<\/figcaption><\/figure>\n\n\n\n<h2 class=\"wp-block-heading\">Melhor \u00e9poca para visitar Teres\u00f3polis?<\/h2>\n\n\n\n<p>Entre <strong>maio<\/strong> e <strong>setembro<\/strong>, <strong>Teres\u00f3polis<\/strong> tem temperaturas entre 15\u00b0C e 25\u00b0C, segundo o <strong>Climatempo<\/strong>. Este per\u00edodo \u00e9 ideal para trilhas e atividades ao ar livre, com baixa umidade e c\u00e9u limpo. As manh\u00e3s s\u00e3o frescas e as tardes ensolaradas, perfeitas para montanhismo.<\/p>\n\n\n\n<p>O <strong>inverno seco<\/strong> de junho a agosto oferece as melhores condi\u00e7\u00f5es para escalada e trilhas longas. As noites podem ser frias, com temperaturas pr\u00f3ximas a 10\u00b0C, exigindo agasalhos adequados. \u00c9 a alta temporada tur\u00edstica, quando a cidade recebe o maior n\u00famero de visitantes.<\/p>\n\n\n\n<p>Entre <strong>outubro<\/strong> e <strong>mar\u00e7o<\/strong>, o clima \u00e9 mais quente e \u00famido, com chuvas ocasionais no final da tarde. Apesar disso, \u00e9 uma \u00e9poca encantadora para quem busca maior tranquilidade. As temperaturas variam entre 18\u00b0C e 30\u00b0C, mantendo o clima agrad\u00e1vel mesmo no ver\u00e3o.<\/p>\n\n\n\n<p>O <strong>Festival de Inverno<\/strong> em julho torna este m\u00eas especialmente atrativo. Os eventos culturais e a temporada seca criam o cen\u00e1rio perfeito para uma visita completa \u00e0 cidade.<\/p>\n\n\n\n<p><strong>Leia tamb\u00e9m: <a href=\"https:\/\/www.correiobraziliense.com.br\/cbradar\/o-lugar-onde-o-brasil-foi-descoberto-ainda-e-encantador\/#google_vignette\" target=\"_blank\" rel=\"noreferrer noopener\">O lugar onde o Brasil foi descoberto ainda \u00e9 encantador<\/a>.<\/strong><\/p>\n\n\n\n<h2 class=\"wp-block-heading\">Vivencie Teres\u00f3polis<\/h2>\n\n\n\n<p><strong>Teres\u00f3polis<\/strong> une natureza exuberante e aventura na <strong>Serra dos \u00d3rg\u00e3os<\/strong>. Do ic\u00f4nico <strong>Dedo de Deus<\/strong> \u00e0s trilhas desafiadoras da <strong>Pedra do Sino<\/strong>, \u00e9 um destino que encanta montanhistas e amantes da natureza. Planeje sua viagem para vivenciar a magia das montanhas fluminenses.<\/p>\n\n\n\n<ul class=\"wp-block-list\">\n<li>Natureza preservada no cora\u00e7\u00e3o da <strong>Serra dos \u00d3rg\u00e3os<\/strong>.<\/li>\n\n\n\n<li>Infraestrutura completa para turismo de aventura.<\/li>\n\n\n\n<li>Clima ameno e paisagens deslumbrantes durante todo o ano.<\/li>\n<\/ul>\n","protected":false},"excerpt":{"rendered":"<p>Teres\u00f3polis, na regi\u00e3o serrana do Rio de Janeiro, Brasil, a 96 km da capital Rio de Janeiro e pr\u00f3xima \u00e0 Nova Friburgo e Petr\u00f3polis, \u00e9 conhecida como \u201cCidade do Dedo de Deus\u201d. Com paisagens montanhosas deslumbrantes e clima ameno, Teres\u00f3polis \u00e9 ideal para visitar. Conhe\u00e7a o que torna esta cidade um destino encantador. Quais s\u00e3o [&hellip;]<\/p>\n","protected":false},"author":8,"featured_media":83272,"comment_status":"open","ping_status":"open","sticky":false,"template":"","format":"standard","meta":{"_yoast_wpseo_focuskw":"cidade","_yoast_wpseo_title":"","_yoast_wpseo_metadesc":"Esta cidade, lar do famoso \u201cDedo de Deus\u201d, encanta pela beleza e paisagens \u00fanicas que atraem visitantes. Descubra essa divindade!","jnews-multi-image_gallery":[],"jnews_single_post":{"format":"standard"},"jnews_primary_category":[],"jnews_social_meta":[],"jnews_override_counter":[],"footnotes":""},"categories":[108,111],"post_tag":[225,304,5565],"class_list":["post-82871","post","type-post","status-publish","format-standard","has-post-thumbnail","hentry","category-cidades","category-turismo","tag-brasil","tag-rio-de-janeiro","tag-teresopolis"],"yoast_head":"<!-- This site is optimized with the Yoast SEO plugin v24.6 - https:\/\/yoast.com\/wordpress\/plugins\/seo\/ -->\n<title>A cidade brasileira do &quot;Dedo de Deus&quot; \u00e9 um espet\u00e1culo natural - Correio Braziliense - Radar<\/title>\n<meta name=\"description\" content=\"Esta cidade, lar do famoso \u201cDedo de Deus\u201d, encanta pela beleza e paisagens \u00fanicas que atraem visitantes. Descubra essa divindade!\" \/>\n<meta name=\"robots\" content=\"index, follow, max-snippet:-1, max-image-preview:large, max-video-preview:-1\" \/>\n<link rel=\"canonical\" href=\"https:\/\/www.correiobraziliense.com.br\/cbradar\/a-cidade-brasileira-do-dedo-de-deus-e-um-espetaculo-natural\/\" \/>\n<meta property=\"og:locale\" content=\"pt_BR\" \/>\n<meta property=\"og:type\" content=\"article\" \/>\n<meta property=\"og:title\" content=\"A cidade brasileira do &quot;Dedo de Deus&quot; \u00e9 um espet\u00e1culo natural - Correio Braziliense - Radar\" \/>\n<meta property=\"og:description\" content=\"Esta cidade, lar do famoso \u201cDedo de Deus\u201d, encanta pela beleza e paisagens \u00fanicas que atraem visitantes. Descubra essa divindade!\" \/>\n<meta property=\"og:url\" content=\"https:\/\/www.correiobraziliense.com.br\/cbradar\/a-cidade-brasileira-do-dedo-de-deus-e-um-espetaculo-natural\/\" \/>\n<meta property=\"og:site_name\" content=\"Correio Braziliense - Radar\" \/>\n<meta property=\"article:published_time\" content=\"2025-08-10T00:43:00+00:00\" \/>\n<meta property=\"og:image\" content=\"https:\/\/www.correiobraziliense.com.br\/cbradar\/wp-content\/uploads\/2025\/08\/Edicoes-2025-08-08T184338.745.png\" \/>\n\t<meta property=\"og:image:width\" content=\"1280\" \/>\n\t<meta property=\"og:image:height\" content=\"720\" \/>\n\t<meta property=\"og:image:type\" content=\"image\/png\" \/>\n<meta name=\"author\" content=\"Maura Pereira\" \/>\n<meta name=\"twitter:card\" content=\"summary_large_image\" \/>\n<meta name=\"twitter:label1\" content=\"Escrito por\" \/>\n\t<meta name=\"twitter:data1\" content=\"Maura Pereira\" \/>\n\t<meta name=\"twitter:label2\" content=\"Est. tempo de leitura\" \/>\n\t<meta name=\"twitter:data2\" content=\"7 minutos\" \/>\n<!-- \/ Yoast SEO plugin. -->","yoast_head_json":{"title":"A cidade brasileira do \"Dedo de Deus\" \u00e9 um espet\u00e1culo natural - Correio Braziliense - Radar","description":"Esta cidade, lar do famoso \u201cDedo de Deus\u201d, encanta pela beleza e paisagens \u00fanicas que atraem visitantes. Descubra essa divindade!","robots":{"index":"index","follow":"follow","max-snippet":"max-snippet:-1","max-image-preview":"max-image-preview:large","max-video-preview":"max-video-preview:-1"},"canonical":"https:\/\/www.correiobraziliense.com.br\/cbradar\/a-cidade-brasileira-do-dedo-de-deus-e-um-espetaculo-natural\/","og_locale":"pt_BR","og_type":"article","og_title":"A cidade brasileira do \"Dedo de Deus\" \u00e9 um espet\u00e1culo natural - Correio Braziliense - Radar","og_description":"Esta cidade, lar do famoso \u201cDedo de Deus\u201d, encanta pela beleza e paisagens \u00fanicas que atraem visitantes. Descubra essa divindade!","og_url":"https:\/\/www.correiobraziliense.com.br\/cbradar\/a-cidade-brasileira-do-dedo-de-deus-e-um-espetaculo-natural\/","og_site_name":"Correio Braziliense - Radar","article_published_time":"2025-08-10T00:43:00+00:00","og_image":[{"width":1280,"height":720,"url":"https:\/\/www.correiobraziliense.com.br\/cbradar\/wp-content\/uploads\/2025\/08\/Edicoes-2025-08-08T184338.745.png","type":"image\/png"}],"author":"Maura Pereira","twitter_card":"summary_large_image","twitter_misc":{"Escrito por":"Maura Pereira","Est. tempo de leitura":"7 minutos"},"schema":{"@context":"https:\/\/schema.org","@graph":[{"@type":"WebPage","@id":"https:\/\/www.correiobraziliense.com.br\/cbradar\/a-cidade-brasileira-do-dedo-de-deus-e-um-espetaculo-natural\/","url":"https:\/\/www.correiobraziliense.com.br\/cbradar\/a-cidade-brasileira-do-dedo-de-deus-e-um-espetaculo-natural\/","name":"A cidade brasileira do \"Dedo de Deus\" \u00e9 um espet\u00e1culo natural - Correio Braziliense - Radar","isPartOf":{"@id":"https:\/\/www.correiobraziliense.com.br\/cbradar\/#website"},"primaryImageOfPage":{"@id":"https:\/\/www.correiobraziliense.com.br\/cbradar\/a-cidade-brasileira-do-dedo-de-deus-e-um-espetaculo-natural\/#primaryimage"},"image":{"@id":"https:\/\/www.correiobraziliense.com.br\/cbradar\/a-cidade-brasileira-do-dedo-de-deus-e-um-espetaculo-natural\/#primaryimage"},"thumbnailUrl":"https:\/\/www.correiobraziliense.com.br\/cbradar\/wp-content\/uploads\/2025\/08\/Edicoes-2025-08-08T184338.745.png","datePublished":"2025-08-10T00:43:00+00:00","author":{"@id":"https:\/\/www.correiobraziliense.com.br\/cbradar\/#\/schema\/person\/4053c651a9bfc785afc6f4cbc9032fd3"},"description":"Esta cidade, lar do famoso \u201cDedo de Deus\u201d, encanta pela beleza e paisagens \u00fanicas que atraem visitantes. Descubra essa divindade!","breadcrumb":{"@id":"https:\/\/www.correiobraziliense.com.br\/cbradar\/a-cidade-brasileira-do-dedo-de-deus-e-um-espetaculo-natural\/#breadcrumb"},"inLanguage":"pt-BR","potentialAction":[{"@type":"ReadAction","target":["https:\/\/www.correiobraziliense.com.br\/cbradar\/a-cidade-brasileira-do-dedo-de-deus-e-um-espetaculo-natural\/"]}]},{"@type":"ImageObject","inLanguage":"pt-BR","@id":"https:\/\/www.correiobraziliense.com.br\/cbradar\/a-cidade-brasileira-do-dedo-de-deus-e-um-espetaculo-natural\/#primaryimage","url":"https:\/\/www.correiobraziliense.com.br\/cbradar\/wp-content\/uploads\/2025\/08\/Edicoes-2025-08-08T184338.745.png","contentUrl":"https:\/\/www.correiobraziliense.com.br\/cbradar\/wp-content\/uploads\/2025\/08\/Edicoes-2025-08-08T184338.745.png","width":1280,"height":720,"caption":"Teres\u00f3polis \u00e9 uma cidade serrana do Rio de Janeiro, famosa pelo clima ameno, natureza e turismo de montanha. \/\/ Cr\u00e9ditos: YouTube @NanauSolMaior"},{"@type":"BreadcrumbList","@id":"https:\/\/www.correiobraziliense.com.br\/cbradar\/a-cidade-brasileira-do-dedo-de-deus-e-um-espetaculo-natural\/#breadcrumb","itemListElement":[{"@type":"ListItem","position":1,"name":"In\u00edcio","item":"https:\/\/www.correiobraziliense.com.br\/cbradar\/"},{"@type":"ListItem","position":2,"name":"A cidade brasileira do &#8220;Dedo de Deus&#8221; \u00e9 um espet\u00e1culo natural"}]},{"@type":"WebSite","@id":"https:\/\/www.correiobraziliense.com.br\/cbradar\/#website","url":"https:\/\/www.correiobraziliense.com.br\/cbradar\/","name":"Correio Braziliense - Radar","description":"Acompanhe as \u00faltimas not\u00edcias e fique bem informado sobre tudo o que acontece no Brasil e no mundo.","potentialAction":[{"@type":"SearchAction","target":{"@type":"EntryPoint","urlTemplate":"https:\/\/www.correiobraziliense.com.br\/cbradar\/?s={search_term_string}"},"query-input":{"@type":"PropertyValueSpecification","valueRequired":true,"valueName":"search_term_string"}}],"inLanguage":"pt-BR"},{"@type":"Person","@id":"https:\/\/www.correiobraziliense.com.br\/cbradar\/#\/schema\/person\/4053c651a9bfc785afc6f4cbc9032fd3","name":"Maura Pereira","image":{"@type":"ImageObject","inLanguage":"pt-BR","@id":"https:\/\/www.correiobraziliense.com.br\/cbradar\/#\/schema\/person\/image\/","url":"https:\/\/secure.gravatar.com\/avatar\/3effd6bdadfa447f15089c7f7144eaa6?s=96&d=mm&r=g","contentUrl":"https:\/\/secure.gravatar.com\/avatar\/3effd6bdadfa447f15089c7f7144eaa6?s=96&d=mm&r=g","caption":"Maura Pereira"},"sameAs":["https:\/\/www.correiobraziliense.com.br\/"],"url":"https:\/\/www.correiobraziliense.com.br\/cbradar\/author\/mauramyth\/"}]}},"_links":{"self":[{"href":"https:\/\/www.correiobraziliense.com.br\/cbradar\/wp-json\/wp\/v2\/posts\/82871","targetHints":{"allow":["GET"]}}],"collection":[{"href":"https:\/\/www.correiobraziliense.com.br\/cbradar\/wp-json\/wp\/v2\/posts"}],"about":[{"href":"https:\/\/www.correiobraziliense.com.br\/cbradar\/wp-json\/wp\/v2\/types\/post"}],"author":[{"embeddable":true,"href":"https:\/\/www.correiobraziliense.com.br\/cbradar\/wp-json\/wp\/v2\/users\/8"}],"replies":[{"embeddable":true,"href":"https:\/\/www.correiobraziliense.com.br\/cbradar\/wp-json\/wp\/v2\/comments?post=82871"}],"version-history":[{"count":16,"href":"https:\/\/www.correiobraziliense.com.br\/cbradar\/wp-json\/wp\/v2\/posts\/82871\/revisions"}],"predecessor-version":[{"id":83288,"href":"https:\/\/www.correiobraziliense.com.br\/cbradar\/wp-json\/wp\/v2\/posts\/82871\/revisions\/83288"}],"wp:featuredmedia":[{"embeddable":true,"href":"https:\/\/www.correiobraziliense.com.br\/cbradar\/wp-json\/wp\/v2\/media\/83272"}],"wp:attachment":[{"href":"https:\/\/www.correiobraziliense.com.br\/cbradar\/wp-json\/wp\/v2\/media?parent=82871"}],"wp:term":[{"taxonomy":"category","embeddable":true,"href":"https:\/\/www.correiobraziliense.com.br\/cbradar\/wp-json\/wp\/v2\/categories?post=82871"},{"taxonomy":"post_tag","embeddable":true,"href":"https:\/\/www.correiobraziliense.com.br\/cbradar\/wp-json\/wp\/v2\/post_tag?post=82871"}],"curies":[{"name":"wp","href":"https:\/\/api.w.org\/{rel}","templated":true}]}}