{"id":82876,"date":"2025-08-09T22:53:00","date_gmt":"2025-08-10T01:53:00","guid":{"rendered":"https:\/\/www.correiobraziliense.com.br\/cbradar\/?p=82876"},"modified":"2025-08-08T18:27:35","modified_gmt":"2025-08-08T21:27:35","slug":"o-lugar-que-ganhou-o-apelido-de-cidade-do-trabalho-no-brasil","status":"publish","type":"post","link":"https:\/\/www.correiobraziliense.com.br\/cbradar\/o-lugar-que-ganhou-o-apelido-de-cidade-do-trabalho-no-brasil\/","title":{"rendered":"O lugar que ganhou o apelido de \u201ccidade do trabalho\u201d no Brasil"},"content":{"rendered":"\n<p><strong><a href=\"https:\/\/www.saogoncalo.rj.gov.br\/\" target=\"_blank\" rel=\"noreferrer noopener\">S\u00e3o Gon\u00e7alo<\/a><\/strong>, na Regi\u00e3o Metropolitana do <strong>Rio de Janeiro<\/strong>, <strong>Brasil<\/strong>, a 22 km da capital fluminense e pr\u00f3xima a <strong>Niter\u00f3i<\/strong> e <strong>Itabora\u00ed<\/strong>, \u00e9 conhecida como \u201c<strong>Cidade do Trabalho<\/strong>\u201d. Com tradi\u00e7\u00e3o industrial e proximidade \u00e0 <strong>Ba\u00eda de Guanabara<\/strong>, <strong>S\u00e3o Gon\u00e7alo<\/strong> oferece oportunidades de turismo e neg\u00f3cios. Vivencie o que torna esta cidade um destino hist\u00f3rico e promissor.<\/p>\n\n\n\n<ul class=\"wp-block-list\">\n<li>Rica hist\u00f3ria industrial com patrim\u00f4nio preservado do s\u00e9culo XIX.<\/li>\n\n\n\n<li>Belezas naturais com praias e vista privilegiada da Ba\u00eda de Guanabara.<\/li>\n\n\n\n<li>Cultura popular vibrante com tradi\u00e7\u00f5es fluminenses aut\u00eanticas.<\/li>\n<\/ul>\n\n\n\n<h2 class=\"wp-block-heading\">Quais s\u00e3o as principais atra\u00e7\u00f5es tur\u00edsticas de S\u00e3o Gon\u00e7alo?<\/h2>\n\n\n\n<p>A <strong>Praia das Pedrinhas<\/strong> encanta visitantes com \u00e1guas calmas da <strong>Ba\u00eda de Guanabara<\/strong> e vista panor\u00e2mica do <strong>Rio de Janeiro<\/strong>. \u00c9 um ponto imperd\u00edvel, segundo o <strong>Melhores Destinos<\/strong>, oferecendo tranquilidade pr\u00f3xima \u00e0 metr\u00f3pole.<\/p>\n\n\n\n<p>O <strong>Museu de Arte Contempor\u00e2nea<\/strong> preserva a produ\u00e7\u00e3o art\u00edstica fluminense com exposi\u00e7\u00f5es rotativas. Suas instala\u00e7\u00f5es modernas valorizam artistas locais e regionais.<\/p>\n\n\n\n<p>A <strong>Igreja do Ros\u00e1rio<\/strong> impressiona pela arquitetura colonial do s\u00e9culo XVIII. Seu interior barroco conta a hist\u00f3ria religiosa da coloniza\u00e7\u00e3o gon\u00e7alense.<\/p>\n\n\n\n<p>O <strong>Centro de Tradi\u00e7\u00f5es Nordestinas<\/strong> celebra a cultura migrante com forr\u00f3, repente e culin\u00e1ria t\u00edpica. \u00c9 frequentado por fam\u00edlias nos finais de semana para divers\u00e3o popular.<\/p>\n\n\n\n<p>A <strong>Fortaleza de Santa Cruz<\/strong> oferece vista estrat\u00e9gica da entrada da <strong>Ba\u00eda de Guanabara<\/strong>. Suas muralhas hist\u00f3ricas guardam mem\u00f3rias dos tempos coloniais brasileiros.<\/p>\n\n\n\n<ul class=\"wp-block-list\">\n<li><strong>Praia das Pedrinhas<\/strong>: \u00c1guas calmas com vista panor\u00e2mica da Ba\u00eda de Guanabara.<\/li>\n\n\n\n<li><strong>Museu de Arte Contempor\u00e2nea<\/strong>: Acervo art\u00edstico fluminense com exposi\u00e7\u00f5es rotativas.<\/li>\n\n\n\n<li><strong>Igreja do Ros\u00e1rio<\/strong>: Arquitetura colonial barroca do s\u00e9culo XVIII.<\/li>\n\n\n\n<li><strong>Centro de Tradi\u00e7\u00f5es Nordestinas<\/strong>: Cultura popular com forr\u00f3 e gastronomia t\u00edpica.<\/li>\n\n\n\n<li><strong>Fortaleza de Santa Cruz<\/strong>: Patrim\u00f3nio militar com vista estrat\u00e9gica da ba\u00eda.<\/li>\n<\/ul>\n\n\n<div class=\"wp-block-image\">\n<figure class=\"aligncenter size-large\"><img decoding=\"async\" width=\"1024\" height=\"576\" src=\"https:\/\/www.correiobraziliense.com.br\/cbradar\/wp-content\/uploads\/2025\/08\/asdasdasda-1024x576.png\" alt=\"\" class=\"wp-image-83203\" srcset=\"https:\/\/www.correiobraziliense.com.br\/cbradar\/wp-content\/uploads\/2025\/08\/asdasdasda-1024x576.png 1024w, https:\/\/www.correiobraziliense.com.br\/cbradar\/wp-content\/uploads\/2025\/08\/asdasdasda-300x169.png 300w, https:\/\/www.correiobraziliense.com.br\/cbradar\/wp-content\/uploads\/2025\/08\/asdasdasda-768x432.png 768w, https:\/\/www.correiobraziliense.com.br\/cbradar\/wp-content\/uploads\/2025\/08\/asdasdasda-750x422.png 750w, https:\/\/www.correiobraziliense.com.br\/cbradar\/wp-content\/uploads\/2025\/08\/asdasdasda-1140x641.png 1140w, https:\/\/www.correiobraziliense.com.br\/cbradar\/wp-content\/uploads\/2025\/08\/asdasdasda.png 1280w\" sizes=\"(max-width: 1024px) 100vw, 1024px\" \/><figcaption class=\"wp-element-caption\">S\u00e3o Gon\u00e7alo \/ Cr\u00e9ditos: YouTube @dronelc<\/figcaption><\/figure><\/div>\n\n\n<h2 class=\"wp-block-heading\">Como \u00e9 a vida cultural em S\u00e3o Gon\u00e7alo?<\/h2>\n\n\n\n<ul class=\"wp-block-list\">\n<li><strong>S\u00e3o Gon\u00e7alo<\/strong> vibra com o <strong>Festival de Inverno<\/strong>, que re\u00fane m\u00fasica popular, teatro de rua e artes visuais durante julho. Feiras na <strong>Pra\u00e7a Z\u00e9 Garoto<\/strong> oferecem artesanato local e comidas t\u00edpicas fluminenses.<\/li>\n\n\n\n<li>O <strong>Teatro Municipal George Savalla Gomes<\/strong> recebe espet\u00e1culos nacionais e produ\u00e7\u00f5es comunit\u00e1rias. A programa\u00e7\u00e3o cultural valoriza tanto grandes artistas quanto talentos emergentes da periferia.<\/li>\n\n\n\n<li>A gastronomia fluminense \u00e9 destaque, com restaurantes servindo peixe ensopado, casquinha de siri e bob\u00f3 de camar\u00e3o. As casas de samba celebram a m\u00fasica carioca tradicional.<\/li>\n\n\n\n<li>Os grupos de samba e pagode mant\u00eam viva a cultura popular atrav\u00e9s de rodas musicais. A <strong>Escola de Samba Unidos do Porto da Pedra<\/strong> representa a cidade no <strong>Carnaval<\/strong> carioca.<\/li>\n<\/ul>\n\n\n\n<figure class=\"wp-block-embed aligncenter is-type-video is-provider-youtube wp-block-embed-youtube wp-embed-aspect-16-9 wp-has-aspect-ratio\"><div class=\"wp-block-embed__wrapper\">\n<div class=\"jeg_video_container jeg_video_content\"><iframe loading=\"lazy\" title=\"Voo Drone Tour - S\u00e3o Gon\u00e7alo - Regiao Central - 14\/12\/2024 - Dji Mini4 Pro 4k\" width=\"500\" height=\"281\" src=\"https:\/\/www.youtube.com\/embed\/yXNOcCVtq0I?feature=oembed\" frameborder=\"0\" allow=\"accelerometer; autoplay; clipboard-write; encrypted-media; gyroscope; picture-in-picture; web-share\" referrerpolicy=\"strict-origin-when-cross-origin\" allowfullscreen><\/iframe><\/div>\n<\/div><figcaption class=\"wp-element-caption\">S\u00e3o Gon\u00e7alo \/ Cr\u00e9ditos: YouTube @dronelc<\/figcaption><\/figure>\n\n\n\n<h2 class=\"wp-block-heading\">Por que S\u00e3o Gon\u00e7alo \u00e9 conhecida como Cidade do Trabalho?<\/h2>\n\n\n\n<p><strong>S\u00e3o Gon\u00e7alo<\/strong> recebeu o apelido \u201c<strong>Cidade do Trabalho<\/strong>\u201d por sua tradi\u00e7\u00e3o industrial centen\u00e1ria, segundo a <strong>Secretaria de Cultura de S\u00e3o Gon\u00e7alo<\/strong>. A cidade abrigou importantes f\u00e1bricas t\u00eaxteis e qu\u00edmicas desde o s\u00e9culo XIX.<\/p>\n\n\n\n<p>O <strong>Distrito Industrial<\/strong> concentrou empresas nacionais como <strong>Companhia Petroqu\u00edmica<\/strong>. A proximidade com o <strong>Porto do Rio<\/strong> facilitou o desenvolvimento fabril da regi\u00e3o.<\/p>\n\n\n\n<p>A classe trabalhadora gon\u00e7alense construiu forte identidade oper\u00e1ria. Movimentos sindicais importantes nasceram na cidade, influenciando a pol\u00edtica nacional.<\/p>\n\n\n\n<p>Hoje <strong>S\u00e3o Gon\u00e7alo<\/strong> diversifica sua economia, mantendo o esp\u00edrito empreendedor. Pequenas empresas familiares convivem com ind\u00fastrias de m\u00e9dio porte na regi\u00e3o.<\/p>\n\n\n\n<h2 class=\"wp-block-heading\">A terra de Z\u00e9 Garoto<\/h2>\n\n\n\n<p><strong>S\u00e3o Gon\u00e7alo<\/strong> \u00e9 orgulhosa de ser terra natal de <strong>Z\u00e9 Garoto<\/strong>, um dos maiores violonistas do <strong>Brasil<\/strong>. An\u00edsio Silva, seu nome verdadeiro, revolucionou a m\u00fasica brasileira com t\u00e9cnica virtuosa.<\/p>\n\n\n\n<p>A <strong>Pra\u00e7a Z\u00e9 Garoto<\/strong> homenageia o m\u00fasico com monumento e eventos culturais regulares. Sua casa natal se tornou ponto de peregrina\u00e7\u00e3o para amantes da m\u00fasica popular.<\/p>\n\n\n\n<p>O legado de <strong>Z\u00e9 Garoto<\/strong> inspira novos talentos musicais na cidade. Escolas de m\u00fasica locais ensinam suas composi\u00e7\u00f5es para preservar a tradi\u00e7\u00e3o gon\u00e7alense.<\/p>\n\n\n<div class=\"wp-block-image\">\n<figure class=\"aligncenter size-large\"><img decoding=\"async\" width=\"1024\" height=\"576\" src=\"https:\/\/www.correiobraziliense.com.br\/cbradar\/wp-content\/uploads\/2025\/05\/Edicoes-12-1-1024x576.png\" alt=\"Cidade simples surpreende com evolu\u00e7\u00e3o na sua qualidade de vida\" class=\"wp-image-40488\" srcset=\"https:\/\/www.correiobraziliense.com.br\/cbradar\/wp-content\/uploads\/2025\/05\/Edicoes-12-1-1024x576.png 1024w, https:\/\/www.correiobraziliense.com.br\/cbradar\/wp-content\/uploads\/2025\/05\/Edicoes-12-1-300x169.png 300w, https:\/\/www.correiobraziliense.com.br\/cbradar\/wp-content\/uploads\/2025\/05\/Edicoes-12-1-768x432.png 768w, https:\/\/www.correiobraziliense.com.br\/cbradar\/wp-content\/uploads\/2025\/05\/Edicoes-12-1-750x422.png 750w, https:\/\/www.correiobraziliense.com.br\/cbradar\/wp-content\/uploads\/2025\/05\/Edicoes-12-1-1140x641.png 1140w, https:\/\/www.correiobraziliense.com.br\/cbradar\/wp-content\/uploads\/2025\/05\/Edicoes-12-1.png 1280w\" sizes=\"(max-width: 1024px) 100vw, 1024px\" \/><figcaption class=\"wp-element-caption\">S\u00e3o Gon\u00e7alo, Rio de Janeiro \/\/ Reprodu\u00e7\u00e3o: Wikip\u00e9dia<\/figcaption><\/figure><\/div>\n\n\n<h2 class=\"wp-block-heading\">Melhor \u00e9poca para visitar S\u00e3o Gon\u00e7alo?<\/h2>\n\n\n\n<p>Entre <strong>abril<\/strong> e <strong>setembro<\/strong>, <strong>S\u00e3o Gon\u00e7alo<\/strong> tem temperaturas entre 20\u00b0C e 28\u00b0C, segundo o <strong>Climatempo<\/strong>. O outono e inverno oferecem clima agrad\u00e1vel para caminhadas pela <strong>Praia das Pedrinhas<\/strong>.<\/p>\n\n\n\n<p><strong>Julho<\/strong> marca o <strong>Festival de Inverno<\/strong>, principal evento cultural da cidade. A festa transforma pra\u00e7as p\u00fablicas em palcos de arte e cultura popular.<\/p>\n\n\n\n<p>O ver\u00e3o, de <strong>dezembro<\/strong> a <strong>mar\u00e7o<\/strong>, \u00e9 perfeito para aproveitar as praias da <strong>Ba\u00eda de Guanabara<\/strong>. As temperaturas mais altas favorecem banhos de mar e atividades aqu\u00e1ticas.<\/p>\n\n\n\n<p>A primavera oferece clima ameno e c\u00e9u limpo para fotografias da paisagem urbana. \u00c9 \u00e9poca ideal para visitar museus e conhecer o patrim\u00f4nio hist\u00f3rico gon\u00e7alense.<\/p>\n\n\n\n<p><strong>Leia tamb\u00e9m: <a href=\"https:\/\/www.correiobraziliense.com.br\/cbradar\/o-lugar-onde-o-brasil-foi-descoberto-ainda-e-encantador\/#google_vignette\" target=\"_blank\" rel=\"noreferrer noopener\">O lugar onde o Brasil foi descoberto ainda \u00e9 encantador.<\/a><\/strong><\/p>\n\n\n\n<h2 class=\"wp-block-heading\">Por que S\u00e3o Gon\u00e7alo tem potencial tur\u00edstico?<\/h2>\n\n\n\n<p><strong>S\u00e3o Gon\u00e7alo<\/strong> possui localiza\u00e7\u00e3o privilegiada na <strong>Regi\u00e3o Metropolitana do Rio<\/strong>, segundo o <strong>TripAdvisor<\/strong>. A proximidade com a capital permite turismo de um dia com custos reduzidos.<\/p>\n\n\n\n<p>As praias da <strong>Ba\u00eda de Guanabara<\/strong> oferecem alternativa tranquila \u00e0s praias oce\u00e2nicas. Fam\u00edlias encontram \u00e1guas calmas e seguran\u00e7a para crian\u00e7as.<\/p>\n\n\n\n<p>O patrim\u00f4nio hist\u00f3rico colonial preservado atrai interessados em cultura. Igrejas, casar\u00f5es e fortifica\u00e7\u00f5es contam cinco s\u00e9culos de hist\u00f3ria brasileira.<\/p>\n\n\n\n<p>A gastronomia popular e pre\u00e7os acess\u00edveis complementam a oferta tur\u00edstica. <strong>S\u00e3o Gon\u00e7alo<\/strong> se posiciona como destino econ\u00f4mico na regi\u00e3o metropolitana.<\/p>\n\n\n\n<h2 class=\"wp-block-heading\">Vivencie S\u00e3o Gon\u00e7alo<\/h2>\n\n\n\n<p><strong>S\u00e3o Gon\u00e7alo<\/strong> une hist\u00f3ria, cultura e belezas naturais no <strong>Rio de Janeiro<\/strong>. Da <strong>Praia das Pedrinhas<\/strong> ao legado de <strong>Z\u00e9 Garoto<\/strong>, \u00e9 um destino aut\u00eantico e acess\u00edvel. Planeje sua visita para descobrir os tesouros escondidos da &#8220;<strong>Cidade do Trabalho<\/strong>&#8220;.<\/p>\n\n\n\n<ul class=\"wp-block-list\">\n<li>Hist\u00f3ria industrial rica com patrim\u00f4nio colonial preservado.<\/li>\n\n\n\n<li>Belezas naturais da Ba\u00eda de Guanabara pr\u00f3ximas \u00e0 capital.<\/li>\n\n\n\n<li>Cultura popular vibrante com tradi\u00e7\u00f5es musicais \u00fanicas.<\/li>\n<\/ul>\n","protected":false},"excerpt":{"rendered":"<p>S\u00e3o Gon\u00e7alo, na Regi\u00e3o Metropolitana do Rio de Janeiro, Brasil, a 22 km da capital fluminense e pr\u00f3xima a Niter\u00f3i e Itabora\u00ed, \u00e9 conhecida como \u201cCidade do Trabalho\u201d. Com tradi\u00e7\u00e3o industrial e proximidade \u00e0 Ba\u00eda de Guanabara, S\u00e3o Gon\u00e7alo oferece oportunidades de turismo e neg\u00f3cios. Vivencie o que torna esta cidade um destino hist\u00f3rico e [&hellip;]<\/p>\n","protected":false},"author":8,"featured_media":83204,"comment_status":"open","ping_status":"open","sticky":false,"template":"","format":"standard","meta":{"_yoast_wpseo_focuskw":"cidade","_yoast_wpseo_title":"","_yoast_wpseo_metadesc":"Esta cidade \u00e9 conhecida como a cidade do trabalho e seu esp\u00edrito produtivo impressiona quem a visita. Descubra qual \u00e9.","jnews-multi-image_gallery":[],"jnews_single_post":{"format":"standard"},"jnews_primary_category":[],"jnews_social_meta":[],"jnews_override_counter":[],"footnotes":""},"categories":[108,111],"tags":[225,304,5087],"class_list":["post-82876","post","type-post","status-publish","format-standard","has-post-thumbnail","hentry","category-cidades","category-turismo","tag-brasil","tag-rio-de-janeiro","tag-sao-goncalo"],"yoast_head":"<!-- This site is optimized with the Yoast SEO plugin v24.6 - https:\/\/yoast.com\/wordpress\/plugins\/seo\/ -->\n<title>O lugar que ganhou o apelido de \u201ccidade do trabalho\u201d no Brasil - Correio Braziliense - Radar<\/title>\n<meta name=\"description\" content=\"Esta cidade \u00e9 conhecida como a cidade do trabalho e seu esp\u00edrito produtivo impressiona quem a visita. Descubra qual \u00e9.\" \/>\n<meta name=\"robots\" content=\"index, follow, max-snippet:-1, max-image-preview:large, max-video-preview:-1\" \/>\n<link rel=\"canonical\" href=\"https:\/\/www.correiobraziliense.com.br\/cbradar\/o-lugar-que-ganhou-o-apelido-de-cidade-do-trabalho-no-brasil\/\" \/>\n<meta property=\"og:locale\" content=\"pt_BR\" \/>\n<meta property=\"og:type\" content=\"article\" \/>\n<meta property=\"og:title\" content=\"O lugar que ganhou o apelido de \u201ccidade do trabalho\u201d no Brasil - Correio Braziliense - Radar\" \/>\n<meta property=\"og:description\" content=\"Esta cidade \u00e9 conhecida como a cidade do trabalho e seu esp\u00edrito produtivo impressiona quem a visita. Descubra qual \u00e9.\" \/>\n<meta property=\"og:url\" content=\"https:\/\/www.correiobraziliense.com.br\/cbradar\/o-lugar-que-ganhou-o-apelido-de-cidade-do-trabalho-no-brasil\/\" \/>\n<meta property=\"og:site_name\" content=\"Correio Braziliense - Radar\" \/>\n<meta property=\"article:published_time\" content=\"2025-08-10T01:53:00+00:00\" \/>\n<meta property=\"og:image\" content=\"https:\/\/www.correiobraziliense.com.br\/cbradar\/wp-content\/uploads\/2025\/08\/awsdasdasdasda.png\" \/>\n\t<meta property=\"og:image:width\" content=\"1280\" \/>\n\t<meta property=\"og:image:height\" content=\"720\" \/>\n\t<meta property=\"og:image:type\" content=\"image\/png\" \/>\n<meta name=\"author\" content=\"Maura Pereira\" \/>\n<meta name=\"twitter:card\" content=\"summary_large_image\" \/>\n<meta name=\"twitter:label1\" content=\"Escrito por\" \/>\n\t<meta name=\"twitter:data1\" content=\"Maura Pereira\" \/>\n\t<meta name=\"twitter:label2\" content=\"Est. tempo de leitura\" \/>\n\t<meta name=\"twitter:data2\" content=\"6 minutos\" \/>\n<!-- \/ Yoast SEO plugin. -->","yoast_head_json":{"title":"O lugar que ganhou o apelido de \u201ccidade do trabalho\u201d no Brasil - Correio Braziliense - Radar","description":"Esta cidade \u00e9 conhecida como a cidade do trabalho e seu esp\u00edrito produtivo impressiona quem a visita. Descubra qual \u00e9.","robots":{"index":"index","follow":"follow","max-snippet":"max-snippet:-1","max-image-preview":"max-image-preview:large","max-video-preview":"max-video-preview:-1"},"canonical":"https:\/\/www.correiobraziliense.com.br\/cbradar\/o-lugar-que-ganhou-o-apelido-de-cidade-do-trabalho-no-brasil\/","og_locale":"pt_BR","og_type":"article","og_title":"O lugar que ganhou o apelido de \u201ccidade do trabalho\u201d no Brasil - Correio Braziliense - Radar","og_description":"Esta cidade \u00e9 conhecida como a cidade do trabalho e seu esp\u00edrito produtivo impressiona quem a visita. Descubra qual \u00e9.","og_url":"https:\/\/www.correiobraziliense.com.br\/cbradar\/o-lugar-que-ganhou-o-apelido-de-cidade-do-trabalho-no-brasil\/","og_site_name":"Correio Braziliense - Radar","article_published_time":"2025-08-10T01:53:00+00:00","og_image":[{"width":1280,"height":720,"url":"https:\/\/www.correiobraziliense.com.br\/cbradar\/wp-content\/uploads\/2025\/08\/awsdasdasdasda.png","type":"image\/png"}],"author":"Maura Pereira","twitter_card":"summary_large_image","twitter_misc":{"Escrito por":"Maura Pereira","Est. tempo de leitura":"6 minutos"},"schema":{"@context":"https:\/\/schema.org","@graph":[{"@type":"WebPage","@id":"https:\/\/www.correiobraziliense.com.br\/cbradar\/o-lugar-que-ganhou-o-apelido-de-cidade-do-trabalho-no-brasil\/","url":"https:\/\/www.correiobraziliense.com.br\/cbradar\/o-lugar-que-ganhou-o-apelido-de-cidade-do-trabalho-no-brasil\/","name":"O lugar que ganhou o apelido de \u201ccidade do trabalho\u201d no Brasil - Correio Braziliense - Radar","isPartOf":{"@id":"https:\/\/www.correiobraziliense.com.br\/cbradar\/#website"},"primaryImageOfPage":{"@id":"https:\/\/www.correiobraziliense.com.br\/cbradar\/o-lugar-que-ganhou-o-apelido-de-cidade-do-trabalho-no-brasil\/#primaryimage"},"image":{"@id":"https:\/\/www.correiobraziliense.com.br\/cbradar\/o-lugar-que-ganhou-o-apelido-de-cidade-do-trabalho-no-brasil\/#primaryimage"},"thumbnailUrl":"https:\/\/www.correiobraziliense.com.br\/cbradar\/wp-content\/uploads\/2025\/08\/awsdasdasdasda.png","datePublished":"2025-08-10T01:53:00+00:00","author":{"@id":"https:\/\/www.correiobraziliense.com.br\/cbradar\/#\/schema\/person\/4053c651a9bfc785afc6f4cbc9032fd3"},"description":"Esta cidade \u00e9 conhecida como a cidade do trabalho e seu esp\u00edrito produtivo impressiona quem a visita. Descubra qual \u00e9.","breadcrumb":{"@id":"https:\/\/www.correiobraziliense.com.br\/cbradar\/o-lugar-que-ganhou-o-apelido-de-cidade-do-trabalho-no-brasil\/#breadcrumb"},"inLanguage":"pt-BR","potentialAction":[{"@type":"ReadAction","target":["https:\/\/www.correiobraziliense.com.br\/cbradar\/o-lugar-que-ganhou-o-apelido-de-cidade-do-trabalho-no-brasil\/"]}]},{"@type":"ImageObject","inLanguage":"pt-BR","@id":"https:\/\/www.correiobraziliense.com.br\/cbradar\/o-lugar-que-ganhou-o-apelido-de-cidade-do-trabalho-no-brasil\/#primaryimage","url":"https:\/\/www.correiobraziliense.com.br\/cbradar\/wp-content\/uploads\/2025\/08\/awsdasdasdasda.png","contentUrl":"https:\/\/www.correiobraziliense.com.br\/cbradar\/wp-content\/uploads\/2025\/08\/awsdasdasdasda.png","width":1280,"height":720,"caption":"Conhe\u00e7a S\u00e3o Gon\u00e7alo, uma cidade com hist\u00f3ria rica e desenvolvimento na Regi\u00e3o Metropolitana do Rio. \/ Cr\u00e9ditos: YouTube @dronelc"},{"@type":"BreadcrumbList","@id":"https:\/\/www.correiobraziliense.com.br\/cbradar\/o-lugar-que-ganhou-o-apelido-de-cidade-do-trabalho-no-brasil\/#breadcrumb","itemListElement":[{"@type":"ListItem","position":1,"name":"In\u00edcio","item":"https:\/\/www.correiobraziliense.com.br\/cbradar\/"},{"@type":"ListItem","position":2,"name":"O lugar que ganhou o apelido de \u201ccidade do trabalho\u201d no Brasil"}]},{"@type":"WebSite","@id":"https:\/\/www.correiobraziliense.com.br\/cbradar\/#website","url":"https:\/\/www.correiobraziliense.com.br\/cbradar\/","name":"Correio Braziliense - Radar","description":"Acompanhe as \u00faltimas not\u00edcias e fique bem informado sobre tudo o que acontece no Brasil e no mundo.","potentialAction":[{"@type":"SearchAction","target":{"@type":"EntryPoint","urlTemplate":"https:\/\/www.correiobraziliense.com.br\/cbradar\/?s={search_term_string}"},"query-input":{"@type":"PropertyValueSpecification","valueRequired":true,"valueName":"search_term_string"}}],"inLanguage":"pt-BR"},{"@type":"Person","@id":"https:\/\/www.correiobraziliense.com.br\/cbradar\/#\/schema\/person\/4053c651a9bfc785afc6f4cbc9032fd3","name":"Maura Pereira","image":{"@type":"ImageObject","inLanguage":"pt-BR","@id":"https:\/\/www.correiobraziliense.com.br\/cbradar\/#\/schema\/person\/image\/","url":"https:\/\/secure.gravatar.com\/avatar\/3effd6bdadfa447f15089c7f7144eaa6?s=96&d=mm&r=g","contentUrl":"https:\/\/secure.gravatar.com\/avatar\/3effd6bdadfa447f15089c7f7144eaa6?s=96&d=mm&r=g","caption":"Maura Pereira"},"sameAs":["https:\/\/www.correiobraziliense.com.br\/"],"url":"https:\/\/www.correiobraziliense.com.br\/cbradar\/author\/mauramyth\/"}]}},"_links":{"self":[{"href":"https:\/\/www.correiobraziliense.com.br\/cbradar\/wp-json\/wp\/v2\/posts\/82876","targetHints":{"allow":["GET"]}}],"collection":[{"href":"https:\/\/www.correiobraziliense.com.br\/cbradar\/wp-json\/wp\/v2\/posts"}],"about":[{"href":"https:\/\/www.correiobraziliense.com.br\/cbradar\/wp-json\/wp\/v2\/types\/post"}],"author":[{"embeddable":true,"href":"https:\/\/www.correiobraziliense.com.br\/cbradar\/wp-json\/wp\/v2\/users\/8"}],"replies":[{"embeddable":true,"href":"https:\/\/www.correiobraziliense.com.br\/cbradar\/wp-json\/wp\/v2\/comments?post=82876"}],"version-history":[{"count":17,"href":"https:\/\/www.correiobraziliense.com.br\/cbradar\/wp-json\/wp\/v2\/posts\/82876\/revisions"}],"predecessor-version":[{"id":83226,"href":"https:\/\/www.correiobraziliense.com.br\/cbradar\/wp-json\/wp\/v2\/posts\/82876\/revisions\/83226"}],"wp:featuredmedia":[{"embeddable":true,"href":"https:\/\/www.correiobraziliense.com.br\/cbradar\/wp-json\/wp\/v2\/media\/83204"}],"wp:attachment":[{"href":"https:\/\/www.correiobraziliense.com.br\/cbradar\/wp-json\/wp\/v2\/media?parent=82876"}],"wp:term":[{"taxonomy":"category","embeddable":true,"href":"https:\/\/www.correiobraziliense.com.br\/cbradar\/wp-json\/wp\/v2\/categories?post=82876"},{"taxonomy":"post_tag","embeddable":true,"href":"https:\/\/www.correiobraziliense.com.br\/cbradar\/wp-json\/wp\/v2\/tags?post=82876"}],"curies":[{"name":"wp","href":"https:\/\/api.w.org\/{rel}","templated":true}]}}