{"id":83032,"date":"2025-08-09T18:13:00","date_gmt":"2025-08-09T21:13:00","guid":{"rendered":"https:\/\/www.correiobraziliense.com.br\/cbradar\/?p=83032"},"modified":"2025-08-08T13:35:41","modified_gmt":"2025-08-08T16:35:41","slug":"o-que-acontece-com-seu-corpo-a-medida-que-voce-envelhece","status":"publish","type":"post","link":"https:\/\/www.correiobraziliense.com.br\/cbradar\/o-que-acontece-com-seu-corpo-a-medida-que-voce-envelhece\/","title":{"rendered":"O que acontece com seu corpo \u00e0 medida que voc\u00ea envelhece?"},"content":{"rendered":"\n<p>O <strong>envelhecimento<\/strong> \u00e9 um processo natural que afeta todos os seres vivos, mas o que realmente sabemos sobre ele? Este artigo traz insights valiosos sobre as transforma\u00e7\u00f5es que ocorrem em nosso corpo e mente \u00e0 medida que envelhecemos.<\/p>\n\n\n\n<ul class=\"wp-block-list\">\n<li><strong>Causas do Envelhecimento:<\/strong> Entenda como a degrada\u00e7\u00e3o celular impacta nosso organismo.<\/li>\n\n\n\n<li><strong>Mudan\u00e7as F\u00edsicas e Mentais:<\/strong> Descubra as altera\u00e7\u00f5es que ocorrem com o passar dos anos.<\/li>\n\n\n\n<li><strong>Como Lidar com o Envelhecimento:<\/strong> Pr\u00e1ticas e h\u00e1bitos que podem desacelerar esse processo.<\/li>\n<\/ul>\n\n\n\n<h2 class=\"wp-block-heading\">O que causa o envelhecimento?<\/h2>\n\n\n\n<p>A longo prazo, todas as c\u00e9lulas do corpo acabam por se <strong>deteriorar<\/strong> e morrer. Com o passar dos anos, as divis\u00f5es celulares ficam mais lentas, prejudicando a efici\u00eancia dessas c\u00e9lulas. As membranas celulares enrijecem, impactando o fluxo de nutrientes e oxig\u00eanio. Danos corporais demoram para sarar, e \u00f3rg\u00e3os perdem efici\u00eancia.<\/p>\n\n\n\n<p>O que chamamos de <strong>envelhecimento<\/strong> \u00e9, em grande parte, resultado do dano acumulado a c\u00e9lulas e mol\u00e9culas, como o DNA, ao longo do tempo.<\/p>\n\n\n\n<h2 class=\"wp-block-heading\">Por que nossa pele fica enrugada com a idade?<\/h2>\n\n\n\n<p>\u00c0 medida que envelhecemos, uma das mudan\u00e7as mais vis\u00edveis ocorre na<strong> pele<\/strong>. Rugas aparecem, especialmente ao redor dos olhos, boca e testa. A pele se torna menos el\u00e1stica, come\u00e7a a ceder e formar pregas.<\/p>\n\n\n\n<p>Fatores externos como polui\u00e7\u00e3o, cigarro e raios ultravioletas do sol podem acelerar o aparecimento de rugas.<\/p>\n\n\n\n<h2 class=\"wp-block-heading\">Como a audi\u00e7\u00e3o e a vis\u00e3o s\u00e3o afetadas pelo envelhecimento?<\/h2>\n\n\n\n<p>Altera\u00e7\u00f5es na <strong>audi\u00e7\u00e3o<\/strong> e <strong>vis\u00e3o<\/strong> s\u00e3o comuns com o passar dos anos. A perda auditiva mais frequente \u00e9 a presbiacusia, resultado do desgaste das c\u00e9lulas do ouvido interno. A vis\u00e3o tamb\u00e9m perde qualidade devido a mudan\u00e7as nas gl\u00e2ndulas e na musculatura ocular.<\/p>\n\n\n\n<figure class=\"wp-block-image size-large\"><img decoding=\"async\" width=\"1024\" height=\"576\" src=\"https:\/\/www.correiobraziliense.com.br\/cbradar\/wp-content\/uploads\/2025\/08\/envelhecimento_1754670916528-1024x576.jpg\" alt=\"O que acontece com seu corpo \u00e0 medida que voc\u00ea envelhece?\" class=\"wp-image-83035\" srcset=\"https:\/\/www.correiobraziliense.com.br\/cbradar\/wp-content\/uploads\/2025\/08\/envelhecimento_1754670916528-1024x576.jpg 1024w, https:\/\/www.correiobraziliense.com.br\/cbradar\/wp-content\/uploads\/2025\/08\/envelhecimento_1754670916528-300x169.jpg 300w, https:\/\/www.correiobraziliense.com.br\/cbradar\/wp-content\/uploads\/2025\/08\/envelhecimento_1754670916528-768x432.jpg 768w, https:\/\/www.correiobraziliense.com.br\/cbradar\/wp-content\/uploads\/2025\/08\/envelhecimento_1754670916528-750x422.jpg 750w, https:\/\/www.correiobraziliense.com.br\/cbradar\/wp-content\/uploads\/2025\/08\/envelhecimento_1754670916528-1140x641.jpg 1140w, https:\/\/www.correiobraziliense.com.br\/cbradar\/wp-content\/uploads\/2025\/08\/envelhecimento_1754670916528.jpg 1280w\" sizes=\"(max-width: 1024px) 100vw, 1024px\" \/><figcaption class=\"wp-element-caption\">envelhecimento. Cr\u00e9ditos: depositphotos.com \/ Mayerberg<\/figcaption><\/figure>\n\n\n\n<h2 class=\"wp-block-heading\">O envelhecimento acelera em certas idades?<\/h2>\n\n\n\n<p>Embora o <strong>processo de envelhecimento<\/strong> seja cont\u00ednuo, h\u00e1 per\u00edodos de acelera\u00e7\u00e3o perceb\u00edveis, como por volta dos 34, 60 e 78 anos &#8211; com mudan\u00e7as significativas em termos de sa\u00fade geral.<\/p>\n\n\n\n<h2 class=\"wp-block-heading\">Existe uma maneira de reverter ou parar o envelhecimento?<\/h2>\n\n\n\n<p>Embora n\u00e3o possamos impedir totalmente o <strong>envelhecimento<\/strong>, certos h\u00e1bitos saud\u00e1veis podem retardar algumas de suas manifesta\u00e7\u00f5es: exerc\u00edcios aer\u00f3bicos, dieta balanceada e treinamentos de for\u00e7a s\u00e3o aliados poderosos.<\/p>\n\n\n\n<p>Curiosamente, algumas pesquisas sugerem que mol\u00e9culas ou medicamentos podem desacelerar parcialmente o processo, mas s\u00e3o necess\u00e1rios mais estudos para firmar essas hip\u00f3teses.<\/p>\n\n\n\n<h2 class=\"wp-block-heading\">Principais aprendizados e insights<\/h2>\n\n\n\n<ul class=\"wp-block-list\">\n<li>A <strong>degrada\u00e7\u00e3o celular<\/strong> \u00e9 central para entender o envelhecimento.<\/li>\n\n\n\n<li>Mudan\u00e7as s\u00e3o inevit\u00e1veis, mas podemos minimizar seus impactos com h\u00e1bitos saud\u00e1veis.<\/li>\n\n\n\n<li>Embora a ci\u00eancia avance, ainda n\u00e3o h\u00e1 solu\u00e7\u00e3o definitiva para parar o envelhecimento.<\/li>\n<\/ul>\n\n\n\n<p><strong>Leia tamb\u00e9m:<\/strong> <a href=\"https:\/\/www.correiobraziliense.com.br\/cbradar\/a-planta-antienvelhecimento-que-salva-sua-pele-facil-de-plantar-em-casa\/\" target=\"_blank\" rel=\"noreferrer noopener\">A planta antienvelhecimento que salva sua pele f\u00e1cil de plantar em casa<\/a><\/p>\n\n\n\n<p>Adotar pr\u00e1ticas saud\u00e1veis transforma nossa rela\u00e7\u00e3o com o envelhecimento, garantindo qualidade de vida em cada fase.<\/p>\n","protected":false},"excerpt":{"rendered":"<p>Conhe\u00e7a os mist\u00e9rios do envelhecimento, desde suas causas biol\u00f3gicas at\u00e9 dicas para envelhecer com sa\u00fade. Descubra como seus h\u00e1bitos impactam o processo!<\/p>\n","protected":false},"author":3,"featured_media":83034,"comment_status":"open","ping_status":"open","sticky":false,"template":"","format":"standard","meta":{"_yoast_wpseo_focuskw":"corpo envelhecimento","_yoast_wpseo_title":"%%title%%","_yoast_wpseo_metadesc":"Conhe\u00e7a os mist\u00e9rios do envelhecimento, desde suas causas biol\u00f3gicas at\u00e9 dicas para envelhecer com sa\u00fade. Descubra como seus h\u00e1bitos impactam o processo!","jnews-multi-image_gallery":[],"jnews_single_post":{"format":"standard"},"jnews_primary_category":[],"jnews_social_meta":[],"jnews_override_counter":[],"footnotes":""},"categories":[112],"tags":[144,1225],"class_list":["post-83032","post","type-post","status-publish","format-standard","has-post-thumbnail","hentry","category-curiosidades","tag-curiosidades","tag-envelhecimento"],"yoast_head":"<!-- This site is optimized with the Yoast SEO plugin v24.6 - https:\/\/yoast.com\/wordpress\/plugins\/seo\/ -->\n<title>O que acontece com seu corpo \u00e0 medida que voc\u00ea envelhece?<\/title>\n<meta name=\"description\" content=\"Conhe\u00e7a os mist\u00e9rios do envelhecimento, desde suas causas biol\u00f3gicas at\u00e9 dicas para envelhecer com sa\u00fade. Descubra como seus h\u00e1bitos impactam o processo!\" \/>\n<meta name=\"robots\" content=\"index, follow, max-snippet:-1, max-image-preview:large, max-video-preview:-1\" \/>\n<link rel=\"canonical\" href=\"https:\/\/www.correiobraziliense.com.br\/cbradar\/o-que-acontece-com-seu-corpo-a-medida-que-voce-envelhece\/\" \/>\n<meta property=\"og:locale\" content=\"pt_BR\" \/>\n<meta property=\"og:type\" content=\"article\" \/>\n<meta property=\"og:title\" content=\"O que acontece com seu corpo \u00e0 medida que voc\u00ea envelhece?\" \/>\n<meta property=\"og:description\" content=\"Conhe\u00e7a os mist\u00e9rios do envelhecimento, desde suas causas biol\u00f3gicas at\u00e9 dicas para envelhecer com sa\u00fade. Descubra como seus h\u00e1bitos impactam o processo!\" \/>\n<meta property=\"og:url\" content=\"https:\/\/www.correiobraziliense.com.br\/cbradar\/o-que-acontece-com-seu-corpo-a-medida-que-voce-envelhece\/\" \/>\n<meta property=\"og:site_name\" content=\"Correio Braziliense - Radar\" \/>\n<meta property=\"article:published_time\" content=\"2025-08-09T21:13:00+00:00\" \/>\n<meta property=\"og:image\" content=\"https:\/\/www.correiobraziliense.com.br\/cbradar\/wp-content\/uploads\/2025\/08\/envelhecimento_1754670430018.jpg\" \/>\n\t<meta property=\"og:image:width\" content=\"1280\" \/>\n\t<meta property=\"og:image:height\" content=\"720\" \/>\n\t<meta property=\"og:image:type\" content=\"image\/jpeg\" \/>\n<meta name=\"author\" content=\"Larissa Carvalho\" \/>\n<meta name=\"twitter:card\" content=\"summary_large_image\" \/>\n<meta name=\"twitter:label1\" content=\"Escrito por\" \/>\n\t<meta name=\"twitter:data1\" content=\"Larissa Carvalho\" \/>\n\t<meta name=\"twitter:label2\" content=\"Est. tempo de leitura\" \/>\n\t<meta name=\"twitter:data2\" content=\"3 minutos\" \/>\n<!-- \/ Yoast SEO plugin. -->","yoast_head_json":{"title":"O que acontece com seu corpo \u00e0 medida que voc\u00ea envelhece?","description":"Conhe\u00e7a os mist\u00e9rios do envelhecimento, desde suas causas biol\u00f3gicas at\u00e9 dicas para envelhecer com sa\u00fade. Descubra como seus h\u00e1bitos impactam o processo!","robots":{"index":"index","follow":"follow","max-snippet":"max-snippet:-1","max-image-preview":"max-image-preview:large","max-video-preview":"max-video-preview:-1"},"canonical":"https:\/\/www.correiobraziliense.com.br\/cbradar\/o-que-acontece-com-seu-corpo-a-medida-que-voce-envelhece\/","og_locale":"pt_BR","og_type":"article","og_title":"O que acontece com seu corpo \u00e0 medida que voc\u00ea envelhece?","og_description":"Conhe\u00e7a os mist\u00e9rios do envelhecimento, desde suas causas biol\u00f3gicas at\u00e9 dicas para envelhecer com sa\u00fade. Descubra como seus h\u00e1bitos impactam o processo!","og_url":"https:\/\/www.correiobraziliense.com.br\/cbradar\/o-que-acontece-com-seu-corpo-a-medida-que-voce-envelhece\/","og_site_name":"Correio Braziliense - Radar","article_published_time":"2025-08-09T21:13:00+00:00","og_image":[{"width":1280,"height":720,"url":"https:\/\/www.correiobraziliense.com.br\/cbradar\/wp-content\/uploads\/2025\/08\/envelhecimento_1754670430018.jpg","type":"image\/jpeg"}],"author":"Larissa Carvalho","twitter_card":"summary_large_image","twitter_misc":{"Escrito por":"Larissa Carvalho","Est. tempo de leitura":"3 minutos"},"schema":{"@context":"https:\/\/schema.org","@graph":[{"@type":"WebPage","@id":"https:\/\/www.correiobraziliense.com.br\/cbradar\/o-que-acontece-com-seu-corpo-a-medida-que-voce-envelhece\/","url":"https:\/\/www.correiobraziliense.com.br\/cbradar\/o-que-acontece-com-seu-corpo-a-medida-que-voce-envelhece\/","name":"O que acontece com seu corpo \u00e0 medida que voc\u00ea envelhece?","isPartOf":{"@id":"https:\/\/www.correiobraziliense.com.br\/cbradar\/#website"},"primaryImageOfPage":{"@id":"https:\/\/www.correiobraziliense.com.br\/cbradar\/o-que-acontece-com-seu-corpo-a-medida-que-voce-envelhece\/#primaryimage"},"image":{"@id":"https:\/\/www.correiobraziliense.com.br\/cbradar\/o-que-acontece-com-seu-corpo-a-medida-que-voce-envelhece\/#primaryimage"},"thumbnailUrl":"https:\/\/www.correiobraziliense.com.br\/cbradar\/wp-content\/uploads\/2025\/08\/envelhecimento_1754670430018.jpg","datePublished":"2025-08-09T21:13:00+00:00","author":{"@id":"https:\/\/www.correiobraziliense.com.br\/cbradar\/#\/schema\/person\/58422787644df994b53a19d3e56c1513"},"description":"Conhe\u00e7a os mist\u00e9rios do envelhecimento, desde suas causas biol\u00f3gicas at\u00e9 dicas para envelhecer com sa\u00fade. Descubra como seus h\u00e1bitos impactam o processo!","breadcrumb":{"@id":"https:\/\/www.correiobraziliense.com.br\/cbradar\/o-que-acontece-com-seu-corpo-a-medida-que-voce-envelhece\/#breadcrumb"},"inLanguage":"pt-BR","potentialAction":[{"@type":"ReadAction","target":["https:\/\/www.correiobraziliense.com.br\/cbradar\/o-que-acontece-com-seu-corpo-a-medida-que-voce-envelhece\/"]}]},{"@type":"ImageObject","inLanguage":"pt-BR","@id":"https:\/\/www.correiobraziliense.com.br\/cbradar\/o-que-acontece-com-seu-corpo-a-medida-que-voce-envelhece\/#primaryimage","url":"https:\/\/www.correiobraziliense.com.br\/cbradar\/wp-content\/uploads\/2025\/08\/envelhecimento_1754670430018.jpg","contentUrl":"https:\/\/www.correiobraziliense.com.br\/cbradar\/wp-content\/uploads\/2025\/08\/envelhecimento_1754670430018.jpg","width":1280,"height":720,"caption":"envelhecimento. Cr\u00e9ditos: depositphotos.com \/ AntonLozovoy"},{"@type":"BreadcrumbList","@id":"https:\/\/www.correiobraziliense.com.br\/cbradar\/o-que-acontece-com-seu-corpo-a-medida-que-voce-envelhece\/#breadcrumb","itemListElement":[{"@type":"ListItem","position":1,"name":"In\u00edcio","item":"https:\/\/www.correiobraziliense.com.br\/cbradar\/"},{"@type":"ListItem","position":2,"name":"O que acontece com seu corpo \u00e0 medida que voc\u00ea envelhece?"}]},{"@type":"WebSite","@id":"https:\/\/www.correiobraziliense.com.br\/cbradar\/#website","url":"https:\/\/www.correiobraziliense.com.br\/cbradar\/","name":"Correio Braziliense - Radar","description":"Acompanhe as \u00faltimas not\u00edcias e fique bem informado sobre tudo o que acontece no Brasil e no mundo.","potentialAction":[{"@type":"SearchAction","target":{"@type":"EntryPoint","urlTemplate":"https:\/\/www.correiobraziliense.com.br\/cbradar\/?s={search_term_string}"},"query-input":{"@type":"PropertyValueSpecification","valueRequired":true,"valueName":"search_term_string"}}],"inLanguage":"pt-BR"},{"@type":"Person","@id":"https:\/\/www.correiobraziliense.com.br\/cbradar\/#\/schema\/person\/58422787644df994b53a19d3e56c1513","name":"Larissa Carvalho","image":{"@type":"ImageObject","inLanguage":"pt-BR","@id":"https:\/\/www.correiobraziliense.com.br\/cbradar\/#\/schema\/person\/image\/","url":"https:\/\/secure.gravatar.com\/avatar\/fe4f91a0de32b52a838d0d612abdc1aa?s=96&d=mm&r=g","contentUrl":"https:\/\/secure.gravatar.com\/avatar\/fe4f91a0de32b52a838d0d612abdc1aa?s=96&d=mm&r=g","caption":"Larissa Carvalho"},"url":"https:\/\/www.correiobraziliense.com.br\/cbradar\/author\/larissamyth\/"}]}},"_links":{"self":[{"href":"https:\/\/www.correiobraziliense.com.br\/cbradar\/wp-json\/wp\/v2\/posts\/83032","targetHints":{"allow":["GET"]}}],"collection":[{"href":"https:\/\/www.correiobraziliense.com.br\/cbradar\/wp-json\/wp\/v2\/posts"}],"about":[{"href":"https:\/\/www.correiobraziliense.com.br\/cbradar\/wp-json\/wp\/v2\/types\/post"}],"author":[{"embeddable":true,"href":"https:\/\/www.correiobraziliense.com.br\/cbradar\/wp-json\/wp\/v2\/users\/3"}],"replies":[{"embeddable":true,"href":"https:\/\/www.correiobraziliense.com.br\/cbradar\/wp-json\/wp\/v2\/comments?post=83032"}],"version-history":[{"count":2,"href":"https:\/\/www.correiobraziliense.com.br\/cbradar\/wp-json\/wp\/v2\/posts\/83032\/revisions"}],"predecessor-version":[{"id":83036,"href":"https:\/\/www.correiobraziliense.com.br\/cbradar\/wp-json\/wp\/v2\/posts\/83032\/revisions\/83036"}],"wp:featuredmedia":[{"embeddable":true,"href":"https:\/\/www.correiobraziliense.com.br\/cbradar\/wp-json\/wp\/v2\/media\/83034"}],"wp:attachment":[{"href":"https:\/\/www.correiobraziliense.com.br\/cbradar\/wp-json\/wp\/v2\/media?parent=83032"}],"wp:term":[{"taxonomy":"category","embeddable":true,"href":"https:\/\/www.correiobraziliense.com.br\/cbradar\/wp-json\/wp\/v2\/categories?post=83032"},{"taxonomy":"post_tag","embeddable":true,"href":"https:\/\/www.correiobraziliense.com.br\/cbradar\/wp-json\/wp\/v2\/tags?post=83032"}],"curies":[{"name":"wp","href":"https:\/\/api.w.org\/{rel}","templated":true}]}}