{"id":83067,"date":"2025-08-11T20:53:00","date_gmt":"2025-08-11T23:53:00","guid":{"rendered":"https:\/\/www.correiobraziliense.com.br\/cbradar\/?p=83067"},"modified":"2025-08-08T15:13:43","modified_gmt":"2025-08-08T18:13:43","slug":"essa-fruta-fortalece-musculos-e-ossos-durante-o-envelhecimento","status":"publish","type":"post","link":"https:\/\/www.correiobraziliense.com.br\/cbradar\/essa-fruta-fortalece-musculos-e-ossos-durante-o-envelhecimento\/","title":{"rendered":"Essa fruta fortalece m\u00fasculos e ossos durante o envelhecimento"},"content":{"rendered":"\n<p>O envelhecimento traz consigo diversos desafios para a manuten\u00e7\u00e3o da sa\u00fade, especialmente no que diz respeito \u00e0 musculatura e \u00e0 estrutura \u00f3ssea. \u00c0 medida que a idade avan\u00e7a, tornam-se vis\u00edveis as implica\u00e7\u00f5es naturais, como a diminui\u00e7\u00e3o da massa muscular e a fragilidade \u00f3ssea. No entanto, adotar uma alimenta\u00e7\u00e3o rica em nutrientes chave pode ajudar a reduzir esses efeitos, assegurando a vitalidade e for\u00e7a necess\u00e1rias para uma vida ativa.<\/p>\n\n\n\n<p>Uma aliada eficiente na jornada pela sa\u00fade dos m\u00fasculos e ossos \u00e9 a <strong>Ameixa Seca<\/strong>. Ela se destaca por seu potente arsenal de nutrientes que visam combater a degrada\u00e7\u00e3o muscular e promover a sa\u00fade \u00f3ssea. Esta fruta, al\u00e9m de saborosa, tem sido reconhecida por seu efeito positivo, especialmente em indiv\u00edduos que est\u00e3o passando pela menopausa, \u00e9poca cr\u00edtica para a sa\u00fade \u00f3ssea.<\/p>\n\n\n\n<h2 class=\"wp-block-heading\">Qual \u00e9 o impacto da Ameixa Seca na sa\u00fade muscular?<\/h2>\n\n\n<div class=\"wp-block-image\">\n<figure class=\"aligncenter size-large\"><img decoding=\"async\" width=\"1024\" height=\"576\" src=\"https:\/\/www.correiobraziliense.com.br\/cbradar\/wp-content\/uploads\/2025\/07\/ameixas-secas_1751462955575-1024x576.jpg\" alt=\"\" class=\"wp-image-63207\" srcset=\"https:\/\/www.correiobraziliense.com.br\/cbradar\/wp-content\/uploads\/2025\/07\/ameixas-secas_1751462955575-1024x576.jpg 1024w, https:\/\/www.correiobraziliense.com.br\/cbradar\/wp-content\/uploads\/2025\/07\/ameixas-secas_1751462955575-300x169.jpg 300w, https:\/\/www.correiobraziliense.com.br\/cbradar\/wp-content\/uploads\/2025\/07\/ameixas-secas_1751462955575-768x432.jpg 768w, https:\/\/www.correiobraziliense.com.br\/cbradar\/wp-content\/uploads\/2025\/07\/ameixas-secas_1751462955575-750x422.jpg 750w, https:\/\/www.correiobraziliense.com.br\/cbradar\/wp-content\/uploads\/2025\/07\/ameixas-secas_1751462955575-1140x641.jpg 1140w, https:\/\/www.correiobraziliense.com.br\/cbradar\/wp-content\/uploads\/2025\/07\/ameixas-secas_1751462955575.jpg 1280w\" sizes=\"(max-width: 1024px) 100vw, 1024px\" \/><figcaption class=\"wp-element-caption\">Ameixas secas -Cr\u00e9ditos: depositphotos.com \/ iaroshenko.marina.gmail.com<\/figcaption><\/figure><\/div>\n\n\n<p>A ingest\u00e3o de Ameixa Seca pode ser um fator determinante na melhoria da <a href=\"https:\/\/www.gov.br\/saude\/pt-br\" target=\"_blank\" rel=\"noreferrer noopener\">sa\u00fade <\/a>muscular. Ela cont\u00e9m compostos que favorecem a regenera\u00e7\u00e3o e a manuten\u00e7\u00e3o muscular, crucial para aqueles que enfrentam a perda gradual de massa. Estas propriedades combatem eficazmente as inflama\u00e7\u00f5es, uma vez que seus antioxidantes neutralizam os radicais livres que podem danificar as c\u00e9lulas musculares, promovendo, assim, uma fun\u00e7\u00e3o muscular otimizada.<\/p>\n\n\n\n<h2 class=\"wp-block-heading\">Como a Ameixa Seca contribui para a sa\u00fade \u00f3ssea?<\/h2>\n\n\n\n<p>Para o fortalecimento dos ossos, a Ameixa Seca \u00e9 um recurso valioso devido ao seu conte\u00fado nutricional. Notavelmente rica em vitamina K e outros minerais essenciais, como o boro, ela atua significativamente na manuten\u00e7\u00e3o da densidade \u00f3ssea e na preven\u00e7\u00e3o de doen\u00e7as degenerativas como a osteoporose. Al\u00e9m disso, a concentra\u00e7\u00e3o de c\u00e1lcio e magn\u00e9sio complementa esses benef\u00edcios, garantindo que os ossos se mantenham fortes e resistentes ao longo do tempo.<\/p>\n\n\n\n<h2 class=\"wp-block-heading\">Quais s\u00e3o outros benef\u00edcios que a Ameixa Seca oferece?<\/h2>\n\n\n\n<p>Os benef\u00edcios da Ameixa Seca v\u00e3o al\u00e9m de suas capacidades de suporte a m\u00fasculos e ossos. Ela \u00e9 eficaz no gerenciamento dos n\u00edveis de colesterol, desempenhando um papel na <a href=\"https:\/\/www.correiobraziliense.com.br\/cbradar\/anvisa-alerta-preocupante-sobre-uso-de-alisantes-capilares\/\" target=\"_blank\" rel=\"noreferrer noopener\">sa\u00fade <\/a>cardiovascular. Seu alto teor de fibras auxilia na digest\u00e3o suave e pode ajudar a aliviar pris\u00f5es de ventre. Isso sem mencionar o controle do apetite proporcionado, que pode ser \u00fatil na gest\u00e3o do peso corporal. A Ameixa Seca tamb\u00e9m fornece uma fonte de ferro, contribuindo para a preven\u00e7\u00e3o de anemias.<\/p>\n\n\n\n<h2 class=\"wp-block-heading\">Quais s\u00e3o as formas de incorporar a Ameixa Seca na dieta?<\/h2>\n\n\n\n<p>Uma das grandes vantagens da Ameixa Seca \u00e9 a sua versatilidade, permitindo diversas formas de consumo. Pode ser degustada isoladamente ou adicionar um toque nutritivo a iogurtes, cereais e saladas. Em receitas, ela funciona bem quando incorporada a molhos, tortas e doces. Beber \u00e1gua de ameixa, preparada ao deixar as frutas imersas durante a noite, \u00e9 outra forma popular de consumo. Garantir a ingest\u00e3o adequada de l\u00edquidos ajuda a maximizar os benef\u00edcios das fibras, facilitando a digest\u00e3o.<\/p>\n\n\n\n<p>Integrar a ameixa seca na alimenta\u00e7\u00e3o di\u00e1ria pode, sem d\u00favida, ser uma estrat\u00e9gia eficaz na promo\u00e7\u00e3o de uma vida mais saud\u00e1vel, preservando tanto a fun\u00e7\u00e3o muscular quanto a for\u00e7a \u00f3ssea. Com seus diversos benef\u00edcios de sa\u00fade comprovados, essa pequena fruta se destaca como uma op\u00e7\u00e3o s\u00e1bia para aqueles que buscam maneiras naturais de cuidar do corpo \u00e0 medida que envelhecem.<\/p>\n\n\n<a href=\"https:\/\/www.instagram.com\/dra.annaluisabf\/\" target=\"_blank\" rel=\"noopener\" style=\"text-decoration: none; color: inherit;\">\n    <span style=\"display: inline-block; border: 1px solid #ccc; border-radius: 10px; padding: 15px; max-width: 550px; font-family: sans-serif; box-shadow: 0 2px 5px rgba(0,0,0,0.1); width: 100%;\">\n\n      <!-- T\u00edtulo -->\n      <span style=\"display: block; margin: 0 0 15px 0; font-weight: bold; color: #2c3e50; text-align: center;\">\n        Entre em contato:\n      <\/span>\n\n      <!-- Linha do perfil -->\n      <span style=\"display: flex; align-items: center; gap: 15px;\">\n        <img decoding=\"async\"\n          src=\"https:\/\/www.correiobraziliense.com.br\/cbradar\/wp-content\/uploads\/2025\/08\/dra_anna_luisa.jpeg\"\n          alt=\"Foto da Dra. Anna Lu\u00edsa\"\n          style=\"border-radius: 50%; width: 80px; height: 80px; object-fit: cover;\"\n        \/>\n        <span style=\"display: flex; flex-direction: column;\">\n          <span style=\"font-size: 18px; font-weight: 700; color: #2c3e50;\">Dra. Anna Lu\u00edsa Barbosa Fernandes<\/span>\n          <span style=\"color: #555;\">CRM-GO 33.271<\/span>\n        <\/span>\n      <\/span>\n\n      <!-- Redes -->\n      <span style=\"display: flex; align-items: center; gap: 10px; margin-top: 12px;\">\n        <img decoding=\"async\" src=\"https:\/\/cdn-icons-png.flaticon.com\/24\/1384\/1384063.png\" alt=\"Instagram\" width=\"24\" height=\"24\" \/>\n        <span style=\"text-decoration: underline; color: #2c3e50;\">@dra.annaluisabf<\/span>\n      <\/span>\n\n    <\/span>\n  <\/a>\n\n\n<p><\/p>\n","protected":false},"excerpt":{"rendered":"<p>O envelhecimento traz consigo diversos desafios para a manuten\u00e7\u00e3o da sa\u00fade, especialmente no que diz respeito \u00e0 musculatura e \u00e0 estrutura \u00f3ssea. \u00c0 medida que a idade avan\u00e7a, tornam-se vis\u00edveis as implica\u00e7\u00f5es naturais, como a diminui\u00e7\u00e3o da massa muscular e a fragilidade \u00f3ssea. No entanto, adotar uma alimenta\u00e7\u00e3o rica em nutrientes chave pode ajudar a [&hellip;]<\/p>\n","protected":false},"author":14,"featured_media":39435,"comment_status":"open","ping_status":"open","sticky":false,"template":"","format":"standard","meta":{"_yoast_wpseo_focuskw":"Ameixa Seca","_yoast_wpseo_title":"","_yoast_wpseo_metadesc":"Entenda por que a ameixa seca \u00e9 indicada na menopausa para prevenir osteoporose e perda muscular. Conhe\u00e7a seus efeitos e como consumir.","jnews-multi-image_gallery":[],"jnews_single_post":{"format":"standard"},"jnews_primary_category":[],"jnews_social_meta":[],"jnews_override_counter":[],"footnotes":""},"categories":[4404],"tags":[281,120,1488,1318],"class_list":["post-83067","post","type-post","status-publish","format-standard","has-post-thumbnail","hentry","category-saude","tag-alimentacao","tag-bem-estar","tag-dieta","tag-saude-2"],"yoast_head":"<!-- This site is optimized with the Yoast SEO plugin v24.6 - https:\/\/yoast.com\/wordpress\/plugins\/seo\/ -->\n<title>Essa fruta fortalece m\u00fasculos e ossos durante o envelhecimento - Correio Braziliense - Radar<\/title>\n<meta name=\"description\" content=\"Entenda por que a ameixa seca \u00e9 indicada na menopausa para prevenir osteoporose e perda muscular. Conhe\u00e7a seus efeitos e como consumir.\" \/>\n<meta name=\"robots\" content=\"index, follow, max-snippet:-1, max-image-preview:large, max-video-preview:-1\" \/>\n<link rel=\"canonical\" href=\"https:\/\/www.correiobraziliense.com.br\/cbradar\/essa-fruta-fortalece-musculos-e-ossos-durante-o-envelhecimento\/\" \/>\n<meta property=\"og:locale\" content=\"pt_BR\" \/>\n<meta property=\"og:type\" content=\"article\" \/>\n<meta property=\"og:title\" content=\"Essa fruta fortalece m\u00fasculos e ossos durante o envelhecimento - Correio Braziliense - Radar\" \/>\n<meta property=\"og:description\" content=\"Entenda por que a ameixa seca \u00e9 indicada na menopausa para prevenir osteoporose e perda muscular. Conhe\u00e7a seus efeitos e como consumir.\" \/>\n<meta property=\"og:url\" content=\"https:\/\/www.correiobraziliense.com.br\/cbradar\/essa-fruta-fortalece-musculos-e-ossos-durante-o-envelhecimento\/\" \/>\n<meta property=\"og:site_name\" content=\"Correio Braziliense - Radar\" \/>\n<meta property=\"article:published_time\" content=\"2025-08-11T23:53:00+00:00\" \/>\n<meta property=\"og:image\" content=\"https:\/\/www.correiobraziliense.com.br\/cbradar\/wp-content\/uploads\/2025\/05\/ameixa-seca_1747673758261.jpg\" \/>\n\t<meta property=\"og:image:width\" content=\"1280\" \/>\n\t<meta property=\"og:image:height\" content=\"720\" \/>\n\t<meta property=\"og:image:type\" content=\"image\/jpeg\" \/>\n<meta name=\"author\" content=\"guilherme_saude\" \/>\n<meta name=\"twitter:card\" content=\"summary_large_image\" \/>\n<meta name=\"twitter:label1\" content=\"Escrito por\" \/>\n\t<meta name=\"twitter:data1\" content=\"guilherme_saude\" \/>\n\t<meta name=\"twitter:label2\" content=\"Est. tempo de leitura\" \/>\n\t<meta name=\"twitter:data2\" content=\"4 minutos\" \/>\n<!-- \/ Yoast SEO plugin. -->","yoast_head_json":{"title":"Essa fruta fortalece m\u00fasculos e ossos durante o envelhecimento - Correio Braziliense - Radar","description":"Entenda por que a ameixa seca \u00e9 indicada na menopausa para prevenir osteoporose e perda muscular. Conhe\u00e7a seus efeitos e como consumir.","robots":{"index":"index","follow":"follow","max-snippet":"max-snippet:-1","max-image-preview":"max-image-preview:large","max-video-preview":"max-video-preview:-1"},"canonical":"https:\/\/www.correiobraziliense.com.br\/cbradar\/essa-fruta-fortalece-musculos-e-ossos-durante-o-envelhecimento\/","og_locale":"pt_BR","og_type":"article","og_title":"Essa fruta fortalece m\u00fasculos e ossos durante o envelhecimento - Correio Braziliense - Radar","og_description":"Entenda por que a ameixa seca \u00e9 indicada na menopausa para prevenir osteoporose e perda muscular. Conhe\u00e7a seus efeitos e como consumir.","og_url":"https:\/\/www.correiobraziliense.com.br\/cbradar\/essa-fruta-fortalece-musculos-e-ossos-durante-o-envelhecimento\/","og_site_name":"Correio Braziliense - Radar","article_published_time":"2025-08-11T23:53:00+00:00","og_image":[{"width":1280,"height":720,"url":"https:\/\/www.correiobraziliense.com.br\/cbradar\/wp-content\/uploads\/2025\/05\/ameixa-seca_1747673758261.jpg","type":"image\/jpeg"}],"author":"guilherme_saude","twitter_card":"summary_large_image","twitter_misc":{"Escrito por":"guilherme_saude","Est. tempo de leitura":"4 minutos"},"schema":{"@context":"https:\/\/schema.org","@graph":[{"@type":"WebPage","@id":"https:\/\/www.correiobraziliense.com.br\/cbradar\/essa-fruta-fortalece-musculos-e-ossos-durante-o-envelhecimento\/","url":"https:\/\/www.correiobraziliense.com.br\/cbradar\/essa-fruta-fortalece-musculos-e-ossos-durante-o-envelhecimento\/","name":"Essa fruta fortalece m\u00fasculos e ossos durante o envelhecimento - Correio Braziliense - Radar","isPartOf":{"@id":"https:\/\/www.correiobraziliense.com.br\/cbradar\/#website"},"primaryImageOfPage":{"@id":"https:\/\/www.correiobraziliense.com.br\/cbradar\/essa-fruta-fortalece-musculos-e-ossos-durante-o-envelhecimento\/#primaryimage"},"image":{"@id":"https:\/\/www.correiobraziliense.com.br\/cbradar\/essa-fruta-fortalece-musculos-e-ossos-durante-o-envelhecimento\/#primaryimage"},"thumbnailUrl":"https:\/\/www.correiobraziliense.com.br\/cbradar\/wp-content\/uploads\/2025\/05\/ameixa-seca_1747673758261.jpg","datePublished":"2025-08-11T23:53:00+00:00","author":{"@id":"https:\/\/www.correiobraziliense.com.br\/cbradar\/#\/schema\/person\/5aa4bf3c8fa699c267933611de12978b"},"description":"Entenda por que a ameixa seca \u00e9 indicada na menopausa para prevenir osteoporose e perda muscular. Conhe\u00e7a seus efeitos e como consumir.","breadcrumb":{"@id":"https:\/\/www.correiobraziliense.com.br\/cbradar\/essa-fruta-fortalece-musculos-e-ossos-durante-o-envelhecimento\/#breadcrumb"},"inLanguage":"pt-BR","potentialAction":[{"@type":"ReadAction","target":["https:\/\/www.correiobraziliense.com.br\/cbradar\/essa-fruta-fortalece-musculos-e-ossos-durante-o-envelhecimento\/"]}]},{"@type":"ImageObject","inLanguage":"pt-BR","@id":"https:\/\/www.correiobraziliense.com.br\/cbradar\/essa-fruta-fortalece-musculos-e-ossos-durante-o-envelhecimento\/#primaryimage","url":"https:\/\/www.correiobraziliense.com.br\/cbradar\/wp-content\/uploads\/2025\/05\/ameixa-seca_1747673758261.jpg","contentUrl":"https:\/\/www.correiobraziliense.com.br\/cbradar\/wp-content\/uploads\/2025\/05\/ameixa-seca_1747673758261.jpg","width":1280,"height":720,"caption":"benef\u00edcios da ameixa seca - Cr\u00e9ditos: depositphotos.com \/ valery121283"},{"@type":"BreadcrumbList","@id":"https:\/\/www.correiobraziliense.com.br\/cbradar\/essa-fruta-fortalece-musculos-e-ossos-durante-o-envelhecimento\/#breadcrumb","itemListElement":[{"@type":"ListItem","position":1,"name":"In\u00edcio","item":"https:\/\/www.correiobraziliense.com.br\/cbradar\/"},{"@type":"ListItem","position":2,"name":"Essa fruta fortalece m\u00fasculos e ossos durante o envelhecimento"}]},{"@type":"WebSite","@id":"https:\/\/www.correiobraziliense.com.br\/cbradar\/#website","url":"https:\/\/www.correiobraziliense.com.br\/cbradar\/","name":"Correio Braziliense - Radar","description":"Acompanhe as \u00faltimas not\u00edcias e fique bem informado sobre tudo o que acontece no Brasil e no mundo.","potentialAction":[{"@type":"SearchAction","target":{"@type":"EntryPoint","urlTemplate":"https:\/\/www.correiobraziliense.com.br\/cbradar\/?s={search_term_string}"},"query-input":{"@type":"PropertyValueSpecification","valueRequired":true,"valueName":"search_term_string"}}],"inLanguage":"pt-BR"},{"@type":"Person","@id":"https:\/\/www.correiobraziliense.com.br\/cbradar\/#\/schema\/person\/5aa4bf3c8fa699c267933611de12978b","name":"guilherme_saude","image":{"@type":"ImageObject","inLanguage":"pt-BR","@id":"https:\/\/www.correiobraziliense.com.br\/cbradar\/#\/schema\/person\/image\/","url":"https:\/\/secure.gravatar.com\/avatar\/df9adfb835d344bc0af109d41756253f?s=96&d=mm&r=g","contentUrl":"https:\/\/secure.gravatar.com\/avatar\/df9adfb835d344bc0af109d41756253f?s=96&d=mm&r=g","caption":"guilherme_saude"},"url":"https:\/\/www.correiobraziliense.com.br\/cbradar\/author\/guilherme_saude\/"}]}},"_links":{"self":[{"href":"https:\/\/www.correiobraziliense.com.br\/cbradar\/wp-json\/wp\/v2\/posts\/83067","targetHints":{"allow":["GET"]}}],"collection":[{"href":"https:\/\/www.correiobraziliense.com.br\/cbradar\/wp-json\/wp\/v2\/posts"}],"about":[{"href":"https:\/\/www.correiobraziliense.com.br\/cbradar\/wp-json\/wp\/v2\/types\/post"}],"author":[{"embeddable":true,"href":"https:\/\/www.correiobraziliense.com.br\/cbradar\/wp-json\/wp\/v2\/users\/14"}],"replies":[{"embeddable":true,"href":"https:\/\/www.correiobraziliense.com.br\/cbradar\/wp-json\/wp\/v2\/comments?post=83067"}],"version-history":[{"count":1,"href":"https:\/\/www.correiobraziliense.com.br\/cbradar\/wp-json\/wp\/v2\/posts\/83067\/revisions"}],"predecessor-version":[{"id":83072,"href":"https:\/\/www.correiobraziliense.com.br\/cbradar\/wp-json\/wp\/v2\/posts\/83067\/revisions\/83072"}],"wp:featuredmedia":[{"embeddable":true,"href":"https:\/\/www.correiobraziliense.com.br\/cbradar\/wp-json\/wp\/v2\/media\/39435"}],"wp:attachment":[{"href":"https:\/\/www.correiobraziliense.com.br\/cbradar\/wp-json\/wp\/v2\/media?parent=83067"}],"wp:term":[{"taxonomy":"category","embeddable":true,"href":"https:\/\/www.correiobraziliense.com.br\/cbradar\/wp-json\/wp\/v2\/categories?post=83067"},{"taxonomy":"post_tag","embeddable":true,"href":"https:\/\/www.correiobraziliense.com.br\/cbradar\/wp-json\/wp\/v2\/tags?post=83067"}],"curies":[{"name":"wp","href":"https:\/\/api.w.org\/{rel}","templated":true}]}}