{"id":83168,"date":"2025-08-09T15:43:29","date_gmt":"2025-08-09T18:43:29","guid":{"rendered":"https:\/\/www.correiobraziliense.com.br\/cbradar\/?p=83168"},"modified":"2025-08-08T18:05:35","modified_gmt":"2025-08-08T21:05:35","slug":"o-que-e-mercurio-retrogrado-e-como-ele-pode-afetar-seu-dia-a-dia","status":"publish","type":"post","link":"https:\/\/www.correiobraziliense.com.br\/cbradar\/o-que-e-mercurio-retrogrado-e-como-ele-pode-afetar-seu-dia-a-dia\/","title":{"rendered":"O que \u00e9 Merc\u00fario retr\u00f3grado e como ele pode afetar seu dia a dia"},"content":{"rendered":"\n<p>O fen\u00f4meno de <strong>Merc\u00fario retr\u00f3grado<\/strong> tem intrigado muitas pessoas. Associa-se a ele uma s\u00e9rie de desafios e incertezas no cotidiano. Mas o que realmente significa esse movimento astrol\u00f3gico?<\/p>\n\n\n\n<ul class=\"wp-block-list\">\n<li><strong>Impacto nas comunica\u00e7\u00f5es<\/strong> e mal-entendidos frequentes.<\/li>\n\n\n\n<li>Problemas inesperados com <strong>tecnologia<\/strong>, como <strong>WhatsApp<\/strong>, <strong>Instagram<\/strong> ou outros aplicativos populares.<\/li>\n\n\n\n<li>Aumento de revis\u00f5es e reavalia\u00e7\u00f5es pessoais.<\/li>\n<\/ul>\n\n\n\n<h2 class=\"wp-block-heading\">Como o merc\u00fario retr\u00f3grado afeta a comunica\u00e7\u00e3o?<\/h2>\n\n\n\n<p>Durante o <strong>Merc\u00fario retr\u00f3grado<\/strong>, muitos relatam dificuldades na comunica\u00e7\u00e3o. Mensagens podem ser interpretadas de maneira errada, e \u00e9 comum ocorrer atrasos nas respostas, principalmente ao utilizar plataformas como <strong>Gmail<\/strong> ou <strong>Zoom<\/strong>.<\/p>\n\n\n\n<p><strong>Aten\u00e7\u00e3o<\/strong>: Revisite suas palavras antes de enviar um e-mail importante!<\/p>\n\n\n\n<h2 class=\"wp-block-heading\">Por que a tecnologia fica inst\u00e1vel?<\/h2>\n\n\n\n<p>Aparentemente, gadgets como <strong>iPhone<\/strong>, <strong>Android<\/strong> ou <strong>Notebook<\/strong> parecem ter uma mente pr\u00f3pria quando Merc\u00fario est\u00e1 retr\u00f3grado. Interrup\u00e7\u00f5es e falhas em sistemas ocorrem frequentemente. Para precaver-se, <strong>fa\u00e7a backups<\/strong> regularmente e evite atualiza\u00e7\u00f5es importantes em sistemas como <strong>Windows<\/strong> durante esse per\u00edodo.<\/p>\n\n\n\n<h2 class=\"wp-block-heading\">\u00c9 indicado tomar decis\u00f5es importantes nesse per\u00edodo?<\/h2>\n\n\n\n<p>A tradi\u00e7\u00e3o sugere evitar decis\u00f5es cruciais enquanto Merc\u00fario est\u00e1 retr\u00f3grado. Este \u00e9 um tempo valioso para refletir e revisitar projetos passados ao inv\u00e9s de iniciar novos.<\/p>\n\n\n\n<p><strong>Dica r\u00e1pida<\/strong>: Use este per\u00edodo para reavaliar e ajustar metas anteriores, especialmente projetos iniciados em datas como <strong>Janeiro<\/strong> ou eventos recentes, por exemplo, o <strong>R\u00e9veillon<\/strong>.<\/p>\n\n\n<div class=\"wp-block-image\">\n<figure class=\"aligncenter size-large\"><img decoding=\"async\" width=\"1024\" height=\"576\" src=\"https:\/\/www.correiobraziliense.com.br\/cbradar\/wp-content\/uploads\/2025\/08\/pessoa-feliz_1754597232338-1024x576.jpg\" alt=\"\" class=\"wp-image-82658\" srcset=\"https:\/\/www.correiobraziliense.com.br\/cbradar\/wp-content\/uploads\/2025\/08\/pessoa-feliz_1754597232338-1024x576.jpg 1024w, https:\/\/www.correiobraziliense.com.br\/cbradar\/wp-content\/uploads\/2025\/08\/pessoa-feliz_1754597232338-300x169.jpg 300w, https:\/\/www.correiobraziliense.com.br\/cbradar\/wp-content\/uploads\/2025\/08\/pessoa-feliz_1754597232338-768x432.jpg 768w, https:\/\/www.correiobraziliense.com.br\/cbradar\/wp-content\/uploads\/2025\/08\/pessoa-feliz_1754597232338-750x422.jpg 750w, https:\/\/www.correiobraziliense.com.br\/cbradar\/wp-content\/uploads\/2025\/08\/pessoa-feliz_1754597232338-1140x641.jpg 1140w, https:\/\/www.correiobraziliense.com.br\/cbradar\/wp-content\/uploads\/2025\/08\/pessoa-feliz_1754597232338.jpg 1280w\" sizes=\"(max-width: 1024px) 100vw, 1024px\" \/><figcaption class=\"wp-element-caption\">Pessoa &#8211; Cr\u00e9ditos: depositphotos.com \/ AndrewLozovyi<\/figcaption><\/figure><\/div>\n\n\n<h2 class=\"wp-block-heading\">Quais os impactos na vida pessoal?<\/h2>\n\n\n\n<p>Relacionamentos tamb\u00e9m n\u00e3o escapam aos efeitos desse fen\u00f4meno. Desentendimentos podem surgir em contextos inesperados, refor\u00e7ando a import\u00e2ncia do di\u00e1logo claro em cidades grandes como <strong>S\u00e3o Paulo<\/strong> ou <strong>Rio de Janeiro<\/strong>, onde o ritmo da vida pode aumentar sentimentos de press\u00e3o.<\/p>\n\n\n\n<p>Leia tamb\u00e9m: <a href=\"https:\/\/www.correiobraziliense.com.br\/cbradar\/18-habitos-cotidianos-que-estao-enchendo-sua-casa-de-desordem\/\" target=\"_blank\" rel=\"noopener\">18 h\u00e1bitos cotidianos que est\u00e3o enchendo sua casa de desordem<\/a><\/p>\n\n\n\n<h2 class=\"wp-block-heading\">Como transformar desafios em oportunidades?<\/h2>\n\n\n\n<p>Em vez de temer o <strong>Merc\u00fario retr\u00f3grado<\/strong>, encare-o como uma fase de replanejamento. Adaptar-se \u00e0s mudan\u00e7as pode trazer insights surpreendentes. H\u00e1 relatos de artistas famosos, como <strong>Taylor Swift<\/strong>, aproveitando esse per\u00edodo para revisar letras e projetos antigos.<\/p>\n\n\n\n<p><strong>Exemplo pr\u00e1tico<\/strong>: Reorganize sua agenda para acomodar imprevistos e estimular a flexibilidade, seja usando um <strong>Google Agenda<\/strong> ou uma simples agenda de papel.<\/p>\n\n\n\n<h2 class=\"wp-block-heading\">Como se manter atento e informado?<\/h2>\n\n\n\n<ul class=\"wp-block-list\">\n<li>Acompanhe o calend\u00e1rio astrol\u00f3gico, como o divulgado pela <strong>Rede Globo<\/strong> ou <strong>Astro.com<\/strong>, para se preparar.<\/li>\n\n\n\n<li>Compreenda os ciclos naturais e suas li\u00e7\u00f5es.<\/li>\n\n\n\n<li>Abrace a oportunidade de reflex\u00e3o interna e crescimento.<\/li>\n<\/ul>\n","protected":false},"excerpt":{"rendered":"<p>O fen\u00f4meno de Merc\u00fario retr\u00f3grado tem intrigado muitas pessoas. Associa-se a ele uma s\u00e9rie de desafios e incertezas no cotidiano. Mas o que realmente significa esse movimento astrol\u00f3gico? Como o merc\u00fario retr\u00f3grado afeta a comunica\u00e7\u00e3o? Durante o Merc\u00fario retr\u00f3grado, muitos relatam dificuldades na comunica\u00e7\u00e3o. Mensagens podem ser interpretadas de maneira errada, e \u00e9 comum ocorrer [&hellip;]<\/p>\n","protected":false},"author":9,"featured_media":82653,"comment_status":"open","ping_status":"open","sticky":false,"template":"","format":"standard","meta":{"_yoast_wpseo_focuskw":"Merc\u00fario retr\u00f3grado","_yoast_wpseo_title":"%%title%% %%page%%","_yoast_wpseo_metadesc":"Problemas no WhatsApp, e-mails confusos e atrasos podem ter uma explica\u00e7\u00e3o astrol\u00f3gica. Entenda o que \u00e9 o Merc\u00fario retr\u00f3grado.","jnews-multi-image_gallery":[],"jnews_single_post":{"format":"standard"},"jnews_primary_category":[],"jnews_social_meta":[],"jnews_override_counter":[],"footnotes":""},"categories":[112],"tags":[120,9149],"class_list":["post-83168","post","type-post","status-publish","format-standard","has-post-thumbnail","hentry","category-curiosidades","tag-bem-estar","tag-mercurio-retrogrado"],"yoast_head":"<!-- This site is optimized with the Yoast SEO plugin v24.6 - https:\/\/yoast.com\/wordpress\/plugins\/seo\/ -->\n<title>O que \u00e9 Merc\u00fario retr\u00f3grado e como ele pode afetar seu dia a dia<\/title>\n<meta name=\"description\" content=\"Problemas no WhatsApp, e-mails confusos e atrasos podem ter uma explica\u00e7\u00e3o astrol\u00f3gica. Entenda o que \u00e9 o Merc\u00fario retr\u00f3grado.\" \/>\n<meta name=\"robots\" content=\"index, follow, max-snippet:-1, max-image-preview:large, max-video-preview:-1\" \/>\n<link rel=\"canonical\" href=\"https:\/\/www.correiobraziliense.com.br\/cbradar\/o-que-e-mercurio-retrogrado-e-como-ele-pode-afetar-seu-dia-a-dia\/\" \/>\n<meta property=\"og:locale\" content=\"pt_BR\" \/>\n<meta property=\"og:type\" content=\"article\" \/>\n<meta property=\"og:title\" content=\"O que \u00e9 Merc\u00fario retr\u00f3grado e como ele pode afetar seu dia a dia\" \/>\n<meta property=\"og:description\" content=\"Problemas no WhatsApp, e-mails confusos e atrasos podem ter uma explica\u00e7\u00e3o astrol\u00f3gica. Entenda o que \u00e9 o Merc\u00fario retr\u00f3grado.\" \/>\n<meta property=\"og:url\" content=\"https:\/\/www.correiobraziliense.com.br\/cbradar\/o-que-e-mercurio-retrogrado-e-como-ele-pode-afetar-seu-dia-a-dia\/\" \/>\n<meta property=\"og:site_name\" content=\"Correio Braziliense - Radar\" \/>\n<meta property=\"article:published_time\" content=\"2025-08-09T18:43:29+00:00\" \/>\n<meta property=\"og:image\" content=\"https:\/\/www.correiobraziliense.com.br\/cbradar\/wp-content\/uploads\/2025\/08\/pessoa-feliz_1754597170032.jpg\" \/>\n\t<meta property=\"og:image:width\" content=\"1280\" \/>\n\t<meta property=\"og:image:height\" content=\"720\" \/>\n\t<meta property=\"og:image:type\" content=\"image\/jpeg\" \/>\n<meta name=\"author\" content=\"Daniely Cardoso\" \/>\n<meta name=\"twitter:card\" content=\"summary_large_image\" \/>\n<meta name=\"twitter:label1\" content=\"Escrito por\" \/>\n\t<meta name=\"twitter:data1\" content=\"Daniely Cardoso\" \/>\n\t<meta name=\"twitter:label2\" content=\"Est. tempo de leitura\" \/>\n\t<meta name=\"twitter:data2\" content=\"3 minutos\" \/>\n<!-- \/ Yoast SEO plugin. -->","yoast_head_json":{"title":"O que \u00e9 Merc\u00fario retr\u00f3grado e como ele pode afetar seu dia a dia","description":"Problemas no WhatsApp, e-mails confusos e atrasos podem ter uma explica\u00e7\u00e3o astrol\u00f3gica. Entenda o que \u00e9 o Merc\u00fario retr\u00f3grado.","robots":{"index":"index","follow":"follow","max-snippet":"max-snippet:-1","max-image-preview":"max-image-preview:large","max-video-preview":"max-video-preview:-1"},"canonical":"https:\/\/www.correiobraziliense.com.br\/cbradar\/o-que-e-mercurio-retrogrado-e-como-ele-pode-afetar-seu-dia-a-dia\/","og_locale":"pt_BR","og_type":"article","og_title":"O que \u00e9 Merc\u00fario retr\u00f3grado e como ele pode afetar seu dia a dia","og_description":"Problemas no WhatsApp, e-mails confusos e atrasos podem ter uma explica\u00e7\u00e3o astrol\u00f3gica. Entenda o que \u00e9 o Merc\u00fario retr\u00f3grado.","og_url":"https:\/\/www.correiobraziliense.com.br\/cbradar\/o-que-e-mercurio-retrogrado-e-como-ele-pode-afetar-seu-dia-a-dia\/","og_site_name":"Correio Braziliense - Radar","article_published_time":"2025-08-09T18:43:29+00:00","og_image":[{"width":1280,"height":720,"url":"https:\/\/www.correiobraziliense.com.br\/cbradar\/wp-content\/uploads\/2025\/08\/pessoa-feliz_1754597170032.jpg","type":"image\/jpeg"}],"author":"Daniely Cardoso","twitter_card":"summary_large_image","twitter_misc":{"Escrito por":"Daniely Cardoso","Est. tempo de leitura":"3 minutos"},"schema":{"@context":"https:\/\/schema.org","@graph":[{"@type":"WebPage","@id":"https:\/\/www.correiobraziliense.com.br\/cbradar\/o-que-e-mercurio-retrogrado-e-como-ele-pode-afetar-seu-dia-a-dia\/","url":"https:\/\/www.correiobraziliense.com.br\/cbradar\/o-que-e-mercurio-retrogrado-e-como-ele-pode-afetar-seu-dia-a-dia\/","name":"O que \u00e9 Merc\u00fario retr\u00f3grado e como ele pode afetar seu dia a dia","isPartOf":{"@id":"https:\/\/www.correiobraziliense.com.br\/cbradar\/#website"},"primaryImageOfPage":{"@id":"https:\/\/www.correiobraziliense.com.br\/cbradar\/o-que-e-mercurio-retrogrado-e-como-ele-pode-afetar-seu-dia-a-dia\/#primaryimage"},"image":{"@id":"https:\/\/www.correiobraziliense.com.br\/cbradar\/o-que-e-mercurio-retrogrado-e-como-ele-pode-afetar-seu-dia-a-dia\/#primaryimage"},"thumbnailUrl":"https:\/\/www.correiobraziliense.com.br\/cbradar\/wp-content\/uploads\/2025\/08\/pessoa-feliz_1754597170032.jpg","datePublished":"2025-08-09T18:43:29+00:00","author":{"@id":"https:\/\/www.correiobraziliense.com.br\/cbradar\/#\/schema\/person\/7356666e12ec0ee53f348ee5db227032"},"description":"Problemas no WhatsApp, e-mails confusos e atrasos podem ter uma explica\u00e7\u00e3o astrol\u00f3gica. Entenda o que \u00e9 o Merc\u00fario retr\u00f3grado.","breadcrumb":{"@id":"https:\/\/www.correiobraziliense.com.br\/cbradar\/o-que-e-mercurio-retrogrado-e-como-ele-pode-afetar-seu-dia-a-dia\/#breadcrumb"},"inLanguage":"pt-BR","potentialAction":[{"@type":"ReadAction","target":["https:\/\/www.correiobraziliense.com.br\/cbradar\/o-que-e-mercurio-retrogrado-e-como-ele-pode-afetar-seu-dia-a-dia\/"]}]},{"@type":"ImageObject","inLanguage":"pt-BR","@id":"https:\/\/www.correiobraziliense.com.br\/cbradar\/o-que-e-mercurio-retrogrado-e-como-ele-pode-afetar-seu-dia-a-dia\/#primaryimage","url":"https:\/\/www.correiobraziliense.com.br\/cbradar\/wp-content\/uploads\/2025\/08\/pessoa-feliz_1754597170032.jpg","contentUrl":"https:\/\/www.correiobraziliense.com.br\/cbradar\/wp-content\/uploads\/2025\/08\/pessoa-feliz_1754597170032.jpg","width":1280,"height":720,"caption":"Pessoa feliz - Cr\u00e9ditos: depositphotos.com \/ DimaKozitsyn"},{"@type":"BreadcrumbList","@id":"https:\/\/www.correiobraziliense.com.br\/cbradar\/o-que-e-mercurio-retrogrado-e-como-ele-pode-afetar-seu-dia-a-dia\/#breadcrumb","itemListElement":[{"@type":"ListItem","position":1,"name":"In\u00edcio","item":"https:\/\/www.correiobraziliense.com.br\/cbradar\/"},{"@type":"ListItem","position":2,"name":"O que \u00e9 Merc\u00fario retr\u00f3grado e como ele pode afetar seu dia a dia"}]},{"@type":"WebSite","@id":"https:\/\/www.correiobraziliense.com.br\/cbradar\/#website","url":"https:\/\/www.correiobraziliense.com.br\/cbradar\/","name":"Correio Braziliense - Radar","description":"Acompanhe as \u00faltimas not\u00edcias e fique bem informado sobre tudo o que acontece no Brasil e no mundo.","potentialAction":[{"@type":"SearchAction","target":{"@type":"EntryPoint","urlTemplate":"https:\/\/www.correiobraziliense.com.br\/cbradar\/?s={search_term_string}"},"query-input":{"@type":"PropertyValueSpecification","valueRequired":true,"valueName":"search_term_string"}}],"inLanguage":"pt-BR"},{"@type":"Person","@id":"https:\/\/www.correiobraziliense.com.br\/cbradar\/#\/schema\/person\/7356666e12ec0ee53f348ee5db227032","name":"Daniely Cardoso","image":{"@type":"ImageObject","inLanguage":"pt-BR","@id":"https:\/\/www.correiobraziliense.com.br\/cbradar\/#\/schema\/person\/image\/","url":"https:\/\/secure.gravatar.com\/avatar\/4b80ddbd124d1f071b626d52d62e5dff?s=96&d=mm&r=g","contentUrl":"https:\/\/secure.gravatar.com\/avatar\/4b80ddbd124d1f071b626d52d62e5dff?s=96&d=mm&r=g","caption":"Daniely Cardoso"},"description":"Redatora nos portais CB Radar e EM Foco, formada pela Universidade Federal de Goi\u00e1s, em Goi\u00e2nia. Apaixonada por comunica\u00e7\u00e3o, arte, decora\u00e7\u00e3o e tend\u00eancias, atuo na produ\u00e7\u00e3o de conte\u00fados envolventes sobre curiosidades, moda, beleza e paisagismo, sempre com um olhar atento \u00e0s novidades do momento.","sameAs":["https:\/\/www.correiobraziliense.com.br\/cbradar"],"url":"https:\/\/www.correiobraziliense.com.br\/cbradar\/author\/danielymyth\/"}]}},"_links":{"self":[{"href":"https:\/\/www.correiobraziliense.com.br\/cbradar\/wp-json\/wp\/v2\/posts\/83168","targetHints":{"allow":["GET"]}}],"collection":[{"href":"https:\/\/www.correiobraziliense.com.br\/cbradar\/wp-json\/wp\/v2\/posts"}],"about":[{"href":"https:\/\/www.correiobraziliense.com.br\/cbradar\/wp-json\/wp\/v2\/types\/post"}],"author":[{"embeddable":true,"href":"https:\/\/www.correiobraziliense.com.br\/cbradar\/wp-json\/wp\/v2\/users\/9"}],"replies":[{"embeddable":true,"href":"https:\/\/www.correiobraziliense.com.br\/cbradar\/wp-json\/wp\/v2\/comments?post=83168"}],"version-history":[{"count":2,"href":"https:\/\/www.correiobraziliense.com.br\/cbradar\/wp-json\/wp\/v2\/posts\/83168\/revisions"}],"predecessor-version":[{"id":83189,"href":"https:\/\/www.correiobraziliense.com.br\/cbradar\/wp-json\/wp\/v2\/posts\/83168\/revisions\/83189"}],"wp:featuredmedia":[{"embeddable":true,"href":"https:\/\/www.correiobraziliense.com.br\/cbradar\/wp-json\/wp\/v2\/media\/82653"}],"wp:attachment":[{"href":"https:\/\/www.correiobraziliense.com.br\/cbradar\/wp-json\/wp\/v2\/media?parent=83168"}],"wp:term":[{"taxonomy":"category","embeddable":true,"href":"https:\/\/www.correiobraziliense.com.br\/cbradar\/wp-json\/wp\/v2\/categories?post=83168"},{"taxonomy":"post_tag","embeddable":true,"href":"https:\/\/www.correiobraziliense.com.br\/cbradar\/wp-json\/wp\/v2\/tags?post=83168"}],"curies":[{"name":"wp","href":"https:\/\/api.w.org\/{rel}","templated":true}]}}