{"id":83324,"date":"2025-08-09T13:03:00","date_gmt":"2025-08-09T16:03:00","guid":{"rendered":"https:\/\/www.correiobraziliense.com.br\/cbradar\/?p=83324"},"modified":"2025-08-08T19:16:37","modified_gmt":"2025-08-08T22:16:37","slug":"nem-uma-semana-nem-um-mes-quando-recomendam-podar-o-abacateiro-e-por-que","status":"publish","type":"post","link":"https:\/\/www.correiobraziliense.com.br\/cbradar\/nem-uma-semana-nem-um-mes-quando-recomendam-podar-o-abacateiro-e-por-que\/","title":{"rendered":"Nem uma semana nem um m\u00eas: quando recomendam podar o abacateiro e por qu\u00ea"},"content":{"rendered":"\n<p>Plantar um <strong>p\u00e9 de abacate<\/strong> no jardim se tornou uma pr\u00e1tica comum entre os amantes da jardinagem. Mas saber <strong>quando e como podar<\/strong> \u00e9 crucial para garantir um crescimento saud\u00e1vel e uma boa produ\u00e7\u00e3o de frutos.<\/p>\n\n\n\n<ul class=\"wp-block-list\">\n<li>Saiba o momento ideal para a poda e por que esse timing \u00e9 importante.<\/li>\n\n\n\n<li>Entenda os benef\u00edcios da poda para o desenvolvimento da planta.<\/li>\n\n\n\n<li>Confira dicas pr\u00e1ticas para realizar a poda de forma eficaz.<\/li>\n<\/ul>\n\n\n\n<h2 class=\"wp-block-heading\">Quando \u00e9 o momento ideal para podar o abacateiro?<\/h2>\n\n\n\n<p>O per\u00edodo <strong>mais indicado<\/strong> para a poda do abacateiro \u00e9 entre o final do inverno e o in\u00edcio da primavera. Especificamente, os meses de agosto e setembro s\u00e3o <strong>recomendados<\/strong> por especialistas em jardinagem, momento em que o abacateiro ainda est\u00e1 em repouso, mas se prepara para um crescimento vigoroso.<\/p>\n\n\n\n<h2 class=\"wp-block-heading\">Por que escolher esse momento?<\/h2>\n\n\n\n<p>A <strong>poda nessa \u00e9poca<\/strong> tem diversos benef\u00edcios, tais como:<\/p>\n\n\n\n<ul class=\"wp-block-list\">\n<li><strong>Crescimento Controlado:<\/strong> Ajuda a impedir que a \u00e1rvore cres\u00e7a de forma desordenada e alcan\u00e7ando alturas excessivas.<\/li>\n\n\n\n<li><strong>Maior Produ\u00e7\u00e3o de Frutos:<\/strong> A remo\u00e7\u00e3o de ramos fracos ou mal posicionados estimula o florescimento.<\/li>\n\n\n\n<li><strong>Melhor Ventila\u00e7\u00e3o e Luminosidade:<\/strong> Facilita a entrada de luz e ar, prevenindo doen\u00e7as e pragas.<\/li>\n\n\n\n<li><strong>Preven\u00e7\u00e3o de Danos:<\/strong> Ao retirar ramos fr\u00e1geis, evita que se quebrem e comprometam a sa\u00fade do abacateiro.<\/li>\n<\/ul>\n\n\n\n<figure class=\"wp-block-image size-large\"><img decoding=\"async\" width=\"1024\" height=\"576\" src=\"https:\/\/www.correiobraziliense.com.br\/cbradar\/wp-content\/uploads\/2025\/08\/abacate_1754691361284-1024x576.jpg\" alt=\"Nem uma semana nem um m\u00eas: quando recomendam podar o abacateiro e por qu\u00ea\" class=\"wp-image-83327\" srcset=\"https:\/\/www.correiobraziliense.com.br\/cbradar\/wp-content\/uploads\/2025\/08\/abacate_1754691361284-1024x576.jpg 1024w, https:\/\/www.correiobraziliense.com.br\/cbradar\/wp-content\/uploads\/2025\/08\/abacate_1754691361284-300x169.jpg 300w, https:\/\/www.correiobraziliense.com.br\/cbradar\/wp-content\/uploads\/2025\/08\/abacate_1754691361284-768x432.jpg 768w, https:\/\/www.correiobraziliense.com.br\/cbradar\/wp-content\/uploads\/2025\/08\/abacate_1754691361284-750x422.jpg 750w, https:\/\/www.correiobraziliense.com.br\/cbradar\/wp-content\/uploads\/2025\/08\/abacate_1754691361284-1140x641.jpg 1140w, https:\/\/www.correiobraziliense.com.br\/cbradar\/wp-content\/uploads\/2025\/08\/abacate_1754691361284.jpg 1280w\" sizes=\"(max-width: 1024px) 100vw, 1024px\" \/><figcaption class=\"wp-element-caption\">abacate. Cr\u00e9ditos: depositphotos.com \/ VadimVasenin<\/figcaption><\/figure>\n\n\n\n<h2 class=\"wp-block-heading\">Como podar corretamente o abacateiro?<\/h2>\n\n\n\n<p>Para uma poda eficaz, use <strong>ferramentas limpas e afiadas<\/strong>, como tesouras de poda ou serras bem desinfectadas. Aqui est\u00e3o algumas etapas essenciais:<\/p>\n\n\n\n<ul class=\"wp-block-list\">\n<li>Remova ramos secos, quebrados ou doentes.<\/li>\n\n\n\n<li>Corte brotos baixos ou ramos que crescem para o interior da copa.<\/li>\n\n\n\n<li>Evite cortes excessivos, pois podem enfraquecer a planta. O ideal \u00e9 remover at\u00e9 30% da copa em cada poda.<\/li>\n<\/ul>\n\n\n\n<h2 class=\"wp-block-heading\">Impulsione o desenvolvimento do seu abacateiro<\/h2>\n\n\n\n<p>A poda correta \u00e9 fundamental para <strong>maximizar a produ\u00e7\u00e3o<\/strong> e a sa\u00fade do seu abacateiro. Com essas dicas, voc\u00ea garantir\u00e1 que sua \u00e1rvore tenha o melhor tratamento.<\/p>\n\n\n\n<ul class=\"wp-block-list\">\n<li>Conhecer o momento adequado para a poda \u00e9 crucial.<\/li>\n\n\n\n<li>Os benef\u00edcios incluem crescimento ordenado e aumento na produ\u00e7\u00e3o de frutos.<\/li>\n\n\n\n<li>Usar ferramentas adequadas \u00e9 essencial para um corte eficiente.<\/li>\n\n\n\n<li>Fa\u00e7a a desinfec\u00e7\u00e3o das ferramentas antes e depois do uso para prevenir a transmiss\u00e3o de doen\u00e7as.<\/li>\n<\/ul>\n","protected":false},"excerpt":{"rendered":"<p>Descubra quando podar o abacateiro para crescimento ideal! Aprenda t\u00e9cnicas de poda que garantem um abacateiro saud\u00e1vel e produtivo o ano todo.<\/p>\n","protected":false},"author":3,"featured_media":83326,"comment_status":"open","ping_status":"open","sticky":false,"template":"","format":"standard","meta":{"_yoast_wpseo_focuskw":"podar abacate","_yoast_wpseo_title":"%%title%%","_yoast_wpseo_metadesc":"Descubra quando podar o abacateiro para crescimento ideal! Aprenda t\u00e9cnicas de poda que garantem um abacateiro saud\u00e1vel e produtivo o ano todo.","jnews-multi-image_gallery":[],"jnews_single_post":{"format":"standard"},"jnews_primary_category":[],"jnews_social_meta":[],"jnews_override_counter":[],"footnotes":""},"categories":[112],"tags":[281,1423,144],"class_list":["post-83324","post","type-post","status-publish","format-standard","has-post-thumbnail","hentry","category-curiosidades","tag-alimentacao","tag-alimentos","tag-curiosidades"],"yoast_head":"<!-- This site is optimized with the Yoast SEO plugin v24.6 - https:\/\/yoast.com\/wordpress\/plugins\/seo\/ -->\n<title>Nem uma semana nem um m\u00eas: quando recomendam podar o abacateiro e por qu\u00ea<\/title>\n<meta name=\"description\" content=\"Descubra quando podar o abacateiro para crescimento ideal! Aprenda t\u00e9cnicas de poda que garantem um abacateiro saud\u00e1vel e produtivo o ano todo.\" \/>\n<meta name=\"robots\" content=\"index, follow, max-snippet:-1, max-image-preview:large, max-video-preview:-1\" \/>\n<link rel=\"canonical\" href=\"https:\/\/www.correiobraziliense.com.br\/cbradar\/nem-uma-semana-nem-um-mes-quando-recomendam-podar-o-abacateiro-e-por-que\/\" \/>\n<meta property=\"og:locale\" content=\"pt_BR\" \/>\n<meta property=\"og:type\" content=\"article\" \/>\n<meta property=\"og:title\" content=\"Nem uma semana nem um m\u00eas: quando recomendam podar o abacateiro e por qu\u00ea\" \/>\n<meta property=\"og:description\" content=\"Descubra quando podar o abacateiro para crescimento ideal! Aprenda t\u00e9cnicas de poda que garantem um abacateiro saud\u00e1vel e produtivo o ano todo.\" \/>\n<meta property=\"og:url\" content=\"https:\/\/www.correiobraziliense.com.br\/cbradar\/nem-uma-semana-nem-um-mes-quando-recomendam-podar-o-abacateiro-e-por-que\/\" \/>\n<meta property=\"og:site_name\" content=\"Correio Braziliense - Radar\" \/>\n<meta property=\"article:published_time\" content=\"2025-08-09T16:03:00+00:00\" \/>\n<meta property=\"og:image\" content=\"https:\/\/www.correiobraziliense.com.br\/cbradar\/wp-content\/uploads\/2025\/08\/abacate_1754691272402.jpg\" \/>\n\t<meta property=\"og:image:width\" content=\"1280\" \/>\n\t<meta property=\"og:image:height\" content=\"720\" \/>\n\t<meta property=\"og:image:type\" content=\"image\/jpeg\" \/>\n<meta name=\"author\" content=\"Larissa Carvalho\" \/>\n<meta name=\"twitter:card\" content=\"summary_large_image\" \/>\n<meta name=\"twitter:label1\" content=\"Escrito por\" \/>\n\t<meta name=\"twitter:data1\" content=\"Larissa Carvalho\" \/>\n\t<meta name=\"twitter:label2\" content=\"Est. tempo de leitura\" \/>\n\t<meta name=\"twitter:data2\" content=\"3 minutos\" \/>\n<!-- \/ Yoast SEO plugin. -->","yoast_head_json":{"title":"Nem uma semana nem um m\u00eas: quando recomendam podar o abacateiro e por qu\u00ea","description":"Descubra quando podar o abacateiro para crescimento ideal! Aprenda t\u00e9cnicas de poda que garantem um abacateiro saud\u00e1vel e produtivo o ano todo.","robots":{"index":"index","follow":"follow","max-snippet":"max-snippet:-1","max-image-preview":"max-image-preview:large","max-video-preview":"max-video-preview:-1"},"canonical":"https:\/\/www.correiobraziliense.com.br\/cbradar\/nem-uma-semana-nem-um-mes-quando-recomendam-podar-o-abacateiro-e-por-que\/","og_locale":"pt_BR","og_type":"article","og_title":"Nem uma semana nem um m\u00eas: quando recomendam podar o abacateiro e por qu\u00ea","og_description":"Descubra quando podar o abacateiro para crescimento ideal! Aprenda t\u00e9cnicas de poda que garantem um abacateiro saud\u00e1vel e produtivo o ano todo.","og_url":"https:\/\/www.correiobraziliense.com.br\/cbradar\/nem-uma-semana-nem-um-mes-quando-recomendam-podar-o-abacateiro-e-por-que\/","og_site_name":"Correio Braziliense - Radar","article_published_time":"2025-08-09T16:03:00+00:00","og_image":[{"width":1280,"height":720,"url":"https:\/\/www.correiobraziliense.com.br\/cbradar\/wp-content\/uploads\/2025\/08\/abacate_1754691272402.jpg","type":"image\/jpeg"}],"author":"Larissa Carvalho","twitter_card":"summary_large_image","twitter_misc":{"Escrito por":"Larissa Carvalho","Est. tempo de leitura":"3 minutos"},"schema":{"@context":"https:\/\/schema.org","@graph":[{"@type":"WebPage","@id":"https:\/\/www.correiobraziliense.com.br\/cbradar\/nem-uma-semana-nem-um-mes-quando-recomendam-podar-o-abacateiro-e-por-que\/","url":"https:\/\/www.correiobraziliense.com.br\/cbradar\/nem-uma-semana-nem-um-mes-quando-recomendam-podar-o-abacateiro-e-por-que\/","name":"Nem uma semana nem um m\u00eas: quando recomendam podar o abacateiro e por qu\u00ea","isPartOf":{"@id":"https:\/\/www.correiobraziliense.com.br\/cbradar\/#website"},"primaryImageOfPage":{"@id":"https:\/\/www.correiobraziliense.com.br\/cbradar\/nem-uma-semana-nem-um-mes-quando-recomendam-podar-o-abacateiro-e-por-que\/#primaryimage"},"image":{"@id":"https:\/\/www.correiobraziliense.com.br\/cbradar\/nem-uma-semana-nem-um-mes-quando-recomendam-podar-o-abacateiro-e-por-que\/#primaryimage"},"thumbnailUrl":"https:\/\/www.correiobraziliense.com.br\/cbradar\/wp-content\/uploads\/2025\/08\/abacate_1754691272402.jpg","datePublished":"2025-08-09T16:03:00+00:00","author":{"@id":"https:\/\/www.correiobraziliense.com.br\/cbradar\/#\/schema\/person\/58422787644df994b53a19d3e56c1513"},"description":"Descubra quando podar o abacateiro para crescimento ideal! Aprenda t\u00e9cnicas de poda que garantem um abacateiro saud\u00e1vel e produtivo o ano todo.","breadcrumb":{"@id":"https:\/\/www.correiobraziliense.com.br\/cbradar\/nem-uma-semana-nem-um-mes-quando-recomendam-podar-o-abacateiro-e-por-que\/#breadcrumb"},"inLanguage":"pt-BR","potentialAction":[{"@type":"ReadAction","target":["https:\/\/www.correiobraziliense.com.br\/cbradar\/nem-uma-semana-nem-um-mes-quando-recomendam-podar-o-abacateiro-e-por-que\/"]}]},{"@type":"ImageObject","inLanguage":"pt-BR","@id":"https:\/\/www.correiobraziliense.com.br\/cbradar\/nem-uma-semana-nem-um-mes-quando-recomendam-podar-o-abacateiro-e-por-que\/#primaryimage","url":"https:\/\/www.correiobraziliense.com.br\/cbradar\/wp-content\/uploads\/2025\/08\/abacate_1754691272402.jpg","contentUrl":"https:\/\/www.correiobraziliense.com.br\/cbradar\/wp-content\/uploads\/2025\/08\/abacate_1754691272402.jpg","width":1280,"height":720,"caption":"Abacate. Cr\u00e9ditos: depositphotos.com \/ Ikarahma"},{"@type":"BreadcrumbList","@id":"https:\/\/www.correiobraziliense.com.br\/cbradar\/nem-uma-semana-nem-um-mes-quando-recomendam-podar-o-abacateiro-e-por-que\/#breadcrumb","itemListElement":[{"@type":"ListItem","position":1,"name":"In\u00edcio","item":"https:\/\/www.correiobraziliense.com.br\/cbradar\/"},{"@type":"ListItem","position":2,"name":"Nem uma semana nem um m\u00eas: quando recomendam podar o abacateiro e por qu\u00ea"}]},{"@type":"WebSite","@id":"https:\/\/www.correiobraziliense.com.br\/cbradar\/#website","url":"https:\/\/www.correiobraziliense.com.br\/cbradar\/","name":"Correio Braziliense - Radar","description":"Acompanhe as \u00faltimas not\u00edcias e fique bem informado sobre tudo o que acontece no Brasil e no mundo.","potentialAction":[{"@type":"SearchAction","target":{"@type":"EntryPoint","urlTemplate":"https:\/\/www.correiobraziliense.com.br\/cbradar\/?s={search_term_string}"},"query-input":{"@type":"PropertyValueSpecification","valueRequired":true,"valueName":"search_term_string"}}],"inLanguage":"pt-BR"},{"@type":"Person","@id":"https:\/\/www.correiobraziliense.com.br\/cbradar\/#\/schema\/person\/58422787644df994b53a19d3e56c1513","name":"Larissa Carvalho","image":{"@type":"ImageObject","inLanguage":"pt-BR","@id":"https:\/\/www.correiobraziliense.com.br\/cbradar\/#\/schema\/person\/image\/","url":"https:\/\/secure.gravatar.com\/avatar\/fe4f91a0de32b52a838d0d612abdc1aa?s=96&d=mm&r=g","contentUrl":"https:\/\/secure.gravatar.com\/avatar\/fe4f91a0de32b52a838d0d612abdc1aa?s=96&d=mm&r=g","caption":"Larissa Carvalho"},"url":"https:\/\/www.correiobraziliense.com.br\/cbradar\/author\/larissamyth\/"}]}},"_links":{"self":[{"href":"https:\/\/www.correiobraziliense.com.br\/cbradar\/wp-json\/wp\/v2\/posts\/83324","targetHints":{"allow":["GET"]}}],"collection":[{"href":"https:\/\/www.correiobraziliense.com.br\/cbradar\/wp-json\/wp\/v2\/posts"}],"about":[{"href":"https:\/\/www.correiobraziliense.com.br\/cbradar\/wp-json\/wp\/v2\/types\/post"}],"author":[{"embeddable":true,"href":"https:\/\/www.correiobraziliense.com.br\/cbradar\/wp-json\/wp\/v2\/users\/3"}],"replies":[{"embeddable":true,"href":"https:\/\/www.correiobraziliense.com.br\/cbradar\/wp-json\/wp\/v2\/comments?post=83324"}],"version-history":[{"count":2,"href":"https:\/\/www.correiobraziliense.com.br\/cbradar\/wp-json\/wp\/v2\/posts\/83324\/revisions"}],"predecessor-version":[{"id":83328,"href":"https:\/\/www.correiobraziliense.com.br\/cbradar\/wp-json\/wp\/v2\/posts\/83324\/revisions\/83328"}],"wp:featuredmedia":[{"embeddable":true,"href":"https:\/\/www.correiobraziliense.com.br\/cbradar\/wp-json\/wp\/v2\/media\/83326"}],"wp:attachment":[{"href":"https:\/\/www.correiobraziliense.com.br\/cbradar\/wp-json\/wp\/v2\/media?parent=83324"}],"wp:term":[{"taxonomy":"category","embeddable":true,"href":"https:\/\/www.correiobraziliense.com.br\/cbradar\/wp-json\/wp\/v2\/categories?post=83324"},{"taxonomy":"post_tag","embeddable":true,"href":"https:\/\/www.correiobraziliense.com.br\/cbradar\/wp-json\/wp\/v2\/tags?post=83324"}],"curies":[{"name":"wp","href":"https:\/\/api.w.org\/{rel}","templated":true}]}}