{"id":8334,"date":"2025-03-03T10:23:00","date_gmt":"2025-03-03T13:23:00","guid":{"rendered":"https:\/\/www.correiobraziliense.com.br\/cbradar\/?p=8334"},"modified":"2025-03-02T14:14:31","modified_gmt":"2025-03-02T17:14:31","slug":"uma-tecnica-antiga-e-comum-que-traz-mais-beneficios-para-sua-saude-do-que-voce-imagina","status":"publish","type":"post","link":"https:\/\/www.correiobraziliense.com.br\/cbradar\/uma-tecnica-antiga-e-comum-que-traz-mais-beneficios-para-sua-saude-do-que-voce-imagina\/","title":{"rendered":"Uma t\u00e9cnica antiga e comum que traz mais benef\u00edcios para sua sa\u00fade do que voc\u00ea imagina"},"content":{"rendered":"\n<p>Em um mundo agitado e cheio de est\u00edmulos, encontrar momentos de paz e tranquilidade interior parece um desafio cada vez maior. A <a href=\"https:\/\/pt.wikipedia.org\/wiki\/Medita\u00e7\u00e3o\" target=\"_blank\" rel=\"noreferrer noopener\">medita\u00e7\u00e3o<\/a>, pr\u00e1tica milenar com ra\u00edzes em diversas culturas e tradi\u00e7\u00f5es, surge como um ref\u00fagio para a mente, uma ferramenta poderosa para cultivar a calma, reduzir o estresse e promover o bem-estar integral. Este guia completo \u00e9 um convite para iniciantes explorarem o universo da medita\u00e7\u00e3o, desvendando seus benef\u00edcios comprovados, aprendendo diferentes t\u00e9cnicas, descobrindo como come\u00e7ar a meditar e recebendo dicas valiosas para manter a pr\u00e1tica di\u00e1ria e transformar o caos em calma em poucos minutos.<\/p>\n\n\n\n<h2 class=\"wp-block-heading\"><strong>Benef\u00edcios da medita\u00e7\u00e3o: um o\u00e1sis para a mente e o corpo<\/strong><\/h2>\n\n\n\n<h3 class=\"wp-block-heading\">Redu\u00e7\u00e3o do estresse e da ansiedade: acalme a mente agitada<\/h3>\n\n\n\n<p>A medita\u00e7\u00e3o \u00e9 uma ferramenta eficaz para reduzir os n\u00edveis de cortisol, o horm\u00f4nio do estresse, e ativar o sistema nervoso parassimp\u00e1tico, respons\u00e1vel pelo relaxamento. A pr\u00e1tica regular da medita\u00e7\u00e3o diminui a ansiedade, acalma a mente agitada e promove a sensa\u00e7\u00e3o de paz interior e tranquilidade.<\/p>\n\n\n\n<h3 class=\"wp-block-heading\">Melhora do foco e da concentra\u00e7\u00e3o: mente mais presente e atenta<\/h3>\n\n\n\n<p>A medita\u00e7\u00e3o mindfulness, em especial, treina a aten\u00e7\u00e3o plena, a capacidade de focar no momento presente sem julgamento. Com a pr\u00e1tica, a mente se torna mais focada, atenta e menos distra\u00edda, melhorando a concentra\u00e7\u00e3o para realizar tarefas, estudar, trabalhar e viver o dia a dia com mais presen\u00e7a.<\/p>\n\n\n\n<h3 class=\"wp-block-heading\">Promo\u00e7\u00e3o do autoconhecimento e da intelig\u00eancia emocional<\/h3>\n\n\n\n<p>A medita\u00e7\u00e3o convida \u00e0 introspec\u00e7\u00e3o e dos pr\u00f3prios pensamentos, emo\u00e7\u00f5es e sensa\u00e7\u00f5es corporais. Essa pr\u00e1tica desenvolve o autoconhecimento, a capacidade de identificar e compreender as pr\u00f3prias emo\u00e7\u00f5es, e fortalece a intelig\u00eancia emocional, habilidade fundamental para lidar com os desafios da vida e construir relacionamentos <a href=\"https:\/\/www.correiobraziliense.com.br\/cbradar\/isso-pode-te-ajudar-a-ser-mais-saudavel-os-exercicios-perfeitos-para-iniciantes\/\" target=\"_blank\" rel=\"noreferrer noopener\">saud\u00e1veis<\/a>.<\/p>\n\n\n\n<h3 class=\"wp-block-heading\">Melhora da qualidade do sono: noites tranquilas e reparadoras<\/h3>\n\n\n\n<p>A medita\u00e7\u00e3o relaxa o corpo e a mente, reduz a agita\u00e7\u00e3o mental e prepara o organismo para um sono tranquilo e reparador. A pr\u00e1tica regular da medita\u00e7\u00e3o pode auxiliar no tratamento da ins\u00f4nia e melhorar a qualidade do sono, proporcionando noites mais descansadas e revigorantes.<\/p>\n\n\n\n<blockquote class=\"instagram-media\" data-instgrm-captioned data-instgrm-permalink=\"https:\/\/www.instagram.com\/reel\/C5_-vyJrzNT\/?utm_source=ig_embed&amp;utm_campaign=loading\" data-instgrm-version=\"14\" style=\" background:#FFF; border:0; border-radius:3px; box-shadow:0 0 1px 0 rgba(0,0,0,0.5),0 1px 10px 0 rgba(0,0,0,0.15); margin: 1px; max-width:540px; min-width:326px; padding:0; width:99.375%; width:-webkit-calc(100% - 2px); width:calc(100% - 2px);\"><div style=\"padding:16px;\"> <a href=\"https:\/\/www.instagram.com\/reel\/C5_-vyJrzNT\/?utm_source=ig_embed&amp;utm_campaign=loading\" style=\" background:#FFFFFF; line-height:0; padding:0 0; text-align:center; text-decoration:none; width:100%;\" target=\"_blank\"> <div style=\" display: flex; flex-direction: row; align-items: center;\"> <div style=\"background-color: #F4F4F4; border-radius: 50%; flex-grow: 0; height: 40px; margin-right: 14px; width: 40px;\"><\/div> <div style=\"display: flex; flex-direction: column; flex-grow: 1; justify-content: center;\"> <div style=\" background-color: #F4F4F4; border-radius: 4px; flex-grow: 0; height: 14px; margin-bottom: 6px; width: 100px;\"><\/div> <div style=\" background-color: #F4F4F4; border-radius: 4px; flex-grow: 0; height: 14px; width: 60px;\"><\/div><\/div><\/div><div style=\"padding: 19% 0;\"><\/div> <div style=\"display:block; height:50px; margin:0 auto 12px; width:50px;\"><svg width=\"50px\" height=\"50px\" viewBox=\"0 0 60 60\" version=\"1.1\" xmlns=\"https:\/\/www.w3.org\/2000\/svg\" xmlns:xlink=\"https:\/\/www.w3.org\/1999\/xlink\"><g stroke=\"none\" stroke-width=\"1\" fill=\"none\" fill-rule=\"evenodd\"><g transform=\"translate(-511.000000, -20.000000)\" fill=\"#000000\"><g><path d=\"M556.869,30.41 C554.814,30.41 553.148,32.076 553.148,34.131 C553.148,36.186 554.814,37.852 556.869,37.852 C558.924,37.852 560.59,36.186 560.59,34.131 C560.59,32.076 558.924,30.41 556.869,30.41 M541,60.657 C535.114,60.657 530.342,55.887 530.342,50 C530.342,44.114 535.114,39.342 541,39.342 C546.887,39.342 551.658,44.114 551.658,50 C551.658,55.887 546.887,60.657 541,60.657 M541,33.886 C532.1,33.886 524.886,41.1 524.886,50 C524.886,58.899 532.1,66.113 541,66.113 C549.9,66.113 557.115,58.899 557.115,50 C557.115,41.1 549.9,33.886 541,33.886 M565.378,62.101 C565.244,65.022 564.756,66.606 564.346,67.663 C563.803,69.06 563.154,70.057 562.106,71.106 C561.058,72.155 560.06,72.803 558.662,73.347 C557.607,73.757 556.021,74.244 553.102,74.378 C549.944,74.521 548.997,74.552 541,74.552 C533.003,74.552 532.056,74.521 528.898,74.378 C525.979,74.244 524.393,73.757 523.338,73.347 C521.94,72.803 520.942,72.155 519.894,71.106 C518.846,70.057 518.197,69.06 517.654,67.663 C517.244,66.606 516.755,65.022 516.623,62.101 C516.479,58.943 516.448,57.996 516.448,50 C516.448,42.003 516.479,41.056 516.623,37.899 C516.755,34.978 517.244,33.391 517.654,32.338 C518.197,30.938 518.846,29.942 519.894,28.894 C520.942,27.846 521.94,27.196 523.338,26.654 C524.393,26.244 525.979,25.756 528.898,25.623 C532.057,25.479 533.004,25.448 541,25.448 C548.997,25.448 549.943,25.479 553.102,25.623 C556.021,25.756 557.607,26.244 558.662,26.654 C560.06,27.196 561.058,27.846 562.106,28.894 C563.154,29.942 563.803,30.938 564.346,32.338 C564.756,33.391 565.244,34.978 565.378,37.899 C565.522,41.056 565.552,42.003 565.552,50 C565.552,57.996 565.522,58.943 565.378,62.101 M570.82,37.631 C570.674,34.438 570.167,32.258 569.425,30.349 C568.659,28.377 567.633,26.702 565.965,25.035 C564.297,23.368 562.623,22.342 560.652,21.575 C558.743,20.834 556.562,20.326 553.369,20.18 C550.169,20.033 549.148,20 541,20 C532.853,20 531.831,20.033 528.631,20.18 C525.438,20.326 523.257,20.834 521.349,21.575 C519.376,22.342 517.703,23.368 516.035,25.035 C514.368,26.702 513.342,28.377 512.574,30.349 C511.834,32.258 511.326,34.438 511.181,37.631 C511.035,40.831 511,41.851 511,50 C511,58.147 511.035,59.17 511.181,62.369 C511.326,65.562 511.834,67.743 512.574,69.651 C513.342,71.625 514.368,73.296 516.035,74.965 C517.703,76.634 519.376,77.658 521.349,78.425 C523.257,79.167 525.438,79.673 528.631,79.82 C531.831,79.965 532.853,80.001 541,80.001 C549.148,80.001 550.169,79.965 553.369,79.82 C556.562,79.673 558.743,79.167 560.652,78.425 C562.623,77.658 564.297,76.634 565.965,74.965 C567.633,73.296 568.659,71.625 569.425,69.651 C570.167,67.743 570.674,65.562 570.82,62.369 C570.966,59.17 571,58.147 571,50 C571,41.851 570.966,40.831 570.82,37.631\"><\/path><\/g><\/g><\/g><\/svg><\/div><div style=\"padding-top: 8px;\"> <div style=\" color:#3897f0; font-family:Arial,sans-serif; font-size:14px; font-style:normal; font-weight:550; line-height:18px;\">Ver essa foto no Instagram<\/div><\/div><div style=\"padding: 12.5% 0;\"><\/div> <div style=\"display: flex; flex-direction: row; margin-bottom: 14px; align-items: center;\"><div> <div style=\"background-color: #F4F4F4; border-radius: 50%; height: 12.5px; width: 12.5px; transform: translateX(0px) translateY(7px);\"><\/div> <div style=\"background-color: #F4F4F4; height: 12.5px; transform: rotate(-45deg) translateX(3px) translateY(1px); width: 12.5px; flex-grow: 0; margin-right: 14px; margin-left: 2px;\"><\/div> <div style=\"background-color: #F4F4F4; border-radius: 50%; height: 12.5px; width: 12.5px; transform: translateX(9px) translateY(-18px);\"><\/div><\/div><div style=\"margin-left: 8px;\"> <div style=\" background-color: #F4F4F4; border-radius: 50%; flex-grow: 0; height: 20px; width: 20px;\"><\/div> <div style=\" width: 0; height: 0; border-top: 2px solid transparent; border-left: 6px solid #f4f4f4; border-bottom: 2px solid transparent; transform: translateX(16px) translateY(-4px) rotate(30deg)\"><\/div><\/div><div style=\"margin-left: auto;\"> <div style=\" width: 0px; border-top: 8px solid #F4F4F4; border-right: 8px solid transparent; transform: translateY(16px);\"><\/div> <div style=\" background-color: #F4F4F4; flex-grow: 0; height: 12px; width: 16px; transform: translateY(-4px);\"><\/div> <div style=\" width: 0; height: 0; border-top: 8px solid #F4F4F4; border-left: 8px solid transparent; transform: translateY(-4px) translateX(8px);\"><\/div><\/div><\/div> <div style=\"display: flex; flex-direction: column; flex-grow: 1; justify-content: center; margin-bottom: 24px;\"> <div style=\" background-color: #F4F4F4; border-radius: 4px; flex-grow: 0; height: 14px; margin-bottom: 6px; width: 224px;\"><\/div> <div style=\" background-color: #F4F4F4; border-radius: 4px; flex-grow: 0; height: 14px; width: 144px;\"><\/div><\/div><\/a><p style=\" color:#c9c8cd; font-family:Arial,sans-serif; font-size:14px; line-height:17px; margin-bottom:0; margin-top:8px; overflow:hidden; padding:8px 0 7px; text-align:center; text-overflow:ellipsis; white-space:nowrap;\"><a href=\"https:\/\/www.instagram.com\/reel\/C5_-vyJrzNT\/?utm_source=ig_embed&amp;utm_campaign=loading\" style=\" color:#c9c8cd; font-family:Arial,sans-serif; font-size:14px; font-style:normal; font-weight:normal; line-height:17px; text-decoration:none;\" target=\"_blank\">Uma publica\u00e7\u00e3o compartilhada por Dra. Karen Robles | M\u00e9dica \ud83e\udd0d (@drakarenrobles)<\/a><\/p><\/div><\/blockquote>\n<script async src=\"\/\/www.instagram.com\/embed.js\"><\/script>\n\n\n\n<h2 class=\"wp-block-heading\"><strong>Diferentes t\u00e9cnicas de medita\u00e7\u00e3o para iniciantes: encontre a sua pr\u00e1tica<\/strong><\/h2>\n\n\n\n<h3 class=\"wp-block-heading\">Mindfulness (Aten\u00e7\u00e3o Plena): o poder do momento presente<\/h3>\n\n\n\n<p>A medita\u00e7\u00e3o mindfulness, ou aten\u00e7\u00e3o plena, consiste em direcionar a aten\u00e7\u00e3o para o momento presente, observando os pensamentos, emo\u00e7\u00f5es e sensa\u00e7\u00f5es corporais sem julgamento ou cr\u00edtica. Pode ser praticada sentado, caminhando, comendo ou realizando qualquer atividade do dia a dia com consci\u00eancia e presen\u00e7a. \u00c9 uma t\u00e9cnica simples, acess\u00edvel e altamente eficaz para reduzir o estresse e melhorar o bem-estar.<\/p>\n\n\n\n<h3 class=\"wp-block-heading\">Medita\u00e7\u00e3o guiada: voz amiga para conduzir a mente<\/h3>\n\n\n\n<p>A medita\u00e7\u00e3o guiada utiliza \u00e1udios ou v\u00eddeos com instru\u00e7\u00f5es e orienta\u00e7\u00f5es verbais para conduzir a pr\u00e1tica meditativa. Um guia direciona a aten\u00e7\u00e3o, sugere visualiza\u00e7\u00f5es, sons relaxantes ou frases positivas, facilitando o relaxamento e a concentra\u00e7\u00e3o, especialmente para iniciantes. Existem in\u00fameras op\u00e7\u00f5es de medita\u00e7\u00f5es guiadas online, para diferentes objetivos e dura\u00e7\u00f5es.<\/p>\n\n\n\n<h3 class=\"wp-block-heading\">Medita\u00e7\u00e3o Transcendental (MT): mantras para aquietar a mente<\/h3>\n\n\n\n<p>A Medita\u00e7\u00e3o Transcendental (MT) utiliza mantras, sons ou palavras repetidas mentalmente para aquietar a mente e atingir um estado de relaxamento profundo. \u00c9 uma t\u00e9cnica simples e f\u00e1cil de aprender, praticada sentado com os olhos fechados, sem esfor\u00e7o de concentra\u00e7\u00e3o ou controle da mente. A MT tem sido amplamente estudada e demonstrado benef\u00edcios para redu\u00e7\u00e3o do estresse, ansiedade e melhora da sa\u00fade cardiovascular.<\/p>\n\n\n\n<h3 class=\"wp-block-heading\">Yoga e medita\u00e7\u00e3o: movimento e contempla\u00e7\u00e3o em harmonia<\/h3>\n\n\n\n<p>A pr\u00e1tica de yoga combina movimentos f\u00edsicos (asanas), t\u00e9cnicas de respira\u00e7\u00e3o (pranayamas) e medita\u00e7\u00e3o. As posturas de yoga alongam e fortalecem o corpo, as t\u00e9cnicas de respira\u00e7\u00e3o<sup><\/sup> acalmam a mente e a medita\u00e7\u00e3o promove o relaxamento profundo e o autoconhecimento. Yoga e medita\u00e7\u00e3o se complementam e potencializam os benef\u00edcios para a sa\u00fade f\u00edsica e mental. &nbsp;<\/p>\n\n\n\n<h3 class=\"wp-block-heading\">Medita\u00e7\u00e3o andando: aten\u00e7\u00e3o plena em movimento<\/h3>\n\n\n\n<p>A medita\u00e7\u00e3o andando consiste em praticar a aten\u00e7\u00e3o plena durante a caminhada, focando nas sensa\u00e7\u00f5es do corpo em movimento, como o contato dos p\u00e9s com o ch\u00e3o, o ritmo da respira\u00e7\u00e3o, os sons ao redor e as sensa\u00e7\u00f5es do corpo. \u00c9 uma forma din\u00e2mica e prazerosa de meditar, ideal para quem tem dificuldade de ficar sentado por longos per\u00edodos.<\/p>\n\n\n\n<h2 class=\"wp-block-heading\"><strong>Como come\u00e7ar a meditar: primeiros passos rumo \u00e0 calma<\/strong><\/h2>\n\n\n<div class=\"wp-block-image\">\n<figure class=\"aligncenter size-large\"><img decoding=\"async\" width=\"1024\" height=\"576\" src=\"https:\/\/www.correiobraziliense.com.br\/cbradar\/wp-content\/uploads\/2025\/03\/meditacao_1740930480415-1024x576.jpg\" alt=\"\" class=\"wp-image-8340\" srcset=\"https:\/\/www.correiobraziliense.com.br\/cbradar\/wp-content\/uploads\/2025\/03\/meditacao_1740930480415-1024x576.jpg 1024w, https:\/\/www.correiobraziliense.com.br\/cbradar\/wp-content\/uploads\/2025\/03\/meditacao_1740930480415-300x169.jpg 300w, https:\/\/www.correiobraziliense.com.br\/cbradar\/wp-content\/uploads\/2025\/03\/meditacao_1740930480415-768x432.jpg 768w, https:\/\/www.correiobraziliense.com.br\/cbradar\/wp-content\/uploads\/2025\/03\/meditacao_1740930480415-750x422.jpg 750w, https:\/\/www.correiobraziliense.com.br\/cbradar\/wp-content\/uploads\/2025\/03\/meditacao_1740930480415-1140x641.jpg 1140w, https:\/\/www.correiobraziliense.com.br\/cbradar\/wp-content\/uploads\/2025\/03\/meditacao_1740930480415.jpg 1280w\" sizes=\"(max-width: 1024px) 100vw, 1024px\" \/><figcaption class=\"wp-element-caption\">Medita\u00e7\u00e3o &#8211; Cr\u00e9ditos: depositphotos.com \/ IgorVetushko<\/figcaption><\/figure><\/div>\n\n\n<h3 class=\"wp-block-heading\">Encontre um local tranquilo e silencioso<\/h3>\n\n\n\n<p>Escolha um local calmo e silencioso onde voc\u00ea possa meditar sem interrup\u00e7\u00f5es. Pode ser um canto da sua casa, um jardim, um parque ou qualquer lugar onde voc\u00ea se sinta confort\u00e1vel e seguro.<\/p>\n\n\n\n<h3 class=\"wp-block-heading\">Sente-se confortavelmente<\/h3>\n\n\n\n<p>Sente-se em uma cadeira com a coluna ereta, em um colchonete no ch\u00e3o, com as pernas cruzadas ou em qualquer posi\u00e7\u00e3o que seja confort\u00e1vel para voc\u00ea. O importante \u00e9 manter a coluna ereta para facilitar a respira\u00e7\u00e3o e evitar o sono.<\/p>\n\n\n\n<h3 class=\"wp-block-heading\">Comece com poucos minutos por dia<\/h3>\n\n\n\n<p>N\u00e3o precisa meditar por horas logo no in\u00edcio. Comece com 5 a 10 minutos por dia e aumente gradualmente o tempo de medita\u00e7\u00e3o \u00e0 medida que se sentir mais confort\u00e1vel. A consist\u00eancia \u00e9 mais importante do que a dura\u00e7\u00e3o no in\u00edcio.<\/p>\n\n\n\n<h3 class=\"wp-block-heading\">Foque na respira\u00e7\u00e3o<\/h3>\n\n\n\n<p>A respira\u00e7\u00e3o \u00e9 uma \u00e2ncora para a mente durante a medita\u00e7\u00e3o. Concentre-se na sensa\u00e7\u00e3o do ar entrando e saindo pelas narinas, no movimento do abd\u00f4men ou do peito ao respirar. Quando a mente divagar (e ela vai divagar!), gentilmente reconduza a aten\u00e7\u00e3o para a respira\u00e7\u00e3o.<\/p>\n\n\n\n<h3 class=\"wp-block-heading\">Use aplicativos e recursos online<\/h3>\n\n\n\n<p>Existem diversos aplicativos e recursos online que podem te auxiliar na pr\u00e1tica da medita\u00e7\u00e3o, oferecendo medita\u00e7\u00f5es guiadas, sons relaxantes, cron\u00f4metros e dicas para iniciantes. Experimente diferentes op\u00e7\u00f5es e encontre aqueles que melhor se adaptam \u00e0s suas necessidades e prefer\u00eancias.<\/p>\n","protected":false},"excerpt":{"rendered":"<p>Em um mundo agitado e cheio de est\u00edmulos, encontrar momentos de paz e tranquilidade interior parece um desafio cada vez maior. A medita\u00e7\u00e3o, pr\u00e1tica milenar com ra\u00edzes em diversas culturas e tradi\u00e7\u00f5es, surge como um ref\u00fagio para a mente, uma ferramenta poderosa para cultivar a calma, reduzir o estresse e promover o bem-estar integral. Este [&hellip;]<\/p>\n","protected":false},"author":11,"featured_media":8339,"comment_status":"open","ping_status":"open","sticky":false,"template":"","format":"standard","meta":{"_yoast_wpseo_focuskw":"medita\u00e7\u00e3o","_yoast_wpseo_title":"","_yoast_wpseo_metadesc":"Uma pr\u00e1tica simples e antiga pode transformar sua sa\u00fade de maneiras surpreendentes. Voc\u00ea pode estar subestimando seus verdadeiros benef\u00edcios!","jnews-multi-image_gallery":[],"jnews_single_post":{"format":"standard"},"jnews_primary_category":[],"jnews_social_meta":[],"jnews_override_counter":[],"footnotes":""},"categories":[119],"post_tag":[1320,1420,565],"class_list":["post-8334","post","type-post","status-publish","format-standard","has-post-thumbnail","hentry","category-bem-estar","tag-bem-estar-2","tag-meditacao","tag-saude"],"yoast_head":"<!-- This site is optimized with the Yoast SEO plugin v24.6 - https:\/\/yoast.com\/wordpress\/plugins\/seo\/ -->\n<title>Uma t\u00e9cnica antiga e comum que traz mais benef\u00edcios para sua sa\u00fade do que voc\u00ea imagina - Correio Braziliense - Radar<\/title>\n<meta name=\"description\" content=\"Uma pr\u00e1tica simples e antiga pode transformar sua sa\u00fade de maneiras surpreendentes. Voc\u00ea pode estar subestimando seus verdadeiros benef\u00edcios!\" \/>\n<meta name=\"robots\" content=\"index, follow, max-snippet:-1, max-image-preview:large, max-video-preview:-1\" \/>\n<link rel=\"canonical\" href=\"https:\/\/www.correiobraziliense.com.br\/cbradar\/uma-tecnica-antiga-e-comum-que-traz-mais-beneficios-para-sua-saude-do-que-voce-imagina\/\" \/>\n<meta property=\"og:locale\" content=\"pt_BR\" \/>\n<meta property=\"og:type\" content=\"article\" \/>\n<meta property=\"og:title\" content=\"Uma t\u00e9cnica antiga e comum que traz mais benef\u00edcios para sua sa\u00fade do que voc\u00ea imagina - Correio Braziliense - Radar\" \/>\n<meta property=\"og:description\" content=\"Uma pr\u00e1tica simples e antiga pode transformar sua sa\u00fade de maneiras surpreendentes. Voc\u00ea pode estar subestimando seus verdadeiros benef\u00edcios!\" \/>\n<meta property=\"og:url\" content=\"https:\/\/www.correiobraziliense.com.br\/cbradar\/uma-tecnica-antiga-e-comum-que-traz-mais-beneficios-para-sua-saude-do-que-voce-imagina\/\" \/>\n<meta property=\"og:site_name\" content=\"Correio Braziliense - Radar\" \/>\n<meta property=\"article:published_time\" content=\"2025-03-03T13:23:00+00:00\" \/>\n<meta property=\"og:image\" content=\"https:\/\/www.correiobraziliense.com.br\/cbradar\/wp-content\/uploads\/2025\/03\/meditacao_1740930401115.jpg\" \/>\n\t<meta property=\"og:image:width\" content=\"1279\" \/>\n\t<meta property=\"og:image:height\" content=\"720\" \/>\n\t<meta property=\"og:image:type\" content=\"image\/jpeg\" \/>\n<meta name=\"author\" content=\"Paulo Custodio\" \/>\n<meta name=\"twitter:card\" content=\"summary_large_image\" \/>\n<meta name=\"twitter:label1\" content=\"Escrito por\" \/>\n\t<meta name=\"twitter:data1\" content=\"Paulo Custodio\" \/>\n\t<meta name=\"twitter:label2\" content=\"Est. tempo de leitura\" \/>\n\t<meta name=\"twitter:data2\" content=\"6 minutos\" \/>\n<!-- \/ Yoast SEO plugin. -->","yoast_head_json":{"title":"Uma t\u00e9cnica antiga e comum que traz mais benef\u00edcios para sua sa\u00fade do que voc\u00ea imagina - Correio Braziliense - Radar","description":"Uma pr\u00e1tica simples e antiga pode transformar sua sa\u00fade de maneiras surpreendentes. Voc\u00ea pode estar subestimando seus verdadeiros benef\u00edcios!","robots":{"index":"index","follow":"follow","max-snippet":"max-snippet:-1","max-image-preview":"max-image-preview:large","max-video-preview":"max-video-preview:-1"},"canonical":"https:\/\/www.correiobraziliense.com.br\/cbradar\/uma-tecnica-antiga-e-comum-que-traz-mais-beneficios-para-sua-saude-do-que-voce-imagina\/","og_locale":"pt_BR","og_type":"article","og_title":"Uma t\u00e9cnica antiga e comum que traz mais benef\u00edcios para sua sa\u00fade do que voc\u00ea imagina - Correio Braziliense - Radar","og_description":"Uma pr\u00e1tica simples e antiga pode transformar sua sa\u00fade de maneiras surpreendentes. Voc\u00ea pode estar subestimando seus verdadeiros benef\u00edcios!","og_url":"https:\/\/www.correiobraziliense.com.br\/cbradar\/uma-tecnica-antiga-e-comum-que-traz-mais-beneficios-para-sua-saude-do-que-voce-imagina\/","og_site_name":"Correio Braziliense - Radar","article_published_time":"2025-03-03T13:23:00+00:00","og_image":[{"width":1279,"height":720,"url":"https:\/\/www.correiobraziliense.com.br\/cbradar\/wp-content\/uploads\/2025\/03\/meditacao_1740930401115.jpg","type":"image\/jpeg"}],"author":"Paulo Custodio","twitter_card":"summary_large_image","twitter_misc":{"Escrito por":"Paulo Custodio","Est. tempo de leitura":"6 minutos"},"schema":{"@context":"https:\/\/schema.org","@graph":[{"@type":"WebPage","@id":"https:\/\/www.correiobraziliense.com.br\/cbradar\/uma-tecnica-antiga-e-comum-que-traz-mais-beneficios-para-sua-saude-do-que-voce-imagina\/","url":"https:\/\/www.correiobraziliense.com.br\/cbradar\/uma-tecnica-antiga-e-comum-que-traz-mais-beneficios-para-sua-saude-do-que-voce-imagina\/","name":"Uma t\u00e9cnica antiga e comum que traz mais benef\u00edcios para sua sa\u00fade do que voc\u00ea imagina - Correio Braziliense - Radar","isPartOf":{"@id":"https:\/\/www.correiobraziliense.com.br\/cbradar\/#website"},"primaryImageOfPage":{"@id":"https:\/\/www.correiobraziliense.com.br\/cbradar\/uma-tecnica-antiga-e-comum-que-traz-mais-beneficios-para-sua-saude-do-que-voce-imagina\/#primaryimage"},"image":{"@id":"https:\/\/www.correiobraziliense.com.br\/cbradar\/uma-tecnica-antiga-e-comum-que-traz-mais-beneficios-para-sua-saude-do-que-voce-imagina\/#primaryimage"},"thumbnailUrl":"https:\/\/www.correiobraziliense.com.br\/cbradar\/wp-content\/uploads\/2025\/03\/meditacao_1740930401115.jpg","datePublished":"2025-03-03T13:23:00+00:00","author":{"@id":"https:\/\/www.correiobraziliense.com.br\/cbradar\/#\/schema\/person\/4cec7857301a9a1a2ef249893cd908d3"},"description":"Uma pr\u00e1tica simples e antiga pode transformar sua sa\u00fade de maneiras surpreendentes. Voc\u00ea pode estar subestimando seus verdadeiros benef\u00edcios!","breadcrumb":{"@id":"https:\/\/www.correiobraziliense.com.br\/cbradar\/uma-tecnica-antiga-e-comum-que-traz-mais-beneficios-para-sua-saude-do-que-voce-imagina\/#breadcrumb"},"inLanguage":"pt-BR","potentialAction":[{"@type":"ReadAction","target":["https:\/\/www.correiobraziliense.com.br\/cbradar\/uma-tecnica-antiga-e-comum-que-traz-mais-beneficios-para-sua-saude-do-que-voce-imagina\/"]}]},{"@type":"ImageObject","inLanguage":"pt-BR","@id":"https:\/\/www.correiobraziliense.com.br\/cbradar\/uma-tecnica-antiga-e-comum-que-traz-mais-beneficios-para-sua-saude-do-que-voce-imagina\/#primaryimage","url":"https:\/\/www.correiobraziliense.com.br\/cbradar\/wp-content\/uploads\/2025\/03\/meditacao_1740930401115.jpg","contentUrl":"https:\/\/www.correiobraziliense.com.br\/cbradar\/wp-content\/uploads\/2025\/03\/meditacao_1740930401115.jpg","width":1279,"height":720,"caption":"Medita\u00e7\u00e3o - Cr\u00e9ditos: depositphotos.com \/ Elenarts"},{"@type":"BreadcrumbList","@id":"https:\/\/www.correiobraziliense.com.br\/cbradar\/uma-tecnica-antiga-e-comum-que-traz-mais-beneficios-para-sua-saude-do-que-voce-imagina\/#breadcrumb","itemListElement":[{"@type":"ListItem","position":1,"name":"In\u00edcio","item":"https:\/\/www.correiobraziliense.com.br\/cbradar\/"},{"@type":"ListItem","position":2,"name":"Uma t\u00e9cnica antiga e comum que traz mais benef\u00edcios para sua sa\u00fade do que voc\u00ea imagina"}]},{"@type":"WebSite","@id":"https:\/\/www.correiobraziliense.com.br\/cbradar\/#website","url":"https:\/\/www.correiobraziliense.com.br\/cbradar\/","name":"Correio Braziliense - Radar","description":"Acompanhe as \u00faltimas not\u00edcias e fique bem informado sobre tudo o que acontece no Brasil e no mundo.","potentialAction":[{"@type":"SearchAction","target":{"@type":"EntryPoint","urlTemplate":"https:\/\/www.correiobraziliense.com.br\/cbradar\/?s={search_term_string}"},"query-input":{"@type":"PropertyValueSpecification","valueRequired":true,"valueName":"search_term_string"}}],"inLanguage":"pt-BR"},{"@type":"Person","@id":"https:\/\/www.correiobraziliense.com.br\/cbradar\/#\/schema\/person\/4cec7857301a9a1a2ef249893cd908d3","name":"Paulo Custodio","image":{"@type":"ImageObject","inLanguage":"pt-BR","@id":"https:\/\/www.correiobraziliense.com.br\/cbradar\/#\/schema\/person\/image\/","url":"https:\/\/secure.gravatar.com\/avatar\/bcd67168d1534e8fcf4f45c726a87cea?s=96&d=mm&r=g","contentUrl":"https:\/\/secure.gravatar.com\/avatar\/bcd67168d1534e8fcf4f45c726a87cea?s=96&d=mm&r=g","caption":"Paulo Custodio"},"sameAs":["https:\/\/www.correiobraziliense.com.br\/cbradar"],"url":"https:\/\/www.correiobraziliense.com.br\/cbradar\/author\/paulomyth\/"}]}},"_links":{"self":[{"href":"https:\/\/www.correiobraziliense.com.br\/cbradar\/wp-json\/wp\/v2\/posts\/8334","targetHints":{"allow":["GET"]}}],"collection":[{"href":"https:\/\/www.correiobraziliense.com.br\/cbradar\/wp-json\/wp\/v2\/posts"}],"about":[{"href":"https:\/\/www.correiobraziliense.com.br\/cbradar\/wp-json\/wp\/v2\/types\/post"}],"author":[{"embeddable":true,"href":"https:\/\/www.correiobraziliense.com.br\/cbradar\/wp-json\/wp\/v2\/users\/11"}],"replies":[{"embeddable":true,"href":"https:\/\/www.correiobraziliense.com.br\/cbradar\/wp-json\/wp\/v2\/comments?post=8334"}],"version-history":[{"count":1,"href":"https:\/\/www.correiobraziliense.com.br\/cbradar\/wp-json\/wp\/v2\/posts\/8334\/revisions"}],"predecessor-version":[{"id":8341,"href":"https:\/\/www.correiobraziliense.com.br\/cbradar\/wp-json\/wp\/v2\/posts\/8334\/revisions\/8341"}],"wp:featuredmedia":[{"embeddable":true,"href":"https:\/\/www.correiobraziliense.com.br\/cbradar\/wp-json\/wp\/v2\/media\/8339"}],"wp:attachment":[{"href":"https:\/\/www.correiobraziliense.com.br\/cbradar\/wp-json\/wp\/v2\/media?parent=8334"}],"wp:term":[{"taxonomy":"category","embeddable":true,"href":"https:\/\/www.correiobraziliense.com.br\/cbradar\/wp-json\/wp\/v2\/categories?post=8334"},{"taxonomy":"post_tag","embeddable":true,"href":"https:\/\/www.correiobraziliense.com.br\/cbradar\/wp-json\/wp\/v2\/post_tag?post=8334"}],"curies":[{"name":"wp","href":"https:\/\/api.w.org\/{rel}","templated":true}]}}