{"id":83346,"date":"2025-08-10T07:53:00","date_gmt":"2025-08-10T10:53:00","guid":{"rendered":"https:\/\/www.correiobraziliense.com.br\/cbradar\/?p=83346"},"modified":"2025-08-09T02:11:34","modified_gmt":"2025-08-09T05:11:34","slug":"a-cidade-do-brasil-onde-as-coisas-realmente-dao-certo-e-parece-magia","status":"publish","type":"post","link":"https:\/\/www.correiobraziliense.com.br\/cbradar\/a-cidade-do-brasil-onde-as-coisas-realmente-dao-certo-e-parece-magia\/","title":{"rendered":"A cidade do Brasil onde as coisas realmente d\u00e3o certo e parece magia!"},"content":{"rendered":"\n<p><strong><a href=\"https:\/\/www.saocaetanodosul.sp.gov.br\/home\" target=\"_blank\" rel=\"noreferrer noopener\">S\u00e3o Caetano do Sul<\/a><\/strong>, na Grande <strong>S\u00e3o Paulo<\/strong>, a somente 10 km da capital <strong>S\u00e3o Paulo<\/strong> e pr\u00f3xima a <strong>Santo Andr\u00e9<\/strong> e <strong>S\u00e3o Bernardo do Campo<\/strong>, \u00e9 conhecida como \u201c<strong>Cidade que D\u00e1 Certo<\/strong>\u201d. Com o maior IDH do pa\u00eds, <strong>S\u00e3o Caetano do Sul<\/strong> \u00e9 ideal para morar. Vivencie o que torna esta cidade um destino vibrante para quem busca qualidade de vida excepcional.<\/p>\n\n\n\n<ul class=\"wp-block-list\">\n<li>Economia s\u00f3lida com o maior IDH do Brasil<\/li>\n\n\n\n<li>Infraestrutura urbana exemplar e servi\u00e7os de qualidade<\/li>\n\n\n\n<li>Seguran\u00e7a acima da m\u00e9dia nacional<\/li>\n<\/ul>\n\n\n\n<h2 class=\"wp-block-heading\">Por que morar em S\u00e3o Caetano do Sul?<\/h2>\n\n\n\n<p><strong>S\u00e3o Caetano do Sul<\/strong> possui um IDH de 0,862, segundo o <strong><strong>Programa das Na\u00e7\u00f5es Unidas para o Desenvolvimento<\/strong><\/strong>. A economia \u00e9 movida pela ind\u00fastria automobil\u00edstica, metal\u00fargica e setor de servi\u00e7os, conforme a <strong>Prefeitura de S\u00e3o Caetano do Sul<\/strong>.<\/p>\n\n\n\n<p>Com cerca de 161 mil habitantes, segundo o <strong>IBGE<\/strong>, a cidade oferece servi\u00e7os de sa\u00fade e educa\u00e7\u00e3o de excel\u00eancia. A seguran\u00e7a \u00e9 refor\u00e7ada em todas as \u00e1reas residenciais com policiamento ostensivo.<\/p>\n\n\n\n<p>O custo de vida \u00e9 equilibrado considerando a qualidade dos servi\u00e7os p\u00fablicos. Os alugu\u00e9is s\u00e3o mais acess\u00edveis que no centro de <strong>S\u00e3o Paulo<\/strong>, mantendo toda a infraestrutura metropolitana.<\/p>\n\n\n\n<p>A cidade possui o melhor sistema de sa\u00fade p\u00fablica do <strong>ABC Paulista<\/strong>. As escolas municipais est\u00e3o entre as melhores avaliadas pelo <strong>IDEB<\/strong>.<\/p>\n\n\n<div class=\"wp-block-image\">\n<figure class=\"aligncenter size-large\"><img decoding=\"async\" src=\"https:\/\/www.correiobraziliense.com.br\/cbradar\/wp-content\/uploads\/2025\/05\/Edicoes-96-1-1024x576.png\" alt=\"A cidade que mais cresce no Brasil impressiona com sua tranquilidade\" class=\"wp-image-33738\"\/><figcaption class=\"wp-element-caption\">S\u00e3o Caetano do Sul \/\/ Reprodu\u00e7\u00e3o: Prefeitura municipal de S\u00e3o Caetano do Sul (https:\/\/www.saocaetanodosul.sp.gov.br\/home)<\/figcaption><\/figure><\/div>\n\n\n<h2 class=\"wp-block-heading\">Quais s\u00e3o os melhores bairros para morar em S\u00e3o Caetano do Sul?<\/h2>\n\n\n\n<ul class=\"wp-block-list\">\n<li>O <strong>Centro<\/strong> \u00e9 vibrante, com com\u00e9rcio diversificado e acesso ao <strong>Teatro Municipal<\/strong>. Ideal para quem busca praticidade e vida cultural intensa.<\/li>\n\n\n\n<li>O <strong>Bairro Barcelona<\/strong> oferece resid\u00eancias amplas e proximidade ao <strong>Parque Chico Mendes<\/strong>. \u00c9 procurado por fam\u00edlias que valorizam \u00e1reas verdes e tranquilidade.<\/li>\n\n\n\n<li>A <strong>Funda\u00e7\u00e3o<\/strong> combina tradi\u00e7\u00e3o e modernidade, com casas hist\u00f3ricas e novos empreendimentos. Fica pr\u00f3xima ao <strong>Museu Municipal<\/strong> e principais avenidas.<\/li>\n\n\n\n<li>O <strong>Bairro Cer\u00e2mica<\/strong> atrai jovens profissionais pela proximidade com o transporte p\u00fablico. Possui excelente infraestrutura comercial e gastron\u00f4mica.<\/li>\n\n\n\n<li>O <strong>Santo Antonio<\/strong> \u00e9 residencial, com ruas arborizadas e proximidade \u00e0s principais escolas. Oferece qualidade de vida familiar em ambiente seguro.<\/li>\n<\/ul>\n\n\n\n<figure class=\"wp-block-embed aligncenter is-type-video is-provider-youtube wp-block-embed-youtube wp-embed-aspect-16-9 wp-has-aspect-ratio\"><div class=\"wp-block-embed__wrapper\">\n<div class=\"jeg_video_container jeg_video_content\"><iframe loading=\"lazy\" title=\"Drone sobrevoa a regi\u00e3o central de S\u00e3o Caetano do Sul - Grande S\u00e3o Paulo\" width=\"500\" height=\"281\" src=\"https:\/\/www.youtube.com\/embed\/pnE4NMIyx1Y?start=68&#038;feature=oembed\" frameborder=\"0\" allow=\"accelerometer; autoplay; clipboard-write; encrypted-media; gyroscope; picture-in-picture; web-share\" referrerpolicy=\"strict-origin-when-cross-origin\" allowfullscreen><\/iframe><\/div>\n<\/div><figcaption class=\"wp-element-caption\">S\u00e3o Caetano do Sul \/\/ Cr\u00e9ditos: YouTube @dronenatrilha<\/figcaption><\/figure>\n\n\n\n<h2 class=\"wp-block-heading\">Quais s\u00e3o as principais atra\u00e7\u00f5es tur\u00edsticas de S\u00e3o Caetano do Sul?<\/h2>\n\n\n\n<p>O <strong>Espa\u00e7o Verde Chico Mendes<\/strong> encanta com 46 mil metros quadrados de \u00e1rea verde no cora\u00e7\u00e3o urbano. \u00c9 um ponto imperd\u00edvel para caminhadas e atividades ao ar livre, segundo o <strong>Melhores Destinos<\/strong>.<\/p>\n\n\n\n<p>O <strong>Teatro Municipal Paulo Machado de Carvalho<\/strong> se destaca pela programa\u00e7\u00e3o cultural diversificada. Recebe espet\u00e1culos nacionais e internacionais em sua arquitetura moderna e ac\u00fastica excepcional.<\/p>\n\n\n\n<p>O <strong>Museu Municipal de S\u00e3o Caetano do Sul<\/strong> preserva a rica hist\u00f3ria industrial da regi\u00e3o. Suas exposi\u00e7\u00f5es contam a trajet\u00f3ria da imigra\u00e7\u00e3o italiana e o desenvolvimento do <strong>ABC Paulista<\/strong>.<\/p>\n\n\n\n<p>A <strong>Rua das Flores<\/strong> oferece charme urbano com jardins suspensos e arte de rua. \u00c9 um corredor cultural que conecta o centro aos principais pontos tur\u00edsticos da cidade.<\/p>\n\n\n\n<p>O <strong>Parque Tecnol\u00f3gico<\/strong> representa a inova\u00e7\u00e3o e o futuro da cidade. Abriga empresas de tecnologia e serve como modelo de desenvolvimento sustent\u00e1vel urbano.<\/p>\n\n\n\n<ul class=\"wp-block-list\">\n<li><strong>Espa\u00e7o Verde Chico Mendes<\/strong>: Maior \u00e1rea verde da cidade com trilhas e playground<\/li>\n\n\n\n<li><strong>Teatro Municipal<\/strong>: Programa\u00e7\u00e3o cultural diversificada com espet\u00e1culos nacionais<\/li>\n\n\n\n<li><strong>Museu Municipal<\/strong>: Hist\u00f3ria da imigra\u00e7\u00e3o italiana e desenvolvimento industrial<\/li>\n\n\n\n<li><strong>Rua das Flores<\/strong>: Corredor cultural com jardins e arte urbana<\/li>\n\n\n\n<li><strong>Parque Tecnol\u00f3gico<\/strong>: Hub de inova\u00e7\u00e3o e desenvolvimento sustent\u00e1vel<\/li>\n<\/ul>\n\n\n<div class=\"wp-block-image\">\n<figure class=\"aligncenter size-large\"><img decoding=\"async\" width=\"1024\" height=\"576\" src=\"https:\/\/www.correiobraziliense.com.br\/cbradar\/wp-content\/uploads\/2025\/08\/Edicoes-34-1024x576.png\" alt=\"\" class=\"wp-image-79492\" srcset=\"https:\/\/www.correiobraziliense.com.br\/cbradar\/wp-content\/uploads\/2025\/08\/Edicoes-34-1024x576.png 1024w, https:\/\/www.correiobraziliense.com.br\/cbradar\/wp-content\/uploads\/2025\/08\/Edicoes-34-300x169.png 300w, https:\/\/www.correiobraziliense.com.br\/cbradar\/wp-content\/uploads\/2025\/08\/Edicoes-34-768x432.png 768w, https:\/\/www.correiobraziliense.com.br\/cbradar\/wp-content\/uploads\/2025\/08\/Edicoes-34-750x422.png 750w, https:\/\/www.correiobraziliense.com.br\/cbradar\/wp-content\/uploads\/2025\/08\/Edicoes-34-1140x641.png 1140w, https:\/\/www.correiobraziliense.com.br\/cbradar\/wp-content\/uploads\/2025\/08\/Edicoes-34.png 1280w\" sizes=\"(max-width: 1024px) 100vw, 1024px\" \/><figcaption class=\"wp-element-caption\">S\u00e3o Caetano do Sul \/\/ Cr\u00e9ditos: YouTube @dronenatrilha<\/figcaption><\/figure><\/div>\n\n\n<h2 class=\"wp-block-heading\">Como \u00e9 a vida cultural em S\u00e3o Caetano do Sul?<\/h2>\n\n\n\n<p><strong>S\u00e3o Caetano do Sul<\/strong> vibra com a <strong>Festa da Uva<\/strong>, que re\u00fane milhares de visitantes celebrando a heran\u00e7a italiana. Feiras no <strong>Largo da Matriz<\/strong> oferecem artesanato local e gastronomia t\u00edpica.<\/p>\n\n\n\n<p>A cidade possui intensa agenda cultural com apresenta\u00e7\u00f5es no <strong>Teatro Municipal<\/strong>. Festivais de m\u00fasica e dan\u00e7a acontecem durante todo o ano, fortalecendo a identidade cultural local.<\/p>\n\n\n\n<p>A gastronomia italiana marca presen\u00e7a em restaurantes tradicionais do <strong>Centro<\/strong>. Cantinas familiares servem pratos t\u00edpicos que preservam receitas centen\u00e1rias trazidas pelos imigrantes.<\/p>\n\n\n<div class=\"wp-block-image\">\n<figure class=\"aligncenter size-large\"><img decoding=\"async\" width=\"1024\" height=\"576\" src=\"https:\/\/www.correiobraziliense.com.br\/cbradar\/wp-content\/uploads\/2025\/06\/Edicoes-6-1-1024x576.png\" alt=\"A cidade que mais cresce no Brasil impressiona com sua tranquilidade\" class=\"wp-image-51405\" srcset=\"https:\/\/www.correiobraziliense.com.br\/cbradar\/wp-content\/uploads\/2025\/06\/Edicoes-6-1-1024x576.png 1024w, https:\/\/www.correiobraziliense.com.br\/cbradar\/wp-content\/uploads\/2025\/06\/Edicoes-6-1-300x169.png 300w, https:\/\/www.correiobraziliense.com.br\/cbradar\/wp-content\/uploads\/2025\/06\/Edicoes-6-1-768x432.png 768w, https:\/\/www.correiobraziliense.com.br\/cbradar\/wp-content\/uploads\/2025\/06\/Edicoes-6-1-750x422.png 750w, https:\/\/www.correiobraziliense.com.br\/cbradar\/wp-content\/uploads\/2025\/06\/Edicoes-6-1-1140x641.png 1140w, https:\/\/www.correiobraziliense.com.br\/cbradar\/wp-content\/uploads\/2025\/06\/Edicoes-6-1.png 1280w\" sizes=\"(max-width: 1024px) 100vw, 1024px\" \/><figcaption class=\"wp-element-caption\">Funda\u00e7\u00e3o das Artes, S\u00e3o Caetano do Sul \/\/ Reprodu\u00e7\u00e3o: Wikip\u00e9dia<\/figcaption><\/figure><\/div>\n\n\n<h2 class=\"wp-block-heading\">Por que S\u00e3o Caetano do Sul \u00e9 refer\u00eancia em qualidade de vida?<\/h2>\n\n\n\n<p><strong>S\u00e3o Caetano do Sul<\/strong> \u00e9 reconhecida nacionalmente pela excel\u00eancia em servi\u00e7os p\u00fablicos, segundo a <strong>Secretaria de Planejamento de S\u00e3o Caetano do Sul<\/strong>. A cidade mant\u00e9m consistentemente os melhores indicadores de desenvolvimento humano do pa\u00eds.<\/p>\n\n\n\n<p>O sistema integrado de sa\u00fade, educa\u00e7\u00e3o e seguran\u00e7a funciona como modelo para outras cidades brasileiras. Investimentos cont\u00ednuos em infraestrutura garantem alta qualidade de vida urbana.<\/p>\n\n\n\n<p>A gest\u00e3o municipal transparente e participativa envolve a comunidade nas decis\u00f5es p\u00fablicas. Programas sociais atendem todas as faixas et\u00e1rias com foco no desenvolvimento humano integral.<\/p>\n\n\n\n<h2 class=\"wp-block-heading\">A cidade que sempre d\u00e1 certo<\/h2>\n\n\n\n<p><strong>S\u00e3o Caetano do Sul<\/strong> ganhou o apelido &#8220;<strong>Cidade que D\u00e1 Certo<\/strong>&#8221; por sua capacidade de manter excel\u00eancia administrativa ao longo das d\u00e9cadas. Desde os anos 1950, apresenta crescimento sustent\u00e1vel e qualidade de vida superior.<\/p>\n\n\n\n<p>A express\u00e3o surgiu de reportagens jornal\u00edsticas que destacavam os indicadores sociais excepcionais da cidade. Hoje, o slogan oficial celebra uma realidade comprovada por dados e pela experi\u00eancia de seus moradores.<\/p>\n\n\n<div class=\"wp-block-image\">\n<figure class=\"aligncenter size-large\"><img decoding=\"async\" src=\"https:\/\/www.correiobraziliense.com.br\/cbradar\/wp-content\/uploads\/2025\/02\/TKeDJEqqTdbWDOCg1BjCMpHfRTkVe5Nvlx29Y54H-1024x682.jpg\" alt=\"Voc\u00ea sabe qual \u00e9 a cidade que mais investe em educa\u00e7\u00e3o no Brasil?\" class=\"wp-image-4894\"\/><figcaption class=\"wp-element-caption\">S\u00e3o Caetano do Sul \/\/ Reprodu\u00e7\u00e3o: Prefeitura municipal de S\u00e3o Caetano do Sul (https:\/\/www.saocaetanodosul.sp.gov.br\/home)<\/figcaption><\/figure><\/div>\n\n\n<h2 class=\"wp-block-heading\">Melhor \u00e9poca para visitar S\u00e3o Caetano do Sul?<\/h2>\n\n\n\n<p>Entre <strong>mar\u00e7o e maio<\/strong>, <strong>S\u00e3o Caetano do Sul<\/strong> tem temperaturas entre 18\u00b0C e 26\u00b0C, segundo o <strong>Climatempo<\/strong>. O outono \u00e9 ideal para caminhadas no <strong>Espa\u00e7o Verde<\/strong> e eventos culturais ao ar livre.<\/p>\n\n\n\n<p>O inverno, de <strong>junho a agosto<\/strong>, oferece clima seco e temperaturas amenas. \u00c9 perfeito para visitar museus, teatros e desfrutar da gastronomia italiana em ambientes aconchegantes.<\/p>\n\n\n\n<p>A primavera, entre <strong>setembro e novembro<\/strong>, traz floradas nos parques e temperatura agrad\u00e1vel. Os festivais culturais ganham for\u00e7a neste per\u00edodo, aproveitando o clima favor\u00e1vel para eventos externos.<\/p>\n\n\n\n<p>O ver\u00e3o pode ser quente, mas os espa\u00e7os climatizados e \u00e1reas verdes oferecem ref\u00fagio. \u00c9 \u00e9poca de programa\u00e7\u00e3o cultural intensa nos teatros e centros culturais da cidade.<\/p>\n\n\n\n<p><strong>Leia tamb\u00e9m: <a href=\"https:\/\/www.correiobraziliense.com.br\/cbradar\/cidade-catarinense-tem-passeios-diferenciados-para-sair-com-a-familia\/#google_vignette\" target=\"_blank\" rel=\"noreferrer noopener\">Cidade catarinense t\u00eam passeios diferenciados para sair com a fam\u00edlia<\/a>.<\/strong><\/p>\n\n\n\n<h2 class=\"wp-block-heading\">Vivencie S\u00e3o Caetano do Sul<\/h2>\n\n\n\n<p><strong>S\u00e3o Caetano do Sul<\/strong> une excel\u00eancia em servi\u00e7os p\u00fablicos, qualidade de vida excepcional e tradi\u00e7\u00e3o cultural em <strong>S\u00e3o Paulo<\/strong>. Do <strong>Espa\u00e7o Verde Chico Mendes<\/strong> aos festivais culturais, \u00e9 um destino vibrante. Planeje sua mudan\u00e7a ou visita para viver o charme da &#8220;<strong>Cidade que D\u00e1 Certo<\/strong>&#8220;.<\/p>\n\n\n\n<ul class=\"wp-block-list\">\n<li>Maior IDH do Brasil garantindo qualidade de vida superior<\/li>\n\n\n\n<li>Infraestrutura urbana exemplar com servi\u00e7os de excel\u00eancia<\/li>\n\n\n\n<li>Rica cultura italiana preservada em festivais e gastronomia<\/li>\n<\/ul>\n","protected":false},"excerpt":{"rendered":"<p>S\u00e3o Caetano do Sul, na Grande S\u00e3o Paulo, a somente 10 km da capital S\u00e3o Paulo e pr\u00f3xima a Santo Andr\u00e9 e S\u00e3o Bernardo do Campo, \u00e9 conhecida como \u201cCidade que D\u00e1 Certo\u201d. Com o maior IDH do pa\u00eds, S\u00e3o Caetano do Sul \u00e9 ideal para morar. Vivencie o que torna esta cidade um destino [&hellip;]<\/p>\n","protected":false},"author":8,"featured_media":83385,"comment_status":"open","ping_status":"open","sticky":false,"template":"","format":"standard","meta":{"_yoast_wpseo_focuskw":"Cidade","_yoast_wpseo_title":"","_yoast_wpseo_metadesc":"Esta cidade brasileira encanta por seu bem-estar e por ser exemplo de que as coisas podem dar certo. Descubra qual \u00e9!","jnews-multi-image_gallery":[],"jnews_single_post":{"format":"standard"},"jnews_primary_category":[],"jnews_social_meta":[],"jnews_override_counter":[],"footnotes":""},"categories":[108,111],"post_tag":[9159,247,955,278],"class_list":["post-83346","post","type-post","status-publish","format-standard","has-post-thumbnail","hentry","category-cidades","category-turismo","tag-cidade-feliz","tag-qualidade-de-vida","tag-sao-caetano-do-sul","tag-sao-paulo"],"yoast_head":"<!-- This site is optimized with the Yoast SEO plugin v24.6 - https:\/\/yoast.com\/wordpress\/plugins\/seo\/ -->\n<title>A cidade do Brasil onde as coisas realmente d\u00e3o certo e parece magia! - Correio Braziliense - Radar<\/title>\n<meta name=\"description\" content=\"Esta cidade brasileira encanta por seu bem-estar e por ser exemplo de que as coisas podem dar certo. Descubra qual \u00e9!\" \/>\n<meta name=\"robots\" content=\"index, follow, max-snippet:-1, max-image-preview:large, max-video-preview:-1\" \/>\n<link rel=\"canonical\" href=\"https:\/\/www.correiobraziliense.com.br\/cbradar\/a-cidade-do-brasil-onde-as-coisas-realmente-dao-certo-e-parece-magia\/\" \/>\n<meta property=\"og:locale\" content=\"pt_BR\" \/>\n<meta property=\"og:type\" content=\"article\" \/>\n<meta property=\"og:title\" content=\"A cidade do Brasil onde as coisas realmente d\u00e3o certo e parece magia! - Correio Braziliense - Radar\" \/>\n<meta property=\"og:description\" content=\"Esta cidade brasileira encanta por seu bem-estar e por ser exemplo de que as coisas podem dar certo. Descubra qual \u00e9!\" \/>\n<meta property=\"og:url\" content=\"https:\/\/www.correiobraziliense.com.br\/cbradar\/a-cidade-do-brasil-onde-as-coisas-realmente-dao-certo-e-parece-magia\/\" \/>\n<meta property=\"og:site_name\" content=\"Correio Braziliense - Radar\" \/>\n<meta property=\"article:published_time\" content=\"2025-08-10T10:53:00+00:00\" \/>\n<meta property=\"og:image\" content=\"https:\/\/www.correiobraziliense.com.br\/cbradar\/wp-content\/uploads\/2025\/08\/cidade-feliz-magia_1754716148663.jpg\" \/>\n\t<meta property=\"og:image:width\" content=\"1280\" \/>\n\t<meta property=\"og:image:height\" content=\"720\" \/>\n\t<meta property=\"og:image:type\" content=\"image\/jpeg\" \/>\n<meta name=\"author\" content=\"Maura Pereira\" \/>\n<meta name=\"twitter:card\" content=\"summary_large_image\" \/>\n<meta name=\"twitter:label1\" content=\"Escrito por\" \/>\n\t<meta name=\"twitter:data1\" content=\"Maura Pereira\" \/>\n\t<meta name=\"twitter:label2\" content=\"Est. tempo de leitura\" \/>\n\t<meta name=\"twitter:data2\" content=\"7 minutos\" \/>\n<!-- \/ Yoast SEO plugin. -->","yoast_head_json":{"title":"A cidade do Brasil onde as coisas realmente d\u00e3o certo e parece magia! - Correio Braziliense - Radar","description":"Esta cidade brasileira encanta por seu bem-estar e por ser exemplo de que as coisas podem dar certo. Descubra qual \u00e9!","robots":{"index":"index","follow":"follow","max-snippet":"max-snippet:-1","max-image-preview":"max-image-preview:large","max-video-preview":"max-video-preview:-1"},"canonical":"https:\/\/www.correiobraziliense.com.br\/cbradar\/a-cidade-do-brasil-onde-as-coisas-realmente-dao-certo-e-parece-magia\/","og_locale":"pt_BR","og_type":"article","og_title":"A cidade do Brasil onde as coisas realmente d\u00e3o certo e parece magia! - Correio Braziliense - Radar","og_description":"Esta cidade brasileira encanta por seu bem-estar e por ser exemplo de que as coisas podem dar certo. Descubra qual \u00e9!","og_url":"https:\/\/www.correiobraziliense.com.br\/cbradar\/a-cidade-do-brasil-onde-as-coisas-realmente-dao-certo-e-parece-magia\/","og_site_name":"Correio Braziliense - Radar","article_published_time":"2025-08-10T10:53:00+00:00","og_image":[{"width":1280,"height":720,"url":"https:\/\/www.correiobraziliense.com.br\/cbradar\/wp-content\/uploads\/2025\/08\/cidade-feliz-magia_1754716148663.jpg","type":"image\/jpeg"}],"author":"Maura Pereira","twitter_card":"summary_large_image","twitter_misc":{"Escrito por":"Maura Pereira","Est. tempo de leitura":"7 minutos"},"schema":{"@context":"https:\/\/schema.org","@graph":[{"@type":"WebPage","@id":"https:\/\/www.correiobraziliense.com.br\/cbradar\/a-cidade-do-brasil-onde-as-coisas-realmente-dao-certo-e-parece-magia\/","url":"https:\/\/www.correiobraziliense.com.br\/cbradar\/a-cidade-do-brasil-onde-as-coisas-realmente-dao-certo-e-parece-magia\/","name":"A cidade do Brasil onde as coisas realmente d\u00e3o certo e parece magia! - Correio Braziliense - Radar","isPartOf":{"@id":"https:\/\/www.correiobraziliense.com.br\/cbradar\/#website"},"primaryImageOfPage":{"@id":"https:\/\/www.correiobraziliense.com.br\/cbradar\/a-cidade-do-brasil-onde-as-coisas-realmente-dao-certo-e-parece-magia\/#primaryimage"},"image":{"@id":"https:\/\/www.correiobraziliense.com.br\/cbradar\/a-cidade-do-brasil-onde-as-coisas-realmente-dao-certo-e-parece-magia\/#primaryimage"},"thumbnailUrl":"https:\/\/www.correiobraziliense.com.br\/cbradar\/wp-content\/uploads\/2025\/08\/cidade-feliz-magia_1754716148663.jpg","datePublished":"2025-08-10T10:53:00+00:00","author":{"@id":"https:\/\/www.correiobraziliense.com.br\/cbradar\/#\/schema\/person\/4053c651a9bfc785afc6f4cbc9032fd3"},"description":"Esta cidade brasileira encanta por seu bem-estar e por ser exemplo de que as coisas podem dar certo. Descubra qual \u00e9!","breadcrumb":{"@id":"https:\/\/www.correiobraziliense.com.br\/cbradar\/a-cidade-do-brasil-onde-as-coisas-realmente-dao-certo-e-parece-magia\/#breadcrumb"},"inLanguage":"pt-BR","potentialAction":[{"@type":"ReadAction","target":["https:\/\/www.correiobraziliense.com.br\/cbradar\/a-cidade-do-brasil-onde-as-coisas-realmente-dao-certo-e-parece-magia\/"]}]},{"@type":"ImageObject","inLanguage":"pt-BR","@id":"https:\/\/www.correiobraziliense.com.br\/cbradar\/a-cidade-do-brasil-onde-as-coisas-realmente-dao-certo-e-parece-magia\/#primaryimage","url":"https:\/\/www.correiobraziliense.com.br\/cbradar\/wp-content\/uploads\/2025\/08\/cidade-feliz-magia_1754716148663.jpg","contentUrl":"https:\/\/www.correiobraziliense.com.br\/cbradar\/wp-content\/uploads\/2025\/08\/cidade-feliz-magia_1754716148663.jpg","width":1280,"height":720,"caption":"Cidade fict\u00edcia e fogos de artif\u00edcios \/\/ Cr\u00e9ditos: depositphotos.com \/ chingyunsong"},{"@type":"BreadcrumbList","@id":"https:\/\/www.correiobraziliense.com.br\/cbradar\/a-cidade-do-brasil-onde-as-coisas-realmente-dao-certo-e-parece-magia\/#breadcrumb","itemListElement":[{"@type":"ListItem","position":1,"name":"In\u00edcio","item":"https:\/\/www.correiobraziliense.com.br\/cbradar\/"},{"@type":"ListItem","position":2,"name":"A cidade do Brasil onde as coisas realmente d\u00e3o certo e parece magia!"}]},{"@type":"WebSite","@id":"https:\/\/www.correiobraziliense.com.br\/cbradar\/#website","url":"https:\/\/www.correiobraziliense.com.br\/cbradar\/","name":"Correio Braziliense - Radar","description":"Acompanhe as \u00faltimas not\u00edcias e fique bem informado sobre tudo o que acontece no Brasil e no mundo.","potentialAction":[{"@type":"SearchAction","target":{"@type":"EntryPoint","urlTemplate":"https:\/\/www.correiobraziliense.com.br\/cbradar\/?s={search_term_string}"},"query-input":{"@type":"PropertyValueSpecification","valueRequired":true,"valueName":"search_term_string"}}],"inLanguage":"pt-BR"},{"@type":"Person","@id":"https:\/\/www.correiobraziliense.com.br\/cbradar\/#\/schema\/person\/4053c651a9bfc785afc6f4cbc9032fd3","name":"Maura Pereira","image":{"@type":"ImageObject","inLanguage":"pt-BR","@id":"https:\/\/www.correiobraziliense.com.br\/cbradar\/#\/schema\/person\/image\/","url":"https:\/\/secure.gravatar.com\/avatar\/3effd6bdadfa447f15089c7f7144eaa6?s=96&d=mm&r=g","contentUrl":"https:\/\/secure.gravatar.com\/avatar\/3effd6bdadfa447f15089c7f7144eaa6?s=96&d=mm&r=g","caption":"Maura Pereira"},"sameAs":["https:\/\/www.correiobraziliense.com.br\/"],"url":"https:\/\/www.correiobraziliense.com.br\/cbradar\/author\/mauramyth\/"}]}},"_links":{"self":[{"href":"https:\/\/www.correiobraziliense.com.br\/cbradar\/wp-json\/wp\/v2\/posts\/83346","targetHints":{"allow":["GET"]}}],"collection":[{"href":"https:\/\/www.correiobraziliense.com.br\/cbradar\/wp-json\/wp\/v2\/posts"}],"about":[{"href":"https:\/\/www.correiobraziliense.com.br\/cbradar\/wp-json\/wp\/v2\/types\/post"}],"author":[{"embeddable":true,"href":"https:\/\/www.correiobraziliense.com.br\/cbradar\/wp-json\/wp\/v2\/users\/8"}],"replies":[{"embeddable":true,"href":"https:\/\/www.correiobraziliense.com.br\/cbradar\/wp-json\/wp\/v2\/comments?post=83346"}],"version-history":[{"count":13,"href":"https:\/\/www.correiobraziliense.com.br\/cbradar\/wp-json\/wp\/v2\/posts\/83346\/revisions"}],"predecessor-version":[{"id":83382,"href":"https:\/\/www.correiobraziliense.com.br\/cbradar\/wp-json\/wp\/v2\/posts\/83346\/revisions\/83382"}],"wp:featuredmedia":[{"embeddable":true,"href":"https:\/\/www.correiobraziliense.com.br\/cbradar\/wp-json\/wp\/v2\/media\/83385"}],"wp:attachment":[{"href":"https:\/\/www.correiobraziliense.com.br\/cbradar\/wp-json\/wp\/v2\/media?parent=83346"}],"wp:term":[{"taxonomy":"category","embeddable":true,"href":"https:\/\/www.correiobraziliense.com.br\/cbradar\/wp-json\/wp\/v2\/categories?post=83346"},{"taxonomy":"post_tag","embeddable":true,"href":"https:\/\/www.correiobraziliense.com.br\/cbradar\/wp-json\/wp\/v2\/post_tag?post=83346"}],"curies":[{"name":"wp","href":"https:\/\/api.w.org\/{rel}","templated":true}]}}