{"id":83763,"date":"2025-08-11T09:23:00","date_gmt":"2025-08-11T12:23:00","guid":{"rendered":"https:\/\/www.correiobraziliense.com.br\/cbradar\/?p=83763"},"modified":"2025-08-09T18:20:45","modified_gmt":"2025-08-09T21:20:45","slug":"a-cidade-do-dedo-de-deus-encanta-brasileiros-com-sua-beleza-divina","status":"publish","type":"post","link":"https:\/\/www.correiobraziliense.com.br\/cbradar\/a-cidade-do-dedo-de-deus-encanta-brasileiros-com-sua-beleza-divina\/","title":{"rendered":"A cidade do Dedo de Deus encanta brasileiros com sua beleza divina"},"content":{"rendered":"\n<p><strong><a href=\"https:\/\/www.teresopolis.rj.gov.br\/\" target=\"_blank\" rel=\"noreferrer noopener\">Teres\u00f3polis<\/a><\/strong>, na regi\u00e3o serrana do <strong>Rio de Janeiro<\/strong>, <strong>Brasil<\/strong>, a 96 km da capital <strong>Rio de Janeiro<\/strong> e pr\u00f3xima a <strong>Petr\u00f3polis<\/strong> e <strong>Nova Friburgo<\/strong>, \u00e9 conhecida como \u201cCidade do Dedo de Deus\u201d por sua ic\u00f4nica forma\u00e7\u00e3o rochosa. Com paisagens montanhosas e clima ameno, <strong>Teres\u00f3polis<\/strong> \u00e9 ideal para quem busca qualidade de vida longe da agita\u00e7\u00e3o urbana. Conhe\u00e7a o que torna esta cidade serrana um destino encantador.<\/p>\n\n\n\n<ul class=\"wp-block-list\">\n<li>Turismo de montanha com trilhas e escaladas no <strong>Parque Nacional da Serra dos \u00d3rg\u00e3os<\/strong>.<\/li>\n\n\n\n<li>Clima ameno durante todo o ano, ideal para fugir do calor carioca.<\/li>\n\n\n\n<li>Produ\u00e7\u00e3o agr\u00edcola diversificada, especialmente flores e hortali\u00e7as.<\/li>\n<\/ul>\n\n\n\n<h2 class=\"wp-block-heading\">Quais s\u00e3o as principais atra\u00e7\u00f5es tur\u00edsticas de Teres\u00f3polis?<\/h2>\n\n\n\n<p>O <strong>Parque Nacional da Serra dos \u00d3rg\u00e3os<\/strong> \u00e9 o maior tesouro de <strong>Teres\u00f3polis<\/strong>, oferecendo trilhas desafiadoras e paisagens cinematogr\u00e1ficas. O parque abriga o famoso <strong>Dedo de Deus<\/strong>, forma\u00e7\u00e3o rochosa que se tornou s\u00edmbolo da cidade e atrai escaladores do mundo inteiro.<\/p>\n\n\n\n<p>A <strong>Pedra do Sino<\/strong>, com 2.263 metros de altitude, \u00e9 o ponto mais alto do parque e proporciona uma das vistas mais espetaculares da regi\u00e3o serrana. A trilha at\u00e9 o cume \u00e9 considerada uma das mais belas do <strong>Brasil<\/strong>, passando por campos de altitude e mata atl\u00e2ntica preservada.<\/p>\n\n\n\n<p>O <strong>Mirante do Soberbo<\/strong> oferece uma vista panor\u00e2mica deslumbrante da cidade e do vale, especialmente durante o p\u00f4r do sol. \u00c9 um dos pontos mais fotografados de <strong>Teres\u00f3polis<\/strong> e local preferido para contempla\u00e7\u00e3o da natureza exuberante.<\/p>\n\n\n\n<p>O <strong>Parque Municipal Montanhas de Teres\u00f3polis<\/strong> combina aventura e lazer familiar, com trilhas ecol\u00f3gicas, tirolesa e atividades de arvorismo. O espa\u00e7o conta com infraestrutura completa para receber visitantes de todas as idades em meio \u00e0 natureza preservada.<\/p>\n\n\n\n<p>A <strong>Feira do Alto<\/strong> \u00e9 um dos principais centros de compras e gastronomia da regi\u00e3o, oferecendo produtos locais, artesanatos e comidas t\u00edpicas da serra. Funciona nos fins de semana e atrai tanto turistas quanto moradores em busca de produtos frescos e regionais.<\/p>\n\n\n\n<ul class=\"wp-block-list\">\n<li><strong>Parque Nacional da Serra dos \u00d3rg\u00e3os<\/strong>: Trilhas desafiadoras e escaladas no <strong>Dedo de Deus<\/strong>.<\/li>\n\n\n\n<li><strong>Pedra do Sino<\/strong>: Ponto mais alto com vista panor\u00e2mica da regi\u00e3o serrana.<\/li>\n\n\n\n<li><strong>Mirante do Soberbo<\/strong>: Vista deslumbrante da cidade e do vale.<\/li>\n\n\n\n<li><strong>Parque Municipal Montanhas<\/strong>: Aventura e lazer familiar com tirolesa.<\/li>\n\n\n\n<li><strong>Feira do Alto<\/strong>: Centro gastron\u00f4mico e de artesanato regional.<\/li>\n<\/ul>\n\n\n<div class=\"wp-block-image\">\n<figure class=\"aligncenter size-large\"><img decoding=\"async\" width=\"1024\" height=\"576\" src=\"https:\/\/www.correiobraziliense.com.br\/cbradar\/wp-content\/uploads\/2025\/08\/Edicoes-2025-08-08T184338.745-1024x576.png\" alt=\"A cidade do Dedo de Deus encanta brasileiros com sua beleza divina\" class=\"wp-image-83272\" srcset=\"https:\/\/www.correiobraziliense.com.br\/cbradar\/wp-content\/uploads\/2025\/08\/Edicoes-2025-08-08T184338.745-1024x576.png 1024w, https:\/\/www.correiobraziliense.com.br\/cbradar\/wp-content\/uploads\/2025\/08\/Edicoes-2025-08-08T184338.745-300x169.png 300w, https:\/\/www.correiobraziliense.com.br\/cbradar\/wp-content\/uploads\/2025\/08\/Edicoes-2025-08-08T184338.745-768x432.png 768w, https:\/\/www.correiobraziliense.com.br\/cbradar\/wp-content\/uploads\/2025\/08\/Edicoes-2025-08-08T184338.745-750x422.png 750w, https:\/\/www.correiobraziliense.com.br\/cbradar\/wp-content\/uploads\/2025\/08\/Edicoes-2025-08-08T184338.745-1140x641.png 1140w, https:\/\/www.correiobraziliense.com.br\/cbradar\/wp-content\/uploads\/2025\/08\/Edicoes-2025-08-08T184338.745.png 1280w\" sizes=\"(max-width: 1024px) 100vw, 1024px\" \/><figcaption class=\"wp-element-caption\">Teres\u00f3polis \/\/ Cr\u00e9ditos: YouTube @NanauSolMaior<\/figcaption><\/figure><\/div>\n\n\n<h2 class=\"wp-block-heading\">Como \u00e9 a vida cultural em Teres\u00f3polis?<\/h2>\n\n\n\n<p><strong>Teres\u00f3polis<\/strong> pulsa com o <strong>Festival de Inverno<\/strong>, que re\u00fane m\u00fasica, arte e gastronomia durante os meses mais frios do ano. O evento transforma a cidade em um grande palco cultural, atraindo artistas nacionais e internacionais para apresenta\u00e7\u00f5es em diversos pontos tur\u00edsticos.<\/p>\n\n\n\n<p>A <strong>Casa da Cultura<\/strong> promove exposi\u00e7\u00f5es de arte local e oficinas criativas para a comunidade. O espa\u00e7o valoriza os talentos regionais e oferece programa\u00e7\u00e3o cultural diversificada ao longo de todo o ano.<\/p>\n\n\n\n<p>A gastronomia serrana se destaca nos restaurantes especializados em trutas e pratos t\u00edpicos de montanha. A <strong>rua Teresa<\/strong> concentra estabelecimentos que servem fondues, pratos quentes e doces artesanais, aproveitando o clima friozinho caracter\u00edstico da regi\u00e3o.<\/p>\n\n\n\n<figure class=\"wp-block-embed aligncenter is-type-video is-provider-youtube wp-block-embed-youtube wp-embed-aspect-16-9 wp-has-aspect-ratio\"><div class=\"wp-block-embed__wrapper\">\n<div class=\"jeg_video_container jeg_video_content\"><iframe loading=\"lazy\" title=\"Serra dos O\u0301rga\u0303os - Cart\u00e3o postal de Teres\u00f3polis SERRA DRONE de montanha\" width=\"500\" height=\"281\" src=\"https:\/\/www.youtube.com\/embed\/vVFCYf7U8qs?feature=oembed\" frameborder=\"0\" allow=\"accelerometer; autoplay; clipboard-write; encrypted-media; gyroscope; picture-in-picture; web-share\" referrerpolicy=\"strict-origin-when-cross-origin\" allowfullscreen><\/iframe><\/div>\n<\/div><figcaption class=\"wp-element-caption\">Teres\u00f3polis \/\/ Cr\u00e9ditos: YouTube @serradronedemontanha-image7954<\/figcaption><\/figure>\n\n\n\n<h2 class=\"wp-block-heading\">Por que Teres\u00f3polis \u00e9 refer\u00eancia em turismo de montanha?<\/h2>\n\n\n\n<p><strong>Teres\u00f3polis<\/strong> \u00e9 considerada a capital brasileira do montanhismo, segundo a <strong>Secretaria de Turismo de Teres\u00f3polis<\/strong>. A cidade oferece infraestrutura completa para praticantes de esportes de montanha, com guias especializados e equipamentos para escalada e trekking.<\/p>\n\n\n\n<p>O <strong>Centro Nacional de Instru\u00e7\u00e3o de Montanhismo<\/strong> tem sede na cidade, formando profissionais e oferecendo cursos para iniciantes e especialistas. <strong>Teres\u00f3polis<\/strong> se consolidou como destino obrigat\u00f3rio para quem busca aventura em altitudes elevadas.<\/p>\n\n\n\n<p>A proximidade com o <strong>Rio de Janeiro<\/strong> torna <strong>Teres\u00f3polis<\/strong> um ref\u00fagio natural ideal para os cariocas que buscam contato com a natureza. A cidade desenvolveu uma infraestrutura tur\u00edstica especializada em receber visitantes interessados em ecoturismo e esportes radicais.<\/p>\n\n\n<div class=\"wp-block-image\">\n<figure class=\"aligncenter size-large\"><img decoding=\"async\" width=\"1024\" height=\"576\" src=\"https:\/\/www.correiobraziliense.com.br\/cbradar\/wp-content\/uploads\/2025\/08\/Edicoes-2025-08-08T184248.545-1-1024x576.png\" alt=\"A cidade do Dedo de Deus encanta brasileiros com sua beleza divina\" class=\"wp-image-83275\" srcset=\"https:\/\/www.correiobraziliense.com.br\/cbradar\/wp-content\/uploads\/2025\/08\/Edicoes-2025-08-08T184248.545-1-1024x576.png 1024w, https:\/\/www.correiobraziliense.com.br\/cbradar\/wp-content\/uploads\/2025\/08\/Edicoes-2025-08-08T184248.545-1-300x169.png 300w, https:\/\/www.correiobraziliense.com.br\/cbradar\/wp-content\/uploads\/2025\/08\/Edicoes-2025-08-08T184248.545-1-768x432.png 768w, https:\/\/www.correiobraziliense.com.br\/cbradar\/wp-content\/uploads\/2025\/08\/Edicoes-2025-08-08T184248.545-1-750x422.png 750w, https:\/\/www.correiobraziliense.com.br\/cbradar\/wp-content\/uploads\/2025\/08\/Edicoes-2025-08-08T184248.545-1-1140x641.png 1140w, https:\/\/www.correiobraziliense.com.br\/cbradar\/wp-content\/uploads\/2025\/08\/Edicoes-2025-08-08T184248.545-1.png 1280w\" sizes=\"(max-width: 1024px) 100vw, 1024px\" \/><figcaption class=\"wp-element-caption\">Teres\u00f3polis \/\/ Cr\u00e9ditos: YouTube @NanauSolMaior<\/figcaption><\/figure><\/div>\n\n\n<h2 class=\"wp-block-heading\">A origem do nome e a presen\u00e7a imperial<\/h2>\n\n\n\n<p><strong>Teres\u00f3polis<\/strong> recebeu seu nome em homenagem \u00e0 Imperatriz <strong>Teresa Cristina<\/strong>, esposa de <strong>Dom Pedro II<\/strong>. A cidade foi fundada em 1891, mas sua regi\u00e3o j\u00e1 era conhecida pelos tropeiros que utilizavam os caminhos serranos para transportar mercadorias.<\/p>\n\n\n\n<p>A influ\u00eancia imperial ainda pode ser observada na arquitetura de algumas constru\u00e7\u00f5es hist\u00f3ricas do centro da cidade. A <strong>Casa de Pedra<\/strong>, constru\u00e7\u00e3o do s\u00e9culo XIX, mant\u00e9m caracter\u00edsticas da \u00e9poca e abriga hoje um centro cultural que conta a hist\u00f3ria da coloniza\u00e7\u00e3o da regi\u00e3o.<\/p>\n\n\n<div class=\"wp-block-image\">\n<figure class=\"aligncenter size-large\"><img decoding=\"async\" width=\"1024\" height=\"576\" src=\"https:\/\/www.correiobraziliense.com.br\/cbradar\/wp-content\/uploads\/2025\/06\/Teresopolis_1748893258114-1024x576.jpg\" alt=\"A joia escondida com qualidade de vida nas montanhas do Rio de Janeiro\" class=\"wp-image-47122\" srcset=\"https:\/\/www.correiobraziliense.com.br\/cbradar\/wp-content\/uploads\/2025\/06\/Teresopolis_1748893258114-1024x576.jpg 1024w, https:\/\/www.correiobraziliense.com.br\/cbradar\/wp-content\/uploads\/2025\/06\/Teresopolis_1748893258114-300x169.jpg 300w, https:\/\/www.correiobraziliense.com.br\/cbradar\/wp-content\/uploads\/2025\/06\/Teresopolis_1748893258114-768x432.jpg 768w, https:\/\/www.correiobraziliense.com.br\/cbradar\/wp-content\/uploads\/2025\/06\/Teresopolis_1748893258114-750x422.jpg 750w, https:\/\/www.correiobraziliense.com.br\/cbradar\/wp-content\/uploads\/2025\/06\/Teresopolis_1748893258114-1140x641.jpg 1140w, https:\/\/www.correiobraziliense.com.br\/cbradar\/wp-content\/uploads\/2025\/06\/Teresopolis_1748893258114.jpg 1280w\" sizes=\"(max-width: 1024px) 100vw, 1024px\" \/><figcaption class=\"wp-element-caption\">Teres\u00f3polis \/\/ Cr\u00e9ditos: depositphotos.com \/ Ranimiro<\/figcaption><\/figure><\/div>\n\n\n<h2 class=\"wp-block-heading\">Melhor \u00e9poca para visitar Teres\u00f3polis?<\/h2>\n\n\n\n<p>Entre <strong>maio<\/strong> e <strong>agosto<\/strong>, <strong>Teres\u00f3polis<\/strong> apresenta temperaturas entre 10\u00b0C e 22\u00b0C, segundo o <strong>Climatempo<\/strong>. Este per\u00edodo \u00e9 ideal para trilhas e atividades ao ar livre, com menos chuvas e c\u00e9u mais limpo para contemplar as montanhas.<\/p>\n\n\n\n<p>O <strong>outono<\/strong> e <strong>inverno<\/strong> oferecem as melhores condi\u00e7\u00f5es para escaladas e trekking de longa dist\u00e2ncia. As manh\u00e3s frescas e tardes ensolaradas criam o ambiente perfeito para explorar o <strong>Parque Nacional da Serra dos \u00d3rg\u00e3os<\/strong>.<\/p>\n\n\n\n<p>Durante os meses mais frios, a cidade recebe o <strong>Festival de Inverno<\/strong>, que aquece o clima cultural local. \u00c9 a \u00e9poca ideal para desfrutar da gastronomia serrana e participar das atividades culturais que movimentam <strong>Teres\u00f3polis<\/strong>.<\/p>\n\n\n\n<p>O <strong>ver\u00e3o<\/strong> traz temperaturas mais altas, entre 18\u00b0C e 28\u00b0C, com maior incid\u00eancia de chuvas \u00e0 tarde. Ainda assim, \u00e9 uma \u00f3tima \u00e9poca para conhecer as cachoeiras da regi\u00e3o e desfrutar do clima mais ameno em compara\u00e7\u00e3o com a capital.<\/p>\n\n\n\n<p><strong>Leia tamb\u00e9m: <a href=\"https:\/\/www.correiobraziliense.com.br\/cbradar\/a-cidade-brasileira-comparavel-a-alemanha-pela-qualidade-de-vida\/\" target=\"_blank\" rel=\"noreferrer noopener\">A cidade brasileira compar\u00e1vel \u00e0 Alemanha pela qualidade de vida<\/a>.<\/strong><\/p>\n\n\n\n<h2 class=\"wp-block-heading\">Vivencie Teres\u00f3polis<\/h2>\n\n\n\n<p><strong>Teres\u00f3polis<\/strong> une aventura na montanha com tranquilidade serrana no <strong>Rio de Janeiro<\/strong>. Do <strong>Dedo de Deus<\/strong> ao <strong>Festival de Inverno<\/strong>, \u00e9 um destino que combina natureza exuberante com cultura regional. Planeje sua viagem para vivenciar o charme da serra fluminense e descobrir por que <strong>Teres\u00f3polis<\/strong> \u00e9 considerada um dos melhores destinos de montanha do <strong>Brasil<\/strong>.<\/p>\n\n\n\n<ul class=\"wp-block-list\">\n<li>Aventura garantida no <strong>Parque Nacional da Serra dos \u00d3rg\u00e3os<\/strong>.<\/li>\n\n\n\n<li>Clima ameno e paisagens de montanha \u00fanicas.<\/li>\n\n\n\n<li>Cultura local rica em tradi\u00e7\u00f5es serranas e gastronomia t\u00edpica.<\/li>\n<\/ul>\n","protected":false},"excerpt":{"rendered":"<p>Teres\u00f3polis, na regi\u00e3o serrana do Rio de Janeiro, Brasil, a 96 km da capital Rio de Janeiro e pr\u00f3xima a Petr\u00f3polis e Nova Friburgo, \u00e9 conhecida como \u201cCidade do Dedo de Deus\u201d por sua ic\u00f4nica forma\u00e7\u00e3o rochosa. Com paisagens montanhosas e clima ameno, Teres\u00f3polis \u00e9 ideal para quem busca qualidade de vida longe da agita\u00e7\u00e3o [&hellip;]<\/p>\n","protected":false},"author":8,"featured_media":56741,"comment_status":"open","ping_status":"open","sticky":false,"template":"","format":"standard","meta":{"_yoast_wpseo_focuskw":"cidade","_yoast_wpseo_title":"","_yoast_wpseo_metadesc":"Conhe\u00e7a a cidade brasileira que abriga o famoso Dedo de Deus e encanta visitantes com suas paisagens impressionantes.","jnews-multi-image_gallery":[],"jnews_single_post":{"format":"standard"},"jnews_primary_category":[],"jnews_social_meta":[],"jnews_override_counter":[],"footnotes":""},"categories":[108,111],"post_tag":[225,304,5565],"class_list":["post-83763","post","type-post","status-publish","format-standard","has-post-thumbnail","hentry","category-cidades","category-turismo","tag-brasil","tag-rio-de-janeiro","tag-teresopolis"],"yoast_head":"<!-- This site is optimized with the Yoast SEO plugin v24.6 - https:\/\/yoast.com\/wordpress\/plugins\/seo\/ -->\n<title>A cidade do Dedo de Deus encanta brasileiros com sua beleza divina - Correio Braziliense - Radar<\/title>\n<meta name=\"description\" content=\"Conhe\u00e7a a cidade brasileira que abriga o famoso Dedo de Deus e encanta visitantes com suas paisagens impressionantes.\" \/>\n<meta name=\"robots\" content=\"index, follow, max-snippet:-1, max-image-preview:large, max-video-preview:-1\" \/>\n<link rel=\"canonical\" href=\"https:\/\/www.correiobraziliense.com.br\/cbradar\/a-cidade-do-dedo-de-deus-encanta-brasileiros-com-sua-beleza-divina\/\" \/>\n<meta property=\"og:locale\" content=\"pt_BR\" \/>\n<meta property=\"og:type\" content=\"article\" \/>\n<meta property=\"og:title\" content=\"A cidade do Dedo de Deus encanta brasileiros com sua beleza divina - Correio Braziliense - Radar\" \/>\n<meta property=\"og:description\" content=\"Conhe\u00e7a a cidade brasileira que abriga o famoso Dedo de Deus e encanta visitantes com suas paisagens impressionantes.\" \/>\n<meta property=\"og:url\" content=\"https:\/\/www.correiobraziliense.com.br\/cbradar\/a-cidade-do-dedo-de-deus-encanta-brasileiros-com-sua-beleza-divina\/\" \/>\n<meta property=\"og:site_name\" content=\"Correio Braziliense - Radar\" \/>\n<meta property=\"article:published_time\" content=\"2025-08-11T12:23:00+00:00\" \/>\n<meta property=\"og:image\" content=\"https:\/\/www.correiobraziliense.com.br\/cbradar\/wp-content\/uploads\/2025\/06\/Edicoes-16-1.png\" \/>\n\t<meta property=\"og:image:width\" content=\"1280\" \/>\n\t<meta property=\"og:image:height\" content=\"720\" \/>\n\t<meta property=\"og:image:type\" content=\"image\/png\" \/>\n<meta name=\"author\" content=\"Maura Pereira\" \/>\n<meta name=\"twitter:card\" content=\"summary_large_image\" \/>\n<meta name=\"twitter:label1\" content=\"Escrito por\" \/>\n\t<meta name=\"twitter:data1\" content=\"Maura Pereira\" \/>\n\t<meta name=\"twitter:label2\" content=\"Est. tempo de leitura\" \/>\n\t<meta name=\"twitter:data2\" content=\"7 minutos\" \/>\n<!-- \/ Yoast SEO plugin. -->","yoast_head_json":{"title":"A cidade do Dedo de Deus encanta brasileiros com sua beleza divina - Correio Braziliense - Radar","description":"Conhe\u00e7a a cidade brasileira que abriga o famoso Dedo de Deus e encanta visitantes com suas paisagens impressionantes.","robots":{"index":"index","follow":"follow","max-snippet":"max-snippet:-1","max-image-preview":"max-image-preview:large","max-video-preview":"max-video-preview:-1"},"canonical":"https:\/\/www.correiobraziliense.com.br\/cbradar\/a-cidade-do-dedo-de-deus-encanta-brasileiros-com-sua-beleza-divina\/","og_locale":"pt_BR","og_type":"article","og_title":"A cidade do Dedo de Deus encanta brasileiros com sua beleza divina - Correio Braziliense - Radar","og_description":"Conhe\u00e7a a cidade brasileira que abriga o famoso Dedo de Deus e encanta visitantes com suas paisagens impressionantes.","og_url":"https:\/\/www.correiobraziliense.com.br\/cbradar\/a-cidade-do-dedo-de-deus-encanta-brasileiros-com-sua-beleza-divina\/","og_site_name":"Correio Braziliense - Radar","article_published_time":"2025-08-11T12:23:00+00:00","og_image":[{"width":1280,"height":720,"url":"https:\/\/www.correiobraziliense.com.br\/cbradar\/wp-content\/uploads\/2025\/06\/Edicoes-16-1.png","type":"image\/png"}],"author":"Maura Pereira","twitter_card":"summary_large_image","twitter_misc":{"Escrito por":"Maura Pereira","Est. tempo de leitura":"7 minutos"},"schema":{"@context":"https:\/\/schema.org","@graph":[{"@type":"WebPage","@id":"https:\/\/www.correiobraziliense.com.br\/cbradar\/a-cidade-do-dedo-de-deus-encanta-brasileiros-com-sua-beleza-divina\/","url":"https:\/\/www.correiobraziliense.com.br\/cbradar\/a-cidade-do-dedo-de-deus-encanta-brasileiros-com-sua-beleza-divina\/","name":"A cidade do Dedo de Deus encanta brasileiros com sua beleza divina - Correio Braziliense - Radar","isPartOf":{"@id":"https:\/\/www.correiobraziliense.com.br\/cbradar\/#website"},"primaryImageOfPage":{"@id":"https:\/\/www.correiobraziliense.com.br\/cbradar\/a-cidade-do-dedo-de-deus-encanta-brasileiros-com-sua-beleza-divina\/#primaryimage"},"image":{"@id":"https:\/\/www.correiobraziliense.com.br\/cbradar\/a-cidade-do-dedo-de-deus-encanta-brasileiros-com-sua-beleza-divina\/#primaryimage"},"thumbnailUrl":"https:\/\/www.correiobraziliense.com.br\/cbradar\/wp-content\/uploads\/2025\/06\/Edicoes-16-1.png","datePublished":"2025-08-11T12:23:00+00:00","author":{"@id":"https:\/\/www.correiobraziliense.com.br\/cbradar\/#\/schema\/person\/4053c651a9bfc785afc6f4cbc9032fd3"},"description":"Conhe\u00e7a a cidade brasileira que abriga o famoso Dedo de Deus e encanta visitantes com suas paisagens impressionantes.","breadcrumb":{"@id":"https:\/\/www.correiobraziliense.com.br\/cbradar\/a-cidade-do-dedo-de-deus-encanta-brasileiros-com-sua-beleza-divina\/#breadcrumb"},"inLanguage":"pt-BR","potentialAction":[{"@type":"ReadAction","target":["https:\/\/www.correiobraziliense.com.br\/cbradar\/a-cidade-do-dedo-de-deus-encanta-brasileiros-com-sua-beleza-divina\/"]}]},{"@type":"ImageObject","inLanguage":"pt-BR","@id":"https:\/\/www.correiobraziliense.com.br\/cbradar\/a-cidade-do-dedo-de-deus-encanta-brasileiros-com-sua-beleza-divina\/#primaryimage","url":"https:\/\/www.correiobraziliense.com.br\/cbradar\/wp-content\/uploads\/2025\/06\/Edicoes-16-1.png","contentUrl":"https:\/\/www.correiobraziliense.com.br\/cbradar\/wp-content\/uploads\/2025\/06\/Edicoes-16-1.png","width":1280,"height":720,"caption":"Teres\u00f3polis foi a primeira cidade do Brasil a ter \u00e1rea de prote\u00e7\u00e3o ambiental municipal, criada em 1991. \/\/ Reprodu\u00e7\u00e3o: Wikimedia Commons"},{"@type":"BreadcrumbList","@id":"https:\/\/www.correiobraziliense.com.br\/cbradar\/a-cidade-do-dedo-de-deus-encanta-brasileiros-com-sua-beleza-divina\/#breadcrumb","itemListElement":[{"@type":"ListItem","position":1,"name":"In\u00edcio","item":"https:\/\/www.correiobraziliense.com.br\/cbradar\/"},{"@type":"ListItem","position":2,"name":"A cidade do Dedo de Deus encanta brasileiros com sua beleza divina"}]},{"@type":"WebSite","@id":"https:\/\/www.correiobraziliense.com.br\/cbradar\/#website","url":"https:\/\/www.correiobraziliense.com.br\/cbradar\/","name":"Correio Braziliense - Radar","description":"Acompanhe as \u00faltimas not\u00edcias e fique bem informado sobre tudo o que acontece no Brasil e no mundo.","potentialAction":[{"@type":"SearchAction","target":{"@type":"EntryPoint","urlTemplate":"https:\/\/www.correiobraziliense.com.br\/cbradar\/?s={search_term_string}"},"query-input":{"@type":"PropertyValueSpecification","valueRequired":true,"valueName":"search_term_string"}}],"inLanguage":"pt-BR"},{"@type":"Person","@id":"https:\/\/www.correiobraziliense.com.br\/cbradar\/#\/schema\/person\/4053c651a9bfc785afc6f4cbc9032fd3","name":"Maura Pereira","image":{"@type":"ImageObject","inLanguage":"pt-BR","@id":"https:\/\/www.correiobraziliense.com.br\/cbradar\/#\/schema\/person\/image\/","url":"https:\/\/secure.gravatar.com\/avatar\/3effd6bdadfa447f15089c7f7144eaa6?s=96&d=mm&r=g","contentUrl":"https:\/\/secure.gravatar.com\/avatar\/3effd6bdadfa447f15089c7f7144eaa6?s=96&d=mm&r=g","caption":"Maura Pereira"},"sameAs":["https:\/\/www.correiobraziliense.com.br\/"],"url":"https:\/\/www.correiobraziliense.com.br\/cbradar\/author\/mauramyth\/"}]}},"_links":{"self":[{"href":"https:\/\/www.correiobraziliense.com.br\/cbradar\/wp-json\/wp\/v2\/posts\/83763","targetHints":{"allow":["GET"]}}],"collection":[{"href":"https:\/\/www.correiobraziliense.com.br\/cbradar\/wp-json\/wp\/v2\/posts"}],"about":[{"href":"https:\/\/www.correiobraziliense.com.br\/cbradar\/wp-json\/wp\/v2\/types\/post"}],"author":[{"embeddable":true,"href":"https:\/\/www.correiobraziliense.com.br\/cbradar\/wp-json\/wp\/v2\/users\/8"}],"replies":[{"embeddable":true,"href":"https:\/\/www.correiobraziliense.com.br\/cbradar\/wp-json\/wp\/v2\/comments?post=83763"}],"version-history":[{"count":18,"href":"https:\/\/www.correiobraziliense.com.br\/cbradar\/wp-json\/wp\/v2\/posts\/83763\/revisions"}],"predecessor-version":[{"id":83830,"href":"https:\/\/www.correiobraziliense.com.br\/cbradar\/wp-json\/wp\/v2\/posts\/83763\/revisions\/83830"}],"wp:featuredmedia":[{"embeddable":true,"href":"https:\/\/www.correiobraziliense.com.br\/cbradar\/wp-json\/wp\/v2\/media\/56741"}],"wp:attachment":[{"href":"https:\/\/www.correiobraziliense.com.br\/cbradar\/wp-json\/wp\/v2\/media?parent=83763"}],"wp:term":[{"taxonomy":"category","embeddable":true,"href":"https:\/\/www.correiobraziliense.com.br\/cbradar\/wp-json\/wp\/v2\/categories?post=83763"},{"taxonomy":"post_tag","embeddable":true,"href":"https:\/\/www.correiobraziliense.com.br\/cbradar\/wp-json\/wp\/v2\/post_tag?post=83763"}],"curies":[{"name":"wp","href":"https:\/\/api.w.org\/{rel}","templated":true}]}}