{"id":83766,"date":"2025-08-11T18:33:00","date_gmt":"2025-08-11T21:33:00","guid":{"rendered":"https:\/\/www.correiobraziliense.com.br\/cbradar\/?p=83766"},"modified":"2025-08-09T18:50:31","modified_gmt":"2025-08-09T21:50:31","slug":"a-cidade-das-flores-encanta-com-qualidade-de-vida-elevada-no-brasil","status":"publish","type":"post","link":"https:\/\/www.correiobraziliense.com.br\/cbradar\/a-cidade-das-flores-encanta-com-qualidade-de-vida-elevada-no-brasil\/","title":{"rendered":"A cidade das flores encanta com qualidade de vida elevada no Brasil"},"content":{"rendered":"\n<p><strong><a href=\"https:\/\/www.holambra.sp.gov.br\/\" target=\"_blank\" rel=\"noreferrer noopener\">Holambra<\/a><\/strong>, no interior de <strong>S\u00e3o Paulo<\/strong>, <strong>Brasil<\/strong>, a 130 km da capital paulista e pr\u00f3xima a <strong>Campinas<\/strong> e <strong>Americana<\/strong>, \u00e9 conhecida como \u201cCidade das Flores\u201d. Com sua arquitetura holandesa \u00fanica no pa\u00eds e tradi\u00e7\u00e3o na floricultura, <strong>Holambra<\/strong> \u00e9 ideal para morar e vivenciar qualidade de vida. Conhe\u00e7a o que torna esta cidade um destino encantador para fam\u00edlias e profissionais.<\/p>\n\n\n\n<ul class=\"wp-block-list\">\n<li>Economia forte baseada na floricultura e agricultura moderna.<\/li>\n\n\n\n<li>Qualidade de vida elevada com infraestrutura completa e seguran\u00e7a.<\/li>\n\n\n\n<li>Cultura holandesa preservada com festivais e arquitetura t\u00edpica.<\/li>\n<\/ul>\n\n\n\n<h2 class=\"wp-block-heading\">Por que morar em Holambra?<\/h2>\n\n\n\n<p><strong>Holambra<\/strong> possui um IDH de 0,793, segundo o <strong><strong>Programa das Na\u00e7\u00f5es Unidas para o Desenvolvimento<\/strong><\/strong>. A economia \u00e9 movida pela floricultura, agricultura e turismo, conforme a <strong>Prefeitura de Holambra<\/strong>.<\/p>\n\n\n\n<p>Com cerca de 15.596 habitantes, segundo o <strong>IBGE<\/strong>, a cidade oferece servi\u00e7os de sa\u00fade e educa\u00e7\u00e3o de qualidade. A seguran\u00e7a \u00e9 refor\u00e7ada em todas as \u00e1reas residenciais.<\/p>\n\n\n\n<p>O custo de vida \u00e9 competitivo comparado \u00e0 regi\u00e3o metropolitana de <strong>S\u00e3o Paulo<\/strong>. Os investimentos em infraestrutura mant\u00eam as ruas bem conservadas e o sistema de sa\u00fade eficiente.<\/p>\n\n\n\n<p>A educa\u00e7\u00e3o conta com escolas municipais e particulares de alto padr\u00e3o. O mercado de trabalho \u00e9 aquecido nos setores de flores, agricultura e servi\u00e7os.<\/p>\n\n\n<div class=\"wp-block-image\">\n<figure class=\"aligncenter size-large\"><img decoding=\"async\" width=\"1024\" height=\"576\" src=\"https:\/\/www.correiobraziliense.com.br\/cbradar\/wp-content\/uploads\/2025\/06\/Holambra-sao-paulo_1750572408727-1024x576.jpg\" alt=\"\" class=\"wp-image-57389\" srcset=\"https:\/\/www.correiobraziliense.com.br\/cbradar\/wp-content\/uploads\/2025\/06\/Holambra-sao-paulo_1750572408727-1024x576.jpg 1024w, https:\/\/www.correiobraziliense.com.br\/cbradar\/wp-content\/uploads\/2025\/06\/Holambra-sao-paulo_1750572408727-300x169.jpg 300w, https:\/\/www.correiobraziliense.com.br\/cbradar\/wp-content\/uploads\/2025\/06\/Holambra-sao-paulo_1750572408727-768x432.jpg 768w, https:\/\/www.correiobraziliense.com.br\/cbradar\/wp-content\/uploads\/2025\/06\/Holambra-sao-paulo_1750572408727-750x422.jpg 750w, https:\/\/www.correiobraziliense.com.br\/cbradar\/wp-content\/uploads\/2025\/06\/Holambra-sao-paulo_1750572408727-1140x641.jpg 1140w, https:\/\/www.correiobraziliense.com.br\/cbradar\/wp-content\/uploads\/2025\/06\/Holambra-sao-paulo_1750572408727.jpg 1280w\" sizes=\"(max-width: 1024px) 100vw, 1024px\" \/><figcaption class=\"wp-element-caption\">Holambra. SP \/\/ Cr\u00e9ditos: depositphotos.com \/ paulobaqueta<\/figcaption><\/figure><\/div>\n\n\n<h2 class=\"wp-block-heading\">Quais s\u00e3o os melhores bairros para morar em Holambra?<\/h2>\n\n\n\n<ul class=\"wp-block-list\">\n<li>O <strong>Centro<\/strong> \u00e9 vibrante, com com\u00e9rcio e acesso ao <strong>Museu da Imigra\u00e7\u00e3o Japonesa<\/strong>. Ideal para quem busca praticidade e proximidade aos servi\u00e7os.<\/li>\n\n\n\n<li>O <strong>Jardim Holanda<\/strong> preserva a arquitetura holandesa tradicional. Oferece tranquilidade e casas com jardins amplos para fam\u00edlias.<\/li>\n\n\n\n<li>O <strong>Parque dos Ip\u00eas<\/strong> \u00e9 residencial moderno com infraestrutura completa. Atrai jovens profissionais e pequenos empres\u00e1rios.<\/li>\n\n\n\n<li>O <strong>Vila Real<\/strong> combina condom\u00ednios fechados com \u00e1reas verdes. Perfeito para quem valoriza seguran\u00e7a e contato com a natureza.<\/li>\n<\/ul>\n\n\n\n<figure class=\"wp-block-embed aligncenter is-type-video is-provider-youtube wp-block-embed-youtube wp-embed-aspect-16-9 wp-has-aspect-ratio\"><div class=\"wp-block-embed__wrapper\">\n<div class=\"jeg_video_container jeg_video_content\"><iframe loading=\"lazy\" title=\"HOLAMBRA SP -  BRASIL br - by drone [4K]\" width=\"500\" height=\"281\" src=\"https:\/\/www.youtube.com\/embed\/mXkluz1iYOc?start=3&#038;feature=oembed\" frameborder=\"0\" allow=\"accelerometer; autoplay; clipboard-write; encrypted-media; gyroscope; picture-in-picture; web-share\" referrerpolicy=\"strict-origin-when-cross-origin\" allowfullscreen><\/iframe><\/div>\n<\/div><figcaption class=\"wp-element-caption\">Holambra \/\/ Cr\u00e9ditos: YouTube @JrLongo<\/figcaption><\/figure>\n\n\n\n<h2 class=\"wp-block-heading\">Quais s\u00e3o as principais atra\u00e7\u00f5es tur\u00edsticas de Holambra?<\/h2>\n\n\n\n<p>O <strong>Museu da Imigra\u00e7\u00e3o<\/strong> conta a hist\u00f3ria dos colonos holandeses que fundaram a cidade. Suas exposi\u00e7\u00f5es retratam a trajet\u00f3ria desde 1948 at\u00e9 os dias atuais.<\/p>\n\n\n\n<p>O <strong>Moinho Povos Unidos<\/strong> \u00e9 r\u00e9plica de moinhos holandeses tradicionais. Funciona como centro cultural e oferece vista panor\u00e2mica da regi\u00e3o.<\/p>\n\n\n\n<p>A <strong>Expoflora<\/strong> acontece anualmente e atrai milhares de visitantes. Durante o festival, a cidade se transforma em jardim gigante com esculturas florais.<\/p>\n\n\n\n<p>O <strong>Deck do Amor<\/strong> no <strong>Lago do Descobrimento<\/strong> \u00e9 cen\u00e1rio rom\u00e2ntico cercado por natureza. Ideal para caminhadas e contempla\u00e7\u00e3o da fauna local.<\/p>\n\n\n\n<p>A <strong>Fazenda Terra Viva<\/strong> oferece experi\u00eancias rurais aut\u00eanticas. Visitantes conhecem o processo de cultivo de flores e participam de atividades educativas.<\/p>\n\n\n\n<ul class=\"wp-block-list\">\n<li><strong>Museu da Imigra\u00e7\u00e3o<\/strong>: Hist\u00f3ria dos colonos holandeses e japoneses.<\/li>\n\n\n\n<li><strong>Moinho Povos Unidos<\/strong>: R\u00e9plica tradicional com centro cultural.<\/li>\n\n\n\n<li><strong>Expoflora<\/strong>: Festival anual de flores e paisagismo.<\/li>\n\n\n\n<li><strong>Deck do Amor<\/strong>: Cen\u00e1rio rom\u00e2ntico no lago.<\/li>\n\n\n\n<li><strong>Fazenda Terra Viva<\/strong>: Turismo rural e experi\u00eancias educativas.<\/li>\n<\/ul>\n\n\n<div class=\"wp-block-image\">\n<figure class=\"aligncenter size-large\"><img decoding=\"async\" width=\"1024\" height=\"576\" src=\"https:\/\/www.correiobraziliense.com.br\/cbradar\/wp-content\/uploads\/2025\/08\/Edicoes-2025-08-05T193707.747-1024x576.png\" alt=\"\" class=\"wp-image-81602\" srcset=\"https:\/\/www.correiobraziliense.com.br\/cbradar\/wp-content\/uploads\/2025\/08\/Edicoes-2025-08-05T193707.747-1024x576.png 1024w, https:\/\/www.correiobraziliense.com.br\/cbradar\/wp-content\/uploads\/2025\/08\/Edicoes-2025-08-05T193707.747-300x169.png 300w, https:\/\/www.correiobraziliense.com.br\/cbradar\/wp-content\/uploads\/2025\/08\/Edicoes-2025-08-05T193707.747-768x432.png 768w, https:\/\/www.correiobraziliense.com.br\/cbradar\/wp-content\/uploads\/2025\/08\/Edicoes-2025-08-05T193707.747-750x422.png 750w, https:\/\/www.correiobraziliense.com.br\/cbradar\/wp-content\/uploads\/2025\/08\/Edicoes-2025-08-05T193707.747-1140x641.png 1140w, https:\/\/www.correiobraziliense.com.br\/cbradar\/wp-content\/uploads\/2025\/08\/Edicoes-2025-08-05T193707.747.png 1280w\" sizes=\"(max-width: 1024px) 100vw, 1024px\" \/><figcaption class=\"wp-element-caption\">Holambra \/\/ Cr\u00e9ditos: YouTube @JrLongo<\/figcaption><\/figure><\/div>\n\n\n<h2 class=\"wp-block-heading\">Como \u00e9 a vida cultural em Holambra?<\/h2>\n\n\n\n<p><strong>Holambra<\/strong> vibra com a <strong>Expoflora<\/strong>, que re\u00fane paisagismo e cultura holandesa. Feiras no <strong>Centro<\/strong> oferecem artesanato e gastronomia t\u00edpica.<\/p>\n\n\n\n<p>Os <strong>Festivais de Inverno<\/strong> celebram a heran\u00e7a europeia com dan\u00e7as folcl\u00f3ricas. A <strong>Casa do Artes\u00e3o<\/strong> promove oficinas e exposi\u00e7\u00f5es mensais.<\/p>\n\n\n\n<p>A gastronomia mescla pratos holandeses e brasileiros em restaurantes charmosos. O <strong>Caf\u00e9 Colonial<\/strong> \u00e9 tradi\u00e7\u00e3o aos fins de semana.<\/p>\n\n\n\n<h2 class=\"wp-block-heading\">Por que Holambra \u00e9 refer\u00eancia em floricultura?<\/h2>\n\n\n\n<p><strong>Holambra<\/strong> \u00e9 conhecida como maior centro de floricultura da <strong>Am\u00e9rica Latina<\/strong>, segundo a <strong>Cooperativa Veiling Holambra<\/strong>. A cidade produz 60% das flores comercializadas no <strong>Brasil<\/strong>.<\/p>\n\n\n\n<p>A tecnologia holandesa trouxe inova\u00e7\u00e3o para estufas climatizadas. O leil\u00e3o eletr\u00f4nico de flores movimenta milh\u00f5es anualmente.<\/p>\n\n\n\n<p>As empresas locais exportam para diversos pa\u00edses. A tradi\u00e7\u00e3o familiar mant\u00e9m a qualidade reconhecida internacionalmente.<\/p>\n\n\n<div class=\"wp-block-image\">\n<figure class=\"aligncenter size-large\"><img decoding=\"async\" width=\"1024\" height=\"576\" src=\"https:\/\/www.correiobraziliense.com.br\/cbradar\/wp-content\/uploads\/2025\/08\/Edicoes-2025-08-05T193636.876-1024x576.png\" alt=\"\" class=\"wp-image-81603\" srcset=\"https:\/\/www.correiobraziliense.com.br\/cbradar\/wp-content\/uploads\/2025\/08\/Edicoes-2025-08-05T193636.876-1024x576.png 1024w, https:\/\/www.correiobraziliense.com.br\/cbradar\/wp-content\/uploads\/2025\/08\/Edicoes-2025-08-05T193636.876-300x169.png 300w, https:\/\/www.correiobraziliense.com.br\/cbradar\/wp-content\/uploads\/2025\/08\/Edicoes-2025-08-05T193636.876-768x432.png 768w, https:\/\/www.correiobraziliense.com.br\/cbradar\/wp-content\/uploads\/2025\/08\/Edicoes-2025-08-05T193636.876-750x422.png 750w, https:\/\/www.correiobraziliense.com.br\/cbradar\/wp-content\/uploads\/2025\/08\/Edicoes-2025-08-05T193636.876-1140x641.png 1140w, https:\/\/www.correiobraziliense.com.br\/cbradar\/wp-content\/uploads\/2025\/08\/Edicoes-2025-08-05T193636.876.png 1280w\" sizes=\"(max-width: 1024px) 100vw, 1024px\" \/><figcaption class=\"wp-element-caption\">Holambra \/\/ Cr\u00e9ditos: YouTube @JrLongo<\/figcaption><\/figure><\/div>\n\n\n<h2 class=\"wp-block-heading\">A origem da Cidade das Flores<\/h2>\n\n\n\n<p><strong>Holambra<\/strong> ganhou o nome da fus\u00e3o \u201cHolanda\u201d, \u201cAm\u00e9rica\u201d e \u201cBrasil\u201d. Em 1948, imigrantes holandeses chegaram buscando reconstruir suas vidas p\u00f3s-guerra.<\/p>\n\n\n\n<p>A <strong>Cooperativa Agropecu\u00e1ria<\/strong> foi fundamental para o desenvolvimento. Os colonos trouxeram t\u00e9cnicas avan\u00e7adas de cultivo e organiza\u00e7\u00e3o comunit\u00e1ria.<\/p>\n\n\n\n<p>O planejamento urbano seguiu padr\u00f5es holandeses com ruas largas. A arquitetura t\u00edpica com telhados vermelhos tornou-se marca da cidade.<\/p>\n\n\n<div class=\"wp-block-image\">\n<figure class=\"aligncenter size-large\"><img decoding=\"async\" width=\"1024\" height=\"576\" src=\"https:\/\/www.correiobraziliense.com.br\/cbradar\/wp-content\/uploads\/2025\/02\/Holambra_1739512269031-1024x576.jpg\" alt=\"A cidade das flores vai te encantar com qualidade de vida imbat\u00edvel\" class=\"wp-image-2628\" srcset=\"https:\/\/www.correiobraziliense.com.br\/cbradar\/wp-content\/uploads\/2025\/02\/Holambra_1739512269031-1024x576.jpg 1024w, https:\/\/www.correiobraziliense.com.br\/cbradar\/wp-content\/uploads\/2025\/02\/Holambra_1739512269031-300x169.jpg 300w, https:\/\/www.correiobraziliense.com.br\/cbradar\/wp-content\/uploads\/2025\/02\/Holambra_1739512269031-768x432.jpg 768w, https:\/\/www.correiobraziliense.com.br\/cbradar\/wp-content\/uploads\/2025\/02\/Holambra_1739512269031-750x422.jpg 750w, https:\/\/www.correiobraziliense.com.br\/cbradar\/wp-content\/uploads\/2025\/02\/Holambra_1739512269031-1140x641.jpg 1140w, https:\/\/www.correiobraziliense.com.br\/cbradar\/wp-content\/uploads\/2025\/02\/Holambra_1739512269031.jpg 1280w\" sizes=\"(max-width: 1024px) 100vw, 1024px\" \/><figcaption class=\"wp-element-caption\">Holambra \/\/ Cr\u00e9ditos: depositphotos.com \/ paulobaqueta<\/figcaption><\/figure><\/div>\n\n\n<h2 class=\"wp-block-heading\">Melhor \u00e9poca para visitar Holambra?<\/h2>\n\n\n\n<p>Entre <strong>mar\u00e7o<\/strong> e <strong>maio<\/strong>, <strong>Holambra<\/strong> tem temperaturas entre 18\u202f\u00b0C e 28\u202f\u00b0C, segundo o <strong>Climatempo<\/strong>. O outono \u00e9 ideal para caminhadas e atividades ao ar livre.<\/p>\n\n\n\n<p>O per\u00edodo da <strong>Expoflora<\/strong>, em setembro, transforma a cidade. As temperaturas amenas favorecem a visita\u00e7\u00e3o \u00e0s exposi\u00e7\u00f5es florais.<\/p>\n\n\n\n<p><strong>Junho<\/strong> a <strong>agosto<\/strong> oferecem clima seco com noites frescas. \u00c9 temporada perfeita para apreciar a gastronomia em restaurantes aconchegantes.<\/p>\n\n\n\n<p>O <strong>Festival de Inverno<\/strong> em julho aquece a programa\u00e7\u00e3o cultural. As manh\u00e3s ensolaradas convidam para passeios pelos jardins da cidade.<\/p>\n\n\n\n<p><strong>Leia tamb\u00e9m<\/strong>: <strong><a href=\"https:\/\/www.correiobraziliense.com.br\/cbradar\/a-cidade-brasileira-comparavel-a-alemanha-pela-qualidade-de-vida\/\" target=\"_blank\" rel=\"noreferrer noopener\">A cidade brasileira compar\u00e1vel \u00e0 Alemanha pela qualidade de vida<\/a>.<\/strong><\/p>\n\n\n\n<h2 class=\"wp-block-heading\">Vivencie Holambra<\/h2>\n\n\n\n<p><strong>Holambra<\/strong> une qualidade de vida excepcional com tradi\u00e7\u00e3o holandesa em <strong>S\u00e3o Paulo<\/strong>. Do <strong>Moinho Povos Unidos<\/strong> \u00e0 <strong>Expoflora<\/strong>, \u00e9 destino ideal para morar e visitar. Planeje sua mudan\u00e7a ou viajem para viver o charme da \u201cCidade das Flores\u201d.<\/p>\n\n\n\n<ul class=\"wp-block-list\">\n<li>Economia pr\u00f3spera baseada na floricultura moderna.<\/li>\n\n\n\n<li>Infraestrutura completa com seguran\u00e7a e qualidade de vida.<\/li>\n\n\n\n<li>Cultura holandesa preservada com festivais tradicionais.<\/li>\n<\/ul>\n","protected":false},"excerpt":{"rendered":"<p>Holambra, no interior de S\u00e3o Paulo, Brasil, a 130 km da capital paulista e pr\u00f3xima a Campinas e Americana, \u00e9 conhecida como \u201cCidade das Flores\u201d. Com sua arquitetura holandesa \u00fanica no pa\u00eds e tradi\u00e7\u00e3o na floricultura, Holambra \u00e9 ideal para morar e vivenciar qualidade de vida. Conhe\u00e7a o que torna esta cidade um destino encantador [&hellip;]<\/p>\n","protected":false},"author":8,"featured_media":2627,"comment_status":"open","ping_status":"open","sticky":false,"template":"","format":"standard","meta":{"_yoast_wpseo_focuskw":"cidade","_yoast_wpseo_title":"","_yoast_wpseo_metadesc":"Qualidade de vida e charme definem a cidade das flores que vai conquistar voc\u00ea. Conhe\u00e7a esse destino especial.","jnews-multi-image_gallery":[],"jnews_single_post":{"format":"standard"},"jnews_primary_category":[],"jnews_social_meta":[],"jnews_override_counter":[],"footnotes":""},"categories":[108,111],"post_tag":[225,677,278],"class_list":["post-83766","post","type-post","status-publish","format-standard","has-post-thumbnail","hentry","category-cidades","category-turismo","tag-brasil","tag-holambra","tag-sao-paulo"],"yoast_head":"<!-- This site is optimized with the Yoast SEO plugin v24.6 - https:\/\/yoast.com\/wordpress\/plugins\/seo\/ -->\n<title>A cidade das flores encanta com qualidade de vida elevada no Brasil - Correio Braziliense - Radar<\/title>\n<meta name=\"description\" content=\"Qualidade de vida e charme definem a cidade das flores que vai conquistar voc\u00ea. Conhe\u00e7a esse destino especial.\" \/>\n<meta name=\"robots\" content=\"index, follow, max-snippet:-1, max-image-preview:large, max-video-preview:-1\" \/>\n<link rel=\"canonical\" href=\"https:\/\/www.correiobraziliense.com.br\/cbradar\/a-cidade-das-flores-encanta-com-qualidade-de-vida-elevada-no-brasil\/\" \/>\n<meta property=\"og:locale\" content=\"pt_BR\" \/>\n<meta property=\"og:type\" content=\"article\" \/>\n<meta property=\"og:title\" content=\"A cidade das flores encanta com qualidade de vida elevada no Brasil - Correio Braziliense - Radar\" \/>\n<meta property=\"og:description\" content=\"Qualidade de vida e charme definem a cidade das flores que vai conquistar voc\u00ea. Conhe\u00e7a esse destino especial.\" \/>\n<meta property=\"og:url\" content=\"https:\/\/www.correiobraziliense.com.br\/cbradar\/a-cidade-das-flores-encanta-com-qualidade-de-vida-elevada-no-brasil\/\" \/>\n<meta property=\"og:site_name\" content=\"Correio Braziliense - Radar\" \/>\n<meta property=\"article:published_time\" content=\"2025-08-11T21:33:00+00:00\" \/>\n<meta property=\"og:image\" content=\"https:\/\/www.correiobraziliense.com.br\/cbradar\/wp-content\/uploads\/2025\/02\/Holambra_1739512258697.jpg\" \/>\n\t<meta property=\"og:image:width\" content=\"1280\" \/>\n\t<meta property=\"og:image:height\" content=\"720\" \/>\n\t<meta property=\"og:image:type\" content=\"image\/jpeg\" \/>\n<meta name=\"author\" content=\"Maura Pereira\" \/>\n<meta name=\"twitter:card\" content=\"summary_large_image\" \/>\n<meta name=\"twitter:label1\" content=\"Escrito por\" \/>\n\t<meta name=\"twitter:data1\" content=\"Maura Pereira\" \/>\n\t<meta name=\"twitter:label2\" content=\"Est. tempo de leitura\" \/>\n\t<meta name=\"twitter:data2\" content=\"6 minutos\" \/>\n<!-- \/ Yoast SEO plugin. -->","yoast_head_json":{"title":"A cidade das flores encanta com qualidade de vida elevada no Brasil - Correio Braziliense - Radar","description":"Qualidade de vida e charme definem a cidade das flores que vai conquistar voc\u00ea. Conhe\u00e7a esse destino especial.","robots":{"index":"index","follow":"follow","max-snippet":"max-snippet:-1","max-image-preview":"max-image-preview:large","max-video-preview":"max-video-preview:-1"},"canonical":"https:\/\/www.correiobraziliense.com.br\/cbradar\/a-cidade-das-flores-encanta-com-qualidade-de-vida-elevada-no-brasil\/","og_locale":"pt_BR","og_type":"article","og_title":"A cidade das flores encanta com qualidade de vida elevada no Brasil - Correio Braziliense - Radar","og_description":"Qualidade de vida e charme definem a cidade das flores que vai conquistar voc\u00ea. Conhe\u00e7a esse destino especial.","og_url":"https:\/\/www.correiobraziliense.com.br\/cbradar\/a-cidade-das-flores-encanta-com-qualidade-de-vida-elevada-no-brasil\/","og_site_name":"Correio Braziliense - Radar","article_published_time":"2025-08-11T21:33:00+00:00","og_image":[{"width":1280,"height":720,"url":"https:\/\/www.correiobraziliense.com.br\/cbradar\/wp-content\/uploads\/2025\/02\/Holambra_1739512258697.jpg","type":"image\/jpeg"}],"author":"Maura Pereira","twitter_card":"summary_large_image","twitter_misc":{"Escrito por":"Maura Pereira","Est. tempo de leitura":"6 minutos"},"schema":{"@context":"https:\/\/schema.org","@graph":[{"@type":"WebPage","@id":"https:\/\/www.correiobraziliense.com.br\/cbradar\/a-cidade-das-flores-encanta-com-qualidade-de-vida-elevada-no-brasil\/","url":"https:\/\/www.correiobraziliense.com.br\/cbradar\/a-cidade-das-flores-encanta-com-qualidade-de-vida-elevada-no-brasil\/","name":"A cidade das flores encanta com qualidade de vida elevada no Brasil - Correio Braziliense - Radar","isPartOf":{"@id":"https:\/\/www.correiobraziliense.com.br\/cbradar\/#website"},"primaryImageOfPage":{"@id":"https:\/\/www.correiobraziliense.com.br\/cbradar\/a-cidade-das-flores-encanta-com-qualidade-de-vida-elevada-no-brasil\/#primaryimage"},"image":{"@id":"https:\/\/www.correiobraziliense.com.br\/cbradar\/a-cidade-das-flores-encanta-com-qualidade-de-vida-elevada-no-brasil\/#primaryimage"},"thumbnailUrl":"https:\/\/www.correiobraziliense.com.br\/cbradar\/wp-content\/uploads\/2025\/02\/Holambra_1739512258697.jpg","datePublished":"2025-08-11T21:33:00+00:00","author":{"@id":"https:\/\/www.correiobraziliense.com.br\/cbradar\/#\/schema\/person\/4053c651a9bfc785afc6f4cbc9032fd3"},"description":"Qualidade de vida e charme definem a cidade das flores que vai conquistar voc\u00ea. Conhe\u00e7a esse destino especial.","breadcrumb":{"@id":"https:\/\/www.correiobraziliense.com.br\/cbradar\/a-cidade-das-flores-encanta-com-qualidade-de-vida-elevada-no-brasil\/#breadcrumb"},"inLanguage":"pt-BR","potentialAction":[{"@type":"ReadAction","target":["https:\/\/www.correiobraziliense.com.br\/cbradar\/a-cidade-das-flores-encanta-com-qualidade-de-vida-elevada-no-brasil\/"]}]},{"@type":"ImageObject","inLanguage":"pt-BR","@id":"https:\/\/www.correiobraziliense.com.br\/cbradar\/a-cidade-das-flores-encanta-com-qualidade-de-vida-elevada-no-brasil\/#primaryimage","url":"https:\/\/www.correiobraziliense.com.br\/cbradar\/wp-content\/uploads\/2025\/02\/Holambra_1739512258697.jpg","contentUrl":"https:\/\/www.correiobraziliense.com.br\/cbradar\/wp-content\/uploads\/2025\/02\/Holambra_1739512258697.jpg","width":1280,"height":720,"caption":"O Moinho Povos Unidos, maior moinho t\u00edpico da Am\u00e9rica Latina, \u00e9 cart\u00e3o-postal da cidade. \/\/ Cr\u00e9ditos: depositphotos.com \/ paulobaqueta"},{"@type":"BreadcrumbList","@id":"https:\/\/www.correiobraziliense.com.br\/cbradar\/a-cidade-das-flores-encanta-com-qualidade-de-vida-elevada-no-brasil\/#breadcrumb","itemListElement":[{"@type":"ListItem","position":1,"name":"In\u00edcio","item":"https:\/\/www.correiobraziliense.com.br\/cbradar\/"},{"@type":"ListItem","position":2,"name":"A cidade das flores encanta com qualidade de vida elevada no Brasil"}]},{"@type":"WebSite","@id":"https:\/\/www.correiobraziliense.com.br\/cbradar\/#website","url":"https:\/\/www.correiobraziliense.com.br\/cbradar\/","name":"Correio Braziliense - Radar","description":"Acompanhe as \u00faltimas not\u00edcias e fique bem informado sobre tudo o que acontece no Brasil e no mundo.","potentialAction":[{"@type":"SearchAction","target":{"@type":"EntryPoint","urlTemplate":"https:\/\/www.correiobraziliense.com.br\/cbradar\/?s={search_term_string}"},"query-input":{"@type":"PropertyValueSpecification","valueRequired":true,"valueName":"search_term_string"}}],"inLanguage":"pt-BR"},{"@type":"Person","@id":"https:\/\/www.correiobraziliense.com.br\/cbradar\/#\/schema\/person\/4053c651a9bfc785afc6f4cbc9032fd3","name":"Maura Pereira","image":{"@type":"ImageObject","inLanguage":"pt-BR","@id":"https:\/\/www.correiobraziliense.com.br\/cbradar\/#\/schema\/person\/image\/","url":"https:\/\/secure.gravatar.com\/avatar\/3effd6bdadfa447f15089c7f7144eaa6?s=96&d=mm&r=g","contentUrl":"https:\/\/secure.gravatar.com\/avatar\/3effd6bdadfa447f15089c7f7144eaa6?s=96&d=mm&r=g","caption":"Maura Pereira"},"sameAs":["https:\/\/www.correiobraziliense.com.br\/"],"url":"https:\/\/www.correiobraziliense.com.br\/cbradar\/author\/mauramyth\/"}]}},"_links":{"self":[{"href":"https:\/\/www.correiobraziliense.com.br\/cbradar\/wp-json\/wp\/v2\/posts\/83766","targetHints":{"allow":["GET"]}}],"collection":[{"href":"https:\/\/www.correiobraziliense.com.br\/cbradar\/wp-json\/wp\/v2\/posts"}],"about":[{"href":"https:\/\/www.correiobraziliense.com.br\/cbradar\/wp-json\/wp\/v2\/types\/post"}],"author":[{"embeddable":true,"href":"https:\/\/www.correiobraziliense.com.br\/cbradar\/wp-json\/wp\/v2\/users\/8"}],"replies":[{"embeddable":true,"href":"https:\/\/www.correiobraziliense.com.br\/cbradar\/wp-json\/wp\/v2\/comments?post=83766"}],"version-history":[{"count":11,"href":"https:\/\/www.correiobraziliense.com.br\/cbradar\/wp-json\/wp\/v2\/posts\/83766\/revisions"}],"predecessor-version":[{"id":83871,"href":"https:\/\/www.correiobraziliense.com.br\/cbradar\/wp-json\/wp\/v2\/posts\/83766\/revisions\/83871"}],"wp:featuredmedia":[{"embeddable":true,"href":"https:\/\/www.correiobraziliense.com.br\/cbradar\/wp-json\/wp\/v2\/media\/2627"}],"wp:attachment":[{"href":"https:\/\/www.correiobraziliense.com.br\/cbradar\/wp-json\/wp\/v2\/media?parent=83766"}],"wp:term":[{"taxonomy":"category","embeddable":true,"href":"https:\/\/www.correiobraziliense.com.br\/cbradar\/wp-json\/wp\/v2\/categories?post=83766"},{"taxonomy":"post_tag","embeddable":true,"href":"https:\/\/www.correiobraziliense.com.br\/cbradar\/wp-json\/wp\/v2\/post_tag?post=83766"}],"curies":[{"name":"wp","href":"https:\/\/api.w.org\/{rel}","templated":true}]}}