{"id":8391,"date":"2025-03-03T08:59:00","date_gmt":"2025-03-03T11:59:00","guid":{"rendered":"https:\/\/www.correiobraziliense.com.br\/cbradar\/?p=8391"},"modified":"2025-03-03T05:31:42","modified_gmt":"2025-03-03T08:31:42","slug":"voce-conhece-o-filme-brasileiro-que-ganhou-o-oscar","status":"publish","type":"post","link":"https:\/\/www.correiobraziliense.com.br\/cbradar\/voce-conhece-o-filme-brasileiro-que-ganhou-o-oscar\/","title":{"rendered":"Voc\u00ea conhece o Filme Brasileiro que Ganhou o Oscar?"},"content":{"rendered":"\n<p>O filme brasileiro &#8220;<b>Ainda Estou Aqui<\/b>&#8221; alcan\u00e7ou um marco hist\u00f3rico ao vencer o <b>Oscar<\/b> 2025 na categoria de Melhor Filme Internacional. Esta vit\u00f3ria representa a primeira estatueta do pr\u00eamio para o <b>Brasil<\/b>, destacando o talento do cinema nacional em um cen\u00e1rio global. Estrelado por <b>Fernanda Torres e Selton Mello<\/b>, e dirigido por<b> Walter Salles<\/b>, o longa se destacou entre fortes concorrentes, marcando o retorno do Brasil \u00e0 categoria ap\u00f3s 26 anos.<\/p>\n\n\n\n<p>Al\u00e9m de &#8220;Ainda Estou Aqui&#8221;, outros filmes indicados na categoria inclu\u00edam &#8220;<strong>Emilia P\u00e9rez<\/strong>&#8220;, &#8220;<strong>A Semente do Fruto Sagrado<\/strong>&#8220;, &#8220;<strong>Flow<\/strong>&#8221; e &#8220;<strong>A Garota da Agulha<\/strong>&#8220;. Apesar de &#8220;Emilia P\u00e9rez&#8221; e &#8220;Flow&#8221; terem sido reconhecidos em outras premia\u00e7\u00f5es, o filme brasileiro era apontado como favorito por ve\u00edculos internacionais como <strong>Variety e The Hollywood Reporter<\/strong>.<\/p>\n\n\n\n<h2 class=\"wp-block-heading\">Por que &#8220;Ainda Estou Aqui&#8221; foi um Favorito?<\/h2>\n\n\n\n<p>A vit\u00f3ria de &#8220;Ainda Estou Aqui&#8221; no Oscar pode ser atribu\u00edda a v\u00e1rios fatores. Primeiramente, a atua\u00e7\u00e3o impressionante de Fernanda Torres, que tamb\u00e9m concorreu ao pr\u00eamio de Melhor Atriz, trouxe profundidade e emo\u00e7\u00e3o \u00e0 narrativa. Al\u00e9m disso, a dire\u00e7\u00e3o de Walter Salles, conhecido por seu trabalho em &#8220;Central do Brasil&#8221;, trouxe uma vis\u00e3o aut\u00eantica e poderosa da hist\u00f3ria.<\/p>\n\n\n\n<p>O filme \u00e9 uma adapta\u00e7\u00e3o do livro hom\u00f4nimo de Marcelo Rubens Paiva, ambientado na d\u00e9cada de 1970 durante a ditadura militar no Brasil. A trama segue a fam\u00edlia Paiva, cuja vida \u00e9 drasticamente alterada quando Rubens Paiva, interpretado por Selton Mello, \u00e9 levado por militares e desaparece. Essa narrativa hist\u00f3rica e emocionalmente carregada ressoou com o p\u00fablico e os cr\u00edticos, contribuindo para o reconhecimento internacional.<\/p>\n\n\n\n<p>Al\u00e9m da vit\u00f3ria na categoria de Melhor Filme Internacional, &#8220;Ainda Estou Aqui&#8221; tamb\u00e9m concorreu ao Oscar em outras duas categorias: Melhor Atriz, gra\u00e7as \u00e0 performance de Fernanda Torres, e Melhor Filme, destacando ainda mais a relev\u00e2ncia e o reconhecimento da obra.<\/p>\n\n\n\n<blockquote class=\"instagram-media\" data-instgrm-captioned data-instgrm-permalink=\"https:\/\/www.instagram.com\/p\/DGuXoExNtpR\/?utm_source=ig_embed&amp;utm_campaign=loading\" data-instgrm-version=\"14\" style=\" background:#FFF; border:0; border-radius:3px; box-shadow:0 0 1px 0 rgba(0,0,0,0.5),0 1px 10px 0 rgba(0,0,0,0.15); margin: 1px; max-width:540px; min-width:326px; padding:0; width:99.375%; width:-webkit-calc(100% - 2px); width:calc(100% - 2px);\"><div style=\"padding:16px;\"> <a href=\"https:\/\/www.instagram.com\/p\/DGuXoExNtpR\/?utm_source=ig_embed&amp;utm_campaign=loading\" style=\" background:#FFFFFF; line-height:0; padding:0 0; text-align:center; text-decoration:none; width:100%;\" target=\"_blank\"> <div style=\" display: flex; flex-direction: row; align-items: center;\"> <div style=\"background-color: #F4F4F4; border-radius: 50%; flex-grow: 0; height: 40px; margin-right: 14px; width: 40px;\"><\/div> <div style=\"display: flex; flex-direction: column; flex-grow: 1; justify-content: center;\"> <div style=\" background-color: #F4F4F4; border-radius: 4px; flex-grow: 0; height: 14px; margin-bottom: 6px; width: 100px;\"><\/div> <div style=\" background-color: #F4F4F4; border-radius: 4px; flex-grow: 0; height: 14px; width: 60px;\"><\/div><\/div><\/div><div style=\"padding: 19% 0;\"><\/div> <div style=\"display:block; height:50px; margin:0 auto 12px; width:50px;\"><svg width=\"50px\" height=\"50px\" viewBox=\"0 0 60 60\" version=\"1.1\" xmlns=\"https:\/\/www.w3.org\/2000\/svg\" xmlns:xlink=\"https:\/\/www.w3.org\/1999\/xlink\"><g stroke=\"none\" stroke-width=\"1\" fill=\"none\" fill-rule=\"evenodd\"><g transform=\"translate(-511.000000, -20.000000)\" fill=\"#000000\"><g><path d=\"M556.869,30.41 C554.814,30.41 553.148,32.076 553.148,34.131 C553.148,36.186 554.814,37.852 556.869,37.852 C558.924,37.852 560.59,36.186 560.59,34.131 C560.59,32.076 558.924,30.41 556.869,30.41 M541,60.657 C535.114,60.657 530.342,55.887 530.342,50 C530.342,44.114 535.114,39.342 541,39.342 C546.887,39.342 551.658,44.114 551.658,50 C551.658,55.887 546.887,60.657 541,60.657 M541,33.886 C532.1,33.886 524.886,41.1 524.886,50 C524.886,58.899 532.1,66.113 541,66.113 C549.9,66.113 557.115,58.899 557.115,50 C557.115,41.1 549.9,33.886 541,33.886 M565.378,62.101 C565.244,65.022 564.756,66.606 564.346,67.663 C563.803,69.06 563.154,70.057 562.106,71.106 C561.058,72.155 560.06,72.803 558.662,73.347 C557.607,73.757 556.021,74.244 553.102,74.378 C549.944,74.521 548.997,74.552 541,74.552 C533.003,74.552 532.056,74.521 528.898,74.378 C525.979,74.244 524.393,73.757 523.338,73.347 C521.94,72.803 520.942,72.155 519.894,71.106 C518.846,70.057 518.197,69.06 517.654,67.663 C517.244,66.606 516.755,65.022 516.623,62.101 C516.479,58.943 516.448,57.996 516.448,50 C516.448,42.003 516.479,41.056 516.623,37.899 C516.755,34.978 517.244,33.391 517.654,32.338 C518.197,30.938 518.846,29.942 519.894,28.894 C520.942,27.846 521.94,27.196 523.338,26.654 C524.393,26.244 525.979,25.756 528.898,25.623 C532.057,25.479 533.004,25.448 541,25.448 C548.997,25.448 549.943,25.479 553.102,25.623 C556.021,25.756 557.607,26.244 558.662,26.654 C560.06,27.196 561.058,27.846 562.106,28.894 C563.154,29.942 563.803,30.938 564.346,32.338 C564.756,33.391 565.244,34.978 565.378,37.899 C565.522,41.056 565.552,42.003 565.552,50 C565.552,57.996 565.522,58.943 565.378,62.101 M570.82,37.631 C570.674,34.438 570.167,32.258 569.425,30.349 C568.659,28.377 567.633,26.702 565.965,25.035 C564.297,23.368 562.623,22.342 560.652,21.575 C558.743,20.834 556.562,20.326 553.369,20.18 C550.169,20.033 549.148,20 541,20 C532.853,20 531.831,20.033 528.631,20.18 C525.438,20.326 523.257,20.834 521.349,21.575 C519.376,22.342 517.703,23.368 516.035,25.035 C514.368,26.702 513.342,28.377 512.574,30.349 C511.834,32.258 511.326,34.438 511.181,37.631 C511.035,40.831 511,41.851 511,50 C511,58.147 511.035,59.17 511.181,62.369 C511.326,65.562 511.834,67.743 512.574,69.651 C513.342,71.625 514.368,73.296 516.035,74.965 C517.703,76.634 519.376,77.658 521.349,78.425 C523.257,79.167 525.438,79.673 528.631,79.82 C531.831,79.965 532.853,80.001 541,80.001 C549.148,80.001 550.169,79.965 553.369,79.82 C556.562,79.673 558.743,79.167 560.652,78.425 C562.623,77.658 564.297,76.634 565.965,74.965 C567.633,73.296 568.659,71.625 569.425,69.651 C570.167,67.743 570.674,65.562 570.82,62.369 C570.966,59.17 571,58.147 571,50 C571,41.851 570.966,40.831 570.82,37.631\"><\/path><\/g><\/g><\/g><\/svg><\/div><div style=\"padding-top: 8px;\"> <div style=\" color:#3897f0; font-family:Arial,sans-serif; font-size:14px; font-style:normal; font-weight:550; line-height:18px;\">Ver essa foto no Instagram<\/div><\/div><div style=\"padding: 12.5% 0;\"><\/div> <div style=\"display: flex; flex-direction: row; margin-bottom: 14px; align-items: center;\"><div> <div style=\"background-color: #F4F4F4; border-radius: 50%; height: 12.5px; width: 12.5px; transform: translateX(0px) translateY(7px);\"><\/div> <div style=\"background-color: #F4F4F4; height: 12.5px; transform: rotate(-45deg) translateX(3px) translateY(1px); width: 12.5px; flex-grow: 0; margin-right: 14px; margin-left: 2px;\"><\/div> <div style=\"background-color: #F4F4F4; border-radius: 50%; height: 12.5px; width: 12.5px; transform: translateX(9px) translateY(-18px);\"><\/div><\/div><div style=\"margin-left: 8px;\"> <div style=\" background-color: #F4F4F4; border-radius: 50%; flex-grow: 0; height: 20px; width: 20px;\"><\/div> <div style=\" width: 0; height: 0; border-top: 2px solid transparent; border-left: 6px solid #f4f4f4; border-bottom: 2px solid transparent; transform: translateX(16px) translateY(-4px) rotate(30deg)\"><\/div><\/div><div style=\"margin-left: auto;\"> <div style=\" width: 0px; border-top: 8px solid #F4F4F4; border-right: 8px solid transparent; transform: translateY(16px);\"><\/div> <div style=\" background-color: #F4F4F4; flex-grow: 0; height: 12px; width: 16px; transform: translateY(-4px);\"><\/div> <div style=\" width: 0; height: 0; border-top: 8px solid #F4F4F4; border-left: 8px solid transparent; transform: translateY(-4px) translateX(8px);\"><\/div><\/div><\/div> <div style=\"display: flex; flex-direction: column; flex-grow: 1; justify-content: center; margin-bottom: 24px;\"> <div style=\" background-color: #F4F4F4; border-radius: 4px; flex-grow: 0; height: 14px; margin-bottom: 6px; width: 224px;\"><\/div> <div style=\" background-color: #F4F4F4; border-radius: 4px; flex-grow: 0; height: 14px; width: 144px;\"><\/div><\/div><\/a><p style=\" color:#c9c8cd; font-family:Arial,sans-serif; font-size:14px; line-height:17px; margin-bottom:0; margin-top:8px; overflow:hidden; padding:8px 0 7px; text-align:center; text-overflow:ellipsis; white-space:nowrap;\"><a href=\"https:\/\/www.instagram.com\/p\/DGuXoExNtpR\/?utm_source=ig_embed&amp;utm_campaign=loading\" style=\" color:#c9c8cd; font-family:Arial,sans-serif; font-size:14px; font-style:normal; font-weight:normal; line-height:17px; text-decoration:none;\" target=\"_blank\">Uma publica\u00e7\u00e3o compartilhada por Fernanda Torres (@oficialfernandatorres)<\/a><\/p><\/div><\/blockquote>\n<script async src=\"\/\/www.instagram.com\/embed.js\"><\/script>\n\n\n\n<h2 class=\"wp-block-heading\">Qual \u00e9 a Import\u00e2ncia do Oscar para o Cinema Brasileiro?<\/h2>\n\n\n\n<p>Ganhar um Oscar \u00e9 um feito significativo para qualquer pa\u00eds, e para o Brasil, representa um reconhecimento do talento e da criatividade de seus cineastas. Esta vit\u00f3ria pode abrir portas para mais produ\u00e7\u00f5es brasileiras no cen\u00e1rio internacional, incentivando investimentos e colabora\u00e7\u00f5es futuras. Al\u00e9m disso, aumenta a visibilidade do cinema brasileiro, atraindo novos p\u00fablicos e cr\u00edticos para explorar a riqueza cultural e narrativa do pa\u00eds.<\/p>\n\n\n\n<p>O reconhecimento de &#8220;Ainda Estou Aqui&#8221; tamb\u00e9m destaca a import\u00e2ncia de contar hist\u00f3rias locais com relev\u00e2ncia global. Ao abordar temas universais como a fam\u00edlia, a perda e a resist\u00eancia, o filme transcende barreiras culturais, permitindo que audi\u00eancias de todo o mundo se conectem com a hist\u00f3ria.<\/p>\n\n\n\n<h2 class=\"wp-block-heading\">O Futuro do Cinema Brasileiro Ap\u00f3s o Oscar<\/h2>\n\n\n\n<p>Com a vit\u00f3ria de &#8220;Ainda Estou Aqui&#8221;, o futuro do cinema brasileiro parece promissor. Esta conquista pode inspirar uma nova gera\u00e7\u00e3o de cineastas a explorar narrativas aut\u00eanticas e inovadoras, contribuindo para a diversidade do cinema mundial. Al\u00e9m disso, o sucesso no Oscar pode incentivar pol\u00edticas de apoio e financiamento ao setor cinematogr\u00e1fico no Brasil, fortalecendo a ind\u00fastria local.<\/p>\n\n\n\n<p>O reconhecimento internacional tamb\u00e9m pode levar a colabora\u00e7\u00f5es com cineastas de outros pa\u00edses, enriquecendo ainda mais o cinema brasileiro com novas perspectivas e t\u00e9cnicas. Assim, a vit\u00f3ria no Oscar n\u00e3o \u00e9 apenas um triunfo para &#8220;Ainda Estou Aqui&#8221;, mas um passo significativo para o futuro do cinema no Brasil.<\/p>\n\n\n\n<h2 class=\"wp-block-heading\">Onde assistir o filme &#8220;Ainda Estou Aqui&#8221;?<\/h2>\n\n\n\n<p>Nos cinemas brasileiros desde novembro, o filme ganhou data de estreia no streaming: o <strong>Globoplay<\/strong> anunciou que &#8220;Ainda Estou Aqui&#8221; chega ao seu cat\u00e1logo em 6 de abril.<\/p>\n\n\n\n<p><\/p>\n","protected":false},"excerpt":{"rendered":"<p>O filme brasileiro &#8220;Ainda Estou Aqui&#8221; alcan\u00e7ou um marco hist\u00f3rico ao vencer o Oscar 2025 na categoria de Melhor Filme Internacional. Esta vit\u00f3ria representa a primeira estatueta do pr\u00eamio para o Brasil, destacando o talento do cinema nacional em um cen\u00e1rio global. <\/p>\n","protected":false},"author":4,"featured_media":8392,"comment_status":"open","ping_status":"open","sticky":false,"template":"","format":"standard","meta":{"_yoast_wpseo_focuskw":"Ainda Estou Aqui","_yoast_wpseo_title":"","_yoast_wpseo_metadesc":"O filme brasileiro \"Ainda Estou Aqui\" alcan\u00e7ou um marco hist\u00f3rico ao vencer o Oscar 2025 na categoria de Melhor Filme Internacional.","jnews-multi-image_gallery":[],"jnews_single_post":{"format":"standard"},"jnews_primary_category":[],"jnews_social_meta":[],"jnews_override_counter":[],"footnotes":""},"categories":[112,140,169],"post_tag":[1425,352,355,673,1426],"class_list":["post-8391","post","type-post","status-publish","format-standard","has-post-thumbnail","hentry","category-curiosidades","category-entretenimento","category-noticias","tag-cinema-brasileiro","tag-fernanda-torres","tag-oscar","tag-selton-mello","tag-walter-salles"],"yoast_head":"<!-- This site is optimized with the Yoast SEO plugin v24.6 - https:\/\/yoast.com\/wordpress\/plugins\/seo\/ -->\n<title>Voc\u00ea conhece o Filme Brasileiro que Ganhou o Oscar? - Correio Braziliense - Radar<\/title>\n<meta name=\"description\" content=\"O filme brasileiro &quot;Ainda Estou Aqui&quot; alcan\u00e7ou um marco hist\u00f3rico ao vencer o Oscar 2025 na categoria de Melhor Filme Internacional.\" \/>\n<meta name=\"robots\" content=\"index, follow, max-snippet:-1, max-image-preview:large, max-video-preview:-1\" \/>\n<link rel=\"canonical\" href=\"https:\/\/www.correiobraziliense.com.br\/cbradar\/voce-conhece-o-filme-brasileiro-que-ganhou-o-oscar\/\" \/>\n<meta property=\"og:locale\" content=\"pt_BR\" \/>\n<meta property=\"og:type\" content=\"article\" \/>\n<meta property=\"og:title\" content=\"Voc\u00ea conhece o Filme Brasileiro que Ganhou o Oscar? - Correio Braziliense - Radar\" \/>\n<meta property=\"og:description\" content=\"O filme brasileiro &quot;Ainda Estou Aqui&quot; alcan\u00e7ou um marco hist\u00f3rico ao vencer o Oscar 2025 na categoria de Melhor Filme Internacional.\" \/>\n<meta property=\"og:url\" content=\"https:\/\/www.correiobraziliense.com.br\/cbradar\/voce-conhece-o-filme-brasileiro-que-ganhou-o-oscar\/\" \/>\n<meta property=\"og:site_name\" content=\"Correio Braziliense - Radar\" \/>\n<meta property=\"article:published_time\" content=\"2025-03-03T11:59:00+00:00\" \/>\n<meta property=\"og:image\" content=\"https:\/\/www.correiobraziliense.com.br\/cbradar\/wp-content\/uploads\/2025\/03\/httpsneuralmyth.comstaticcache7f4d4ffa-d8b5-40bb-95d6-a1f1647f3c79.jpeg\" \/>\n\t<meta property=\"og:image:width\" content=\"2000\" \/>\n\t<meta property=\"og:image:height\" content=\"1335\" \/>\n\t<meta property=\"og:image:type\" content=\"image\/jpeg\" \/>\n<meta name=\"author\" content=\"Guilherme Cremaschi\" \/>\n<meta name=\"twitter:card\" content=\"summary_large_image\" \/>\n<meta name=\"twitter:label1\" content=\"Escrito por\" \/>\n\t<meta name=\"twitter:data1\" content=\"Guilherme Cremaschi\" \/>\n\t<meta name=\"twitter:label2\" content=\"Est. tempo de leitura\" \/>\n\t<meta name=\"twitter:data2\" content=\"4 minutos\" \/>\n<!-- \/ Yoast SEO plugin. -->","yoast_head_json":{"title":"Voc\u00ea conhece o Filme Brasileiro que Ganhou o Oscar? - Correio Braziliense - Radar","description":"O filme brasileiro \"Ainda Estou Aqui\" alcan\u00e7ou um marco hist\u00f3rico ao vencer o Oscar 2025 na categoria de Melhor Filme Internacional.","robots":{"index":"index","follow":"follow","max-snippet":"max-snippet:-1","max-image-preview":"max-image-preview:large","max-video-preview":"max-video-preview:-1"},"canonical":"https:\/\/www.correiobraziliense.com.br\/cbradar\/voce-conhece-o-filme-brasileiro-que-ganhou-o-oscar\/","og_locale":"pt_BR","og_type":"article","og_title":"Voc\u00ea conhece o Filme Brasileiro que Ganhou o Oscar? - Correio Braziliense - Radar","og_description":"O filme brasileiro \"Ainda Estou Aqui\" alcan\u00e7ou um marco hist\u00f3rico ao vencer o Oscar 2025 na categoria de Melhor Filme Internacional.","og_url":"https:\/\/www.correiobraziliense.com.br\/cbradar\/voce-conhece-o-filme-brasileiro-que-ganhou-o-oscar\/","og_site_name":"Correio Braziliense - Radar","article_published_time":"2025-03-03T11:59:00+00:00","og_image":[{"width":2000,"height":1335,"url":"https:\/\/www.correiobraziliense.com.br\/cbradar\/wp-content\/uploads\/2025\/03\/httpsneuralmyth.comstaticcache7f4d4ffa-d8b5-40bb-95d6-a1f1647f3c79.jpeg","type":"image\/jpeg"}],"author":"Guilherme Cremaschi","twitter_card":"summary_large_image","twitter_misc":{"Escrito por":"Guilherme Cremaschi","Est. tempo de leitura":"4 minutos"},"schema":{"@context":"https:\/\/schema.org","@graph":[{"@type":"WebPage","@id":"https:\/\/www.correiobraziliense.com.br\/cbradar\/voce-conhece-o-filme-brasileiro-que-ganhou-o-oscar\/","url":"https:\/\/www.correiobraziliense.com.br\/cbradar\/voce-conhece-o-filme-brasileiro-que-ganhou-o-oscar\/","name":"Voc\u00ea conhece o Filme Brasileiro que Ganhou o Oscar? - Correio Braziliense - Radar","isPartOf":{"@id":"https:\/\/www.correiobraziliense.com.br\/cbradar\/#website"},"primaryImageOfPage":{"@id":"https:\/\/www.correiobraziliense.com.br\/cbradar\/voce-conhece-o-filme-brasileiro-que-ganhou-o-oscar\/#primaryimage"},"image":{"@id":"https:\/\/www.correiobraziliense.com.br\/cbradar\/voce-conhece-o-filme-brasileiro-que-ganhou-o-oscar\/#primaryimage"},"thumbnailUrl":"https:\/\/www.correiobraziliense.com.br\/cbradar\/wp-content\/uploads\/2025\/03\/httpsneuralmyth.comstaticcache7f4d4ffa-d8b5-40bb-95d6-a1f1647f3c79.jpeg","datePublished":"2025-03-03T11:59:00+00:00","author":{"@id":"https:\/\/www.correiobraziliense.com.br\/cbradar\/#\/schema\/person\/4760856b25506e84ce34d5de2b0d95f1"},"description":"O filme brasileiro \"Ainda Estou Aqui\" alcan\u00e7ou um marco hist\u00f3rico ao vencer o Oscar 2025 na categoria de Melhor Filme Internacional.","breadcrumb":{"@id":"https:\/\/www.correiobraziliense.com.br\/cbradar\/voce-conhece-o-filme-brasileiro-que-ganhou-o-oscar\/#breadcrumb"},"inLanguage":"pt-BR","potentialAction":[{"@type":"ReadAction","target":["https:\/\/www.correiobraziliense.com.br\/cbradar\/voce-conhece-o-filme-brasileiro-que-ganhou-o-oscar\/"]}]},{"@type":"ImageObject","inLanguage":"pt-BR","@id":"https:\/\/www.correiobraziliense.com.br\/cbradar\/voce-conhece-o-filme-brasileiro-que-ganhou-o-oscar\/#primaryimage","url":"https:\/\/www.correiobraziliense.com.br\/cbradar\/wp-content\/uploads\/2025\/03\/httpsneuralmyth.comstaticcache7f4d4ffa-d8b5-40bb-95d6-a1f1647f3c79.jpeg","contentUrl":"https:\/\/www.correiobraziliense.com.br\/cbradar\/wp-content\/uploads\/2025\/03\/httpsneuralmyth.comstaticcache7f4d4ffa-d8b5-40bb-95d6-a1f1647f3c79.jpeg","width":2000,"height":1335,"caption":"Voc\u00ea conhece o Filme Brasileiro que Ganhou o Oscar? Cr\u00e9ditos: depositphotos.com \/ MidoSemsem"},{"@type":"BreadcrumbList","@id":"https:\/\/www.correiobraziliense.com.br\/cbradar\/voce-conhece-o-filme-brasileiro-que-ganhou-o-oscar\/#breadcrumb","itemListElement":[{"@type":"ListItem","position":1,"name":"In\u00edcio","item":"https:\/\/www.correiobraziliense.com.br\/cbradar\/"},{"@type":"ListItem","position":2,"name":"Voc\u00ea conhece o Filme Brasileiro que Ganhou o Oscar?"}]},{"@type":"WebSite","@id":"https:\/\/www.correiobraziliense.com.br\/cbradar\/#website","url":"https:\/\/www.correiobraziliense.com.br\/cbradar\/","name":"Correio Braziliense - Radar","description":"Acompanhe as \u00faltimas not\u00edcias e fique bem informado sobre tudo o que acontece no Brasil e no mundo.","potentialAction":[{"@type":"SearchAction","target":{"@type":"EntryPoint","urlTemplate":"https:\/\/www.correiobraziliense.com.br\/cbradar\/?s={search_term_string}"},"query-input":{"@type":"PropertyValueSpecification","valueRequired":true,"valueName":"search_term_string"}}],"inLanguage":"pt-BR"},{"@type":"Person","@id":"https:\/\/www.correiobraziliense.com.br\/cbradar\/#\/schema\/person\/4760856b25506e84ce34d5de2b0d95f1","name":"Guilherme Cremaschi","image":{"@type":"ImageObject","inLanguage":"pt-BR","@id":"https:\/\/www.correiobraziliense.com.br\/cbradar\/#\/schema\/person\/image\/","url":"https:\/\/secure.gravatar.com\/avatar\/6a059d20d980bdeb1d1d6b0fa2b4633c?s=96&d=mm&r=g","contentUrl":"https:\/\/secure.gravatar.com\/avatar\/6a059d20d980bdeb1d1d6b0fa2b4633c?s=96&d=mm&r=g","caption":"Guilherme Cremaschi"},"sameAs":["https:\/\/www.correiobraziliense.com.br\/"],"url":"https:\/\/www.correiobraziliense.com.br\/cbradar\/author\/guilhermemyth\/"}]}},"_links":{"self":[{"href":"https:\/\/www.correiobraziliense.com.br\/cbradar\/wp-json\/wp\/v2\/posts\/8391","targetHints":{"allow":["GET"]}}],"collection":[{"href":"https:\/\/www.correiobraziliense.com.br\/cbradar\/wp-json\/wp\/v2\/posts"}],"about":[{"href":"https:\/\/www.correiobraziliense.com.br\/cbradar\/wp-json\/wp\/v2\/types\/post"}],"author":[{"embeddable":true,"href":"https:\/\/www.correiobraziliense.com.br\/cbradar\/wp-json\/wp\/v2\/users\/4"}],"replies":[{"embeddable":true,"href":"https:\/\/www.correiobraziliense.com.br\/cbradar\/wp-json\/wp\/v2\/comments?post=8391"}],"version-history":[{"count":3,"href":"https:\/\/www.correiobraziliense.com.br\/cbradar\/wp-json\/wp\/v2\/posts\/8391\/revisions"}],"predecessor-version":[{"id":8396,"href":"https:\/\/www.correiobraziliense.com.br\/cbradar\/wp-json\/wp\/v2\/posts\/8391\/revisions\/8396"}],"wp:featuredmedia":[{"embeddable":true,"href":"https:\/\/www.correiobraziliense.com.br\/cbradar\/wp-json\/wp\/v2\/media\/8392"}],"wp:attachment":[{"href":"https:\/\/www.correiobraziliense.com.br\/cbradar\/wp-json\/wp\/v2\/media?parent=8391"}],"wp:term":[{"taxonomy":"category","embeddable":true,"href":"https:\/\/www.correiobraziliense.com.br\/cbradar\/wp-json\/wp\/v2\/categories?post=8391"},{"taxonomy":"post_tag","embeddable":true,"href":"https:\/\/www.correiobraziliense.com.br\/cbradar\/wp-json\/wp\/v2\/post_tag?post=8391"}],"curies":[{"name":"wp","href":"https:\/\/api.w.org\/{rel}","templated":true}]}}