{"id":83925,"date":"2025-08-10T15:03:00","date_gmt":"2025-08-10T18:03:00","guid":{"rendered":"https:\/\/www.correiobraziliense.com.br\/cbradar\/?p=83925"},"modified":"2025-08-10T13:07:38","modified_gmt":"2025-08-10T16:07:38","slug":"criar-um-ritual-de-sono-pode-transformar-suas-noites-e-acabar-com-a-insonia-silenciosa","status":"publish","type":"post","link":"https:\/\/www.correiobraziliense.com.br\/cbradar\/criar-um-ritual-de-sono-pode-transformar-suas-noites-e-acabar-com-a-insonia-silenciosa\/","title":{"rendered":"Criar um ritual de sono pode transformar suas noites e acabar com a ins\u00f4nia silenciosa"},"content":{"rendered":"\n<p>Na vida moderna, \u00e9 comum que muitas pessoas encontrem obst\u00e1culos para manter uma <a href=\"https:\/\/www.correiobraziliense.com.br\/cbradar\/rotina-simples-de-hidratacao-para-pele-ressecada-no-inverno\/\" target=\"_blank\" rel=\"noreferrer noopener\">rotina<\/a> de sono satisfat\u00f3ria. O excesso de est\u00edmulos, preocupa\u00e7\u00f5es di\u00e1rias e o uso constante de tecnologia afetam diretamente a qualidade do descanso, fazendo com que noites mal dormidas se tornem um problema recorrente. Conquistar um sono reparador vai al\u00e9m de simplesmente se deitar cedo e apagar as luzes; envolve preparar um ambiente adequado e adotar h\u00e1bitos que induzam ao relaxamento e ao equil\u00edbrio do corpo, segundo o site <a href=\"https:\/\/terrabrasilnoticias.com\/2025\/07\/nunca-mais-noites-mal-dormidas-dicas-e-produtos-para-criar-um-ritual-de-sono-perfeito\/\" target=\"_blank\" rel=\"noreferrer noopener\">Terra Brasil Not\u00edcias.<\/a><\/p>\n\n\n\n<p>Estabelecer um ritual de sono pode mudar de forma significativa a experi\u00eancia noturna. Um espa\u00e7o tranquilo e uma sequ\u00eancia de a\u00e7\u00f5es repetidas antes de dormir ajudam o c\u00e9rebro a entender que \u00e9 hora de descansar, favorecendo uma transi\u00e7\u00e3o suave do estado de alerta para o relaxamento profundo. Por isso, investir em pr\u00e1ticas e produtos corretos \u00e9 essencial para acordar com disposi\u00e7\u00e3o e encarar o dia com mais energia.<\/p>\n\n\n\n<h2 class=\"wp-block-heading\">Como criar um ritual de sono eficiente?<\/h2>\n\n\n\n<p>Um bom ritual come\u00e7a muito antes do momento de deitar. Uma das principais recomenda\u00e7\u00f5es \u00e9 evitar dispositivos eletr\u00f4nicos pelo menos uma hora antes do sono, reduzindo a exposi\u00e7\u00e3o \u00e0 luz azul, que interfere na produ\u00e7\u00e3o de melatonina \u2014 horm\u00f4nio que regula o ciclo biol\u00f3gico. Al\u00e9m disso, manter hor\u00e1rios fixos para dormir e acordar ajuda o organismo a se adaptar a um ritmo saud\u00e1vel.<\/p>\n\n\n\n<p>Incluir atividades relaxantes nesse per\u00edodo tamb\u00e9m \u00e9 fundamental. Um banho morno, uma leitura leve, exerc\u00edcios de respira\u00e7\u00e3o ou medita\u00e7\u00e3o s\u00e3o formas simples de preparar o corpo e a mente para o descanso. Outra dica importante \u00e9 evitar refei\u00e7\u00f5es pesadas \u00e0 noite e dar prefer\u00eancia a ch\u00e1s calmantes, como camomila ou erva-cidreira, que estimulam a sensa\u00e7\u00e3o de aconchego e serenidade.<\/p>\n\n\n\n<h2 class=\"wp-block-heading\">Quais produtos ajudam a transformar o quarto em um ref\u00fagio relaxante?<\/h2>\n\n\n\n<p>Ao pensar em um ambiente ideal para dormir, escolher os elementos certos faz toda a diferen\u00e7a. Um bom colch\u00e3o e travesseiros adequados garantem o alinhamento da coluna e evitam desconfortos que possam interromper o sono. As roupas de cama tamb\u00e9m influenciam: tecidos naturais, como algod\u00e3o e linho, permitem a respira\u00e7\u00e3o da pele e aumentam o conforto t\u00e9rmico.<\/p>\n\n\n\n<p>Outro item valioso s\u00e3o as cortinas blackout, que bloqueiam a entrada de luz externa e ajudam a manter o quarto escuro. Aromatizadores de ambiente com lavanda ou \u00f3leos essenciais tamb\u00e9m s\u00e3o aliados para acalmar a mente. Difusores e velas arom\u00e1ticas podem refor\u00e7ar a sensa\u00e7\u00e3o de acolhimento e tranquilidade.<\/p>\n\n\n\n<ul class=\"wp-block-list\">\n<li><strong>L\u00e2mpadas de luz amarelada:<\/strong> simulam o p\u00f4r do sol e reduzem a estimula\u00e7\u00e3o cerebral.<\/li>\n\n\n\n<li><strong>M\u00e1scara para dormir:<\/strong> bloqueia luz residual para quem tem maior sensibilidade.<\/li>\n\n\n\n<li><strong>Fones com ru\u00eddo branco:<\/strong> abafam sons externos, como tr\u00e2nsito ou conversas.<\/li>\n\n\n\n<li><strong>Mantas e cobertores pesados:<\/strong> oferecem sensa\u00e7\u00e3o de seguran\u00e7a, favorecendo o descanso profundo.<\/li>\n<\/ul>\n\n\n<div class=\"wp-block-image\">\n<figure class=\"aligncenter size-large\"><img decoding=\"async\" width=\"1024\" height=\"576\" src=\"https:\/\/www.correiobraziliense.com.br\/cbradar\/wp-content\/uploads\/2025\/08\/pessoa-dormindo_1754841996323-1024x576.jpg\" alt=\"Criar um ritual de sono pode transformar suas noites e acabar com a ins\u00f4nia silenciosa\" class=\"wp-image-83927\" srcset=\"https:\/\/www.correiobraziliense.com.br\/cbradar\/wp-content\/uploads\/2025\/08\/pessoa-dormindo_1754841996323-1024x576.jpg 1024w, https:\/\/www.correiobraziliense.com.br\/cbradar\/wp-content\/uploads\/2025\/08\/pessoa-dormindo_1754841996323-300x169.jpg 300w, https:\/\/www.correiobraziliense.com.br\/cbradar\/wp-content\/uploads\/2025\/08\/pessoa-dormindo_1754841996323-768x432.jpg 768w, https:\/\/www.correiobraziliense.com.br\/cbradar\/wp-content\/uploads\/2025\/08\/pessoa-dormindo_1754841996323-750x422.jpg 750w, https:\/\/www.correiobraziliense.com.br\/cbradar\/wp-content\/uploads\/2025\/08\/pessoa-dormindo_1754841996323-1140x641.jpg 1140w, https:\/\/www.correiobraziliense.com.br\/cbradar\/wp-content\/uploads\/2025\/08\/pessoa-dormindo_1754841996323.jpg 1280w\" sizes=\"(max-width: 1024px) 100vw, 1024px\" \/><figcaption class=\"wp-element-caption\">Pessoa dormindo (Cr\u00e9ditos: depositphotos.com \/ AllaSerebrina)<\/figcaption><\/figure><\/div>\n\n\n<h2 class=\"wp-block-heading\">H\u00e1bitos que podem potencializar a qualidade do sono<\/h2>\n\n\n\n<p>Para quem deseja noites mais tranquilas e quer afastar de vez a ins\u00f4nia, adotar pr\u00e1ticas saud\u00e1veis \u00e9 indispens\u00e1vel. Manter o quarto limpo e organizado contribui para a sensa\u00e7\u00e3o de paz. Evitar cafe\u00edna e bebidas alco\u00f3licas nas horas que antecedem o sono tamb\u00e9m traz bons resultados. Criar um momento de autocuidado, como hidratar a pele ou preparar um ch\u00e1, ajuda a sinalizar ao corpo que \u00e9 hora de relaxar.<\/p>\n\n\n\n<ul class=\"wp-block-list\">\n<li>Definir um hor\u00e1rio fixo para deitar e acordar diariamente.<\/li>\n\n\n\n<li>Praticar exerc\u00edcios f\u00edsicos com regularidade, preferencialmente at\u00e9 o final da tarde.<\/li>\n\n\n\n<li>Reduzir o uso de telas ap\u00f3s o anoitecer.<\/li>\n\n\n\n<li>Garantir boa ventila\u00e7\u00e3o e temperatura agrad\u00e1vel no quarto.<\/li>\n\n\n\n<li>Evitar discuss\u00f5es e pensamentos estressantes pr\u00f3ximo \u00e0 hora de dormir.<\/li>\n<\/ul>\n\n\n\n<p>Criar um ritual noturno n\u00e3o precisa ser complicado. O segredo est\u00e1 em pequenas mudan\u00e7as que, somadas, criam o ambiente perfeito para um sono restaurador. Ajustar o espa\u00e7o e ouvir as necessidades do corpo pode resultar em noites mais tranquilas e dias mais produtivos, provando que o sono pode \u2014 e deve \u2014 ser um grande aliado do bem-estar.<\/p>\n","protected":false},"excerpt":{"rendered":"<p>Na vida moderna, \u00e9 comum que muitas pessoas encontrem obst\u00e1culos para manter uma rotina de sono satisfat\u00f3ria. O excesso de est\u00edmulos, preocupa\u00e7\u00f5es di\u00e1rias e o uso constante de tecnologia afetam diretamente a qualidade do descanso, fazendo com que noites mal dormidas se tornem um problema recorrente. Conquistar um sono reparador vai al\u00e9m de simplesmente se [&hellip;]<\/p>\n","protected":false},"author":10,"featured_media":83926,"comment_status":"open","ping_status":"open","sticky":false,"template":"","format":"standard","meta":{"_yoast_wpseo_focuskw":"sono","_yoast_wpseo_title":"","_yoast_wpseo_metadesc":"Sono leve, ins\u00f4nia e cansa\u00e7o ao acordar podem ser sinais de uma rotina noturna ineficiente. Veja como criar um ambiente ideal e dormir melhor","jnews-multi-image_gallery":[],"jnews_single_post":{"format":"standard"},"jnews_primary_category":[],"jnews_social_meta":[],"jnews_override_counter":[],"footnotes":""},"categories":[4404],"tags":[564,9189,9188,1318],"class_list":["post-83925","post","type-post","status-publish","format-standard","has-post-thumbnail","hentry","category-saude","tag-dormir","tag-ritual-noturno","tag-rotina-de-sono","tag-saude-2"],"yoast_head":"<!-- This site is optimized with the Yoast SEO plugin v24.6 - https:\/\/yoast.com\/wordpress\/plugins\/seo\/ -->\n<title>Criar um ritual de sono pode transformar suas noites e acabar com a ins\u00f4nia silenciosa - Correio Braziliense - Radar<\/title>\n<meta name=\"description\" content=\"Sono leve, ins\u00f4nia e cansa\u00e7o ao acordar podem ser sinais de uma rotina noturna ineficiente. Veja como criar um ambiente ideal e dormir melhor\" \/>\n<meta name=\"robots\" content=\"index, follow, max-snippet:-1, max-image-preview:large, max-video-preview:-1\" \/>\n<link rel=\"canonical\" href=\"https:\/\/www.correiobraziliense.com.br\/cbradar\/criar-um-ritual-de-sono-pode-transformar-suas-noites-e-acabar-com-a-insonia-silenciosa\/\" \/>\n<meta property=\"og:locale\" content=\"pt_BR\" \/>\n<meta property=\"og:type\" content=\"article\" \/>\n<meta property=\"og:title\" content=\"Criar um ritual de sono pode transformar suas noites e acabar com a ins\u00f4nia silenciosa - Correio Braziliense - Radar\" \/>\n<meta property=\"og:description\" content=\"Sono leve, ins\u00f4nia e cansa\u00e7o ao acordar podem ser sinais de uma rotina noturna ineficiente. Veja como criar um ambiente ideal e dormir melhor\" \/>\n<meta property=\"og:url\" content=\"https:\/\/www.correiobraziliense.com.br\/cbradar\/criar-um-ritual-de-sono-pode-transformar-suas-noites-e-acabar-com-a-insonia-silenciosa\/\" \/>\n<meta property=\"og:site_name\" content=\"Correio Braziliense - Radar\" \/>\n<meta property=\"article:published_time\" content=\"2025-08-10T18:03:00+00:00\" \/>\n<meta property=\"og:image\" content=\"https:\/\/www.correiobraziliense.com.br\/cbradar\/wp-content\/uploads\/2025\/08\/pessoa-dormindo_1754841947596.jpg\" \/>\n\t<meta property=\"og:image:width\" content=\"1280\" \/>\n\t<meta property=\"og:image:height\" content=\"720\" \/>\n\t<meta property=\"og:image:type\" content=\"image\/jpeg\" \/>\n<meta name=\"author\" content=\"Patryck Rubim\" \/>\n<meta name=\"twitter:card\" content=\"summary_large_image\" \/>\n<meta name=\"twitter:label1\" content=\"Escrito por\" \/>\n\t<meta name=\"twitter:data1\" content=\"Patryck Rubim\" \/>\n\t<meta name=\"twitter:label2\" content=\"Est. tempo de leitura\" \/>\n\t<meta name=\"twitter:data2\" content=\"4 minutos\" \/>\n<!-- \/ Yoast SEO plugin. -->","yoast_head_json":{"title":"Criar um ritual de sono pode transformar suas noites e acabar com a ins\u00f4nia silenciosa - Correio Braziliense - Radar","description":"Sono leve, ins\u00f4nia e cansa\u00e7o ao acordar podem ser sinais de uma rotina noturna ineficiente. Veja como criar um ambiente ideal e dormir melhor","robots":{"index":"index","follow":"follow","max-snippet":"max-snippet:-1","max-image-preview":"max-image-preview:large","max-video-preview":"max-video-preview:-1"},"canonical":"https:\/\/www.correiobraziliense.com.br\/cbradar\/criar-um-ritual-de-sono-pode-transformar-suas-noites-e-acabar-com-a-insonia-silenciosa\/","og_locale":"pt_BR","og_type":"article","og_title":"Criar um ritual de sono pode transformar suas noites e acabar com a ins\u00f4nia silenciosa - Correio Braziliense - Radar","og_description":"Sono leve, ins\u00f4nia e cansa\u00e7o ao acordar podem ser sinais de uma rotina noturna ineficiente. Veja como criar um ambiente ideal e dormir melhor","og_url":"https:\/\/www.correiobraziliense.com.br\/cbradar\/criar-um-ritual-de-sono-pode-transformar-suas-noites-e-acabar-com-a-insonia-silenciosa\/","og_site_name":"Correio Braziliense - Radar","article_published_time":"2025-08-10T18:03:00+00:00","og_image":[{"width":1280,"height":720,"url":"https:\/\/www.correiobraziliense.com.br\/cbradar\/wp-content\/uploads\/2025\/08\/pessoa-dormindo_1754841947596.jpg","type":"image\/jpeg"}],"author":"Patryck Rubim","twitter_card":"summary_large_image","twitter_misc":{"Escrito por":"Patryck Rubim","Est. tempo de leitura":"4 minutos"},"schema":{"@context":"https:\/\/schema.org","@graph":[{"@type":"WebPage","@id":"https:\/\/www.correiobraziliense.com.br\/cbradar\/criar-um-ritual-de-sono-pode-transformar-suas-noites-e-acabar-com-a-insonia-silenciosa\/","url":"https:\/\/www.correiobraziliense.com.br\/cbradar\/criar-um-ritual-de-sono-pode-transformar-suas-noites-e-acabar-com-a-insonia-silenciosa\/","name":"Criar um ritual de sono pode transformar suas noites e acabar com a ins\u00f4nia silenciosa - Correio Braziliense - Radar","isPartOf":{"@id":"https:\/\/www.correiobraziliense.com.br\/cbradar\/#website"},"primaryImageOfPage":{"@id":"https:\/\/www.correiobraziliense.com.br\/cbradar\/criar-um-ritual-de-sono-pode-transformar-suas-noites-e-acabar-com-a-insonia-silenciosa\/#primaryimage"},"image":{"@id":"https:\/\/www.correiobraziliense.com.br\/cbradar\/criar-um-ritual-de-sono-pode-transformar-suas-noites-e-acabar-com-a-insonia-silenciosa\/#primaryimage"},"thumbnailUrl":"https:\/\/www.correiobraziliense.com.br\/cbradar\/wp-content\/uploads\/2025\/08\/pessoa-dormindo_1754841947596.jpg","datePublished":"2025-08-10T18:03:00+00:00","author":{"@id":"https:\/\/www.correiobraziliense.com.br\/cbradar\/#\/schema\/person\/0b5992d675b1f63c387b16a19dffbda7"},"description":"Sono leve, ins\u00f4nia e cansa\u00e7o ao acordar podem ser sinais de uma rotina noturna ineficiente. Veja como criar um ambiente ideal e dormir melhor","breadcrumb":{"@id":"https:\/\/www.correiobraziliense.com.br\/cbradar\/criar-um-ritual-de-sono-pode-transformar-suas-noites-e-acabar-com-a-insonia-silenciosa\/#breadcrumb"},"inLanguage":"pt-BR","potentialAction":[{"@type":"ReadAction","target":["https:\/\/www.correiobraziliense.com.br\/cbradar\/criar-um-ritual-de-sono-pode-transformar-suas-noites-e-acabar-com-a-insonia-silenciosa\/"]}]},{"@type":"ImageObject","inLanguage":"pt-BR","@id":"https:\/\/www.correiobraziliense.com.br\/cbradar\/criar-um-ritual-de-sono-pode-transformar-suas-noites-e-acabar-com-a-insonia-silenciosa\/#primaryimage","url":"https:\/\/www.correiobraziliense.com.br\/cbradar\/wp-content\/uploads\/2025\/08\/pessoa-dormindo_1754841947596.jpg","contentUrl":"https:\/\/www.correiobraziliense.com.br\/cbradar\/wp-content\/uploads\/2025\/08\/pessoa-dormindo_1754841947596.jpg","width":1280,"height":720,"caption":"Pessoa dormindo (Cr\u00e9ditos: depositphotos.com \/ AllaSerebrina)"},{"@type":"BreadcrumbList","@id":"https:\/\/www.correiobraziliense.com.br\/cbradar\/criar-um-ritual-de-sono-pode-transformar-suas-noites-e-acabar-com-a-insonia-silenciosa\/#breadcrumb","itemListElement":[{"@type":"ListItem","position":1,"name":"In\u00edcio","item":"https:\/\/www.correiobraziliense.com.br\/cbradar\/"},{"@type":"ListItem","position":2,"name":"Criar um ritual de sono pode transformar suas noites e acabar com a ins\u00f4nia silenciosa"}]},{"@type":"WebSite","@id":"https:\/\/www.correiobraziliense.com.br\/cbradar\/#website","url":"https:\/\/www.correiobraziliense.com.br\/cbradar\/","name":"Correio Braziliense - Radar","description":"Acompanhe as \u00faltimas not\u00edcias e fique bem informado sobre tudo o que acontece no Brasil e no mundo.","potentialAction":[{"@type":"SearchAction","target":{"@type":"EntryPoint","urlTemplate":"https:\/\/www.correiobraziliense.com.br\/cbradar\/?s={search_term_string}"},"query-input":{"@type":"PropertyValueSpecification","valueRequired":true,"valueName":"search_term_string"}}],"inLanguage":"pt-BR"},{"@type":"Person","@id":"https:\/\/www.correiobraziliense.com.br\/cbradar\/#\/schema\/person\/0b5992d675b1f63c387b16a19dffbda7","name":"Patryck Rubim","image":{"@type":"ImageObject","inLanguage":"pt-BR","@id":"https:\/\/www.correiobraziliense.com.br\/cbradar\/#\/schema\/person\/image\/","url":"https:\/\/secure.gravatar.com\/avatar\/570c7fb2898c0e2df0823196891bea88?s=96&d=mm&r=g","contentUrl":"https:\/\/secure.gravatar.com\/avatar\/570c7fb2898c0e2df0823196891bea88?s=96&d=mm&r=g","caption":"Patryck Rubim"},"sameAs":["https:\/\/www.correiobraziliense.com.br\/cbradar"],"url":"https:\/\/www.correiobraziliense.com.br\/cbradar\/author\/patryckmyth\/"}]}},"_links":{"self":[{"href":"https:\/\/www.correiobraziliense.com.br\/cbradar\/wp-json\/wp\/v2\/posts\/83925","targetHints":{"allow":["GET"]}}],"collection":[{"href":"https:\/\/www.correiobraziliense.com.br\/cbradar\/wp-json\/wp\/v2\/posts"}],"about":[{"href":"https:\/\/www.correiobraziliense.com.br\/cbradar\/wp-json\/wp\/v2\/types\/post"}],"author":[{"embeddable":true,"href":"https:\/\/www.correiobraziliense.com.br\/cbradar\/wp-json\/wp\/v2\/users\/10"}],"replies":[{"embeddable":true,"href":"https:\/\/www.correiobraziliense.com.br\/cbradar\/wp-json\/wp\/v2\/comments?post=83925"}],"version-history":[{"count":1,"href":"https:\/\/www.correiobraziliense.com.br\/cbradar\/wp-json\/wp\/v2\/posts\/83925\/revisions"}],"predecessor-version":[{"id":83928,"href":"https:\/\/www.correiobraziliense.com.br\/cbradar\/wp-json\/wp\/v2\/posts\/83925\/revisions\/83928"}],"wp:featuredmedia":[{"embeddable":true,"href":"https:\/\/www.correiobraziliense.com.br\/cbradar\/wp-json\/wp\/v2\/media\/83926"}],"wp:attachment":[{"href":"https:\/\/www.correiobraziliense.com.br\/cbradar\/wp-json\/wp\/v2\/media?parent=83925"}],"wp:term":[{"taxonomy":"category","embeddable":true,"href":"https:\/\/www.correiobraziliense.com.br\/cbradar\/wp-json\/wp\/v2\/categories?post=83925"},{"taxonomy":"post_tag","embeddable":true,"href":"https:\/\/www.correiobraziliense.com.br\/cbradar\/wp-json\/wp\/v2\/tags?post=83925"}],"curies":[{"name":"wp","href":"https:\/\/api.w.org\/{rel}","templated":true}]}}