{"id":83938,"date":"2025-08-10T21:23:00","date_gmt":"2025-08-11T00:23:00","guid":{"rendered":"https:\/\/www.correiobraziliense.com.br\/cbradar\/?p=83938"},"modified":"2025-08-10T13:29:07","modified_gmt":"2025-08-10T16:29:07","slug":"crescimento-capilar-pode-acelerar-com-alimentos-simples-e-habitos-que-muita-gente-ainda-ignora","status":"publish","type":"post","link":"https:\/\/www.correiobraziliense.com.br\/cbradar\/crescimento-capilar-pode-acelerar-com-alimentos-simples-e-habitos-que-muita-gente-ainda-ignora\/","title":{"rendered":"Crescimento capilar pode acelerar com alimentos simples e h\u00e1bitos que muita gente ainda ignora"},"content":{"rendered":"\n<p>A sa\u00fade dos cabelos \u00e9 influenciada por diversos fatores, desde a escolha de produtos espec\u00edficos at\u00e9 a alimenta\u00e7\u00e3o di\u00e1ria. O que se come pode ter um grande impacto no crescimento e na vitalidade dos fios. O consumo adequado de nutrientes \u00e9 crucial para a for\u00e7a e estrutura dos cabelos, destacando a import\u00e2ncia de uma dieta equilibrada, segundo o site <a href=\"https:\/\/crocheonline.com.br\/2025\/08\/04\/como-fazer-o-cabelo-crescer-mais-rapido-em-casa\/\" target=\"_blank\" rel=\"noreferrer noopener\">Croch\u00ea Online.<\/a><\/p>\n\n\n\n<p>A alimenta\u00e7\u00e3o rica em prote\u00ednas e vitaminas oferece os elementos essenciais para o desenvolvimento capilar. Al\u00e9m disso, uma rotina de cuidados adequada, como o uso de produtos de prote\u00e7\u00e3o t\u00e9rmica e a escolha de shampoos ajustados ao tipo de cabelo, \u00e9 fundamental para manter os fios saud\u00e1veis. Evitar pr\u00e1ticas prejudiciais tamb\u00e9m contribui para um crescimento capilar mais eficiente.<\/p>\n\n\n\n<h2 class=\"wp-block-heading\">Qual \u00e9 a rela\u00e7\u00e3o entre alimenta\u00e7\u00e3o e crescimento capilar?<\/h2>\n\n\n\n<p>O crescimento dos cabelos est\u00e1 fortemente ligado \u00e0 nutri\u00e7\u00e3o. Prote\u00ednas encontradas em alimentos como carnes, ovos e leguminosas s\u00e3o fundamentais para a produ\u00e7\u00e3o de queratina, componente estrutural dos fios. Da mesma forma, minerais como zinco, ferro e sel\u00eanio auxiliam na sa\u00fade do fol\u00edculo piloso e na preven\u00e7\u00e3o da queda.<\/p>\n\n\n\n<p>O consumo de vitaminas \u00e9 igualmente importante. A vitamina A \u00e9 ben\u00e9fica para a produ\u00e7\u00e3o de sebo, a vitamina C facilita a absor\u00e7\u00e3o de ferro e colabora na forma\u00e7\u00e3o de col\u00e1geno, enquanto o \u00f4mega-3, proveniente de peixes e sementes, melhora o brilho e a hidrata\u00e7\u00e3o, promovendo um cabelo mais saud\u00e1vel. Al\u00e9m disso, o consumo de vitamina E atua como antioxidante, protegendo os fios contra danos ambientais.<\/p>\n\n\n\n<h2 class=\"wp-block-heading\">Quais h\u00e1bitos di\u00e1rios influenciam a sa\u00fade dos cabelos?<\/h2>\n\n\n\n<p>No dia a dia, v\u00e1rias pr\u00e1ticas podem afetar o crescimento capilar. A frequ\u00eancia de lavagem e a temperatura da \u00e1gua t\u00eam impactos significativos. Lavar os cabelos com muita frequ\u00eancia pode retirar os \u00f3leos naturais do couro cabeludo, e a \u00e1gua quente pode danificar a cut\u00edcula dos fios. Por outro lado, usar \u00e1gua fria ao finalizar a lavagem pode ajudar a selar as cut\u00edculas e aumentar o brilho, como explica o site <a href=\"https:\/\/www.katiaribeiro.com.br\/5-cremes-baratos-e-eficientes-para-cabelos-cacheados-radiantes-mesmo-com-orcamento-baixo-3\/\" target=\"_blank\" rel=\"noreferrer noopener\">Katia Ribeiro.<\/a><\/p>\n\n\n\n<ul class=\"wp-block-list\">\n<li>Lavar menos vezes por semana para preservar os \u00f3leos naturais.<\/li>\n\n\n\n<li>Cortar as pontas regularmente para evitar pontas duplas.<\/li>\n\n\n\n<li>Usar penteados soltos para minimizar a quebra.<\/li>\n\n\n\n<li>Apostar em prote\u00e7\u00e3o t\u00e9rmica ao usar ferramentas de calor.<\/li>\n<\/ul>\n\n\n<div class=\"wp-block-image\">\n<figure class=\"aligncenter size-large\"><img decoding=\"async\" width=\"1024\" height=\"576\" src=\"https:\/\/www.correiobraziliense.com.br\/cbradar\/wp-content\/uploads\/2025\/08\/crescimento-capilar_1754843267809-1024x576.jpg\" alt=\"Crescimento capilar pode acelerar com alimentos simples e h\u00e1bitos que muita gente ainda ignora\" class=\"wp-image-83940\" srcset=\"https:\/\/www.correiobraziliense.com.br\/cbradar\/wp-content\/uploads\/2025\/08\/crescimento-capilar_1754843267809-1024x576.jpg 1024w, https:\/\/www.correiobraziliense.com.br\/cbradar\/wp-content\/uploads\/2025\/08\/crescimento-capilar_1754843267809-300x169.jpg 300w, https:\/\/www.correiobraziliense.com.br\/cbradar\/wp-content\/uploads\/2025\/08\/crescimento-capilar_1754843267809-768x432.jpg 768w, https:\/\/www.correiobraziliense.com.br\/cbradar\/wp-content\/uploads\/2025\/08\/crescimento-capilar_1754843267809-750x422.jpg 750w, https:\/\/www.correiobraziliense.com.br\/cbradar\/wp-content\/uploads\/2025\/08\/crescimento-capilar_1754843267809-1140x641.jpg 1140w, https:\/\/www.correiobraziliense.com.br\/cbradar\/wp-content\/uploads\/2025\/08\/crescimento-capilar_1754843267809.jpg 1280w\" sizes=\"(max-width: 1024px) 100vw, 1024px\" \/><figcaption class=\"wp-element-caption\">Homem calvo (Cr\u00e9ditos: depositphotos.com \/ wsgrafix.gmail.com)<\/figcaption><\/figure><\/div>\n\n\n<h2 class=\"wp-block-heading\">Quais alimentos s\u00e3o ben\u00e9ficos para o crescimento capilar?<\/h2>\n\n\n\n<p>Manter uma dieta variada e rica em nutrientes \u00e9 essencial para a sa\u00fade dos cabelos. Alimentos como iogurte, ricos em prote\u00ednas, e frutas c\u00edtricas, que fornecem vitamina C, s\u00e3o \u00f3timos aliados para fortalecer os fios. A inclus\u00e3o de aveia, fonte de zinco, e de vegetais ricos em vitaminas, como batata-doce e couve, tamb\u00e9m pode ajudar a estimular o crescimento saud\u00e1vel dos cabelos. Al\u00e9m disso, gr\u00e3os <a href=\"https:\/\/www.correiobraziliense.com.br\/cbradar\/flores-de-croche-transformam-pecas-simples-em-detalhes-unicos-e-criativos\/\" target=\"_blank\" rel=\"noreferrer noopener\">integrais<\/a> contribuem para fornecer vitaminas do complexo B, fundamentais para sa\u00fade capilar.<\/p>\n\n\n\n<p>A combina\u00e7\u00e3o desses alimentos na dieta ajuda a prevenir defici\u00eancias nutricionais que podem impactar negativamente o desenvolvimento capilar e incentivar o desenvolvimento de fios mais fortes e saud\u00e1veis.<\/p>\n\n\n\n<h2 class=\"wp-block-heading\">Como os tratamentos naturais podem ser inclu\u00eddos no cuidado capilar?<\/h2>\n\n\n\n<p>Rem\u00e9dios caseiros tamb\u00e9m podem ser inclu\u00eddos na rotina de cuidado capilar. O uso de babosa (ou aloe vera) diretamente no couro cabeludo pode promover hidrata\u00e7\u00e3o e regenera\u00e7\u00e3o celular. O \u00f3leo de r\u00edcino \u00e9 outra op\u00e7\u00e3o tradicional, pois suas propriedades emolientes nutrem e estimulam o crescimento dos fios. Outros ingredientes naturais, como \u00f3leos essenciais de alecrim e coco, est\u00e3o sendo cada vez mais utilizados para fortalecer os cabelos e melhorar a circula\u00e7\u00e3o no couro cabeludo.<\/p>\n\n\n\n<p>Esses tratamentos devem ser encarados como complementos aos cuidados di\u00e1rios e alimenta\u00e7\u00e3o adequada. Caso haja d\u00favidas ou situa\u00e7\u00f5es de queda acentuada, \u00e9 importante procurar a orienta\u00e7\u00e3o de um profissional de sa\u00fade para garantir o diagn\u00f3stico correto e o tratamento adequado.<\/p>\n\n\n\n<p>Adotar h\u00e1bitos saud\u00e1veis diariamente pode contribuir significativamente para alcan\u00e7ar cabelos longos e fortes, unindo dieta balanceada e pr\u00e1ticas de cuidado efetivas.<\/p>\n\n\n\n<p><\/p>\n","protected":false},"excerpt":{"rendered":"<p>A sa\u00fade dos cabelos \u00e9 influenciada por diversos fatores, desde a escolha de produtos espec\u00edficos at\u00e9 a alimenta\u00e7\u00e3o di\u00e1ria. O que se come pode ter um grande impacto no crescimento e na vitalidade dos fios. O consumo adequado de nutrientes \u00e9 crucial para a for\u00e7a e estrutura dos cabelos, destacando a import\u00e2ncia de uma dieta [&hellip;]<\/p>\n","protected":false},"author":10,"featured_media":83939,"comment_status":"open","ping_status":"open","sticky":false,"template":"","format":"standard","meta":{"_yoast_wpseo_focuskw":"capilar","_yoast_wpseo_title":"","_yoast_wpseo_metadesc":"Alimenta\u00e7\u00e3o rica em prote\u00ednas e vitaminas pode transformar seus fios. Veja h\u00e1bitos e alimentos que estimulam o crescimento capilar","jnews-multi-image_gallery":[],"jnews_single_post":{"format":"standard"},"jnews_primary_category":[],"jnews_social_meta":[],"jnews_override_counter":[],"footnotes":""},"categories":[124],"tags":[281,126,1146],"class_list":["post-83938","post","type-post","status-publish","format-standard","has-post-thumbnail","hentry","category-beleza","tag-alimentacao","tag-cabelo","tag-crescimento-capilar"],"yoast_head":"<!-- This site is optimized with the Yoast SEO plugin v24.6 - https:\/\/yoast.com\/wordpress\/plugins\/seo\/ -->\n<title>Crescimento capilar pode acelerar com alimentos simples e h\u00e1bitos que muita gente ainda ignora - Correio Braziliense - Radar<\/title>\n<meta name=\"description\" content=\"Alimenta\u00e7\u00e3o rica em prote\u00ednas e vitaminas pode transformar seus fios. Veja h\u00e1bitos e alimentos que estimulam o crescimento capilar\" \/>\n<meta name=\"robots\" content=\"index, follow, max-snippet:-1, max-image-preview:large, max-video-preview:-1\" \/>\n<link rel=\"canonical\" href=\"https:\/\/www.correiobraziliense.com.br\/cbradar\/crescimento-capilar-pode-acelerar-com-alimentos-simples-e-habitos-que-muita-gente-ainda-ignora\/\" \/>\n<meta property=\"og:locale\" content=\"pt_BR\" \/>\n<meta property=\"og:type\" content=\"article\" \/>\n<meta property=\"og:title\" content=\"Crescimento capilar pode acelerar com alimentos simples e h\u00e1bitos que muita gente ainda ignora - Correio Braziliense - Radar\" \/>\n<meta property=\"og:description\" content=\"Alimenta\u00e7\u00e3o rica em prote\u00ednas e vitaminas pode transformar seus fios. Veja h\u00e1bitos e alimentos que estimulam o crescimento capilar\" \/>\n<meta property=\"og:url\" content=\"https:\/\/www.correiobraziliense.com.br\/cbradar\/crescimento-capilar-pode-acelerar-com-alimentos-simples-e-habitos-que-muita-gente-ainda-ignora\/\" \/>\n<meta property=\"og:site_name\" content=\"Correio Braziliense - Radar\" \/>\n<meta property=\"article:published_time\" content=\"2025-08-11T00:23:00+00:00\" \/>\n<meta property=\"og:image\" content=\"https:\/\/www.correiobraziliense.com.br\/cbradar\/wp-content\/uploads\/2025\/08\/crescimento-capilar_1754843241619.jpg\" \/>\n\t<meta property=\"og:image:width\" content=\"1280\" \/>\n\t<meta property=\"og:image:height\" content=\"720\" \/>\n\t<meta property=\"og:image:type\" content=\"image\/jpeg\" \/>\n<meta name=\"author\" content=\"Patryck Rubim\" \/>\n<meta name=\"twitter:card\" content=\"summary_large_image\" \/>\n<meta name=\"twitter:label1\" content=\"Escrito por\" \/>\n\t<meta name=\"twitter:data1\" content=\"Patryck Rubim\" \/>\n\t<meta name=\"twitter:label2\" content=\"Est. tempo de leitura\" \/>\n\t<meta name=\"twitter:data2\" content=\"4 minutos\" \/>\n<!-- \/ Yoast SEO plugin. -->","yoast_head_json":{"title":"Crescimento capilar pode acelerar com alimentos simples e h\u00e1bitos que muita gente ainda ignora - Correio Braziliense - Radar","description":"Alimenta\u00e7\u00e3o rica em prote\u00ednas e vitaminas pode transformar seus fios. Veja h\u00e1bitos e alimentos que estimulam o crescimento capilar","robots":{"index":"index","follow":"follow","max-snippet":"max-snippet:-1","max-image-preview":"max-image-preview:large","max-video-preview":"max-video-preview:-1"},"canonical":"https:\/\/www.correiobraziliense.com.br\/cbradar\/crescimento-capilar-pode-acelerar-com-alimentos-simples-e-habitos-que-muita-gente-ainda-ignora\/","og_locale":"pt_BR","og_type":"article","og_title":"Crescimento capilar pode acelerar com alimentos simples e h\u00e1bitos que muita gente ainda ignora - Correio Braziliense - Radar","og_description":"Alimenta\u00e7\u00e3o rica em prote\u00ednas e vitaminas pode transformar seus fios. Veja h\u00e1bitos e alimentos que estimulam o crescimento capilar","og_url":"https:\/\/www.correiobraziliense.com.br\/cbradar\/crescimento-capilar-pode-acelerar-com-alimentos-simples-e-habitos-que-muita-gente-ainda-ignora\/","og_site_name":"Correio Braziliense - Radar","article_published_time":"2025-08-11T00:23:00+00:00","og_image":[{"width":1280,"height":720,"url":"https:\/\/www.correiobraziliense.com.br\/cbradar\/wp-content\/uploads\/2025\/08\/crescimento-capilar_1754843241619.jpg","type":"image\/jpeg"}],"author":"Patryck Rubim","twitter_card":"summary_large_image","twitter_misc":{"Escrito por":"Patryck Rubim","Est. tempo de leitura":"4 minutos"},"schema":{"@context":"https:\/\/schema.org","@graph":[{"@type":"WebPage","@id":"https:\/\/www.correiobraziliense.com.br\/cbradar\/crescimento-capilar-pode-acelerar-com-alimentos-simples-e-habitos-que-muita-gente-ainda-ignora\/","url":"https:\/\/www.correiobraziliense.com.br\/cbradar\/crescimento-capilar-pode-acelerar-com-alimentos-simples-e-habitos-que-muita-gente-ainda-ignora\/","name":"Crescimento capilar pode acelerar com alimentos simples e h\u00e1bitos que muita gente ainda ignora - Correio Braziliense - Radar","isPartOf":{"@id":"https:\/\/www.correiobraziliense.com.br\/cbradar\/#website"},"primaryImageOfPage":{"@id":"https:\/\/www.correiobraziliense.com.br\/cbradar\/crescimento-capilar-pode-acelerar-com-alimentos-simples-e-habitos-que-muita-gente-ainda-ignora\/#primaryimage"},"image":{"@id":"https:\/\/www.correiobraziliense.com.br\/cbradar\/crescimento-capilar-pode-acelerar-com-alimentos-simples-e-habitos-que-muita-gente-ainda-ignora\/#primaryimage"},"thumbnailUrl":"https:\/\/www.correiobraziliense.com.br\/cbradar\/wp-content\/uploads\/2025\/08\/crescimento-capilar_1754843241619.jpg","datePublished":"2025-08-11T00:23:00+00:00","author":{"@id":"https:\/\/www.correiobraziliense.com.br\/cbradar\/#\/schema\/person\/0b5992d675b1f63c387b16a19dffbda7"},"description":"Alimenta\u00e7\u00e3o rica em prote\u00ednas e vitaminas pode transformar seus fios. Veja h\u00e1bitos e alimentos que estimulam o crescimento capilar","breadcrumb":{"@id":"https:\/\/www.correiobraziliense.com.br\/cbradar\/crescimento-capilar-pode-acelerar-com-alimentos-simples-e-habitos-que-muita-gente-ainda-ignora\/#breadcrumb"},"inLanguage":"pt-BR","potentialAction":[{"@type":"ReadAction","target":["https:\/\/www.correiobraziliense.com.br\/cbradar\/crescimento-capilar-pode-acelerar-com-alimentos-simples-e-habitos-que-muita-gente-ainda-ignora\/"]}]},{"@type":"ImageObject","inLanguage":"pt-BR","@id":"https:\/\/www.correiobraziliense.com.br\/cbradar\/crescimento-capilar-pode-acelerar-com-alimentos-simples-e-habitos-que-muita-gente-ainda-ignora\/#primaryimage","url":"https:\/\/www.correiobraziliense.com.br\/cbradar\/wp-content\/uploads\/2025\/08\/crescimento-capilar_1754843241619.jpg","contentUrl":"https:\/\/www.correiobraziliense.com.br\/cbradar\/wp-content\/uploads\/2025\/08\/crescimento-capilar_1754843241619.jpg","width":1280,"height":720,"caption":"Crescimento capilar (Cr\u00e9ditos: depositphotos.com \/ IgorVetushko)"},{"@type":"BreadcrumbList","@id":"https:\/\/www.correiobraziliense.com.br\/cbradar\/crescimento-capilar-pode-acelerar-com-alimentos-simples-e-habitos-que-muita-gente-ainda-ignora\/#breadcrumb","itemListElement":[{"@type":"ListItem","position":1,"name":"In\u00edcio","item":"https:\/\/www.correiobraziliense.com.br\/cbradar\/"},{"@type":"ListItem","position":2,"name":"Crescimento capilar pode acelerar com alimentos simples e h\u00e1bitos que muita gente ainda ignora"}]},{"@type":"WebSite","@id":"https:\/\/www.correiobraziliense.com.br\/cbradar\/#website","url":"https:\/\/www.correiobraziliense.com.br\/cbradar\/","name":"Correio Braziliense - Radar","description":"Acompanhe as \u00faltimas not\u00edcias e fique bem informado sobre tudo o que acontece no Brasil e no mundo.","potentialAction":[{"@type":"SearchAction","target":{"@type":"EntryPoint","urlTemplate":"https:\/\/www.correiobraziliense.com.br\/cbradar\/?s={search_term_string}"},"query-input":{"@type":"PropertyValueSpecification","valueRequired":true,"valueName":"search_term_string"}}],"inLanguage":"pt-BR"},{"@type":"Person","@id":"https:\/\/www.correiobraziliense.com.br\/cbradar\/#\/schema\/person\/0b5992d675b1f63c387b16a19dffbda7","name":"Patryck Rubim","image":{"@type":"ImageObject","inLanguage":"pt-BR","@id":"https:\/\/www.correiobraziliense.com.br\/cbradar\/#\/schema\/person\/image\/","url":"https:\/\/secure.gravatar.com\/avatar\/570c7fb2898c0e2df0823196891bea88?s=96&d=mm&r=g","contentUrl":"https:\/\/secure.gravatar.com\/avatar\/570c7fb2898c0e2df0823196891bea88?s=96&d=mm&r=g","caption":"Patryck Rubim"},"sameAs":["https:\/\/www.correiobraziliense.com.br\/cbradar"],"url":"https:\/\/www.correiobraziliense.com.br\/cbradar\/author\/patryckmyth\/"}]}},"_links":{"self":[{"href":"https:\/\/www.correiobraziliense.com.br\/cbradar\/wp-json\/wp\/v2\/posts\/83938","targetHints":{"allow":["GET"]}}],"collection":[{"href":"https:\/\/www.correiobraziliense.com.br\/cbradar\/wp-json\/wp\/v2\/posts"}],"about":[{"href":"https:\/\/www.correiobraziliense.com.br\/cbradar\/wp-json\/wp\/v2\/types\/post"}],"author":[{"embeddable":true,"href":"https:\/\/www.correiobraziliense.com.br\/cbradar\/wp-json\/wp\/v2\/users\/10"}],"replies":[{"embeddable":true,"href":"https:\/\/www.correiobraziliense.com.br\/cbradar\/wp-json\/wp\/v2\/comments?post=83938"}],"version-history":[{"count":1,"href":"https:\/\/www.correiobraziliense.com.br\/cbradar\/wp-json\/wp\/v2\/posts\/83938\/revisions"}],"predecessor-version":[{"id":83941,"href":"https:\/\/www.correiobraziliense.com.br\/cbradar\/wp-json\/wp\/v2\/posts\/83938\/revisions\/83941"}],"wp:featuredmedia":[{"embeddable":true,"href":"https:\/\/www.correiobraziliense.com.br\/cbradar\/wp-json\/wp\/v2\/media\/83939"}],"wp:attachment":[{"href":"https:\/\/www.correiobraziliense.com.br\/cbradar\/wp-json\/wp\/v2\/media?parent=83938"}],"wp:term":[{"taxonomy":"category","embeddable":true,"href":"https:\/\/www.correiobraziliense.com.br\/cbradar\/wp-json\/wp\/v2\/categories?post=83938"},{"taxonomy":"post_tag","embeddable":true,"href":"https:\/\/www.correiobraziliense.com.br\/cbradar\/wp-json\/wp\/v2\/tags?post=83938"}],"curies":[{"name":"wp","href":"https:\/\/api.w.org\/{rel}","templated":true}]}}