{"id":84200,"date":"2025-08-11T15:23:00","date_gmt":"2025-08-11T18:23:00","guid":{"rendered":"https:\/\/www.correiobraziliense.com.br\/cbradar\/?p=84200"},"modified":"2025-08-11T00:27:40","modified_gmt":"2025-08-11T03:27:40","slug":"somente-pessoas-de-olhos-castanhos-conseguem-ver-isso-entenda-por-que","status":"publish","type":"post","link":"https:\/\/www.correiobraziliense.com.br\/cbradar\/somente-pessoas-de-olhos-castanhos-conseguem-ver-isso-entenda-por-que\/","title":{"rendered":"Somente pessoas de olhos castanhos conseguem ver isso, entenda por qu\u00ea"},"content":{"rendered":"\n<p>A ideia de que <strong>pessoas de olhos castanhos<\/strong> percebem o mundo de forma \u00fanica desperta curiosidade. A <strong><a href=\"https:\/\/pt.wikipedia.org\/wiki\/Ci%C3%AAncia\" target=\"_blank\" rel=\"noreferrer noopener\">ci\u00eancia <\/a><\/strong>explora como a cor dos olhos pode influenciar a vis\u00e3o e at\u00e9 a personalidade. Este artigo investiga mitos, fatos e descobertas sobre o que pessoas de olhos castanhos realmente \u201cveem\u201d de diferente.<\/p>\n\n\n\n<ul class=\"wp-block-list\">\n<li>Entenda como a cor dos olhos afeta a percep\u00e7\u00e3o visual.<\/li>\n\n\n\n<li>Saiba o que a ci\u00eancia diz sobre olhos castanhos e personalidade.<\/li>\n\n\n\n<li>Descubra mitos comuns sobre vis\u00e3o e cor dos olhos.<\/li>\n<\/ul>\n\n\n\n<h2 class=\"wp-block-heading\">Como a cor dos olhos influencia a vis\u00e3o?<\/h2>\n\n\n\n<p>A cor dos olhos, como o <strong>castanho<\/strong>, \u00e9 determinada pela melanina na \u00edris. Olhos castanhos t\u00eam mais melanina, o que pode afetar a sensibilidade \u00e0 luz. Estudos mostram que olhos escuros filtram melhor a luz solar intensa. Isso reduz o desconforto em ambientes muito claros. Pessoas com olhos castanhos podem ter vantagem em regi\u00f5es ensolaradas. A melanina tamb\u00e9m protege contra danos UV. No entanto, a acuidade visual \u00e9 semelhante em todas as cores de olhos.<\/p>\n\n\n\n<p>A percep\u00e7\u00e3o de cores n\u00e3o varia significativamente entre olhos castanhos e claros. Por\u00e9m, olhos castanhos podem perceber tons quentes com mais nitidez. Isso ocorre devido \u00e0 pigmenta\u00e7\u00e3o mais densa. A ci\u00eancia ainda estuda como isso afeta a vida di\u00e1ria. A vis\u00e3o noturna n\u00e3o \u00e9 diretamente impactada pela cor. Fatores como sa\u00fade ocular s\u00e3o mais relevantes. A melanina apenas oferece prote\u00e7\u00e3o extra.<\/p>\n\n\n<div class=\"wp-block-image\">\n<figure class=\"aligncenter size-large\"><img decoding=\"async\" width=\"1024\" height=\"576\" src=\"https:\/\/www.correiobraziliense.com.br\/cbradar\/wp-content\/uploads\/2025\/08\/olhos-castanhos_1754882486980-1024x576.jpg\" alt=\"Somente pessoas de olhos castanhos conseguem ver isso, entenda por qu\u00ea\" class=\"wp-image-84227\" srcset=\"https:\/\/www.correiobraziliense.com.br\/cbradar\/wp-content\/uploads\/2025\/08\/olhos-castanhos_1754882486980-1024x576.jpg 1024w, https:\/\/www.correiobraziliense.com.br\/cbradar\/wp-content\/uploads\/2025\/08\/olhos-castanhos_1754882486980-300x169.jpg 300w, https:\/\/www.correiobraziliense.com.br\/cbradar\/wp-content\/uploads\/2025\/08\/olhos-castanhos_1754882486980-768x432.jpg 768w, https:\/\/www.correiobraziliense.com.br\/cbradar\/wp-content\/uploads\/2025\/08\/olhos-castanhos_1754882486980-750x422.jpg 750w, https:\/\/www.correiobraziliense.com.br\/cbradar\/wp-content\/uploads\/2025\/08\/olhos-castanhos_1754882486980-1140x641.jpg 1140w, https:\/\/www.correiobraziliense.com.br\/cbradar\/wp-content\/uploads\/2025\/08\/olhos-castanhos_1754882486980.jpg 1280w\" sizes=\"(max-width: 1024px) 100vw, 1024px\" \/><figcaption class=\"wp-element-caption\">Olhos castanhos \/ Cr\u00e9ditos: depositphotos.com \/ AllaSerebrina<\/figcaption><\/figure><\/div>\n\n\n<h2 class=\"wp-block-heading\">Olhos castanhos est\u00e3o ligados \u00e0 personalidade?<\/h2>\n\n\n\n<p>Estudos psicol\u00f3gicos sugerem que <strong>pessoas de olhos castanhos<\/strong> podem ser percebidas como mais confi\u00e1veis. A pigmenta\u00e7\u00e3o escura cria uma impress\u00e3o de calor e seguran\u00e7a. Isso n\u00e3o significa que a personalidade seja diferente, mas a percep\u00e7\u00e3o social varia. Pesquisas indicam que olhos castanhos s\u00e3o associados a empatia. No entanto, esses tra\u00e7os dependem mais de fatores culturais. A ci\u00eancia n\u00e3o confirma diferen\u00e7as concretas de car\u00e1ter. A percep\u00e7\u00e3o \u00e9 subjetiva e varia entre culturas.<\/p>\n\n\n\n<p>Pessoas com olhos castanhos relatam sentir-se mais confort\u00e1veis em grupos. Isso pode refletir influ\u00eancias sociais, n\u00e3o biol\u00f3gicas. A cor dos olhos n\u00e3o determina tra\u00e7os de personalidade diretamente. Estudos sobre o tema s\u00e3o inconclusivos, mas curiosos. A gen\u00e9tica da cor dos olhos \u00e9 complexa. Fatores ambientais moldam mais a personalidade. Ainda assim, o tema fascina pesquisadores.<\/p>\n\n\n\n<h2 class=\"wp-block-heading\">Existem diferen\u00e7as na percep\u00e7\u00e3o de cores?<\/h2>\n\n\n\n<p>A ideia de que <strong>pessoas de olhos castanhos<\/strong> veem cores de forma \u00fanica \u00e9 um mito. A percep\u00e7\u00e3o de cores depende dos cones na retina, n\u00e3o da \u00edris. Todos os olhos humanos t\u00eam os mesmos tipos de cones. Olhos castanhos podem ter leve vantagem em filtrar luz azul. Isso melhora o contraste em ambientes claros. No entanto, a diferen\u00e7a \u00e9 m\u00ednima na pr\u00e1tica. A sa\u00fade ocular importa mais que a cor.<\/p>\n\n\n\n<p>Testes de vis\u00e3o mostram resultados semelhantes em todas as cores de olhos. Algumas pessoas com olhos castanhos relatam conforto em tons terrosos. Isso pode ser uma prefer\u00eancia est\u00e9tica, n\u00e3o cient\u00edfica. Mitos sobre vis\u00e3o superior persistem, mas faltam evid\u00eancias. A ilumina\u00e7\u00e3o do ambiente afeta mais a percep\u00e7\u00e3o. Cuide dos olhos com exames regulares. A cor \u00e9 apenas um detalhe.<\/p>\n\n\n\n<p><strong>Leia tamb\u00e9m: <a href=\"https:\/\/www.correiobraziliense.com.br\/cbradar\/o-que-acontece-com-seu-corpo-a-medida-que-voce-envelhece\/\" target=\"_blank\" rel=\"noreferrer noopener\">O que acontece com seu corpo \u00e0 medida que voc\u00ea envelhece?<\/a><\/strong><\/p>\n\n\n\n<h2 class=\"wp-block-heading\">Por que olhos castanhos parecem mais comuns?<\/h2>\n\n\n\n<p>Olhos <strong>castanhos<\/strong> s\u00e3o os mais prevalentes globalmente devido \u00e0 gen\u00e9tica. A melanina, respons\u00e1vel pela cor, \u00e9 um tra\u00e7o dominante. Regi\u00f5es tropicais favorecem olhos escuros para prote\u00e7\u00e3o solar. Isso explica sua predomin\u00e2ncia em popula\u00e7\u00f5es espec\u00edficas. A ci\u00eancia estima que 55% da popula\u00e7\u00e3o mundial tem olhos castanhos. A varia\u00e7\u00e3o gen\u00e9tica cria diferentes tons de castanho. Essa diversidade \u00e9 um tra\u00e7o evolutivo fascinante.<\/p>\n\n\n\n<p>A percep\u00e7\u00e3o de que olhos castanhos &#8220;veem diferente&#8221; vem de mitos culturais. Algumas tradi\u00e7\u00f5es associam olhos escuros a sabedoria. Isso n\u00e3o tem base cient\u00edfica, mas influencia cren\u00e7as. A gen\u00e9tica da cor dos olhos ainda \u00e9 estudada. Fatores como ilumina\u00e7\u00e3o afetam mais a vis\u00e3o. A beleza dos olhos castanhos est\u00e1 na sua universalidade. Eles conectam pessoas ao redor do mundo.<\/p>\n\n\n\n<h2 class=\"wp-block-heading\">Mitos comuns sobre olhos castanhos<\/h2>\n\n\n\n<ul class=\"wp-block-list\">\n<li><strong>Olhos castanhos veem melhor no escuro<\/strong>: A vis\u00e3o noturna depende da retina, n\u00e3o da \u00edris.<\/li>\n\n\n\n<li>Olhos castanhos s\u00e3o mais resistentes a doen\u00e7as: A melanina protege contra UV, mas n\u00e3o outras condi\u00e7\u00f5es.<\/li>\n\n\n\n<li>Pessoas com olhos castanhos s\u00e3o mais calmas: A personalidade n\u00e3o \u00e9 determinada pela cor.<\/li>\n\n\n\n<li>Olhos castanhos percebem cores quentes melhor: A diferen\u00e7a \u00e9 m\u00ednima e subjetiva.<\/li>\n\n\n\n<li>Olhos castanhos s\u00e3o menos sens\u00edveis: Todos os olhos requerem cuidados iguais.<\/li>\n<\/ul>\n\n\n\n<p>Esses mitos persistem, mas a ci\u00eancia os desmente. A cor dos olhos \u00e9 apenas um tra\u00e7o gen\u00e9tico. A sa\u00fade ocular deve ser a prioridade. Consulte um oftalmologista regularmente. Evite acreditar em cren\u00e7as sem fundamento. A vis\u00e3o \u00e9 um bem universal.<\/p>\n\n\n\n<h2 class=\"wp-block-heading\">Como proteger a sa\u00fade dos olhos castanhos?<\/h2>\n\n\n\n<p>Olhos <strong>castanhos<\/strong> requerem os mesmos cuidados que outros. Use \u00f3culos com prote\u00e7\u00e3o UV em ambientes ensolarados. A melanina ajuda, mas n\u00e3o elimina riscos de danos solares. Fa\u00e7a exames oftalmol\u00f3gicos anuais para monitorar a sa\u00fade. Evite exposi\u00e7\u00e3o prolongada a telas para reduzir fadiga. Uma dieta rica em vitamina A beneficia a retina. Pequenos cuidados preservam a vis\u00e3o a longo prazo.<\/p>\n\n\n\n<p>A hidrata\u00e7\u00e3o dos olhos \u00e9 essencial em climas secos. Col\u00edrios lubrificantes podem aliviar desconfortos. Evite co\u00e7ar os olhos para prevenir infec\u00e7\u00f5es. A ilumina\u00e7\u00e3o adequada reduz o esfor\u00e7o visual. Pessoas com olhos castanhos devem seguir essas pr\u00e1ticas. A cor n\u00e3o isenta de cuidados. A sa\u00fade ocular garante uma vis\u00e3o clara.<\/p>\n\n\n\n<h2 class=\"wp-block-heading\">Curiosidades sobre olhos castanhos<\/h2>\n\n\n\n<ul class=\"wp-block-list\">\n<li><strong>Gen\u00e9tica dominante<\/strong>: Olhos castanhos s\u00e3o mais comuns devido \u00e0 melanina.<\/li>\n\n\n\n<li>Prote\u00e7\u00e3o natural contra UV gra\u00e7as \u00e0 pigmenta\u00e7\u00e3o densa.<\/li>\n\n\n\n<li>Variedade de tons, do mel ao castanho escuro, encanta pela diversidade.<\/li>\n<\/ul>\n\n\n\n<p>A ci\u00eancia continua explorando os olhos castanhos. Cuide da sua vis\u00e3o e aproveite o que seus olhos podem ver, independentemente da cor.<\/p>\n","protected":false},"excerpt":{"rendered":"<p>A ideia de que pessoas de olhos castanhos percebem o mundo de forma \u00fanica desperta curiosidade. A ci\u00eancia explora como a cor dos olhos pode influenciar a vis\u00e3o e at\u00e9 a personalidade. Este artigo investiga mitos, fatos e descobertas sobre o que pessoas de olhos castanhos realmente \u201cveem\u201d de diferente. Como a cor dos olhos [&hellip;]<\/p>\n","protected":false},"author":8,"featured_media":84228,"comment_status":"open","ping_status":"open","sticky":false,"template":"","format":"standard","meta":{"_yoast_wpseo_focuskw":"pessoas","_yoast_wpseo_title":"","_yoast_wpseo_metadesc":"Somente pessoas de olhos castanhos conseguem ver isso. Descubra o que torna essa vis\u00e3o t\u00e3o especial e detalhista.","jnews-multi-image_gallery":[],"jnews_single_post":{"format":"standard"},"jnews_primary_category":[],"jnews_social_meta":[],"jnews_override_counter":[],"footnotes":""},"categories":[112],"tags":[736,9209],"class_list":["post-84200","post","type-post","status-publish","format-standard","has-post-thumbnail","hentry","category-curiosidades","tag-ciencia","tag-olhos-castanhos"],"yoast_head":"<!-- This site is optimized with the Yoast SEO plugin v24.6 - https:\/\/yoast.com\/wordpress\/plugins\/seo\/ -->\n<title>Somente pessoas de olhos castanhos conseguem ver isso, entenda por qu\u00ea - Correio Braziliense - Radar<\/title>\n<meta name=\"description\" content=\"Somente pessoas de olhos castanhos conseguem ver isso. Descubra o que torna essa vis\u00e3o t\u00e3o especial e detalhista.\" \/>\n<meta name=\"robots\" content=\"index, follow, max-snippet:-1, max-image-preview:large, max-video-preview:-1\" \/>\n<link rel=\"canonical\" href=\"https:\/\/www.correiobraziliense.com.br\/cbradar\/somente-pessoas-de-olhos-castanhos-conseguem-ver-isso-entenda-por-que\/\" \/>\n<meta property=\"og:locale\" content=\"pt_BR\" \/>\n<meta property=\"og:type\" content=\"article\" \/>\n<meta property=\"og:title\" content=\"Somente pessoas de olhos castanhos conseguem ver isso, entenda por qu\u00ea - Correio Braziliense - Radar\" \/>\n<meta property=\"og:description\" content=\"Somente pessoas de olhos castanhos conseguem ver isso. Descubra o que torna essa vis\u00e3o t\u00e3o especial e detalhista.\" \/>\n<meta property=\"og:url\" content=\"https:\/\/www.correiobraziliense.com.br\/cbradar\/somente-pessoas-de-olhos-castanhos-conseguem-ver-isso-entenda-por-que\/\" \/>\n<meta property=\"og:site_name\" content=\"Correio Braziliense - Radar\" \/>\n<meta property=\"article:published_time\" content=\"2025-08-11T18:23:00+00:00\" \/>\n<meta property=\"og:image\" content=\"https:\/\/www.correiobraziliense.com.br\/cbradar\/wp-content\/uploads\/2025\/08\/olhos-castanhos_1754882465523.jpg\" \/>\n\t<meta property=\"og:image:width\" content=\"1280\" \/>\n\t<meta property=\"og:image:height\" content=\"720\" \/>\n\t<meta property=\"og:image:type\" content=\"image\/jpeg\" \/>\n<meta name=\"author\" content=\"Maura Pereira\" \/>\n<meta name=\"twitter:card\" content=\"summary_large_image\" \/>\n<meta name=\"twitter:label1\" content=\"Escrito por\" \/>\n\t<meta name=\"twitter:data1\" content=\"Maura Pereira\" \/>\n\t<meta name=\"twitter:label2\" content=\"Est. tempo de leitura\" \/>\n\t<meta name=\"twitter:data2\" content=\"6 minutos\" \/>\n<!-- \/ Yoast SEO plugin. -->","yoast_head_json":{"title":"Somente pessoas de olhos castanhos conseguem ver isso, entenda por qu\u00ea - Correio Braziliense - Radar","description":"Somente pessoas de olhos castanhos conseguem ver isso. Descubra o que torna essa vis\u00e3o t\u00e3o especial e detalhista.","robots":{"index":"index","follow":"follow","max-snippet":"max-snippet:-1","max-image-preview":"max-image-preview:large","max-video-preview":"max-video-preview:-1"},"canonical":"https:\/\/www.correiobraziliense.com.br\/cbradar\/somente-pessoas-de-olhos-castanhos-conseguem-ver-isso-entenda-por-que\/","og_locale":"pt_BR","og_type":"article","og_title":"Somente pessoas de olhos castanhos conseguem ver isso, entenda por qu\u00ea - Correio Braziliense - Radar","og_description":"Somente pessoas de olhos castanhos conseguem ver isso. Descubra o que torna essa vis\u00e3o t\u00e3o especial e detalhista.","og_url":"https:\/\/www.correiobraziliense.com.br\/cbradar\/somente-pessoas-de-olhos-castanhos-conseguem-ver-isso-entenda-por-que\/","og_site_name":"Correio Braziliense - Radar","article_published_time":"2025-08-11T18:23:00+00:00","og_image":[{"width":1280,"height":720,"url":"https:\/\/www.correiobraziliense.com.br\/cbradar\/wp-content\/uploads\/2025\/08\/olhos-castanhos_1754882465523.jpg","type":"image\/jpeg"}],"author":"Maura Pereira","twitter_card":"summary_large_image","twitter_misc":{"Escrito por":"Maura Pereira","Est. tempo de leitura":"6 minutos"},"schema":{"@context":"https:\/\/schema.org","@graph":[{"@type":"WebPage","@id":"https:\/\/www.correiobraziliense.com.br\/cbradar\/somente-pessoas-de-olhos-castanhos-conseguem-ver-isso-entenda-por-que\/","url":"https:\/\/www.correiobraziliense.com.br\/cbradar\/somente-pessoas-de-olhos-castanhos-conseguem-ver-isso-entenda-por-que\/","name":"Somente pessoas de olhos castanhos conseguem ver isso, entenda por qu\u00ea - Correio Braziliense - Radar","isPartOf":{"@id":"https:\/\/www.correiobraziliense.com.br\/cbradar\/#website"},"primaryImageOfPage":{"@id":"https:\/\/www.correiobraziliense.com.br\/cbradar\/somente-pessoas-de-olhos-castanhos-conseguem-ver-isso-entenda-por-que\/#primaryimage"},"image":{"@id":"https:\/\/www.correiobraziliense.com.br\/cbradar\/somente-pessoas-de-olhos-castanhos-conseguem-ver-isso-entenda-por-que\/#primaryimage"},"thumbnailUrl":"https:\/\/www.correiobraziliense.com.br\/cbradar\/wp-content\/uploads\/2025\/08\/olhos-castanhos_1754882465523.jpg","datePublished":"2025-08-11T18:23:00+00:00","author":{"@id":"https:\/\/www.correiobraziliense.com.br\/cbradar\/#\/schema\/person\/4053c651a9bfc785afc6f4cbc9032fd3"},"description":"Somente pessoas de olhos castanhos conseguem ver isso. Descubra o que torna essa vis\u00e3o t\u00e3o especial e detalhista.","breadcrumb":{"@id":"https:\/\/www.correiobraziliense.com.br\/cbradar\/somente-pessoas-de-olhos-castanhos-conseguem-ver-isso-entenda-por-que\/#breadcrumb"},"inLanguage":"pt-BR","potentialAction":[{"@type":"ReadAction","target":["https:\/\/www.correiobraziliense.com.br\/cbradar\/somente-pessoas-de-olhos-castanhos-conseguem-ver-isso-entenda-por-que\/"]}]},{"@type":"ImageObject","inLanguage":"pt-BR","@id":"https:\/\/www.correiobraziliense.com.br\/cbradar\/somente-pessoas-de-olhos-castanhos-conseguem-ver-isso-entenda-por-que\/#primaryimage","url":"https:\/\/www.correiobraziliense.com.br\/cbradar\/wp-content\/uploads\/2025\/08\/olhos-castanhos_1754882465523.jpg","contentUrl":"https:\/\/www.correiobraziliense.com.br\/cbradar\/wp-content\/uploads\/2025\/08\/olhos-castanhos_1754882465523.jpg","width":1280,"height":720,"caption":"Olhos Castanhos \/ Cr\u00e9ditos: depositphotos.com \/ inna73"},{"@type":"BreadcrumbList","@id":"https:\/\/www.correiobraziliense.com.br\/cbradar\/somente-pessoas-de-olhos-castanhos-conseguem-ver-isso-entenda-por-que\/#breadcrumb","itemListElement":[{"@type":"ListItem","position":1,"name":"In\u00edcio","item":"https:\/\/www.correiobraziliense.com.br\/cbradar\/"},{"@type":"ListItem","position":2,"name":"Somente pessoas de olhos castanhos conseguem ver isso, entenda por qu\u00ea"}]},{"@type":"WebSite","@id":"https:\/\/www.correiobraziliense.com.br\/cbradar\/#website","url":"https:\/\/www.correiobraziliense.com.br\/cbradar\/","name":"Correio Braziliense - Radar","description":"Acompanhe as \u00faltimas not\u00edcias e fique bem informado sobre tudo o que acontece no Brasil e no mundo.","potentialAction":[{"@type":"SearchAction","target":{"@type":"EntryPoint","urlTemplate":"https:\/\/www.correiobraziliense.com.br\/cbradar\/?s={search_term_string}"},"query-input":{"@type":"PropertyValueSpecification","valueRequired":true,"valueName":"search_term_string"}}],"inLanguage":"pt-BR"},{"@type":"Person","@id":"https:\/\/www.correiobraziliense.com.br\/cbradar\/#\/schema\/person\/4053c651a9bfc785afc6f4cbc9032fd3","name":"Maura Pereira","image":{"@type":"ImageObject","inLanguage":"pt-BR","@id":"https:\/\/www.correiobraziliense.com.br\/cbradar\/#\/schema\/person\/image\/","url":"https:\/\/secure.gravatar.com\/avatar\/3effd6bdadfa447f15089c7f7144eaa6?s=96&d=mm&r=g","contentUrl":"https:\/\/secure.gravatar.com\/avatar\/3effd6bdadfa447f15089c7f7144eaa6?s=96&d=mm&r=g","caption":"Maura Pereira"},"sameAs":["https:\/\/www.correiobraziliense.com.br\/"],"url":"https:\/\/www.correiobraziliense.com.br\/cbradar\/author\/mauramyth\/"}]}},"_links":{"self":[{"href":"https:\/\/www.correiobraziliense.com.br\/cbradar\/wp-json\/wp\/v2\/posts\/84200","targetHints":{"allow":["GET"]}}],"collection":[{"href":"https:\/\/www.correiobraziliense.com.br\/cbradar\/wp-json\/wp\/v2\/posts"}],"about":[{"href":"https:\/\/www.correiobraziliense.com.br\/cbradar\/wp-json\/wp\/v2\/types\/post"}],"author":[{"embeddable":true,"href":"https:\/\/www.correiobraziliense.com.br\/cbradar\/wp-json\/wp\/v2\/users\/8"}],"replies":[{"embeddable":true,"href":"https:\/\/www.correiobraziliense.com.br\/cbradar\/wp-json\/wp\/v2\/comments?post=84200"}],"version-history":[{"count":10,"href":"https:\/\/www.correiobraziliense.com.br\/cbradar\/wp-json\/wp\/v2\/posts\/84200\/revisions"}],"predecessor-version":[{"id":84237,"href":"https:\/\/www.correiobraziliense.com.br\/cbradar\/wp-json\/wp\/v2\/posts\/84200\/revisions\/84237"}],"wp:featuredmedia":[{"embeddable":true,"href":"https:\/\/www.correiobraziliense.com.br\/cbradar\/wp-json\/wp\/v2\/media\/84228"}],"wp:attachment":[{"href":"https:\/\/www.correiobraziliense.com.br\/cbradar\/wp-json\/wp\/v2\/media?parent=84200"}],"wp:term":[{"taxonomy":"category","embeddable":true,"href":"https:\/\/www.correiobraziliense.com.br\/cbradar\/wp-json\/wp\/v2\/categories?post=84200"},{"taxonomy":"post_tag","embeddable":true,"href":"https:\/\/www.correiobraziliense.com.br\/cbradar\/wp-json\/wp\/v2\/tags?post=84200"}],"curies":[{"name":"wp","href":"https:\/\/api.w.org\/{rel}","templated":true}]}}