{"id":8437,"date":"2025-03-04T07:23:00","date_gmt":"2025-03-04T10:23:00","guid":{"rendered":"https:\/\/www.correiobraziliense.com.br\/cbradar\/?p=8437"},"modified":"2025-03-03T17:21:13","modified_gmt":"2025-03-03T20:21:13","slug":"vitoria-historica-de-ainda-estou-aqui-repercute-na-imprensa-internacional","status":"publish","type":"post","link":"https:\/\/www.correiobraziliense.com.br\/cbradar\/vitoria-historica-de-ainda-estou-aqui-repercute-na-imprensa-internacional\/","title":{"rendered":"Vit\u00f3ria hist\u00f3rica de \u2018Ainda Estou Aqui\u2019 repercute na imprensa internacional"},"content":{"rendered":"\n<p>Na cerim\u00f4nia do <a href=\"https:\/\/www.correiobraziliense.com.br\/cbradar\/esses-filmes-foram-esnobados-pelo-oscar-veja-nomes\/\" target=\"_blank\" rel=\"noreferrer noopener\"><strong>Oscar <\/strong>de 2025<\/a>, o filme brasileiro\u00a0<em><strong>Ainda Estou Aqui<\/strong><\/em>, dirigido por <strong>Walter Salles<\/strong>, conquistou o pr\u00eamio de Melhor Filme Internacional. Este feito in\u00e9dito trouxe grande visibilidade para o cinema brasileiro, que h\u00e1 muito tempo busca reconhecimento no cen\u00e1rio internacional. A vit\u00f3ria foi celebrada amplamente no <strong>Brasil<\/strong>, especialmente durante o <strong>Carnaval<\/strong>, onde a not\u00edcia foi recebida com entusiasmo.<\/p>\n\n\n\n<p>A vit\u00f3ria de&nbsp;<em><strong>Ainda Estou Aqui<\/strong><\/em>&nbsp;foi uma surpresa para muitos, considerando que o filme concorria com&nbsp;<em><strong>Emilia P\u00e9rez<\/strong><\/em>, uma produ\u00e7\u00e3o francesa que havia recebido 13 indica\u00e7\u00f5es. A imprensa internacional destacou a conquista brasileira, ressaltando a import\u00e2ncia do filme em abordar temas hist\u00f3ricos e sociais relevantes para o pa\u00eds.<\/p>\n\n\n\n<h2 class=\"wp-block-heading\"><strong>Por que&nbsp;&#8220;<em>Ainda Estou Aqui&#8221;<\/em>&nbsp;se destacou?<\/strong><\/h2>\n\n\n\n<p>O filme&nbsp;<em><strong>Ainda Estou Aqui<\/strong><\/em>&nbsp;se destacou por sua narrativa poderosa e sua capacidade de provocar uma reflex\u00e3o sobre o passado autorit\u00e1rio do <strong>Brasil<\/strong>. Baseado em uma hist\u00f3ria real, o longa aborda as consequ\u00eancias emocionais e sociais da ditadura militar no pa\u00eds. A atua\u00e7\u00e3o de <strong>Fernanda Torres<\/strong>, que foi indicada ao Oscar de Melhor Atriz, tamb\u00e9m foi amplamente elogiada, consolidando sua posi\u00e7\u00e3o como uma das principais atrizes do cinema brasileiro.<\/p>\n\n\n\n<p>O diretor <strong>Walter Salles<\/strong> dedicou o pr\u00eamio \u00e0 <strong>Eunice Paiva<\/strong>, cuja hist\u00f3ria inspirou o filme, e \u00e0s mulheres que participaram da produ\u00e7\u00e3o, incluindo <strong>Fernanda Torres<\/strong> e <strong>Fernanda Montenegro<\/strong>. Essa homenagem destacou a import\u00e2ncia das mulheres na ind\u00fastria cinematogr\u00e1fica e a relev\u00e2ncia de suas hist\u00f3rias serem contadas.<\/p>\n\n\n\n<figure class=\"wp-block-image size-large\"><img decoding=\"async\" width=\"1024\" height=\"576\" src=\"https:\/\/www.correiobraziliense.com.br\/cbradar\/wp-content\/uploads\/2025\/03\/Oscar_1741012754738-1024x576.jpg\" alt=\"Vit\u00f3ria hist\u00f3rica de \u2018Ainda Estou Aqui\u2019 impulsiona o cinema brasileiro\" class=\"wp-image-8438\" srcset=\"https:\/\/www.correiobraziliense.com.br\/cbradar\/wp-content\/uploads\/2025\/03\/Oscar_1741012754738-1024x576.jpg 1024w, https:\/\/www.correiobraziliense.com.br\/cbradar\/wp-content\/uploads\/2025\/03\/Oscar_1741012754738-300x169.jpg 300w, https:\/\/www.correiobraziliense.com.br\/cbradar\/wp-content\/uploads\/2025\/03\/Oscar_1741012754738-768x432.jpg 768w, https:\/\/www.correiobraziliense.com.br\/cbradar\/wp-content\/uploads\/2025\/03\/Oscar_1741012754738-750x422.jpg 750w, https:\/\/www.correiobraziliense.com.br\/cbradar\/wp-content\/uploads\/2025\/03\/Oscar_1741012754738-1140x641.jpg 1140w, https:\/\/www.correiobraziliense.com.br\/cbradar\/wp-content\/uploads\/2025\/03\/Oscar_1741012754738.jpg 1280w\" sizes=\"(max-width: 1024px) 100vw, 1024px\" \/><figcaption class=\"wp-element-caption\">Fernanda Torres recebe Oscar de melhor filme internacional\nCr\u00e9ditos: depositphotos.com \/ MidoSemsem<\/figcaption><\/figure>\n\n\n\n<h2 class=\"wp-block-heading\"><strong>Como a imprensa internacional reagiu \u00e0 vit\u00f3ria brasileira?<\/strong><\/h2>\n\n\n\n<p>A vit\u00f3ria de&nbsp;<em><strong>Ainda Estou Aqui<\/strong><\/em>&nbsp;foi amplamente coberta pela imprensa internacional. A revista <strong>Variety <\/strong>destacou a surpresa da vit\u00f3ria, enquanto a <strong>People <\/strong>enfatizou a supera\u00e7\u00e3o do filme brasileiro sobre o favorito franc\u00eas&nbsp;<em><strong>Emilia P\u00e9rez<\/strong><\/em>. A <strong>Hollywood Reporter<\/strong> elogiou a atua\u00e7\u00e3o de <strong>Fernanda Torres<\/strong> e sua presen\u00e7a marcante no tapete vermelho do <strong>Oscar<\/strong>.<\/p>\n\n\n\n<p>O <strong>New York Times<\/strong> e o <strong>Guardian <\/strong>tamb\u00e9m destacaram a import\u00e2ncia do filme para o reconhecimento da cultura brasileira no exterior. Eles ressaltaram como o filme trouxe \u00e0 tona quest\u00f5es sociais e pol\u00edticas que ressoam globalmente, tornando-se um exemplo de como o cinema pode ser uma ferramenta poderosa para a reflex\u00e3o e a mudan\u00e7a social.<\/p>\n\n\n\n<h2 class=\"wp-block-heading\"><strong>Qual \u00e9 o significado da vit\u00f3ria para o Brasil?<\/strong><\/h2>\n\n\n\n<p>A conquista do <strong>Oscar <\/strong>por&nbsp;<em><strong>Ainda Estou Aqui<\/strong><\/em>&nbsp;representa um marco significativo para o cinema brasileiro. Ap\u00f3s anos de tentativas, o <strong>Brasil <\/strong>finalmente obteve reconhecimento na categoria de Melhor Filme Internacional. Este feito n\u00e3o apenas celebra a qualidade do cinema nacional, mas tamb\u00e9m abre portas para futuras produ\u00e7\u00f5es brasileiras no cen\u00e1rio global.<\/p>\n\n\n\n<p>O presidente <strong>Luiz In\u00e1cio Lula da Silva<\/strong> destacou o orgulho nacional que a vit\u00f3ria trouxe, refor\u00e7ando a import\u00e2ncia da cultura e da arte como elementos fundamentais da identidade brasileira. A celebra\u00e7\u00e3o durante o <strong>Carnaval <\/strong>simbolizou a uni\u00e3o do pa\u00eds em torno de um momento de reconhecimento e valoriza\u00e7\u00e3o cultural.<\/p>\n\n\n\n<h2 class=\"wp-block-heading\"><strong>O futuro do cinema brasileiro ap\u00f3s o Oscar 2025<\/strong><\/h2>\n\n\n\n<p>Com a vit\u00f3ria de&nbsp;<em><strong>Ainda Estou Aqui<\/strong><\/em>, o cinema brasileiro ganhou uma nova visibilidade internacional. Esta conquista pode impulsionar novas produ\u00e7\u00f5es e incentivar investimentos na ind\u00fastria cinematogr\u00e1fica do pa\u00eds. Al\u00e9m disso, a vit\u00f3ria pode inspirar cineastas brasileiros a explorar narrativas aut\u00eanticas e relevantes, que ressoem tanto no <strong>Brasil <\/strong>quanto no exterior.<\/p>\n\n\n\n<p>O reconhecimento internacional tamb\u00e9m pode abrir espa\u00e7o para colabora\u00e7\u00f5es com cineastas de outros pa\u00edses, ampliando o alcance e a influ\u00eancia do cinema brasileiro. Com uma rica tape\u00e7aria de hist\u00f3rias para contar, o <strong>Brasil <\/strong>est\u00e1 bem posicionado para continuar a surpreender e impactar o p\u00fablico global nos pr\u00f3ximos anos.<\/p>\n","protected":false},"excerpt":{"rendered":"<p>Explorando o impacto da vit\u00f3ria do filme brasileiro Ainda Estou Aqui no Oscar e seu significado para o reconhecimento internacional.<\/p>\n","protected":false},"author":3,"featured_media":8626,"comment_status":"open","ping_status":"open","sticky":false,"template":"","format":"standard","meta":{"jnews-multi-image_gallery":[],"jnews_single_post":{"format":"standard"},"jnews_primary_category":[],"jnews_social_meta":[],"jnews_override_counter":[],"footnotes":""},"categories":[140],"post_tag":[753],"class_list":["post-8437","post","type-post","status-publish","format-standard","has-post-thumbnail","hentry","category-entretenimento","tag-ainda-estou-aqui"],"yoast_head":"<!-- This site is optimized with the Yoast SEO plugin v24.6 - https:\/\/yoast.com\/wordpress\/plugins\/seo\/ -->\n<title>Vit\u00f3ria hist\u00f3rica de \u2018Ainda Estou Aqui\u2019 repercute na imprensa internacional<\/title>\n<meta name=\"description\" content=\"Explorando o impacto da vit\u00f3ria do filme brasileiro Ainda Estou Aqui no Oscar e seu significado para o reconhecimento internacional.\" \/>\n<meta name=\"robots\" content=\"index, follow, max-snippet:-1, max-image-preview:large, max-video-preview:-1\" \/>\n<link rel=\"canonical\" href=\"https:\/\/www.correiobraziliense.com.br\/cbradar\/vitoria-historica-de-ainda-estou-aqui-repercute-na-imprensa-internacional\/\" \/>\n<meta property=\"og:locale\" content=\"pt_BR\" \/>\n<meta property=\"og:type\" content=\"article\" \/>\n<meta property=\"og:title\" content=\"Vit\u00f3ria hist\u00f3rica de \u2018Ainda Estou Aqui\u2019 repercute na imprensa internacional\" \/>\n<meta property=\"og:description\" content=\"Explorando o impacto da vit\u00f3ria do filme brasileiro Ainda Estou Aqui no Oscar e seu significado para o reconhecimento internacional.\" \/>\n<meta property=\"og:url\" content=\"https:\/\/www.correiobraziliense.com.br\/cbradar\/vitoria-historica-de-ainda-estou-aqui-repercute-na-imprensa-internacional\/\" \/>\n<meta property=\"og:site_name\" content=\"Correio Braziliense - Radar\" \/>\n<meta property=\"article:published_time\" content=\"2025-03-04T10:23:00+00:00\" \/>\n<meta property=\"og:image\" content=\"https:\/\/www.correiobraziliense.com.br\/cbradar\/wp-content\/uploads\/2025\/03\/Fernanda-Torres.png\" \/>\n\t<meta property=\"og:image:width\" content=\"1280\" \/>\n\t<meta property=\"og:image:height\" content=\"720\" \/>\n\t<meta property=\"og:image:type\" content=\"image\/png\" \/>\n<meta name=\"author\" content=\"Larissa Carvalho\" \/>\n<meta name=\"twitter:card\" content=\"summary_large_image\" \/>\n<meta name=\"twitter:label1\" content=\"Escrito por\" \/>\n\t<meta name=\"twitter:data1\" content=\"Larissa Carvalho\" \/>\n\t<meta name=\"twitter:label2\" content=\"Est. tempo de leitura\" \/>\n\t<meta name=\"twitter:data2\" content=\"4 minutos\" \/>\n<!-- \/ Yoast SEO plugin. -->","yoast_head_json":{"title":"Vit\u00f3ria hist\u00f3rica de \u2018Ainda Estou Aqui\u2019 repercute na imprensa internacional","description":"Explorando o impacto da vit\u00f3ria do filme brasileiro Ainda Estou Aqui no Oscar e seu significado para o reconhecimento internacional.","robots":{"index":"index","follow":"follow","max-snippet":"max-snippet:-1","max-image-preview":"max-image-preview:large","max-video-preview":"max-video-preview:-1"},"canonical":"https:\/\/www.correiobraziliense.com.br\/cbradar\/vitoria-historica-de-ainda-estou-aqui-repercute-na-imprensa-internacional\/","og_locale":"pt_BR","og_type":"article","og_title":"Vit\u00f3ria hist\u00f3rica de \u2018Ainda Estou Aqui\u2019 repercute na imprensa internacional","og_description":"Explorando o impacto da vit\u00f3ria do filme brasileiro Ainda Estou Aqui no Oscar e seu significado para o reconhecimento internacional.","og_url":"https:\/\/www.correiobraziliense.com.br\/cbradar\/vitoria-historica-de-ainda-estou-aqui-repercute-na-imprensa-internacional\/","og_site_name":"Correio Braziliense - Radar","article_published_time":"2025-03-04T10:23:00+00:00","og_image":[{"width":1280,"height":720,"url":"https:\/\/www.correiobraziliense.com.br\/cbradar\/wp-content\/uploads\/2025\/03\/Fernanda-Torres.png","type":"image\/png"}],"author":"Larissa Carvalho","twitter_card":"summary_large_image","twitter_misc":{"Escrito por":"Larissa Carvalho","Est. tempo de leitura":"4 minutos"},"schema":{"@context":"https:\/\/schema.org","@graph":[{"@type":"WebPage","@id":"https:\/\/www.correiobraziliense.com.br\/cbradar\/vitoria-historica-de-ainda-estou-aqui-repercute-na-imprensa-internacional\/","url":"https:\/\/www.correiobraziliense.com.br\/cbradar\/vitoria-historica-de-ainda-estou-aqui-repercute-na-imprensa-internacional\/","name":"Vit\u00f3ria hist\u00f3rica de \u2018Ainda Estou Aqui\u2019 repercute na imprensa internacional","isPartOf":{"@id":"https:\/\/www.correiobraziliense.com.br\/cbradar\/#website"},"primaryImageOfPage":{"@id":"https:\/\/www.correiobraziliense.com.br\/cbradar\/vitoria-historica-de-ainda-estou-aqui-repercute-na-imprensa-internacional\/#primaryimage"},"image":{"@id":"https:\/\/www.correiobraziliense.com.br\/cbradar\/vitoria-historica-de-ainda-estou-aqui-repercute-na-imprensa-internacional\/#primaryimage"},"thumbnailUrl":"https:\/\/www.correiobraziliense.com.br\/cbradar\/wp-content\/uploads\/2025\/03\/Fernanda-Torres.png","datePublished":"2025-03-04T10:23:00+00:00","author":{"@id":"https:\/\/www.correiobraziliense.com.br\/cbradar\/#\/schema\/person\/58422787644df994b53a19d3e56c1513"},"description":"Explorando o impacto da vit\u00f3ria do filme brasileiro Ainda Estou Aqui no Oscar e seu significado para o reconhecimento internacional.","breadcrumb":{"@id":"https:\/\/www.correiobraziliense.com.br\/cbradar\/vitoria-historica-de-ainda-estou-aqui-repercute-na-imprensa-internacional\/#breadcrumb"},"inLanguage":"pt-BR","potentialAction":[{"@type":"ReadAction","target":["https:\/\/www.correiobraziliense.com.br\/cbradar\/vitoria-historica-de-ainda-estou-aqui-repercute-na-imprensa-internacional\/"]}]},{"@type":"ImageObject","inLanguage":"pt-BR","@id":"https:\/\/www.correiobraziliense.com.br\/cbradar\/vitoria-historica-de-ainda-estou-aqui-repercute-na-imprensa-internacional\/#primaryimage","url":"https:\/\/www.correiobraziliense.com.br\/cbradar\/wp-content\/uploads\/2025\/03\/Fernanda-Torres.png","contentUrl":"https:\/\/www.correiobraziliense.com.br\/cbradar\/wp-content\/uploads\/2025\/03\/Fernanda-Torres.png","width":1280,"height":720,"caption":"Fernanda Torres e Walter Salles. Fonte: instagram \/ @oficialfernandatorres"},{"@type":"BreadcrumbList","@id":"https:\/\/www.correiobraziliense.com.br\/cbradar\/vitoria-historica-de-ainda-estou-aqui-repercute-na-imprensa-internacional\/#breadcrumb","itemListElement":[{"@type":"ListItem","position":1,"name":"In\u00edcio","item":"https:\/\/www.correiobraziliense.com.br\/cbradar\/"},{"@type":"ListItem","position":2,"name":"Vit\u00f3ria hist\u00f3rica de \u2018Ainda Estou Aqui\u2019 repercute na imprensa internacional"}]},{"@type":"WebSite","@id":"https:\/\/www.correiobraziliense.com.br\/cbradar\/#website","url":"https:\/\/www.correiobraziliense.com.br\/cbradar\/","name":"Correio Braziliense - Radar","description":"Acompanhe as \u00faltimas not\u00edcias e fique bem informado sobre tudo o que acontece no Brasil e no mundo.","potentialAction":[{"@type":"SearchAction","target":{"@type":"EntryPoint","urlTemplate":"https:\/\/www.correiobraziliense.com.br\/cbradar\/?s={search_term_string}"},"query-input":{"@type":"PropertyValueSpecification","valueRequired":true,"valueName":"search_term_string"}}],"inLanguage":"pt-BR"},{"@type":"Person","@id":"https:\/\/www.correiobraziliense.com.br\/cbradar\/#\/schema\/person\/58422787644df994b53a19d3e56c1513","name":"Larissa Carvalho","image":{"@type":"ImageObject","inLanguage":"pt-BR","@id":"https:\/\/www.correiobraziliense.com.br\/cbradar\/#\/schema\/person\/image\/","url":"https:\/\/secure.gravatar.com\/avatar\/fe4f91a0de32b52a838d0d612abdc1aa?s=96&d=mm&r=g","contentUrl":"https:\/\/secure.gravatar.com\/avatar\/fe4f91a0de32b52a838d0d612abdc1aa?s=96&d=mm&r=g","caption":"Larissa Carvalho"},"url":"https:\/\/www.correiobraziliense.com.br\/cbradar\/author\/larissamyth\/"}]}},"_links":{"self":[{"href":"https:\/\/www.correiobraziliense.com.br\/cbradar\/wp-json\/wp\/v2\/posts\/8437","targetHints":{"allow":["GET"]}}],"collection":[{"href":"https:\/\/www.correiobraziliense.com.br\/cbradar\/wp-json\/wp\/v2\/posts"}],"about":[{"href":"https:\/\/www.correiobraziliense.com.br\/cbradar\/wp-json\/wp\/v2\/types\/post"}],"author":[{"embeddable":true,"href":"https:\/\/www.correiobraziliense.com.br\/cbradar\/wp-json\/wp\/v2\/users\/3"}],"replies":[{"embeddable":true,"href":"https:\/\/www.correiobraziliense.com.br\/cbradar\/wp-json\/wp\/v2\/comments?post=8437"}],"version-history":[{"count":2,"href":"https:\/\/www.correiobraziliense.com.br\/cbradar\/wp-json\/wp\/v2\/posts\/8437\/revisions"}],"predecessor-version":[{"id":8627,"href":"https:\/\/www.correiobraziliense.com.br\/cbradar\/wp-json\/wp\/v2\/posts\/8437\/revisions\/8627"}],"wp:featuredmedia":[{"embeddable":true,"href":"https:\/\/www.correiobraziliense.com.br\/cbradar\/wp-json\/wp\/v2\/media\/8626"}],"wp:attachment":[{"href":"https:\/\/www.correiobraziliense.com.br\/cbradar\/wp-json\/wp\/v2\/media?parent=8437"}],"wp:term":[{"taxonomy":"category","embeddable":true,"href":"https:\/\/www.correiobraziliense.com.br\/cbradar\/wp-json\/wp\/v2\/categories?post=8437"},{"taxonomy":"post_tag","embeddable":true,"href":"https:\/\/www.correiobraziliense.com.br\/cbradar\/wp-json\/wp\/v2\/post_tag?post=8437"}],"curies":[{"name":"wp","href":"https:\/\/api.w.org\/{rel}","templated":true}]}}