{"id":84461,"date":"2025-08-11T19:53:00","date_gmt":"2025-08-11T22:53:00","guid":{"rendered":"https:\/\/www.correiobraziliense.com.br\/cbradar\/?p=84461"},"modified":"2025-08-11T03:24:32","modified_gmt":"2025-08-11T06:24:32","slug":"e-verdade-que-usamos-apenas-10-do-cerebro","status":"publish","type":"post","link":"https:\/\/www.correiobraziliense.com.br\/cbradar\/e-verdade-que-usamos-apenas-10-do-cerebro\/","title":{"rendered":"\u00c9 verdade que usamos apenas 10% do c\u00e9rebro?"},"content":{"rendered":"\n<p>O mito de que <strong>usamos apenas 10% do c\u00e9rebro<\/strong> \u00e9 amplamente desmentido pela neuroci\u00eancia, mostrando que utilizamos todo o \u00f3rg\u00e3o em atividades di\u00e1rias. Essa cren\u00e7a persiste em cultura popular, mas estudos comprovam atividade cerebral integral. Entender isso inspira maximizar potencial cognitivo atrav\u00e9s de h\u00e1bitos saud\u00e1veis. 3<\/p>\n\n\n\n<ul class=\"wp-block-list\">\n<li>O c\u00e9rebro \u00e9 ativo em 100% durante tarefas simples e complexas.<\/li>\n\n\n\n<li>Mitos surgem de mal-entendidos cient\u00edficos do passado.<\/li>\n\n\n\n<li>Explorar o c\u00e9rebro promove sa\u00fade mental e aprendizado.<\/li>\n<\/ul>\n\n\n\n<h2 class=\"wp-block-heading\">Qual a origem do mito dos 10% do c\u00e9rebro?<\/h2>\n\n\n\n<p>O <strong>mito dos 10%<\/strong> surgiu de interpreta\u00e7\u00f5es err\u00f4neas de estudos do s\u00e9culo XIX, como os de<strong> William James<\/strong>, sugerindo uso parcial. Isso evoluiu para cren\u00e7a popular, alimentada por filmes como \u201c<strong>Lucy<\/strong>\u201d. Neurocientistas desmentem, mostrando que les\u00f5es em qualquer \u00e1rea afetam fun\u00e7\u00f5es. Celebre a complexidade cerebral para aprecia\u00e7\u00e3o. Assim, origens hist\u00f3ricas revelam mal-entendidos corrig\u00edveis. 1<\/p>\n\n\n\n<p>Al\u00e9m disso, a ideia persiste por promessas de potencial inexplorado, mas verifica\u00e7\u00f5es como <strong><a href=\"https:\/\/pt.wikipedia.org\/wiki\/Imagem_por_resson%C3%A2ncia_magn%C3%A9tica_funcional\" target=\"_blank\" rel=\"noreferrer noopener\">fMRI <\/a><\/strong>provam atividade global. Pesquisas indicam que mesmo em repouso, o c\u00e9rebro usa 20% da energia corporal. Incentive educa\u00e7\u00e3o para desmistificar cren\u00e7as. Celebre descobertas cient\u00edficas. Assim, o mito vira li\u00e7\u00e3o de curiosidade.<\/p>\n\n\n<div class=\"wp-block-image\">\n<figure class=\"aligncenter size-large\"><img decoding=\"async\" width=\"1024\" height=\"576\" src=\"https:\/\/www.correiobraziliense.com.br\/cbradar\/wp-content\/uploads\/2025\/03\/memory-brain_1741320704415-1024x576.jpg\" alt=\"O que destr\u00f3i sua mem\u00f3ria segundo os neurocientistas?\" class=\"wp-image-10046\" srcset=\"https:\/\/www.correiobraziliense.com.br\/cbradar\/wp-content\/uploads\/2025\/03\/memory-brain_1741320704415-1024x576.jpg 1024w, https:\/\/www.correiobraziliense.com.br\/cbradar\/wp-content\/uploads\/2025\/03\/memory-brain_1741320704415-300x169.jpg 300w, https:\/\/www.correiobraziliense.com.br\/cbradar\/wp-content\/uploads\/2025\/03\/memory-brain_1741320704415-768x432.jpg 768w, https:\/\/www.correiobraziliense.com.br\/cbradar\/wp-content\/uploads\/2025\/03\/memory-brain_1741320704415-750x422.jpg 750w, https:\/\/www.correiobraziliense.com.br\/cbradar\/wp-content\/uploads\/2025\/03\/memory-brain_1741320704415-1140x641.jpg 1140w, https:\/\/www.correiobraziliense.com.br\/cbradar\/wp-content\/uploads\/2025\/03\/memory-brain_1741320704415.jpg 1280w\" sizes=\"(max-width: 1024px) 100vw, 1024px\" \/><figcaption class=\"wp-element-caption\">C\u00e9rebro \/\/ Cr\u00e9ditos: depositphotos.com \/ cuteimage1<\/figcaption><\/figure><\/div>\n\n\n<h2 class=\"wp-block-heading\">Como o c\u00e9rebro realmente funciona?<\/h2>\n\n\n\n<p>O <strong>c\u00e9rebro<\/strong> opera em rede, com todas as regi\u00f5es contribuindo para cogni\u00e7\u00e3o, emo\u00e7\u00e3o e movimento. Mesmo tarefas simples ativam m\u00faltiplas \u00e1reas. Estudos mostram que inatividade total causaria coma. Explore medita\u00e7\u00e3o para otimizar fun\u00e7\u00f5es. Assim, compreens\u00e3o integral promove sa\u00fade cerebral.<\/p>\n\n\n\n<p>Al\u00e9m disso, plasticidade cerebral permite adapta\u00e7\u00e3o, usando todo o \u00f3rg\u00e3o para aprendizado. Pesquisas confirmam que treinamento melhora conex\u00f5es sin\u00e1pticas. Incentive exerc\u00edcios mentais para vitalidade. Celebre versatilidade cerebral. Assim, o funcionamento revela potencial ilimitado. 3<\/p>\n\n\n\n<p><strong>Leia tamb\u00e9m: <a href=\"https:\/\/www.correiobraziliense.com.br\/cbradar\/como-planejar-uma-volta-ao-mundo-em-6-meses-e-com-orcamento-realista\/\" target=\"_blank\" rel=\"noreferrer noopener\">Como planejar uma volta ao mundo em 6 meses e com or\u00e7amento realista.<\/a><\/strong><\/p>\n\n\n\n<h2 class=\"wp-block-heading\">Desmistificando com evid\u00eancias cient\u00edficas<\/h2>\n\n\n\n<p><strong>Evid\u00eancias<\/strong> de neuroimagem desmentem o mito, mostrando atividade em 100% do c\u00e9rebro ao longo do dia. <strong>fMRI <\/strong>revela picos em \u00e1reas espec\u00edficas, mas nunca inatividade total. Estudos indicam que danos em \u201c\u00e1reas silenciosas\u201d causam d\u00e9ficits. Incentive leitura cient\u00edfica para esclarecimento. Assim, fatos superam fic\u00e7\u00f5es populares. 8<\/p>\n\n\n\n<p>Al\u00e9m disso, energia consumida pelo c\u00e9rebro, 20% do total corporal, refuta uso parcial. Pesquisas mostram que evolu\u00e7\u00e3o n\u00e3o manteria tecido inativo. Celebre efici\u00eancia cerebral. Integre h\u00e1bitos como sono para otimiza\u00e7\u00e3o. Assim, ci\u00eancia promove aprecia\u00e7\u00e3o realista.<\/p>\n\n\n\n<h2 class=\"wp-block-heading\">Impacto do mito na cultura popular<\/h2>\n\n\n\n<p>O <strong>mito<\/strong> influencia filmes e livros, prometendo superpoderes com \u201cdesbloqueio\u201d cerebral. Isso inspira, mas distorce realidade. Estudos culturais notam que cren\u00e7as motivam aprendizado. Incentive fic\u00e7\u00e3o informada para entretenimento educado. Assim, cultura vira ponte para ci\u00eancia.<\/p>\n\n\n\n<p>Al\u00e9m disso, propaga\u00e7\u00e3o em m\u00eddia perp\u00e9tua equ\u00edvocos, mas desmentidos educam p\u00fablicos. Pesquisas indicam que esclarecimentos melhoram alfabetiza\u00e7\u00e3o cient\u00edfica. Celebre narrativas precisas. Integre document\u00e1rios para equil\u00edbrio. Assim, impacto cultural se torna positivo.<\/p>\n\n\n\n<h2 class=\"wp-block-heading\">Quais os benef\u00edcios de usar o c\u00e9rebro integralmente?<\/h2>\n\n\n\n<p>Reconhecer uso <strong>integral<\/strong> incentiva h\u00e1bitos que otimizam fun\u00e7\u00f5es, como exerc\u00edcios e nutri\u00e7\u00e3o. Isso melhora mem\u00f3ria e foco. Estudos mostram que estimula\u00e7\u00e3o constante previne decl\u00ednio. Incentive leitura di\u00e1ria para vitalidade. Assim, integralidade promove bem-estar cognitivo.<\/p>\n\n\n\n<p>Al\u00e9m disso, mindfulness ativa redes cerebrais para resili\u00eancia emocional. Pesquisas confirmam benef\u00edcios em sa\u00fade mental. Celebre potencial di\u00e1rio. Integre quebra-cabe\u00e7as para divers\u00e3o. Assim, benef\u00edcios transformam rotina em crescimento. <\/p>\n\n\n\n<h2 class=\"wp-block-heading\">Quais as melhores estrat\u00e9gias para maximizar potencial cerebral?<\/h2>\n\n\n\n<p><strong>Estrat\u00e9gias<\/strong> como sono adequado e dieta rica em \u00f4mega-3 nutrem o c\u00e9rebro para desempenho \u00f3timo. Isso ativa todas as \u00e1reas eficientemente. Estudos recomendam 7-9 horas de descanso. Incentive rotinas equilibradas para clareza. Assim, maximiza\u00e7\u00e3o vira h\u00e1bito acess\u00edvel.<\/p>\n\n\n\n<p>Al\u00e9m disso, aprendizado cont\u00ednuo fortalece conex\u00f5es neurais. Pesquisas mostram que hobbies novos previnem estagna\u00e7\u00e3o. Celebre curiosidade. Integre cursos online para enriquecimento. Assim, estrat\u00e9gias elevam qualidade de vida.<\/p>\n\n\n\n<h2 class=\"wp-block-heading\">Li\u00e7\u00f5es do c\u00e9rebro humano<\/h2>\n\n\n\n<ul class=\"wp-block-list\">\n<li>Desminta mitos com ci\u00eancia para apreciar o c\u00e9rebro integral.<\/li>\n\n\n\n<li>Adote h\u00e1bitos para otimizar fun\u00e7\u00f5es e bem-estar.<\/li>\n\n\n\n<li>Celebre potencial di\u00e1rio para crescimento cont\u00ednuo.<\/li>\n<\/ul>\n","protected":false},"excerpt":{"rendered":"<p>O mito de que usamos apenas 10% do c\u00e9rebro \u00e9 amplamente desmentido pela neuroci\u00eancia, mostrando que utilizamos todo o \u00f3rg\u00e3o em atividades di\u00e1rias. Essa cren\u00e7a persiste em cultura popular, mas estudos comprovam atividade cerebral integral. Entender isso inspira maximizar potencial cognitivo atrav\u00e9s de h\u00e1bitos saud\u00e1veis. 3 Qual a origem do mito dos 10% do c\u00e9rebro? [&hellip;]<\/p>\n","protected":false},"author":8,"featured_media":3082,"comment_status":"open","ping_status":"open","sticky":false,"template":"","format":"standard","meta":{"_yoast_wpseo_focuskw":"c\u00e9rebro","_yoast_wpseo_title":"","_yoast_wpseo_metadesc":"Descubra se realmente usamos s\u00f3 10% do c\u00e9rebro e o que a ci\u00eancia revela sobre esse mito popular. Prepare-se para se surpreender.","jnews-multi-image_gallery":[],"jnews_single_post":{"format":"standard"},"jnews_primary_category":[],"jnews_social_meta":[],"jnews_override_counter":[],"footnotes":""},"categories":[112],"post_tag":[9231,698,8716],"class_list":["post-84461","post","type-post","status-publish","format-standard","has-post-thumbnail","hentry","category-curiosidades","tag-9231","tag-cerebro","tag-mito-ou-verdade"],"yoast_head":"<!-- This site is optimized with the Yoast SEO plugin v24.6 - https:\/\/yoast.com\/wordpress\/plugins\/seo\/ -->\n<title>\u00c9 verdade que usamos apenas 10% do c\u00e9rebro? - Correio Braziliense - Radar<\/title>\n<meta name=\"description\" content=\"Descubra se realmente usamos s\u00f3 10% do c\u00e9rebro e o que a ci\u00eancia revela sobre esse mito popular. Prepare-se para se surpreender.\" \/>\n<meta name=\"robots\" content=\"index, follow, max-snippet:-1, max-image-preview:large, max-video-preview:-1\" \/>\n<link rel=\"canonical\" href=\"https:\/\/www.correiobraziliense.com.br\/cbradar\/e-verdade-que-usamos-apenas-10-do-cerebro\/\" \/>\n<meta property=\"og:locale\" content=\"pt_BR\" \/>\n<meta property=\"og:type\" content=\"article\" \/>\n<meta property=\"og:title\" content=\"\u00c9 verdade que usamos apenas 10% do c\u00e9rebro? - Correio Braziliense - Radar\" \/>\n<meta property=\"og:description\" content=\"Descubra se realmente usamos s\u00f3 10% do c\u00e9rebro e o que a ci\u00eancia revela sobre esse mito popular. Prepare-se para se surpreender.\" \/>\n<meta property=\"og:url\" content=\"https:\/\/www.correiobraziliense.com.br\/cbradar\/e-verdade-que-usamos-apenas-10-do-cerebro\/\" \/>\n<meta property=\"og:site_name\" content=\"Correio Braziliense - Radar\" \/>\n<meta property=\"article:published_time\" content=\"2025-08-11T22:53:00+00:00\" \/>\n<meta property=\"og:image\" content=\"https:\/\/www.correiobraziliense.com.br\/cbradar\/wp-content\/uploads\/2025\/02\/cerebro_1739580292471.jpg\" \/>\n\t<meta property=\"og:image:width\" content=\"1280\" \/>\n\t<meta property=\"og:image:height\" content=\"720\" \/>\n\t<meta property=\"og:image:type\" content=\"image\/jpeg\" \/>\n<meta name=\"author\" content=\"Maura Pereira\" \/>\n<meta name=\"twitter:card\" content=\"summary_large_image\" \/>\n<meta name=\"twitter:label1\" content=\"Escrito por\" \/>\n\t<meta name=\"twitter:data1\" content=\"Maura Pereira\" \/>\n\t<meta name=\"twitter:label2\" content=\"Est. tempo de leitura\" \/>\n\t<meta name=\"twitter:data2\" content=\"4 minutos\" \/>\n<!-- \/ Yoast SEO plugin. -->","yoast_head_json":{"title":"\u00c9 verdade que usamos apenas 10% do c\u00e9rebro? - Correio Braziliense - Radar","description":"Descubra se realmente usamos s\u00f3 10% do c\u00e9rebro e o que a ci\u00eancia revela sobre esse mito popular. Prepare-se para se surpreender.","robots":{"index":"index","follow":"follow","max-snippet":"max-snippet:-1","max-image-preview":"max-image-preview:large","max-video-preview":"max-video-preview:-1"},"canonical":"https:\/\/www.correiobraziliense.com.br\/cbradar\/e-verdade-que-usamos-apenas-10-do-cerebro\/","og_locale":"pt_BR","og_type":"article","og_title":"\u00c9 verdade que usamos apenas 10% do c\u00e9rebro? - Correio Braziliense - Radar","og_description":"Descubra se realmente usamos s\u00f3 10% do c\u00e9rebro e o que a ci\u00eancia revela sobre esse mito popular. Prepare-se para se surpreender.","og_url":"https:\/\/www.correiobraziliense.com.br\/cbradar\/e-verdade-que-usamos-apenas-10-do-cerebro\/","og_site_name":"Correio Braziliense - Radar","article_published_time":"2025-08-11T22:53:00+00:00","og_image":[{"width":1280,"height":720,"url":"https:\/\/www.correiobraziliense.com.br\/cbradar\/wp-content\/uploads\/2025\/02\/cerebro_1739580292471.jpg","type":"image\/jpeg"}],"author":"Maura Pereira","twitter_card":"summary_large_image","twitter_misc":{"Escrito por":"Maura Pereira","Est. tempo de leitura":"4 minutos"},"schema":{"@context":"https:\/\/schema.org","@graph":[{"@type":"WebPage","@id":"https:\/\/www.correiobraziliense.com.br\/cbradar\/e-verdade-que-usamos-apenas-10-do-cerebro\/","url":"https:\/\/www.correiobraziliense.com.br\/cbradar\/e-verdade-que-usamos-apenas-10-do-cerebro\/","name":"\u00c9 verdade que usamos apenas 10% do c\u00e9rebro? - Correio Braziliense - Radar","isPartOf":{"@id":"https:\/\/www.correiobraziliense.com.br\/cbradar\/#website"},"primaryImageOfPage":{"@id":"https:\/\/www.correiobraziliense.com.br\/cbradar\/e-verdade-que-usamos-apenas-10-do-cerebro\/#primaryimage"},"image":{"@id":"https:\/\/www.correiobraziliense.com.br\/cbradar\/e-verdade-que-usamos-apenas-10-do-cerebro\/#primaryimage"},"thumbnailUrl":"https:\/\/www.correiobraziliense.com.br\/cbradar\/wp-content\/uploads\/2025\/02\/cerebro_1739580292471.jpg","datePublished":"2025-08-11T22:53:00+00:00","author":{"@id":"https:\/\/www.correiobraziliense.com.br\/cbradar\/#\/schema\/person\/4053c651a9bfc785afc6f4cbc9032fd3"},"description":"Descubra se realmente usamos s\u00f3 10% do c\u00e9rebro e o que a ci\u00eancia revela sobre esse mito popular. Prepare-se para se surpreender.","breadcrumb":{"@id":"https:\/\/www.correiobraziliense.com.br\/cbradar\/e-verdade-que-usamos-apenas-10-do-cerebro\/#breadcrumb"},"inLanguage":"pt-BR","potentialAction":[{"@type":"ReadAction","target":["https:\/\/www.correiobraziliense.com.br\/cbradar\/e-verdade-que-usamos-apenas-10-do-cerebro\/"]}]},{"@type":"ImageObject","inLanguage":"pt-BR","@id":"https:\/\/www.correiobraziliense.com.br\/cbradar\/e-verdade-que-usamos-apenas-10-do-cerebro\/#primaryimage","url":"https:\/\/www.correiobraziliense.com.br\/cbradar\/wp-content\/uploads\/2025\/02\/cerebro_1739580292471.jpg","contentUrl":"https:\/\/www.correiobraziliense.com.br\/cbradar\/wp-content\/uploads\/2025\/02\/cerebro_1739580292471.jpg","width":1280,"height":720,"caption":"O c\u00e9rebro \u00e9 o centro de controle do corpo humano, respons\u00e1vel por pensamentos, emo\u00e7\u00f5es e movimentos. \/\/ Cr\u00e9ditos: depositphotos.com \/ nicunickie1"},{"@type":"BreadcrumbList","@id":"https:\/\/www.correiobraziliense.com.br\/cbradar\/e-verdade-que-usamos-apenas-10-do-cerebro\/#breadcrumb","itemListElement":[{"@type":"ListItem","position":1,"name":"In\u00edcio","item":"https:\/\/www.correiobraziliense.com.br\/cbradar\/"},{"@type":"ListItem","position":2,"name":"\u00c9 verdade que usamos apenas 10% do c\u00e9rebro?"}]},{"@type":"WebSite","@id":"https:\/\/www.correiobraziliense.com.br\/cbradar\/#website","url":"https:\/\/www.correiobraziliense.com.br\/cbradar\/","name":"Correio Braziliense - Radar","description":"Acompanhe as \u00faltimas not\u00edcias e fique bem informado sobre tudo o que acontece no Brasil e no mundo.","potentialAction":[{"@type":"SearchAction","target":{"@type":"EntryPoint","urlTemplate":"https:\/\/www.correiobraziliense.com.br\/cbradar\/?s={search_term_string}"},"query-input":{"@type":"PropertyValueSpecification","valueRequired":true,"valueName":"search_term_string"}}],"inLanguage":"pt-BR"},{"@type":"Person","@id":"https:\/\/www.correiobraziliense.com.br\/cbradar\/#\/schema\/person\/4053c651a9bfc785afc6f4cbc9032fd3","name":"Maura Pereira","image":{"@type":"ImageObject","inLanguage":"pt-BR","@id":"https:\/\/www.correiobraziliense.com.br\/cbradar\/#\/schema\/person\/image\/","url":"https:\/\/secure.gravatar.com\/avatar\/3effd6bdadfa447f15089c7f7144eaa6?s=96&d=mm&r=g","contentUrl":"https:\/\/secure.gravatar.com\/avatar\/3effd6bdadfa447f15089c7f7144eaa6?s=96&d=mm&r=g","caption":"Maura Pereira"},"sameAs":["https:\/\/www.correiobraziliense.com.br\/"],"url":"https:\/\/www.correiobraziliense.com.br\/cbradar\/author\/mauramyth\/"}]}},"_links":{"self":[{"href":"https:\/\/www.correiobraziliense.com.br\/cbradar\/wp-json\/wp\/v2\/posts\/84461","targetHints":{"allow":["GET"]}}],"collection":[{"href":"https:\/\/www.correiobraziliense.com.br\/cbradar\/wp-json\/wp\/v2\/posts"}],"about":[{"href":"https:\/\/www.correiobraziliense.com.br\/cbradar\/wp-json\/wp\/v2\/types\/post"}],"author":[{"embeddable":true,"href":"https:\/\/www.correiobraziliense.com.br\/cbradar\/wp-json\/wp\/v2\/users\/8"}],"replies":[{"embeddable":true,"href":"https:\/\/www.correiobraziliense.com.br\/cbradar\/wp-json\/wp\/v2\/comments?post=84461"}],"version-history":[{"count":11,"href":"https:\/\/www.correiobraziliense.com.br\/cbradar\/wp-json\/wp\/v2\/posts\/84461\/revisions"}],"predecessor-version":[{"id":84486,"href":"https:\/\/www.correiobraziliense.com.br\/cbradar\/wp-json\/wp\/v2\/posts\/84461\/revisions\/84486"}],"wp:featuredmedia":[{"embeddable":true,"href":"https:\/\/www.correiobraziliense.com.br\/cbradar\/wp-json\/wp\/v2\/media\/3082"}],"wp:attachment":[{"href":"https:\/\/www.correiobraziliense.com.br\/cbradar\/wp-json\/wp\/v2\/media?parent=84461"}],"wp:term":[{"taxonomy":"category","embeddable":true,"href":"https:\/\/www.correiobraziliense.com.br\/cbradar\/wp-json\/wp\/v2\/categories?post=84461"},{"taxonomy":"post_tag","embeddable":true,"href":"https:\/\/www.correiobraziliense.com.br\/cbradar\/wp-json\/wp\/v2\/post_tag?post=84461"}],"curies":[{"name":"wp","href":"https:\/\/api.w.org\/{rel}","templated":true}]}}