{"id":8458,"date":"2025-03-04T21:23:00","date_gmt":"2025-03-05T00:23:00","guid":{"rendered":"https:\/\/www.correiobraziliense.com.br\/cbradar\/?p=8458"},"modified":"2025-03-03T12:22:56","modified_gmt":"2025-03-03T15:22:56","slug":"o-diario-da-gratidao-e-uma-tecnica-que-talvez-voce-nao-conheca-e-traz-muitos-beneficios","status":"publish","type":"post","link":"https:\/\/www.correiobraziliense.com.br\/cbradar\/o-diario-da-gratidao-e-uma-tecnica-que-talvez-voce-nao-conheca-e-traz-muitos-beneficios\/","title":{"rendered":"O di\u00e1rio da gratid\u00e3o \u00e9 uma t\u00e9cnica que talvez voc\u00ea n\u00e3o conhe\u00e7a e traz muitos benef\u00edcios"},"content":{"rendered":"\n<p>Em busca de mais bem-estar e felicidade no dia a dia, o di\u00e1rio da gratid\u00e3o surge como uma ferramenta simples e poderosa, com benef\u00edcios comprovados pela ci\u00eancia. Este artigo explora o poder do<a href=\"https:\/\/en-m-wikipedia-org.translate.goog\/wiki\/Gratitude_journal?_x_tr_sl=en&amp;_x_tr_tl=pt&amp;_x_tr_hl=pt&amp;_x_tr_pto=wa\" target=\"_blank\" rel=\"noreferrer noopener\"> di\u00e1rio da gratid\u00e3o <\/a>para a <a href=\"https:\/\/www.correiobraziliense.com.br\/cbradar\/uma-tecnica-antiga-e-comum-que-traz-mais-beneficios-para-sua-saude-do-que-voce-imagina\/\" target=\"_blank\" rel=\"noreferrer noopener\">sa\u00fade <\/a>mental, apresentando seus benef\u00edcios cientificamente comprovados e oferecendo dicas de como come\u00e7ar e exemplos de perguntas para reflex\u00e3o. Descubra como cultivar a gratid\u00e3o diariamente pode transformar sua vida e te levar a uma jornada de mais positividade e bem-estar emocional.<\/p>\n\n\n\n<h2 class=\"wp-block-heading\"><strong>Benef\u00edcios do di\u00e1rio da gratid\u00e3o para a sa\u00fade mental<\/strong><\/h2>\n\n\n\n<h3 class=\"wp-block-heading\">Redu\u00e7\u00e3o do estresse e da ansiedade<\/h3>\n\n\n\n<ul class=\"wp-block-list\">\n<li><strong>Al\u00edvio da mente:<\/strong> o di\u00e1rio da gratid\u00e3o \u00e9 eficaz na <strong>redu\u00e7\u00e3o do estresse<\/strong> e da <strong>ansiedade<\/strong>. Ao focar em aspectos positivos da vida, a pr\u00e1tica ajuda a <strong>desviar a aten\u00e7\u00e3o de preocupa\u00e7\u00f5es<\/strong> e <strong>pensamentos negativos<\/strong>, promovendo um estado mental mais calmo e relaxado.<\/li>\n\n\n\n<li><strong>Diminui\u00e7\u00e3o do cortisol:<\/strong> estudos cient\u00edficos demonstram que a pr\u00e1tica regular da gratid\u00e3o est\u00e1 associada \u00e0 <strong>diminui\u00e7\u00e3o dos n\u00edveis de cortisol<\/strong>, o horm\u00f4nio do estresse, no organismo.<\/li>\n\n\n\n<li><strong>Promo\u00e7\u00e3o do bem-estar:<\/strong> ao reduzir o estresse e a ansiedade, o di\u00e1rio da gratid\u00e3o contribui para o <strong>aumento da sensa\u00e7\u00e3o de bem-estar<\/strong> e <strong>equil\u00edbrio emocional<\/strong>.<\/li>\n<\/ul>\n\n\n\n<h3 class=\"wp-block-heading\">Melhora do humor e do bem-estar emocional<\/h3>\n\n\n\n<ul class=\"wp-block-list\">\n<li><strong>Aumento da felicidade:<\/strong> a gratid\u00e3o est\u00e1 diretamente ligada \u00e0 <strong>melhora do humor<\/strong> e ao <strong>aumento da felicidade<\/strong>. Ao reconhecer e valorizar as coisas boas da vida, a pr\u00e1tica estimula a <strong>libera\u00e7\u00e3o de neurotransmissores<\/strong> associados ao prazer e \u00e0 alegria, como a <strong>serotonina<\/strong> e a <strong>dopamina<\/strong>.<\/li>\n\n\n\n<li><strong>Sentimentos positivos:<\/strong> o di\u00e1rio da gratid\u00e3o ajuda a <strong>cultivar emo\u00e7\u00f5es positivas<\/strong>, como <strong>alegria<\/strong>, <strong>satisfa\u00e7\u00e3o<\/strong>, <strong>esperan\u00e7a<\/strong> e <strong>otimismo<\/strong>, fortalecendo o bem-estar emocional.<\/li>\n\n\n\n<li><strong>Combate \u00e0 tristeza:<\/strong> a pr\u00e1tica regular da gratid\u00e3o pode ser uma ferramenta eficaz no <strong>combate \u00e0 tristeza<\/strong> e \u00e0 <strong>depress\u00e3o leve<\/strong>, auxiliando na recupera\u00e7\u00e3o do bem-estar emocional.<\/li>\n<\/ul>\n\n\n\n<h3 class=\"wp-block-heading\">Aumento do otimismo e da resili\u00eancia<\/h3>\n\n\n\n<ul class=\"wp-block-list\">\n<li><strong>Vis\u00e3o positiva da vida:<\/strong> o di\u00e1rio da gratid\u00e3o contribui para o <strong>desenvolvimento de uma vis\u00e3o mais positiva da vida<\/strong>. Ao focar no que \u00e9 bom, a pr\u00e1tica ajuda a <strong>treinar a mente<\/strong> para identificar e valorizar os aspectos positivos em diversas situa\u00e7\u00f5es.<\/li>\n\n\n\n<li><strong>Fortalecimento da resili\u00eancia:<\/strong> a gratid\u00e3o fortalece a <strong>resili\u00eancia<\/strong>, a capacidade de <strong>superar desafios<\/strong> e <strong>adversidades<\/strong>. Ao reconhecer as b\u00ean\u00e7\u00e3os mesmo em momentos dif\u00edceis, a pr\u00e1tica ajuda a <strong>manter a esperan\u00e7a<\/strong> e a <strong>for\u00e7a interior<\/strong> para seguir em frente.<\/li>\n\n\n\n<li><strong>Redu\u00e7\u00e3o do pessimismo:<\/strong> o di\u00e1rio da gratid\u00e3o auxilia na <strong>redu\u00e7\u00e3o do pessimismo<\/strong> e da <strong>tend\u00eancia a focar no negativo<\/strong>, promovendo uma perspectiva mais equilibrada e realista da vida.<\/li>\n<\/ul>\n\n\n\n<h3 class=\"wp-block-heading\">Fortalecimento dos relacionamentos sociais<\/h3>\n\n\n\n<ul class=\"wp-block-list\">\n<li><strong>Aproxima\u00e7\u00e3o e conex\u00e3o:<\/strong> a pr\u00e1tica da gratid\u00e3o pode <strong>fortalecer os relacionamentos sociais<\/strong>. Ao expressar gratid\u00e3o pelas pessoas queridas, a pr\u00e1tica <strong>aumenta a conex\u00e3o<\/strong> e a <strong>intimidade<\/strong> nos relacionamentos.<\/li>\n\n\n\n<li><strong>Empatia e compaix\u00e3o:<\/strong> o di\u00e1rio da gratid\u00e3o estimula a <strong>empatia<\/strong> e a <strong>compaix\u00e3o<\/strong> pelos outros. Ao reconhecer as contribui\u00e7\u00f5es e qualidades das pessoas ao nosso redor, a pr\u00e1tica <strong>fortalece os la\u00e7os sociais<\/strong> e a <strong>colabora\u00e7\u00e3o<\/strong>.<\/li>\n\n\n\n<li><strong>Melhora da comunica\u00e7\u00e3o:<\/strong> expressar gratid\u00e3o de forma escrita no di\u00e1rio pode <strong>facilitar a comunica\u00e7\u00e3o de sentimentos positivos<\/strong> para as pessoas queridas, fortalecendo os relacionamentos.<\/li>\n<\/ul>\n\n\n\n<h3 class=\"wp-block-heading\">Melhora da qualidade do sono<\/h3>\n\n\n\n<ul class=\"wp-block-list\">\n<li><strong>Relaxamento antes de dormir:<\/strong> a pr\u00e1tica do di\u00e1rio da gratid\u00e3o antes de dormir promove o <strong>relaxamento<\/strong> e <strong>acalma a mente<\/strong>, preparando o corpo para um <strong>sono mais tranquilo<\/strong> e <strong>reparador<\/strong>.<\/li>\n\n\n\n<li><strong>Redu\u00e7\u00e3o de pensamentos intrusivos:<\/strong> ao focar em pensamentos positivos e gratos antes de dormir, o di\u00e1rio da gratid\u00e3o ajuda a <strong>reduzir a rumina\u00e7\u00e3o de pensamentos intrusivos<\/strong> que podem atrapalhar o sono.<\/li>\n\n\n\n<li><strong>Noites mais tranquilas:<\/strong> estudos indicam que a pr\u00e1tica regular da gratid\u00e3o est\u00e1 associada \u00e0 <strong>melhora da qualidade do sono<\/strong>, com noites mais tranquilas e um descanso mais profundo.<\/li>\n<\/ul>\n\n\n<div class=\"wp-block-image\">\n<figure class=\"aligncenter size-large\"><img decoding=\"async\" width=\"1024\" height=\"576\" src=\"https:\/\/www.correiobraziliense.com.br\/cbradar\/wp-content\/uploads\/2025\/03\/diario-caderno_1741014842916-1024x576.jpg\" alt=\"\" class=\"wp-image-8459\" srcset=\"https:\/\/www.correiobraziliense.com.br\/cbradar\/wp-content\/uploads\/2025\/03\/diario-caderno_1741014842916-1024x576.jpg 1024w, https:\/\/www.correiobraziliense.com.br\/cbradar\/wp-content\/uploads\/2025\/03\/diario-caderno_1741014842916-300x169.jpg 300w, https:\/\/www.correiobraziliense.com.br\/cbradar\/wp-content\/uploads\/2025\/03\/diario-caderno_1741014842916-768x432.jpg 768w, https:\/\/www.correiobraziliense.com.br\/cbradar\/wp-content\/uploads\/2025\/03\/diario-caderno_1741014842916-750x422.jpg 750w, https:\/\/www.correiobraziliense.com.br\/cbradar\/wp-content\/uploads\/2025\/03\/diario-caderno_1741014842916-1140x641.jpg 1140w, https:\/\/www.correiobraziliense.com.br\/cbradar\/wp-content\/uploads\/2025\/03\/diario-caderno_1741014842916.jpg 1280w\" sizes=\"(max-width: 1024px) 100vw, 1024px\" \/><figcaption class=\"wp-element-caption\">Di\u00e1rio &#8211; Cr\u00e9ditos: depositphotos.com \/ IgorVetushko<\/figcaption><\/figure><\/div>\n\n\n<h2 class=\"wp-block-heading\"><strong>Como come\u00e7ar um di\u00e1rio da gratid\u00e3o: dicas pr\u00e1ticas<\/strong><\/h2>\n\n\n\n<h3 class=\"wp-block-heading\">Escolha um caderno ou app<\/h3>\n\n\n\n<ul class=\"wp-block-list\">\n<li><strong>Caderno f\u00edsico:<\/strong> escolha um <strong>caderno<\/strong> que te agrade, com <strong>p\u00e1ginas em branco<\/strong> ou <strong>linhas<\/strong>, para escrever livremente.<\/li>\n\n\n\n<li><strong>Aplicativo de celular:<\/strong> utilize um <strong>aplicativo de di\u00e1rio da gratid\u00e3o<\/strong> no celular, que pode oferecer recursos como <strong>lembretes<\/strong>, <strong>perguntas guiadas<\/strong> e <strong>estat\u00edsticas de progresso<\/strong>.<\/li>\n\n\n\n<li><strong>Op\u00e7\u00e3o online:<\/strong> existem tamb\u00e9m <strong>plataformas online<\/strong> e <strong>templates digitais<\/strong> para criar seu di\u00e1rio da gratid\u00e3o no computador ou tablet.<\/li>\n<\/ul>\n\n\n\n<h3 class=\"wp-block-heading\">Defina um hor\u00e1rio regular<\/h3>\n\n\n\n<ul class=\"wp-block-list\">\n<li><strong>Manh\u00e3:<\/strong> reserve alguns minutos <strong>ao acordar<\/strong> para escrever no di\u00e1rio da gratid\u00e3o, come\u00e7ando o dia com positividade.<\/li>\n\n\n\n<li><strong>Noite:<\/strong> escreva no di\u00e1rio <strong>antes de dormir<\/strong>, como parte da sua rotina de relaxamento noturno, para acalmar a mente e ter um sono mais tranquilo.<\/li>\n\n\n\n<li><strong>Hor\u00e1rio flex\u00edvel:<\/strong> escolha um <strong>hor\u00e1rio que funcione melhor para voc\u00ea<\/strong> e que se encaixe na sua rotina di\u00e1ria. O importante \u00e9 a <strong>consist\u00eancia<\/strong> da pr\u00e1tica.<\/li>\n<\/ul>\n\n\n\n<h3 class=\"wp-block-heading\">Comece pequeno e seja consistente<\/h3>\n\n\n\n<ul class=\"wp-block-list\">\n<li><strong>Poucos minutos por dia:<\/strong> n\u00e3o \u00e9 preciso escrever longos textos. Comece com <strong>alguns minutos por dia<\/strong>, dedicando tempo para refletir e anotar seus agradecimentos.<\/li>\n\n\n\n<li><strong>Consist\u00eancia \u00e9 chave:<\/strong> o mais importante \u00e9 a <strong>regularidade da pr\u00e1tica<\/strong>. Tente escrever no di\u00e1rio da gratid\u00e3o <strong>diariamente<\/strong> ou <strong>pelo menos algumas vezes por semana<\/strong> para obter os benef\u00edcios a longo prazo.<\/li>\n\n\n\n<li><strong>Sem press\u00e3o:<\/strong> n\u00e3o se cobre para escrever perfeitamente ou ter grandes insights todos os dias. Apenas <strong>escreva com sinceridade<\/strong> e <strong>abertura<\/strong>, expressando sua gratid\u00e3o da forma que sentir mais natural.<\/li>\n<\/ul>\n\n\n\n<h3 class=\"wp-block-heading\">Seja espec\u00edfico e detalhado<\/h3>\n\n\n\n<ul class=\"wp-block-list\">\n<li><strong>Detalhes fazem a diferen\u00e7a:<\/strong> em vez de escrever &#8220;sou grato pela minha fam\u00edlia&#8221;, seja <strong>espec\u00edfico<\/strong> e <strong>detalhado<\/strong>. Por exemplo: &#8220;sou grato pelo sorriso do meu filho hoje de manh\u00e3&#8221; ou &#8220;sou grato pela conversa acolhedora que tive com minha m\u00e3e ontem&#8221;.<\/li>\n\n\n\n<li><strong>Pessoas, coisas e experi\u00eancias:<\/strong> agrade\u00e7a por <strong>pessoas<\/strong>, <strong>coisas materiais<\/strong>, <strong>experi\u00eancias<\/strong>, <strong>qualidades pessoais<\/strong>, <strong>conquistas<\/strong> e <strong>pequenos momentos do dia a dia<\/strong>.<\/li>\n\n\n\n<li><strong>Profundidade:<\/strong> explore a <strong>profundidade da sua gratid\u00e3o<\/strong>. Por que voc\u00ea \u00e9 grato por aquilo? Como isso te faz sentir?<\/li>\n<\/ul>\n\n\n\n<h3 class=\"wp-block-heading\">Foque no positivo, mesmo em dias dif\u00edceis<\/h3>\n\n\n\n<ul class=\"wp-block-list\">\n<li><strong>Gratid\u00e3o em tempos desafiadores:<\/strong> mesmo em dias dif\u00edceis, procure <strong>encontrar motivos para agradecer<\/strong>. Pode ser algo pequeno, como &#8220;sou grato por ter sa\u00fade&#8221; ou &#8220;sou grato por ter um teto sobre a cabe\u00e7a&#8221;.<\/li>\n\n\n\n<li><strong>Li\u00e7\u00f5es aprendidas:<\/strong> em momentos de dificuldade, procure <strong>agradecer pelas li\u00e7\u00f5es aprendidas<\/strong> e pelas <strong>oportunidades de crescimento<\/strong> que os desafios podem trazer.<\/li>\n\n\n\n<li><strong>Transforme o negativo em positivo:<\/strong> a pr\u00e1tica da gratid\u00e3o pode te ajudar a <strong>transformar a perspectiva sobre situa\u00e7\u00f5es negativas<\/strong>, encontrando aspectos positivos mesmo em momentos desafiadores.<\/li>\n<\/ul>\n\n\n\n<h2 class=\"wp-block-heading\"><strong>Perguntas para reflex\u00e3o no di\u00e1rio da gratid\u00e3o: inspirando a gratid\u00e3o di\u00e1ria<\/strong><\/h2>\n\n\n\n<h3 class=\"wp-block-heading\">Manh\u00e3<\/h3>\n\n\n\n<ul class=\"wp-block-list\">\n<li>Pelo que voc\u00ea se sente grato ao iniciar este novo dia?<\/li>\n\n\n\n<li>Quais s\u00e3o as suas expectativas positivas para hoje?<\/li>\n\n\n\n<li>O que te traz alegria e motiva\u00e7\u00e3o para come\u00e7ar o dia?<\/li>\n\n\n\n<li>Por quais pequenas coisas voc\u00ea j\u00e1 se sente grato nesta manh\u00e3?<\/li>\n\n\n\n<li>Qual qualidade ou habilidade sua voc\u00ea pode agradecer hoje?<\/li>\n<\/ul>\n\n\n\n<h3 class=\"wp-block-heading\">Noite<\/h3>\n\n\n\n<ul class=\"wp-block-list\">\n<li>Quais foram os melhores momentos do seu dia?<\/li>\n\n\n\n<li>Pelo que voc\u00ea se sente mais grato hoje?<\/li>\n\n\n\n<li>Quem te fez sorrir ou te ajudou hoje?<\/li>\n\n\n\n<li>O que voc\u00ea aprendeu de valioso hoje?<\/li>\n\n\n\n<li>Quais s\u00e3o os seus desejos e esperan\u00e7as para o dia de amanh\u00e3, pelos quais voc\u00ea j\u00e1 se sente grato?<\/li>\n<\/ul>\n","protected":false},"excerpt":{"rendered":"<p>Em busca de mais bem-estar e felicidade no dia a dia, o di\u00e1rio da gratid\u00e3o surge como uma ferramenta simples e poderosa, com benef\u00edcios comprovados pela ci\u00eancia. Este artigo explora o poder do di\u00e1rio da gratid\u00e3o para a sa\u00fade mental, apresentando seus benef\u00edcios cientificamente comprovados e oferecendo dicas de como come\u00e7ar e exemplos de perguntas [&hellip;]<\/p>\n","protected":false},"author":11,"featured_media":8460,"comment_status":"open","ping_status":"open","sticky":false,"template":"","format":"standard","meta":{"_yoast_wpseo_focuskw":"Di\u00e1rio","_yoast_wpseo_title":"","_yoast_wpseo_metadesc":"O di\u00e1rio da gratid\u00e3o pode transformar seu dia a dia de formas que voc\u00ea nem imagina. Um h\u00e1bito simples com benef\u00edcios poderosos!","jnews-multi-image_gallery":[],"jnews_single_post":{"format":"standard"},"jnews_primary_category":[],"jnews_social_meta":[],"jnews_override_counter":[],"footnotes":""},"categories":[119],"tags":[1320,1428,565],"class_list":["post-8458","post","type-post","status-publish","format-standard","has-post-thumbnail","hentry","category-bem-estar","tag-bem-estar-2","tag-diario-da-gratidao","tag-saude"],"yoast_head":"<!-- This site is optimized with the Yoast SEO plugin v24.6 - https:\/\/yoast.com\/wordpress\/plugins\/seo\/ -->\n<title>O di\u00e1rio da gratid\u00e3o \u00e9 uma t\u00e9cnica que talvez voc\u00ea n\u00e3o conhe\u00e7a e traz muitos benef\u00edcios - Correio Braziliense - Radar<\/title>\n<meta name=\"description\" content=\"O di\u00e1rio da gratid\u00e3o pode transformar seu dia a dia de formas que voc\u00ea nem imagina. Um h\u00e1bito simples com benef\u00edcios poderosos!\" \/>\n<meta name=\"robots\" content=\"index, follow, max-snippet:-1, max-image-preview:large, max-video-preview:-1\" \/>\n<link rel=\"canonical\" href=\"https:\/\/www.correiobraziliense.com.br\/cbradar\/o-diario-da-gratidao-e-uma-tecnica-que-talvez-voce-nao-conheca-e-traz-muitos-beneficios\/\" \/>\n<meta property=\"og:locale\" content=\"pt_BR\" \/>\n<meta property=\"og:type\" content=\"article\" \/>\n<meta property=\"og:title\" content=\"O di\u00e1rio da gratid\u00e3o \u00e9 uma t\u00e9cnica que talvez voc\u00ea n\u00e3o conhe\u00e7a e traz muitos benef\u00edcios - Correio Braziliense - Radar\" \/>\n<meta property=\"og:description\" content=\"O di\u00e1rio da gratid\u00e3o pode transformar seu dia a dia de formas que voc\u00ea nem imagina. Um h\u00e1bito simples com benef\u00edcios poderosos!\" \/>\n<meta property=\"og:url\" content=\"https:\/\/www.correiobraziliense.com.br\/cbradar\/o-diario-da-gratidao-e-uma-tecnica-que-talvez-voce-nao-conheca-e-traz-muitos-beneficios\/\" \/>\n<meta property=\"og:site_name\" content=\"Correio Braziliense - Radar\" \/>\n<meta property=\"article:published_time\" content=\"2025-03-05T00:23:00+00:00\" \/>\n<meta property=\"og:image\" content=\"https:\/\/www.correiobraziliense.com.br\/cbradar\/wp-content\/uploads\/2025\/03\/diario-anotacao_1741014904979.jpg\" \/>\n\t<meta property=\"og:image:width\" content=\"1280\" \/>\n\t<meta property=\"og:image:height\" content=\"720\" \/>\n\t<meta property=\"og:image:type\" content=\"image\/jpeg\" \/>\n<meta name=\"author\" content=\"Paulo Custodio\" \/>\n<meta name=\"twitter:card\" content=\"summary_large_image\" \/>\n<meta name=\"twitter:label1\" content=\"Escrito por\" \/>\n\t<meta name=\"twitter:data1\" content=\"Paulo Custodio\" \/>\n\t<meta name=\"twitter:label2\" content=\"Est. tempo de leitura\" \/>\n\t<meta name=\"twitter:data2\" content=\"7 minutos\" \/>\n<!-- \/ Yoast SEO plugin. -->","yoast_head_json":{"title":"O di\u00e1rio da gratid\u00e3o \u00e9 uma t\u00e9cnica que talvez voc\u00ea n\u00e3o conhe\u00e7a e traz muitos benef\u00edcios - Correio Braziliense - Radar","description":"O di\u00e1rio da gratid\u00e3o pode transformar seu dia a dia de formas que voc\u00ea nem imagina. Um h\u00e1bito simples com benef\u00edcios poderosos!","robots":{"index":"index","follow":"follow","max-snippet":"max-snippet:-1","max-image-preview":"max-image-preview:large","max-video-preview":"max-video-preview:-1"},"canonical":"https:\/\/www.correiobraziliense.com.br\/cbradar\/o-diario-da-gratidao-e-uma-tecnica-que-talvez-voce-nao-conheca-e-traz-muitos-beneficios\/","og_locale":"pt_BR","og_type":"article","og_title":"O di\u00e1rio da gratid\u00e3o \u00e9 uma t\u00e9cnica que talvez voc\u00ea n\u00e3o conhe\u00e7a e traz muitos benef\u00edcios - Correio Braziliense - Radar","og_description":"O di\u00e1rio da gratid\u00e3o pode transformar seu dia a dia de formas que voc\u00ea nem imagina. Um h\u00e1bito simples com benef\u00edcios poderosos!","og_url":"https:\/\/www.correiobraziliense.com.br\/cbradar\/o-diario-da-gratidao-e-uma-tecnica-que-talvez-voce-nao-conheca-e-traz-muitos-beneficios\/","og_site_name":"Correio Braziliense - Radar","article_published_time":"2025-03-05T00:23:00+00:00","og_image":[{"width":1280,"height":720,"url":"https:\/\/www.correiobraziliense.com.br\/cbradar\/wp-content\/uploads\/2025\/03\/diario-anotacao_1741014904979.jpg","type":"image\/jpeg"}],"author":"Paulo Custodio","twitter_card":"summary_large_image","twitter_misc":{"Escrito por":"Paulo Custodio","Est. tempo de leitura":"7 minutos"},"schema":{"@context":"https:\/\/schema.org","@graph":[{"@type":"WebPage","@id":"https:\/\/www.correiobraziliense.com.br\/cbradar\/o-diario-da-gratidao-e-uma-tecnica-que-talvez-voce-nao-conheca-e-traz-muitos-beneficios\/","url":"https:\/\/www.correiobraziliense.com.br\/cbradar\/o-diario-da-gratidao-e-uma-tecnica-que-talvez-voce-nao-conheca-e-traz-muitos-beneficios\/","name":"O di\u00e1rio da gratid\u00e3o \u00e9 uma t\u00e9cnica que talvez voc\u00ea n\u00e3o conhe\u00e7a e traz muitos benef\u00edcios - Correio Braziliense - Radar","isPartOf":{"@id":"https:\/\/www.correiobraziliense.com.br\/cbradar\/#website"},"primaryImageOfPage":{"@id":"https:\/\/www.correiobraziliense.com.br\/cbradar\/o-diario-da-gratidao-e-uma-tecnica-que-talvez-voce-nao-conheca-e-traz-muitos-beneficios\/#primaryimage"},"image":{"@id":"https:\/\/www.correiobraziliense.com.br\/cbradar\/o-diario-da-gratidao-e-uma-tecnica-que-talvez-voce-nao-conheca-e-traz-muitos-beneficios\/#primaryimage"},"thumbnailUrl":"https:\/\/www.correiobraziliense.com.br\/cbradar\/wp-content\/uploads\/2025\/03\/diario-anotacao_1741014904979.jpg","datePublished":"2025-03-05T00:23:00+00:00","author":{"@id":"https:\/\/www.correiobraziliense.com.br\/cbradar\/#\/schema\/person\/4cec7857301a9a1a2ef249893cd908d3"},"description":"O di\u00e1rio da gratid\u00e3o pode transformar seu dia a dia de formas que voc\u00ea nem imagina. Um h\u00e1bito simples com benef\u00edcios poderosos!","breadcrumb":{"@id":"https:\/\/www.correiobraziliense.com.br\/cbradar\/o-diario-da-gratidao-e-uma-tecnica-que-talvez-voce-nao-conheca-e-traz-muitos-beneficios\/#breadcrumb"},"inLanguage":"pt-BR","potentialAction":[{"@type":"ReadAction","target":["https:\/\/www.correiobraziliense.com.br\/cbradar\/o-diario-da-gratidao-e-uma-tecnica-que-talvez-voce-nao-conheca-e-traz-muitos-beneficios\/"]}]},{"@type":"ImageObject","inLanguage":"pt-BR","@id":"https:\/\/www.correiobraziliense.com.br\/cbradar\/o-diario-da-gratidao-e-uma-tecnica-que-talvez-voce-nao-conheca-e-traz-muitos-beneficios\/#primaryimage","url":"https:\/\/www.correiobraziliense.com.br\/cbradar\/wp-content\/uploads\/2025\/03\/diario-anotacao_1741014904979.jpg","contentUrl":"https:\/\/www.correiobraziliense.com.br\/cbradar\/wp-content\/uploads\/2025\/03\/diario-anotacao_1741014904979.jpg","width":1280,"height":720,"caption":"Di\u00e1rio - Cr\u00e9ditos: depositphotos.com \/ KostyaKlimenko"},{"@type":"BreadcrumbList","@id":"https:\/\/www.correiobraziliense.com.br\/cbradar\/o-diario-da-gratidao-e-uma-tecnica-que-talvez-voce-nao-conheca-e-traz-muitos-beneficios\/#breadcrumb","itemListElement":[{"@type":"ListItem","position":1,"name":"In\u00edcio","item":"https:\/\/www.correiobraziliense.com.br\/cbradar\/"},{"@type":"ListItem","position":2,"name":"O di\u00e1rio da gratid\u00e3o \u00e9 uma t\u00e9cnica que talvez voc\u00ea n\u00e3o conhe\u00e7a e traz muitos benef\u00edcios"}]},{"@type":"WebSite","@id":"https:\/\/www.correiobraziliense.com.br\/cbradar\/#website","url":"https:\/\/www.correiobraziliense.com.br\/cbradar\/","name":"Correio Braziliense - Radar","description":"Acompanhe as \u00faltimas not\u00edcias e fique bem informado sobre tudo o que acontece no Brasil e no mundo.","potentialAction":[{"@type":"SearchAction","target":{"@type":"EntryPoint","urlTemplate":"https:\/\/www.correiobraziliense.com.br\/cbradar\/?s={search_term_string}"},"query-input":{"@type":"PropertyValueSpecification","valueRequired":true,"valueName":"search_term_string"}}],"inLanguage":"pt-BR"},{"@type":"Person","@id":"https:\/\/www.correiobraziliense.com.br\/cbradar\/#\/schema\/person\/4cec7857301a9a1a2ef249893cd908d3","name":"Paulo Custodio","image":{"@type":"ImageObject","inLanguage":"pt-BR","@id":"https:\/\/www.correiobraziliense.com.br\/cbradar\/#\/schema\/person\/image\/","url":"https:\/\/secure.gravatar.com\/avatar\/bcd67168d1534e8fcf4f45c726a87cea?s=96&d=mm&r=g","contentUrl":"https:\/\/secure.gravatar.com\/avatar\/bcd67168d1534e8fcf4f45c726a87cea?s=96&d=mm&r=g","caption":"Paulo Custodio"},"sameAs":["https:\/\/www.correiobraziliense.com.br\/cbradar"],"url":"https:\/\/www.correiobraziliense.com.br\/cbradar\/author\/paulomyth\/"}]}},"_links":{"self":[{"href":"https:\/\/www.correiobraziliense.com.br\/cbradar\/wp-json\/wp\/v2\/posts\/8458","targetHints":{"allow":["GET"]}}],"collection":[{"href":"https:\/\/www.correiobraziliense.com.br\/cbradar\/wp-json\/wp\/v2\/posts"}],"about":[{"href":"https:\/\/www.correiobraziliense.com.br\/cbradar\/wp-json\/wp\/v2\/types\/post"}],"author":[{"embeddable":true,"href":"https:\/\/www.correiobraziliense.com.br\/cbradar\/wp-json\/wp\/v2\/users\/11"}],"replies":[{"embeddable":true,"href":"https:\/\/www.correiobraziliense.com.br\/cbradar\/wp-json\/wp\/v2\/comments?post=8458"}],"version-history":[{"count":1,"href":"https:\/\/www.correiobraziliense.com.br\/cbradar\/wp-json\/wp\/v2\/posts\/8458\/revisions"}],"predecessor-version":[{"id":8461,"href":"https:\/\/www.correiobraziliense.com.br\/cbradar\/wp-json\/wp\/v2\/posts\/8458\/revisions\/8461"}],"wp:featuredmedia":[{"embeddable":true,"href":"https:\/\/www.correiobraziliense.com.br\/cbradar\/wp-json\/wp\/v2\/media\/8460"}],"wp:attachment":[{"href":"https:\/\/www.correiobraziliense.com.br\/cbradar\/wp-json\/wp\/v2\/media?parent=8458"}],"wp:term":[{"taxonomy":"category","embeddable":true,"href":"https:\/\/www.correiobraziliense.com.br\/cbradar\/wp-json\/wp\/v2\/categories?post=8458"},{"taxonomy":"post_tag","embeddable":true,"href":"https:\/\/www.correiobraziliense.com.br\/cbradar\/wp-json\/wp\/v2\/tags?post=8458"}],"curies":[{"name":"wp","href":"https:\/\/api.w.org\/{rel}","templated":true}]}}