{"id":84687,"date":"2025-08-12T06:13:00","date_gmt":"2025-08-12T09:13:00","guid":{"rendered":"https:\/\/www.correiobraziliense.com.br\/cbradar\/?p=84687"},"modified":"2025-08-11T07:30:40","modified_gmt":"2025-08-11T10:30:40","slug":"cascas-de-laranja-fervidas-com-canela-quais-os-beneficios-e-como-utiliza-las-segundo-especialistas","status":"publish","type":"post","link":"https:\/\/www.correiobraziliense.com.br\/cbradar\/cascas-de-laranja-fervidas-com-canela-quais-os-beneficios-e-como-utiliza-las-segundo-especialistas\/","title":{"rendered":"Cascas de laranja fervidas com canela: quais os benef\u00edcios e como utiliz\u00e1-las, segundo especialistas"},"content":{"rendered":"\n<p>Descubra o poder da natureza com as <strong>cascas de laranja<\/strong> e a <strong>canela<\/strong>. Essa combina\u00e7\u00e3o milenar n\u00e3o s\u00f3 traz um aroma c\u00edtrico e adocicado para o ambiente, mas tamb\u00e9m oferece diversos benef\u00edcios para a sa\u00fade.<\/p>\n\n\n\n<ul class=\"wp-block-list\">\n<li><strong>Refor\u00e7a<\/strong> o sistema imunol\u00f3gico.<\/li>\n\n\n\n<li>Possui efeitos <strong>anti-inflamat\u00f3rios e digestivos<\/strong>.<\/li>\n\n\n\n<li><strong>Melhora<\/strong> a circula\u00e7\u00e3o e o bem-estar geral.<\/li>\n<\/ul>\n\n\n\n<h2 class=\"wp-block-heading\">Quais s\u00e3o os benef\u00edcios dessa mistura de casca de laranja e canela?<\/h2>\n\n\n\n<p>A <strong>casca de laranja<\/strong> \u00e9 rica em vitamina C e antioxidantes, essenciais para <strong>fortalecer o sistema imunol\u00f3gico<\/strong> e combater o estresse oxidativo. J\u00e1 a <strong>canela<\/strong> auxilia na digest\u00e3o, alivia o desconforto estomacal e pode ajudar a reduzir o incha\u00e7o abdominal.<\/p>\n\n\n\n<p>A mistura tamb\u00e9m favorece a circula\u00e7\u00e3o devido aos flavonoides presentes na laranja, que ajudam a manter os vasos sangu\u00edneos saud\u00e1veis. Al\u00e9m disso, o pot\u00e1ssio contribui para a elimina\u00e7\u00e3o do excesso de s\u00f3dio e l\u00edquidos, ajudando a controlar a press\u00e3o arterial e a reten\u00e7\u00e3o de l\u00edquidos.<\/p>\n\n\n\n<p>O delicado <strong>aroma c\u00edtrico<\/strong> e especiado tem um efeito relaxante, ideal para acalmar ap\u00f3s um dia cansativo.<\/p>\n\n\n\n<figure class=\"wp-block-image size-large\"><img decoding=\"async\" width=\"1024\" height=\"576\" src=\"https:\/\/www.correiobraziliense.com.br\/cbradar\/wp-content\/uploads\/2025\/08\/casca-laranja_1754908220146-1024x576.jpg\" alt=\"Cascas de laranja fervidas com canela: quais os benef\u00edcios e como utiliz\u00e1-las, segundo especialistas\" class=\"wp-image-84690\" srcset=\"https:\/\/www.correiobraziliense.com.br\/cbradar\/wp-content\/uploads\/2025\/08\/casca-laranja_1754908220146-1024x576.jpg 1024w, https:\/\/www.correiobraziliense.com.br\/cbradar\/wp-content\/uploads\/2025\/08\/casca-laranja_1754908220146-300x169.jpg 300w, https:\/\/www.correiobraziliense.com.br\/cbradar\/wp-content\/uploads\/2025\/08\/casca-laranja_1754908220146-768x432.jpg 768w, https:\/\/www.correiobraziliense.com.br\/cbradar\/wp-content\/uploads\/2025\/08\/casca-laranja_1754908220146-750x422.jpg 750w, https:\/\/www.correiobraziliense.com.br\/cbradar\/wp-content\/uploads\/2025\/08\/casca-laranja_1754908220146-1140x641.jpg 1140w, https:\/\/www.correiobraziliense.com.br\/cbradar\/wp-content\/uploads\/2025\/08\/casca-laranja_1754908220146.jpg 1280w\" sizes=\"(max-width: 1024px) 100vw, 1024px\" \/><figcaption class=\"wp-element-caption\">casca laranja. Cr\u00e9ditos: depositphotos.com \/ HayDmitriy<\/figcaption><\/figure>\n\n\n\n<h2 class=\"wp-block-heading\">Como preparar a infus\u00e3o de casca de laranja e canela<\/h2>\n\n\n\n<p>Para aproveitar todos esses benef\u00edcios, prepare uma infus\u00e3o seguindo estes passos simples:<\/p>\n\n\n\n<ul class=\"wp-block-list\">\n<li>Lave bem a laranja antes de descasc\u00e1-la.<\/li>\n\n\n\n<li>Ferva 500 ml de \u00e1gua em uma panela.<\/li>\n\n\n\n<li>Adicione as cascas de laranja e um pau de canela.<\/li>\n\n\n\n<li>Deixe ferver em fogo baixo por 10 minutos.<\/li>\n\n\n\n<li>Deixe descansar alguns minutos antes de servir.<\/li>\n<\/ul>\n\n\n\n<p>Aproveite essa infus\u00e3o ou, se preferir, deixe a panela destampada para que o vapor perfume sua casa.<\/p>\n\n\n\n<p>Leia tamb\u00e9m: <a href=\"https:\/\/www.correiobraziliense.com.br\/cbradar\/nao-e-por-causa-do-aroma-por-que-eles-recomendam-colocar-cascas-de-limao-dentro-de-uma-jarra\/\" target=\"_blank\" rel=\"noreferrer noopener\">N\u00e3o \u00e9 por causa do aroma: por que eles recomendam colocar cascas de lim\u00e3o dentro de uma jarra<\/a><\/p>\n\n\n\n<h2 class=\"wp-block-heading\">Principais benef\u00edcios e usos<\/h2>\n\n\n\n<ul class=\"wp-block-list\">\n<li><strong>Sistema imunol\u00f3gico<\/strong> fortalecido gra\u00e7as \u00e0 vitamina C.<\/li>\n\n\n\n<li>Efeito <strong>anti-inflamat\u00f3rio<\/strong> e aux\u00edlio na digest\u00e3o.<\/li>\n\n\n\n<li>Promove uma <strong>melhor circula\u00e7\u00e3o<\/strong> e bem-estar geral.<\/li>\n<\/ul>\n","protected":false},"excerpt":{"rendered":"<p>Beneficie-se da infus\u00e3o de cascas de laranja e canela: fortalece a imunidade e promove relaxamento com aroma irresist\u00edvel em seu lar.<\/p>\n","protected":false},"author":3,"featured_media":84689,"comment_status":"open","ping_status":"open","sticky":false,"template":"","format":"standard","meta":{"_yoast_wpseo_focuskw":"cascas de laranja","_yoast_wpseo_title":"%%title%%","_yoast_wpseo_metadesc":"Beneficie-se da infus\u00e3o de cascas de laranja e canela: fortalece a imunidade e promove relaxamento com aroma irresist\u00edvel em seu lar.","jnews-multi-image_gallery":[],"jnews_single_post":{"format":"standard"},"jnews_primary_category":[],"jnews_social_meta":[],"jnews_override_counter":[],"footnotes":""},"categories":[112],"tags":[1423,4721,144,867],"class_list":["post-84687","post","type-post","status-publish","format-standard","has-post-thumbnail","hentry","category-curiosidades","tag-alimentos","tag-cascas","tag-curiosidades","tag-laranja"],"yoast_head":"<!-- This site is optimized with the Yoast SEO plugin v24.6 - https:\/\/yoast.com\/wordpress\/plugins\/seo\/ -->\n<title>Cascas de laranja fervidas com canela: quais os benef\u00edcios e como utiliz\u00e1-las, segundo especialistas<\/title>\n<meta name=\"description\" content=\"Beneficie-se da infus\u00e3o de cascas de laranja e canela: fortalece a imunidade e promove relaxamento com aroma irresist\u00edvel em seu lar.\" \/>\n<meta name=\"robots\" content=\"index, follow, max-snippet:-1, max-image-preview:large, max-video-preview:-1\" \/>\n<link rel=\"canonical\" href=\"https:\/\/www.correiobraziliense.com.br\/cbradar\/cascas-de-laranja-fervidas-com-canela-quais-os-beneficios-e-como-utiliza-las-segundo-especialistas\/\" \/>\n<meta property=\"og:locale\" content=\"pt_BR\" \/>\n<meta property=\"og:type\" content=\"article\" \/>\n<meta property=\"og:title\" content=\"Cascas de laranja fervidas com canela: quais os benef\u00edcios e como utiliz\u00e1-las, segundo especialistas\" \/>\n<meta property=\"og:description\" content=\"Beneficie-se da infus\u00e3o de cascas de laranja e canela: fortalece a imunidade e promove relaxamento com aroma irresist\u00edvel em seu lar.\" \/>\n<meta property=\"og:url\" content=\"https:\/\/www.correiobraziliense.com.br\/cbradar\/cascas-de-laranja-fervidas-com-canela-quais-os-beneficios-e-como-utiliza-las-segundo-especialistas\/\" \/>\n<meta property=\"og:site_name\" content=\"Correio Braziliense - Radar\" \/>\n<meta property=\"article:published_time\" content=\"2025-08-12T09:13:00+00:00\" \/>\n<meta property=\"og:image\" content=\"https:\/\/www.correiobraziliense.com.br\/cbradar\/wp-content\/uploads\/2025\/08\/casca-laranja_1754907815641.jpg\" \/>\n\t<meta property=\"og:image:width\" content=\"1280\" \/>\n\t<meta property=\"og:image:height\" content=\"720\" \/>\n\t<meta property=\"og:image:type\" content=\"image\/jpeg\" \/>\n<meta name=\"author\" content=\"Larissa Carvalho\" \/>\n<meta name=\"twitter:card\" content=\"summary_large_image\" \/>\n<meta name=\"twitter:label1\" content=\"Escrito por\" \/>\n\t<meta name=\"twitter:data1\" content=\"Larissa Carvalho\" \/>\n\t<meta name=\"twitter:label2\" content=\"Est. tempo de leitura\" \/>\n\t<meta name=\"twitter:data2\" content=\"3 minutos\" \/>\n<!-- \/ Yoast SEO plugin. -->","yoast_head_json":{"title":"Cascas de laranja fervidas com canela: quais os benef\u00edcios e como utiliz\u00e1-las, segundo especialistas","description":"Beneficie-se da infus\u00e3o de cascas de laranja e canela: fortalece a imunidade e promove relaxamento com aroma irresist\u00edvel em seu lar.","robots":{"index":"index","follow":"follow","max-snippet":"max-snippet:-1","max-image-preview":"max-image-preview:large","max-video-preview":"max-video-preview:-1"},"canonical":"https:\/\/www.correiobraziliense.com.br\/cbradar\/cascas-de-laranja-fervidas-com-canela-quais-os-beneficios-e-como-utiliza-las-segundo-especialistas\/","og_locale":"pt_BR","og_type":"article","og_title":"Cascas de laranja fervidas com canela: quais os benef\u00edcios e como utiliz\u00e1-las, segundo especialistas","og_description":"Beneficie-se da infus\u00e3o de cascas de laranja e canela: fortalece a imunidade e promove relaxamento com aroma irresist\u00edvel em seu lar.","og_url":"https:\/\/www.correiobraziliense.com.br\/cbradar\/cascas-de-laranja-fervidas-com-canela-quais-os-beneficios-e-como-utiliza-las-segundo-especialistas\/","og_site_name":"Correio Braziliense - Radar","article_published_time":"2025-08-12T09:13:00+00:00","og_image":[{"width":1280,"height":720,"url":"https:\/\/www.correiobraziliense.com.br\/cbradar\/wp-content\/uploads\/2025\/08\/casca-laranja_1754907815641.jpg","type":"image\/jpeg"}],"author":"Larissa Carvalho","twitter_card":"summary_large_image","twitter_misc":{"Escrito por":"Larissa Carvalho","Est. tempo de leitura":"3 minutos"},"schema":{"@context":"https:\/\/schema.org","@graph":[{"@type":"WebPage","@id":"https:\/\/www.correiobraziliense.com.br\/cbradar\/cascas-de-laranja-fervidas-com-canela-quais-os-beneficios-e-como-utiliza-las-segundo-especialistas\/","url":"https:\/\/www.correiobraziliense.com.br\/cbradar\/cascas-de-laranja-fervidas-com-canela-quais-os-beneficios-e-como-utiliza-las-segundo-especialistas\/","name":"Cascas de laranja fervidas com canela: quais os benef\u00edcios e como utiliz\u00e1-las, segundo especialistas","isPartOf":{"@id":"https:\/\/www.correiobraziliense.com.br\/cbradar\/#website"},"primaryImageOfPage":{"@id":"https:\/\/www.correiobraziliense.com.br\/cbradar\/cascas-de-laranja-fervidas-com-canela-quais-os-beneficios-e-como-utiliza-las-segundo-especialistas\/#primaryimage"},"image":{"@id":"https:\/\/www.correiobraziliense.com.br\/cbradar\/cascas-de-laranja-fervidas-com-canela-quais-os-beneficios-e-como-utiliza-las-segundo-especialistas\/#primaryimage"},"thumbnailUrl":"https:\/\/www.correiobraziliense.com.br\/cbradar\/wp-content\/uploads\/2025\/08\/casca-laranja_1754907815641.jpg","datePublished":"2025-08-12T09:13:00+00:00","author":{"@id":"https:\/\/www.correiobraziliense.com.br\/cbradar\/#\/schema\/person\/58422787644df994b53a19d3e56c1513"},"description":"Beneficie-se da infus\u00e3o de cascas de laranja e canela: fortalece a imunidade e promove relaxamento com aroma irresist\u00edvel em seu lar.","breadcrumb":{"@id":"https:\/\/www.correiobraziliense.com.br\/cbradar\/cascas-de-laranja-fervidas-com-canela-quais-os-beneficios-e-como-utiliza-las-segundo-especialistas\/#breadcrumb"},"inLanguage":"pt-BR","potentialAction":[{"@type":"ReadAction","target":["https:\/\/www.correiobraziliense.com.br\/cbradar\/cascas-de-laranja-fervidas-com-canela-quais-os-beneficios-e-como-utiliza-las-segundo-especialistas\/"]}]},{"@type":"ImageObject","inLanguage":"pt-BR","@id":"https:\/\/www.correiobraziliense.com.br\/cbradar\/cascas-de-laranja-fervidas-com-canela-quais-os-beneficios-e-como-utiliza-las-segundo-especialistas\/#primaryimage","url":"https:\/\/www.correiobraziliense.com.br\/cbradar\/wp-content\/uploads\/2025\/08\/casca-laranja_1754907815641.jpg","contentUrl":"https:\/\/www.correiobraziliense.com.br\/cbradar\/wp-content\/uploads\/2025\/08\/casca-laranja_1754907815641.jpg","width":1280,"height":720,"caption":"casca laranja. Cr\u00e9ditos: depositphotos.com \/ AntonMatyukha"},{"@type":"BreadcrumbList","@id":"https:\/\/www.correiobraziliense.com.br\/cbradar\/cascas-de-laranja-fervidas-com-canela-quais-os-beneficios-e-como-utiliza-las-segundo-especialistas\/#breadcrumb","itemListElement":[{"@type":"ListItem","position":1,"name":"In\u00edcio","item":"https:\/\/www.correiobraziliense.com.br\/cbradar\/"},{"@type":"ListItem","position":2,"name":"Cascas de laranja fervidas com canela: quais os benef\u00edcios e como utiliz\u00e1-las, segundo especialistas"}]},{"@type":"WebSite","@id":"https:\/\/www.correiobraziliense.com.br\/cbradar\/#website","url":"https:\/\/www.correiobraziliense.com.br\/cbradar\/","name":"Correio Braziliense - Radar","description":"Acompanhe as \u00faltimas not\u00edcias e fique bem informado sobre tudo o que acontece no Brasil e no mundo.","potentialAction":[{"@type":"SearchAction","target":{"@type":"EntryPoint","urlTemplate":"https:\/\/www.correiobraziliense.com.br\/cbradar\/?s={search_term_string}"},"query-input":{"@type":"PropertyValueSpecification","valueRequired":true,"valueName":"search_term_string"}}],"inLanguage":"pt-BR"},{"@type":"Person","@id":"https:\/\/www.correiobraziliense.com.br\/cbradar\/#\/schema\/person\/58422787644df994b53a19d3e56c1513","name":"Larissa Carvalho","image":{"@type":"ImageObject","inLanguage":"pt-BR","@id":"https:\/\/www.correiobraziliense.com.br\/cbradar\/#\/schema\/person\/image\/","url":"https:\/\/secure.gravatar.com\/avatar\/fe4f91a0de32b52a838d0d612abdc1aa?s=96&d=mm&r=g","contentUrl":"https:\/\/secure.gravatar.com\/avatar\/fe4f91a0de32b52a838d0d612abdc1aa?s=96&d=mm&r=g","caption":"Larissa Carvalho"},"url":"https:\/\/www.correiobraziliense.com.br\/cbradar\/author\/larissamyth\/"}]}},"_links":{"self":[{"href":"https:\/\/www.correiobraziliense.com.br\/cbradar\/wp-json\/wp\/v2\/posts\/84687","targetHints":{"allow":["GET"]}}],"collection":[{"href":"https:\/\/www.correiobraziliense.com.br\/cbradar\/wp-json\/wp\/v2\/posts"}],"about":[{"href":"https:\/\/www.correiobraziliense.com.br\/cbradar\/wp-json\/wp\/v2\/types\/post"}],"author":[{"embeddable":true,"href":"https:\/\/www.correiobraziliense.com.br\/cbradar\/wp-json\/wp\/v2\/users\/3"}],"replies":[{"embeddable":true,"href":"https:\/\/www.correiobraziliense.com.br\/cbradar\/wp-json\/wp\/v2\/comments?post=84687"}],"version-history":[{"count":2,"href":"https:\/\/www.correiobraziliense.com.br\/cbradar\/wp-json\/wp\/v2\/posts\/84687\/revisions"}],"predecessor-version":[{"id":84691,"href":"https:\/\/www.correiobraziliense.com.br\/cbradar\/wp-json\/wp\/v2\/posts\/84687\/revisions\/84691"}],"wp:featuredmedia":[{"embeddable":true,"href":"https:\/\/www.correiobraziliense.com.br\/cbradar\/wp-json\/wp\/v2\/media\/84689"}],"wp:attachment":[{"href":"https:\/\/www.correiobraziliense.com.br\/cbradar\/wp-json\/wp\/v2\/media?parent=84687"}],"wp:term":[{"taxonomy":"category","embeddable":true,"href":"https:\/\/www.correiobraziliense.com.br\/cbradar\/wp-json\/wp\/v2\/categories?post=84687"},{"taxonomy":"post_tag","embeddable":true,"href":"https:\/\/www.correiobraziliense.com.br\/cbradar\/wp-json\/wp\/v2\/tags?post=84687"}],"curies":[{"name":"wp","href":"https:\/\/api.w.org\/{rel}","templated":true}]}}