{"id":84913,"date":"2025-08-13T06:23:00","date_gmt":"2025-08-13T09:23:00","guid":{"rendered":"https:\/\/www.correiobraziliense.com.br\/cbradar\/?p=84913"},"modified":"2025-08-11T11:02:12","modified_gmt":"2025-08-11T14:02:12","slug":"estar-sempre-com-sono-e-mais-comum-do-que-parece-e-tem-solucao","status":"publish","type":"post","link":"https:\/\/www.correiobraziliense.com.br\/cbradar\/estar-sempre-com-sono-e-mais-comum-do-que-parece-e-tem-solucao\/","title":{"rendered":"Estar sempre com sono \u00e9 mais comum do que parece e tem solu\u00e7\u00e3o"},"content":{"rendered":"\n<p>Sentir-se constantemente sonolento \u00e9 uma experi\u00eancia que muitas pessoas enfrentam, e as causas podem ser mais abrangentes do que uma noite de <a href=\"https:\/\/www.correiobraziliense.com.br\/cbradar\/dorme-bem-mas-vive-cansado-veja-por-que-isso-acontece\/\" target=\"_blank\" rel=\"noreferrer noopener\">sono <\/a>mal dormida. Embora o descanso adequado seja frequentemente citado como a solu\u00e7\u00e3o, fatores emocionais e h\u00e1bitos di\u00e1rios tamb\u00e9m exercem uma influ\u00eancia consider\u00e1vel sobre essa condi\u00e7\u00e3o. A exaust\u00e3o emocional, por exemplo, \u00e9 uma das raz\u00f5es mais comuns para a sonol\u00eancia persistente, enquanto a depress\u00e3o pode se manifestar como uma fadiga cont\u00ednua.<\/p>\n\n\n\n<p>A sonol\u00eancia \u00e9 frequentemente confundida com cansa\u00e7o f\u00edsico, mas se distingue pela sua natureza persistente. Mesmo ap\u00f3s um longo per\u00edodo de descanso, aqueles que experimentam <strong>Sonol\u00eancia Constante<\/strong> podem n\u00e3o encontrar al\u00edvio. Al\u00e9m de fatores emocionais e psicol\u00f3gicos, h\u00e1bitos cotidianos como o uso excessivo de telas e uma dieta desequilibrada desempenham um papel vital neste problema.<\/p>\n\n\n\n<h2 class=\"wp-block-heading\">Por que algumas pessoas se sentem cansadas o tempo todo?<\/h2>\n\n\n<div class=\"wp-block-image\">\n<figure class=\"aligncenter size-large\"><img decoding=\"async\" width=\"1024\" height=\"576\" src=\"https:\/\/www.correiobraziliense.com.br\/cbradar\/wp-content\/uploads\/2025\/06\/sleepy_1749654758640-1024x576.jpg\" alt=\"\" class=\"wp-image-51923\" srcset=\"https:\/\/www.correiobraziliense.com.br\/cbradar\/wp-content\/uploads\/2025\/06\/sleepy_1749654758640-1024x576.jpg 1024w, https:\/\/www.correiobraziliense.com.br\/cbradar\/wp-content\/uploads\/2025\/06\/sleepy_1749654758640-300x169.jpg 300w, https:\/\/www.correiobraziliense.com.br\/cbradar\/wp-content\/uploads\/2025\/06\/sleepy_1749654758640-768x432.jpg 768w, https:\/\/www.correiobraziliense.com.br\/cbradar\/wp-content\/uploads\/2025\/06\/sleepy_1749654758640-750x422.jpg 750w, https:\/\/www.correiobraziliense.com.br\/cbradar\/wp-content\/uploads\/2025\/06\/sleepy_1749654758640-1140x641.jpg 1140w, https:\/\/www.correiobraziliense.com.br\/cbradar\/wp-content\/uploads\/2025\/06\/sleepy_1749654758640.jpg 1280w\" sizes=\"(max-width: 1024px) 100vw, 1024px\" \/><figcaption class=\"wp-element-caption\">Sono &#8211; Cr\u00e9ditos: depositphotos.com \/ VGeorgiev<\/figcaption><\/figure><\/div>\n\n\n<p>Um dos principais motivos para essa sensa\u00e7\u00e3o cont\u00ednua de cansa\u00e7o \u00e9 o esgotamento emocional. Viver em constante estado de estresse faz com que o sistema nervoso trabalhe al\u00e9m de sua capacidade regular, resultando em um tipo de exaust\u00e3o que n\u00e3o \u00e9 facilmente resolvida com o sono. Al\u00e9m disso, a depress\u00e3o nem sempre se apresenta com sinais evidentes de tristeza, podendo manifestar-se como um baixo n\u00edvel de energia, atuando como um mecanismo de prote\u00e7\u00e3o do c\u00e9rebro.<\/p>\n\n\n\n<h2 class=\"wp-block-heading\">A rotina pode causar sonol\u00eancia?<\/h2>\n\n\n\n<p>Quando o tema \u00e9 sonol\u00eancia, muitos n\u00e3o consideram o impacto da monotonia no dia a dia. A falta de est\u00edmulos novos provoca uma sensa\u00e7\u00e3o de t\u00e9dio no c\u00e9rebro, reduzindo seu estado de alerta. No entanto, esse cansa\u00e7o mental pode ser aliviado com a introdu\u00e7\u00e3o de atividades inovadoras e mudan\u00e7as de ambiente, tal como ocorre durante as f\u00e9rias ou ao iniciar novos projetos.<\/p>\n\n\n\n<h2 class=\"wp-block-heading\">Qual o impacto dos h\u00e1bitos di\u00e1rios na sonol\u00eancia?<\/h2>\n\n\n\n<p>Os h\u00e1bitos di\u00e1rios t\u00eam uma influ\u00eancia significativa sobre a fadiga. O uso excessivo de telas, combinado com uma alimenta\u00e7\u00e3o deficiente e a aus\u00eancia de atividade f\u00edsica, pode perturbar o ritmo circadiano do corpo, essencial para a regula\u00e7\u00e3o do sono. Ajustar esses h\u00e1bitos \u00e9 fundamental para melhorias significativas na energia e vitalidade geral.<\/p>\n\n\n\n<p>Em suma, a sonol\u00eancia cont\u00ednua \u00e9 um sinal claro de que o corpo ou a mente necessitam de aten\u00e7\u00e3o para suas necessidades f\u00edsicas e emocionais. Quando o cansa\u00e7o persiste, \u00e9 aconselhado buscar orienta\u00e7\u00e3o de um profissional para explorar potenciais causas subjacentes e identificar uma solu\u00e7\u00e3o eficaz. Ajustes simples na rotina di\u00e1ria podem fazer uma diferen\u00e7a importante na qualidade de vida, fornecendo mais energia para enfrentar as atividades cotidianas.<\/p>\n\n\n\n<p>Aqueles que experimentam esse tipo de cansa\u00e7o frequente devem considerar a inclus\u00e3o de novidades e est\u00edmulos em sua rotina, ajustando seus h\u00e1bitos di\u00e1rios para melhorar seu ritmo de sono. Essa abordagem multifacetada pode n\u00e3o apenas combater a sonol\u00eancia, mas tamb\u00e9m promover um melhor equil\u00edbrio emocional e <a href=\"https:\/\/www.gov.br\/saude\/pt-br\" target=\"_blank\" rel=\"noreferrer noopener\">f\u00edsico<\/a>.<\/p>\n\n\n<a href=\"https:\/\/www.instagram.com\/dra.annaluisabf\/\" target=\"_blank\" rel=\"noopener\" style=\"text-decoration: none; color: inherit;\">\n    <span style=\"display: inline-block; border: 1px solid #ccc; border-radius: 10px; padding: 15px; max-width: 550px; font-family: sans-serif; box-shadow: 0 2px 5px rgba(0,0,0,0.1); width: 100%;\">\n\n      <!-- T\u00edtulo -->\n      <span style=\"display: block; margin: 0 0 15px 0; font-weight: bold; color: #2c3e50; text-align: center;\">\n        Entre em contato:\n      <\/span>\n\n      <!-- Linha do perfil -->\n      <span style=\"display: flex; align-items: center; gap: 15px;\">\n        <img decoding=\"async\"\n          src=\"https:\/\/www.correiobraziliense.com.br\/cbradar\/wp-content\/uploads\/2025\/08\/dra_anna_luisa.jpeg\"\n          alt=\"Foto da Dra. Anna Lu\u00edsa\"\n          style=\"border-radius: 50%; width: 80px; height: 80px; object-fit: cover;\"\n        \/>\n        <span style=\"display: flex; flex-direction: column;\">\n          <span style=\"font-size: 18px; font-weight: 700; color: #2c3e50;\">Dra. Anna Lu\u00edsa Barbosa Fernandes<\/span>\n          <span style=\"color: #555;\">CRM-GO 33.271<\/span>\n        <\/span>\n      <\/span>\n\n      <!-- Redes -->\n      <span style=\"display: flex; align-items: center; gap: 10px; margin-top: 12px;\">\n        <img decoding=\"async\" src=\"https:\/\/cdn-icons-png.flaticon.com\/24\/1384\/1384063.png\" alt=\"Instagram\" width=\"24\" height=\"24\" \/>\n        <span style=\"text-decoration: underline; color: #2c3e50;\">@dra.annaluisabf<\/span>\n      <\/span>\n\n    <\/span>\n  <\/a>","protected":false},"excerpt":{"rendered":"<p>Sentir-se constantemente sonolento \u00e9 uma experi\u00eancia que muitas pessoas enfrentam, e as causas podem ser mais abrangentes do que uma noite de sono mal dormida. Embora o descanso adequado seja frequentemente citado como a solu\u00e7\u00e3o, fatores emocionais e h\u00e1bitos di\u00e1rios tamb\u00e9m exercem uma influ\u00eancia consider\u00e1vel sobre essa condi\u00e7\u00e3o. A exaust\u00e3o emocional, por exemplo, \u00e9 uma [&hellip;]<\/p>\n","protected":false},"author":14,"featured_media":51920,"comment_status":"open","ping_status":"open","sticky":false,"template":"","format":"standard","meta":{"_yoast_wpseo_focuskw":"sonol\u00eancia constante","_yoast_wpseo_title":"","_yoast_wpseo_metadesc":"Sonol\u00eancia constante pode ter origem em fatores emocionais e di\u00e1rios que voc\u00ea talvez nunca tenha considerado","jnews-multi-image_gallery":[],"jnews_single_post":{"format":"standard"},"jnews_primary_category":[],"jnews_social_meta":[],"jnews_override_counter":[],"footnotes":""},"categories":[4404],"tags":[120,1318,6159,1313],"class_list":["post-84913","post","type-post","status-publish","format-standard","has-post-thumbnail","hentry","category-saude","tag-bem-estar","tag-saude-2","tag-saude-do-sono","tag-sono"],"yoast_head":"<!-- This site is optimized with the Yoast SEO plugin v24.6 - https:\/\/yoast.com\/wordpress\/plugins\/seo\/ -->\n<title>Estar sempre com sono \u00e9 mais comum do que parece e tem solu\u00e7\u00e3o - Correio Braziliense - Radar<\/title>\n<meta name=\"description\" content=\"Sonol\u00eancia constante pode ter origem em fatores emocionais e di\u00e1rios que voc\u00ea talvez nunca tenha considerado\" \/>\n<meta name=\"robots\" content=\"index, follow, max-snippet:-1, max-image-preview:large, max-video-preview:-1\" \/>\n<link rel=\"canonical\" href=\"https:\/\/www.correiobraziliense.com.br\/cbradar\/estar-sempre-com-sono-e-mais-comum-do-que-parece-e-tem-solucao\/\" \/>\n<meta property=\"og:locale\" content=\"pt_BR\" \/>\n<meta property=\"og:type\" content=\"article\" \/>\n<meta property=\"og:title\" content=\"Estar sempre com sono \u00e9 mais comum do que parece e tem solu\u00e7\u00e3o - Correio Braziliense - Radar\" \/>\n<meta property=\"og:description\" content=\"Sonol\u00eancia constante pode ter origem em fatores emocionais e di\u00e1rios que voc\u00ea talvez nunca tenha considerado\" \/>\n<meta property=\"og:url\" content=\"https:\/\/www.correiobraziliense.com.br\/cbradar\/estar-sempre-com-sono-e-mais-comum-do-que-parece-e-tem-solucao\/\" \/>\n<meta property=\"og:site_name\" content=\"Correio Braziliense - Radar\" \/>\n<meta property=\"article:published_time\" content=\"2025-08-13T09:23:00+00:00\" \/>\n<meta property=\"og:image\" content=\"https:\/\/www.correiobraziliense.com.br\/cbradar\/wp-content\/uploads\/2025\/06\/sleepy_1749654724484.jpg\" \/>\n\t<meta property=\"og:image:width\" content=\"1280\" \/>\n\t<meta property=\"og:image:height\" content=\"720\" \/>\n\t<meta property=\"og:image:type\" content=\"image\/jpeg\" \/>\n<meta name=\"author\" content=\"guilherme_saude\" \/>\n<meta name=\"twitter:card\" content=\"summary_large_image\" \/>\n<meta name=\"twitter:label1\" content=\"Escrito por\" \/>\n\t<meta name=\"twitter:data1\" content=\"guilherme_saude\" \/>\n\t<meta name=\"twitter:label2\" content=\"Est. tempo de leitura\" \/>\n\t<meta name=\"twitter:data2\" content=\"4 minutos\" \/>\n<!-- \/ Yoast SEO plugin. -->","yoast_head_json":{"title":"Estar sempre com sono \u00e9 mais comum do que parece e tem solu\u00e7\u00e3o - Correio Braziliense - Radar","description":"Sonol\u00eancia constante pode ter origem em fatores emocionais e di\u00e1rios que voc\u00ea talvez nunca tenha considerado","robots":{"index":"index","follow":"follow","max-snippet":"max-snippet:-1","max-image-preview":"max-image-preview:large","max-video-preview":"max-video-preview:-1"},"canonical":"https:\/\/www.correiobraziliense.com.br\/cbradar\/estar-sempre-com-sono-e-mais-comum-do-que-parece-e-tem-solucao\/","og_locale":"pt_BR","og_type":"article","og_title":"Estar sempre com sono \u00e9 mais comum do que parece e tem solu\u00e7\u00e3o - Correio Braziliense - Radar","og_description":"Sonol\u00eancia constante pode ter origem em fatores emocionais e di\u00e1rios que voc\u00ea talvez nunca tenha considerado","og_url":"https:\/\/www.correiobraziliense.com.br\/cbradar\/estar-sempre-com-sono-e-mais-comum-do-que-parece-e-tem-solucao\/","og_site_name":"Correio Braziliense - Radar","article_published_time":"2025-08-13T09:23:00+00:00","og_image":[{"width":1280,"height":720,"url":"https:\/\/www.correiobraziliense.com.br\/cbradar\/wp-content\/uploads\/2025\/06\/sleepy_1749654724484.jpg","type":"image\/jpeg"}],"author":"guilherme_saude","twitter_card":"summary_large_image","twitter_misc":{"Escrito por":"guilherme_saude","Est. tempo de leitura":"4 minutos"},"schema":{"@context":"https:\/\/schema.org","@graph":[{"@type":"WebPage","@id":"https:\/\/www.correiobraziliense.com.br\/cbradar\/estar-sempre-com-sono-e-mais-comum-do-que-parece-e-tem-solucao\/","url":"https:\/\/www.correiobraziliense.com.br\/cbradar\/estar-sempre-com-sono-e-mais-comum-do-que-parece-e-tem-solucao\/","name":"Estar sempre com sono \u00e9 mais comum do que parece e tem solu\u00e7\u00e3o - Correio Braziliense - Radar","isPartOf":{"@id":"https:\/\/www.correiobraziliense.com.br\/cbradar\/#website"},"primaryImageOfPage":{"@id":"https:\/\/www.correiobraziliense.com.br\/cbradar\/estar-sempre-com-sono-e-mais-comum-do-que-parece-e-tem-solucao\/#primaryimage"},"image":{"@id":"https:\/\/www.correiobraziliense.com.br\/cbradar\/estar-sempre-com-sono-e-mais-comum-do-que-parece-e-tem-solucao\/#primaryimage"},"thumbnailUrl":"https:\/\/www.correiobraziliense.com.br\/cbradar\/wp-content\/uploads\/2025\/06\/sleepy_1749654724484.jpg","datePublished":"2025-08-13T09:23:00+00:00","author":{"@id":"https:\/\/www.correiobraziliense.com.br\/cbradar\/#\/schema\/person\/5aa4bf3c8fa699c267933611de12978b"},"description":"Sonol\u00eancia constante pode ter origem em fatores emocionais e di\u00e1rios que voc\u00ea talvez nunca tenha considerado","breadcrumb":{"@id":"https:\/\/www.correiobraziliense.com.br\/cbradar\/estar-sempre-com-sono-e-mais-comum-do-que-parece-e-tem-solucao\/#breadcrumb"},"inLanguage":"pt-BR","potentialAction":[{"@type":"ReadAction","target":["https:\/\/www.correiobraziliense.com.br\/cbradar\/estar-sempre-com-sono-e-mais-comum-do-que-parece-e-tem-solucao\/"]}]},{"@type":"ImageObject","inLanguage":"pt-BR","@id":"https:\/\/www.correiobraziliense.com.br\/cbradar\/estar-sempre-com-sono-e-mais-comum-do-que-parece-e-tem-solucao\/#primaryimage","url":"https:\/\/www.correiobraziliense.com.br\/cbradar\/wp-content\/uploads\/2025\/06\/sleepy_1749654724484.jpg","contentUrl":"https:\/\/www.correiobraziliense.com.br\/cbradar\/wp-content\/uploads\/2025\/06\/sleepy_1749654724484.jpg","width":1280,"height":720,"caption":"Sono - Cr\u00e9ditos: depositphotos.com \/ IgorVetushko"},{"@type":"BreadcrumbList","@id":"https:\/\/www.correiobraziliense.com.br\/cbradar\/estar-sempre-com-sono-e-mais-comum-do-que-parece-e-tem-solucao\/#breadcrumb","itemListElement":[{"@type":"ListItem","position":1,"name":"In\u00edcio","item":"https:\/\/www.correiobraziliense.com.br\/cbradar\/"},{"@type":"ListItem","position":2,"name":"Estar sempre com sono \u00e9 mais comum do que parece e tem solu\u00e7\u00e3o"}]},{"@type":"WebSite","@id":"https:\/\/www.correiobraziliense.com.br\/cbradar\/#website","url":"https:\/\/www.correiobraziliense.com.br\/cbradar\/","name":"Correio Braziliense - Radar","description":"Acompanhe as \u00faltimas not\u00edcias e fique bem informado sobre tudo o que acontece no Brasil e no mundo.","potentialAction":[{"@type":"SearchAction","target":{"@type":"EntryPoint","urlTemplate":"https:\/\/www.correiobraziliense.com.br\/cbradar\/?s={search_term_string}"},"query-input":{"@type":"PropertyValueSpecification","valueRequired":true,"valueName":"search_term_string"}}],"inLanguage":"pt-BR"},{"@type":"Person","@id":"https:\/\/www.correiobraziliense.com.br\/cbradar\/#\/schema\/person\/5aa4bf3c8fa699c267933611de12978b","name":"guilherme_saude","image":{"@type":"ImageObject","inLanguage":"pt-BR","@id":"https:\/\/www.correiobraziliense.com.br\/cbradar\/#\/schema\/person\/image\/","url":"https:\/\/secure.gravatar.com\/avatar\/df9adfb835d344bc0af109d41756253f?s=96&d=mm&r=g","contentUrl":"https:\/\/secure.gravatar.com\/avatar\/df9adfb835d344bc0af109d41756253f?s=96&d=mm&r=g","caption":"guilherme_saude"},"url":"https:\/\/www.correiobraziliense.com.br\/cbradar\/author\/guilherme_saude\/"}]}},"_links":{"self":[{"href":"https:\/\/www.correiobraziliense.com.br\/cbradar\/wp-json\/wp\/v2\/posts\/84913","targetHints":{"allow":["GET"]}}],"collection":[{"href":"https:\/\/www.correiobraziliense.com.br\/cbradar\/wp-json\/wp\/v2\/posts"}],"about":[{"href":"https:\/\/www.correiobraziliense.com.br\/cbradar\/wp-json\/wp\/v2\/types\/post"}],"author":[{"embeddable":true,"href":"https:\/\/www.correiobraziliense.com.br\/cbradar\/wp-json\/wp\/v2\/users\/14"}],"replies":[{"embeddable":true,"href":"https:\/\/www.correiobraziliense.com.br\/cbradar\/wp-json\/wp\/v2\/comments?post=84913"}],"version-history":[{"count":1,"href":"https:\/\/www.correiobraziliense.com.br\/cbradar\/wp-json\/wp\/v2\/posts\/84913\/revisions"}],"predecessor-version":[{"id":84920,"href":"https:\/\/www.correiobraziliense.com.br\/cbradar\/wp-json\/wp\/v2\/posts\/84913\/revisions\/84920"}],"wp:featuredmedia":[{"embeddable":true,"href":"https:\/\/www.correiobraziliense.com.br\/cbradar\/wp-json\/wp\/v2\/media\/51920"}],"wp:attachment":[{"href":"https:\/\/www.correiobraziliense.com.br\/cbradar\/wp-json\/wp\/v2\/media?parent=84913"}],"wp:term":[{"taxonomy":"category","embeddable":true,"href":"https:\/\/www.correiobraziliense.com.br\/cbradar\/wp-json\/wp\/v2\/categories?post=84913"},{"taxonomy":"post_tag","embeddable":true,"href":"https:\/\/www.correiobraziliense.com.br\/cbradar\/wp-json\/wp\/v2\/tags?post=84913"}],"curies":[{"name":"wp","href":"https:\/\/api.w.org\/{rel}","templated":true}]}}