{"id":84928,"date":"2025-08-11T13:53:00","date_gmt":"2025-08-11T16:53:00","guid":{"rendered":"https:\/\/www.correiobraziliense.com.br\/cbradar\/?p=84928"},"modified":"2025-08-11T11:10:39","modified_gmt":"2025-08-11T14:10:39","slug":"viaje-no-tempo-com-essas-vilas-historicas-brasileiras-com-construcoes-coloniais-e-tradicoes-seculares","status":"publish","type":"post","link":"https:\/\/www.correiobraziliense.com.br\/cbradar\/viaje-no-tempo-com-essas-vilas-historicas-brasileiras-com-construcoes-coloniais-e-tradicoes-seculares\/","title":{"rendered":"Viaje no tempo com essas vilas hist\u00f3ricas brasileiras com constru\u00e7\u00f5es coloniais e tradi\u00e7\u00f5es seculares"},"content":{"rendered":"\n<p>O <strong>Brasil <\/strong>\u00e9 um pa\u00eds rico em hist\u00f3ria e cultura, tendo suas ra\u00edzes bem preservadas em diversas vilas hist\u00f3ricas espalhadas pelo territ\u00f3rio nacional. Essas pequenas cidades oferecem uma viagem no tempo, onde turistas t\u00eam a oportunidade de vivenciar o passado por meio de constru\u00e7\u00f5es coloniais, ruas de pedra e tradi\u00e7\u00f5es seculares, como mostra o site <a href=\"https:\/\/terrabrasilnoticias.com\/2025\/07\/top-5-vilas-historicas-mais-visitadas-do-brasil-em-2025\/\" target=\"_blank\" rel=\"noreferrer noopener\">Terra Brasil Not\u00edcias<\/a>. Tais vilas n\u00e3o apenas conservam mem\u00f3rias arquitet\u00f4nicas, mas tamb\u00e9m proporcionam experi\u00eancias culturais \u00fanicas por meio do contato com festividades locais e a hospitalidade tradicional das regi\u00f5es.<\/p>\n\n\n\n<p>Com a ascens\u00e3o do turismo hist\u00f3rico, h\u00e1 um interesse crescente por parte dos visitantes em explorar vilas que mesclam hist\u00f3ria, cultura e belezas naturais. Regi\u00f5es como essas s\u00e3o frequentemente protegidas por leis de preserva\u00e7\u00e3o, garantindo sua autenticidade e continuidade. Entre as mais famosas est\u00e3o locais como Paraty, com seu famoso festival liter\u00e1rio, e Ouro Preto, reconhecido como Patrim\u00f4nio Mundial pela UNESCO, ambas representando um testemunho vivo do passado do Brasil.<\/p>\n\n\n\n<h2 class=\"wp-block-heading\">Quais s\u00e3o as vilas hist\u00f3ricas mais encantadoras do Brasil?<\/h2>\n\n\n\n<p>A diversidade cultural do Brasil se reflete em suas vilas hist\u00f3ricas, que, apesar de compartilharem alguns tra\u00e7os comuns, possuem caracter\u00edsticas \u00fanicas. Destacam-se na lista Paraty, no Rio de Janeiro, conhecida por suas ruas de pedra e cen\u00e1rio pitoresco; Tiradentes, em Minas Gerais, rica em arquitetura barroca; e Porto Seguro, na Bahia, onde a hist\u00f3ria do Brasil come\u00e7ou a ser escrita. Cada uma dessas localidades guarda em seu cen\u00e1rio a ess\u00eancia do passado aliado \u00e0 natureza deslumbrante.<\/p>\n\n\n\n<h2 class=\"wp-block-heading\">Por que essas vilas atraem tantos turistas?<\/h2>\n\n\n\n<p>A popularidade dessas vilas entre turistas deve-se \u00e0 <a href=\"https:\/\/www.correiobraziliense.com.br\/cbradar\/criar-um-ritual-de-sono-pode-transformar-suas-noites-e-acabar-com-a-insonia-silenciosa\/\" target=\"_blank\" rel=\"noreferrer noopener\">combina\u00e7\u00e3o<\/a> de fatores que incluem beleza natural, heran\u00e7a cultural rica e infraestrutura tur\u00edstica bem adaptada. Para muitos, a visita a essas cidades representa uma imers\u00e3o completa em uma \u00e9poca diferente, onde festivais de m\u00fasica, celebra\u00e7\u00f5es religiosas e gastronomia local completam o cen\u00e1rio. As experi\u00eancias oferecidas n\u00e3o se limitam \u00e0s constru\u00e7\u00f5es hist\u00f3ricas, mas tamb\u00e9m abrangem viv\u00eancias culturais e atividades ao ar livre, como rotas de cicloturismo e visitas guiadas.<\/p>\n\n\n<div class=\"wp-block-image\">\n<figure class=\"aligncenter size-large\"><img decoding=\"async\" width=\"1024\" height=\"576\" src=\"https:\/\/www.correiobraziliense.com.br\/cbradar\/wp-content\/uploads\/2025\/08\/Tiradentes-minas-geras_1754921341615-1024x576.jpg\" alt=\"Viaje no tempo com essas vilas hist\u00f3ricas brasileiras com constru\u00e7\u00f5es coloniais e tradi\u00e7\u00f5es seculares\" class=\"wp-image-84930\" srcset=\"https:\/\/www.correiobraziliense.com.br\/cbradar\/wp-content\/uploads\/2025\/08\/Tiradentes-minas-geras_1754921341615-1024x576.jpg 1024w, https:\/\/www.correiobraziliense.com.br\/cbradar\/wp-content\/uploads\/2025\/08\/Tiradentes-minas-geras_1754921341615-300x169.jpg 300w, https:\/\/www.correiobraziliense.com.br\/cbradar\/wp-content\/uploads\/2025\/08\/Tiradentes-minas-geras_1754921341615-768x432.jpg 768w, https:\/\/www.correiobraziliense.com.br\/cbradar\/wp-content\/uploads\/2025\/08\/Tiradentes-minas-geras_1754921341615-750x422.jpg 750w, https:\/\/www.correiobraziliense.com.br\/cbradar\/wp-content\/uploads\/2025\/08\/Tiradentes-minas-geras_1754921341615-1140x641.jpg 1140w, https:\/\/www.correiobraziliense.com.br\/cbradar\/wp-content\/uploads\/2025\/08\/Tiradentes-minas-geras_1754921341615.jpg 1280w\" sizes=\"(max-width: 1024px) 100vw, 1024px\" \/><figcaption class=\"wp-element-caption\">Tiradentes &#8211; MG (Cr\u00e9ditos: depositphotos.com \/ fredpinheiro.hotmail.com.br)<\/figcaption><\/figure><\/div>\n\n\n<h2 class=\"wp-block-heading\">Como essas vilas lidam com desafios de preserva\u00e7\u00e3o e turismo sustent\u00e1vel?<\/h2>\n\n\n\n<p>Manter a integridade hist\u00f3rica e cultural dessas vilas \u00e9 um desafio constante. Para lidar com isso, t\u00eam sido implementadas v\u00e1rias estrat\u00e9gias de turismo sustent\u00e1vel, que visam proteger tanto o patrim\u00f4nio tang\u00edvel quanto o intang\u00edvel. Entre as a\u00e7\u00f5es, destacam-se a preserva\u00e7\u00e3o arquitet\u00f4nica, o controle do tr\u00e1fego de ve\u00edculos nas \u00e1reas hist\u00f3ricas, e o incentivo ao turismo comunit\u00e1rio. A educa\u00e7\u00e3o ambiental, junto com a promo\u00e7\u00e3o de pr\u00e1ticas culturais locais, vem sendo uma estrat\u00e9gia eficaz para garantir que essas vilas continuem a ser destinos culturais vibrantes enquanto mant\u00eam sua autenticidade.<\/p>\n\n\n\n<p>Ao visitar essas vilas hist\u00f3ricas, os turistas n\u00e3o apenas exploram os ricos legados do passado brasileiro, mas tamb\u00e9m participam de uma narra\u00e7\u00e3o cont\u00ednua de cultura e hist\u00f3ria. A revitaliza\u00e7\u00e3o constante e as pr\u00e1ticas sustent\u00e1veis asseguram que futuras gera\u00e7\u00f5es tamb\u00e9m possam experimentar a riqueza cultural que essas regi\u00f5es oferecem. Assim, as vilas hist\u00f3ricas n\u00e3o s\u00e3o apenas remanescentes do passado, mas vitais ao futuro do turismo cultural no Brasil.<\/p>\n","protected":false},"excerpt":{"rendered":"<p>O Brasil \u00e9 um pa\u00eds rico em hist\u00f3ria e cultura, tendo suas ra\u00edzes bem preservadas em diversas vilas hist\u00f3ricas espalhadas pelo territ\u00f3rio nacional. Essas pequenas cidades oferecem uma viagem no tempo, onde turistas t\u00eam a oportunidade de vivenciar o passado por meio de constru\u00e7\u00f5es coloniais, ruas de pedra e tradi\u00e7\u00f5es seculares, como mostra o site [&hellip;]<\/p>\n","protected":false},"author":10,"featured_media":84929,"comment_status":"open","ping_status":"open","sticky":false,"template":"","format":"standard","meta":{"_yoast_wpseo_focuskw":"vilas","_yoast_wpseo_title":"","_yoast_wpseo_metadesc":"Ruas de pedra, arquitetura barroca e celebra\u00e7\u00f5es locais fazem dessas vilas brasileiras destinos \u00fanicos para vivenciar o passado colonial.","jnews-multi-image_gallery":[],"jnews_single_post":{"format":"standard"},"jnews_primary_category":[],"jnews_social_meta":[],"jnews_override_counter":[],"footnotes":""},"categories":[111],"tags":[109,9252,9251],"class_list":["post-84928","post","type-post","status-publish","format-standard","has-post-thumbnail","hentry","category-turismo","tag-cidades","tag-turismo-no-brasil","tag-vilas-historicas"],"yoast_head":"<!-- This site is optimized with the Yoast SEO plugin v24.6 - https:\/\/yoast.com\/wordpress\/plugins\/seo\/ -->\n<title>Viaje no tempo com essas vilas hist\u00f3ricas brasileiras com constru\u00e7\u00f5es coloniais e tradi\u00e7\u00f5es seculares - Correio Braziliense - Radar<\/title>\n<meta name=\"description\" content=\"Ruas de pedra, arquitetura barroca e celebra\u00e7\u00f5es locais fazem dessas vilas brasileiras destinos \u00fanicos para vivenciar o passado colonial.\" \/>\n<meta name=\"robots\" content=\"index, follow, max-snippet:-1, max-image-preview:large, max-video-preview:-1\" \/>\n<link rel=\"canonical\" href=\"https:\/\/www.correiobraziliense.com.br\/cbradar\/viaje-no-tempo-com-essas-vilas-historicas-brasileiras-com-construcoes-coloniais-e-tradicoes-seculares\/\" \/>\n<meta property=\"og:locale\" content=\"pt_BR\" \/>\n<meta property=\"og:type\" content=\"article\" \/>\n<meta property=\"og:title\" content=\"Viaje no tempo com essas vilas hist\u00f3ricas brasileiras com constru\u00e7\u00f5es coloniais e tradi\u00e7\u00f5es seculares - Correio Braziliense - Radar\" \/>\n<meta property=\"og:description\" content=\"Ruas de pedra, arquitetura barroca e celebra\u00e7\u00f5es locais fazem dessas vilas brasileiras destinos \u00fanicos para vivenciar o passado colonial.\" \/>\n<meta property=\"og:url\" content=\"https:\/\/www.correiobraziliense.com.br\/cbradar\/viaje-no-tempo-com-essas-vilas-historicas-brasileiras-com-construcoes-coloniais-e-tradicoes-seculares\/\" \/>\n<meta property=\"og:site_name\" content=\"Correio Braziliense - Radar\" \/>\n<meta property=\"article:published_time\" content=\"2025-08-11T16:53:00+00:00\" \/>\n<meta property=\"og:image\" content=\"https:\/\/www.correiobraziliense.com.br\/cbradar\/wp-content\/uploads\/2025\/08\/Paraty-brasil_1754921271102.jpg\" \/>\n\t<meta property=\"og:image:width\" content=\"1280\" \/>\n\t<meta property=\"og:image:height\" content=\"720\" \/>\n\t<meta property=\"og:image:type\" content=\"image\/jpeg\" \/>\n<meta name=\"author\" content=\"Patryck Rubim\" \/>\n<meta name=\"twitter:card\" content=\"summary_large_image\" \/>\n<meta name=\"twitter:label1\" content=\"Escrito por\" \/>\n\t<meta name=\"twitter:data1\" content=\"Patryck Rubim\" \/>\n\t<meta name=\"twitter:label2\" content=\"Est. tempo de leitura\" \/>\n\t<meta name=\"twitter:data2\" content=\"4 minutos\" \/>\n<!-- \/ Yoast SEO plugin. -->","yoast_head_json":{"title":"Viaje no tempo com essas vilas hist\u00f3ricas brasileiras com constru\u00e7\u00f5es coloniais e tradi\u00e7\u00f5es seculares - Correio Braziliense - Radar","description":"Ruas de pedra, arquitetura barroca e celebra\u00e7\u00f5es locais fazem dessas vilas brasileiras destinos \u00fanicos para vivenciar o passado colonial.","robots":{"index":"index","follow":"follow","max-snippet":"max-snippet:-1","max-image-preview":"max-image-preview:large","max-video-preview":"max-video-preview:-1"},"canonical":"https:\/\/www.correiobraziliense.com.br\/cbradar\/viaje-no-tempo-com-essas-vilas-historicas-brasileiras-com-construcoes-coloniais-e-tradicoes-seculares\/","og_locale":"pt_BR","og_type":"article","og_title":"Viaje no tempo com essas vilas hist\u00f3ricas brasileiras com constru\u00e7\u00f5es coloniais e tradi\u00e7\u00f5es seculares - Correio Braziliense - Radar","og_description":"Ruas de pedra, arquitetura barroca e celebra\u00e7\u00f5es locais fazem dessas vilas brasileiras destinos \u00fanicos para vivenciar o passado colonial.","og_url":"https:\/\/www.correiobraziliense.com.br\/cbradar\/viaje-no-tempo-com-essas-vilas-historicas-brasileiras-com-construcoes-coloniais-e-tradicoes-seculares\/","og_site_name":"Correio Braziliense - Radar","article_published_time":"2025-08-11T16:53:00+00:00","og_image":[{"width":1280,"height":720,"url":"https:\/\/www.correiobraziliense.com.br\/cbradar\/wp-content\/uploads\/2025\/08\/Paraty-brasil_1754921271102.jpg","type":"image\/jpeg"}],"author":"Patryck Rubim","twitter_card":"summary_large_image","twitter_misc":{"Escrito por":"Patryck Rubim","Est. tempo de leitura":"4 minutos"},"schema":{"@context":"https:\/\/schema.org","@graph":[{"@type":"WebPage","@id":"https:\/\/www.correiobraziliense.com.br\/cbradar\/viaje-no-tempo-com-essas-vilas-historicas-brasileiras-com-construcoes-coloniais-e-tradicoes-seculares\/","url":"https:\/\/www.correiobraziliense.com.br\/cbradar\/viaje-no-tempo-com-essas-vilas-historicas-brasileiras-com-construcoes-coloniais-e-tradicoes-seculares\/","name":"Viaje no tempo com essas vilas hist\u00f3ricas brasileiras com constru\u00e7\u00f5es coloniais e tradi\u00e7\u00f5es seculares - Correio Braziliense - Radar","isPartOf":{"@id":"https:\/\/www.correiobraziliense.com.br\/cbradar\/#website"},"primaryImageOfPage":{"@id":"https:\/\/www.correiobraziliense.com.br\/cbradar\/viaje-no-tempo-com-essas-vilas-historicas-brasileiras-com-construcoes-coloniais-e-tradicoes-seculares\/#primaryimage"},"image":{"@id":"https:\/\/www.correiobraziliense.com.br\/cbradar\/viaje-no-tempo-com-essas-vilas-historicas-brasileiras-com-construcoes-coloniais-e-tradicoes-seculares\/#primaryimage"},"thumbnailUrl":"https:\/\/www.correiobraziliense.com.br\/cbradar\/wp-content\/uploads\/2025\/08\/Paraty-brasil_1754921271102.jpg","datePublished":"2025-08-11T16:53:00+00:00","author":{"@id":"https:\/\/www.correiobraziliense.com.br\/cbradar\/#\/schema\/person\/0b5992d675b1f63c387b16a19dffbda7"},"description":"Ruas de pedra, arquitetura barroca e celebra\u00e7\u00f5es locais fazem dessas vilas brasileiras destinos \u00fanicos para vivenciar o passado colonial.","breadcrumb":{"@id":"https:\/\/www.correiobraziliense.com.br\/cbradar\/viaje-no-tempo-com-essas-vilas-historicas-brasileiras-com-construcoes-coloniais-e-tradicoes-seculares\/#breadcrumb"},"inLanguage":"pt-BR","potentialAction":[{"@type":"ReadAction","target":["https:\/\/www.correiobraziliense.com.br\/cbradar\/viaje-no-tempo-com-essas-vilas-historicas-brasileiras-com-construcoes-coloniais-e-tradicoes-seculares\/"]}]},{"@type":"ImageObject","inLanguage":"pt-BR","@id":"https:\/\/www.correiobraziliense.com.br\/cbradar\/viaje-no-tempo-com-essas-vilas-historicas-brasileiras-com-construcoes-coloniais-e-tradicoes-seculares\/#primaryimage","url":"https:\/\/www.correiobraziliense.com.br\/cbradar\/wp-content\/uploads\/2025\/08\/Paraty-brasil_1754921271102.jpg","contentUrl":"https:\/\/www.correiobraziliense.com.br\/cbradar\/wp-content\/uploads\/2025\/08\/Paraty-brasil_1754921271102.jpg","width":1280,"height":720,"caption":"Paraty (Cr\u00e9ditos: depositphotos.com \/ dabldy)"},{"@type":"BreadcrumbList","@id":"https:\/\/www.correiobraziliense.com.br\/cbradar\/viaje-no-tempo-com-essas-vilas-historicas-brasileiras-com-construcoes-coloniais-e-tradicoes-seculares\/#breadcrumb","itemListElement":[{"@type":"ListItem","position":1,"name":"In\u00edcio","item":"https:\/\/www.correiobraziliense.com.br\/cbradar\/"},{"@type":"ListItem","position":2,"name":"Viaje no tempo com essas vilas hist\u00f3ricas brasileiras com constru\u00e7\u00f5es coloniais e tradi\u00e7\u00f5es seculares"}]},{"@type":"WebSite","@id":"https:\/\/www.correiobraziliense.com.br\/cbradar\/#website","url":"https:\/\/www.correiobraziliense.com.br\/cbradar\/","name":"Correio Braziliense - Radar","description":"Acompanhe as \u00faltimas not\u00edcias e fique bem informado sobre tudo o que acontece no Brasil e no mundo.","potentialAction":[{"@type":"SearchAction","target":{"@type":"EntryPoint","urlTemplate":"https:\/\/www.correiobraziliense.com.br\/cbradar\/?s={search_term_string}"},"query-input":{"@type":"PropertyValueSpecification","valueRequired":true,"valueName":"search_term_string"}}],"inLanguage":"pt-BR"},{"@type":"Person","@id":"https:\/\/www.correiobraziliense.com.br\/cbradar\/#\/schema\/person\/0b5992d675b1f63c387b16a19dffbda7","name":"Patryck Rubim","image":{"@type":"ImageObject","inLanguage":"pt-BR","@id":"https:\/\/www.correiobraziliense.com.br\/cbradar\/#\/schema\/person\/image\/","url":"https:\/\/secure.gravatar.com\/avatar\/570c7fb2898c0e2df0823196891bea88?s=96&d=mm&r=g","contentUrl":"https:\/\/secure.gravatar.com\/avatar\/570c7fb2898c0e2df0823196891bea88?s=96&d=mm&r=g","caption":"Patryck Rubim"},"sameAs":["https:\/\/www.correiobraziliense.com.br\/cbradar"],"url":"https:\/\/www.correiobraziliense.com.br\/cbradar\/author\/patryckmyth\/"}]}},"_links":{"self":[{"href":"https:\/\/www.correiobraziliense.com.br\/cbradar\/wp-json\/wp\/v2\/posts\/84928","targetHints":{"allow":["GET"]}}],"collection":[{"href":"https:\/\/www.correiobraziliense.com.br\/cbradar\/wp-json\/wp\/v2\/posts"}],"about":[{"href":"https:\/\/www.correiobraziliense.com.br\/cbradar\/wp-json\/wp\/v2\/types\/post"}],"author":[{"embeddable":true,"href":"https:\/\/www.correiobraziliense.com.br\/cbradar\/wp-json\/wp\/v2\/users\/10"}],"replies":[{"embeddable":true,"href":"https:\/\/www.correiobraziliense.com.br\/cbradar\/wp-json\/wp\/v2\/comments?post=84928"}],"version-history":[{"count":1,"href":"https:\/\/www.correiobraziliense.com.br\/cbradar\/wp-json\/wp\/v2\/posts\/84928\/revisions"}],"predecessor-version":[{"id":84931,"href":"https:\/\/www.correiobraziliense.com.br\/cbradar\/wp-json\/wp\/v2\/posts\/84928\/revisions\/84931"}],"wp:featuredmedia":[{"embeddable":true,"href":"https:\/\/www.correiobraziliense.com.br\/cbradar\/wp-json\/wp\/v2\/media\/84929"}],"wp:attachment":[{"href":"https:\/\/www.correiobraziliense.com.br\/cbradar\/wp-json\/wp\/v2\/media?parent=84928"}],"wp:term":[{"taxonomy":"category","embeddable":true,"href":"https:\/\/www.correiobraziliense.com.br\/cbradar\/wp-json\/wp\/v2\/categories?post=84928"},{"taxonomy":"post_tag","embeddable":true,"href":"https:\/\/www.correiobraziliense.com.br\/cbradar\/wp-json\/wp\/v2\/tags?post=84928"}],"curies":[{"name":"wp","href":"https:\/\/api.w.org\/{rel}","templated":true}]}}