{"id":85033,"date":"2025-08-12T13:03:00","date_gmt":"2025-08-12T16:03:00","guid":{"rendered":"https:\/\/www.correiobraziliense.com.br\/cbradar\/?p=85033"},"modified":"2025-08-11T15:00:00","modified_gmt":"2025-08-11T18:00:00","slug":"erros-de-reciclagem-que-voce-provavelmente-esta-cometendo-e-como-corrigi-los","status":"publish","type":"post","link":"https:\/\/www.correiobraziliense.com.br\/cbradar\/erros-de-reciclagem-que-voce-provavelmente-esta-cometendo-e-como-corrigi-los\/","title":{"rendered":"Erros de reciclagem que voc\u00ea provavelmente est\u00e1 cometendo e como corrigi-los"},"content":{"rendered":"\n<p>A reciclagem \u00e9 essencial para a sustentabilidade do planeta, mas muitos de n\u00f3s ainda cometemos erros ao separar o lixo recicl\u00e1vel. Conhe\u00e7a os principais <strong>erros de reciclagem<\/strong> e aprenda como evit\u00e1-los para contribuir efetivamente com o meio ambiente.<\/p>\n\n\n\n<ul class=\"wp-block-list\">\n<li>Interpreta\u00e7\u00e3o errada das regras de reciclagem locais<\/li>\n\n\n\n<li>Uso inadequado de sacos pl\u00e1sticos no lixo recicl\u00e1vel<\/li>\n\n\n\n<li>Descuido com a limpeza de materiais recicl\u00e1veis<\/li>\n<\/ul>\n\n\n\n<h2 class=\"wp-block-heading\">Voc\u00ea conhece as regras locais de reciclagem?<\/h2>\n\n\n\n<p>\u00c9 importante entender como a <strong>reciclagem<\/strong> funciona na sua cidade. Muitas cidades precisam garantir que o custo para reciclar certos materiais seja menor do que o valor que recebem ao vend\u00ea-los. Portanto, nem tudo o que pensamos ser recicl\u00e1vel \u00e9 aceito localmente.<\/p>\n\n\n\n<h2 class=\"wp-block-heading\">Saco pl\u00e1stico no lixo recicl\u00e1vel: um grande erro<\/h2>\n\n\n\n<p>Muitos n\u00e3o sabem, mas reciclagem embalada em sacos pl\u00e1sticos \u00e9 geralmente considerada lixo. Isso n\u00e3o s\u00f3 aumenta o percentual de itens impr\u00f3prios para reciclagem, mas tamb\u00e9m pode resultar na <strong>desclassifica\u00e7\u00e3o<\/strong> de lotes inteiros de materiais recicl\u00e1veis.<\/p>\n\n\n\n<h2 class=\"wp-block-heading\">Vasilhas de iogurte sujas s\u00e3o recicl\u00e1veis?<\/h2>\n\n\n\n<p>Itens contaminados com restos de comida n\u00e3o s\u00e3o recicl\u00e1veis e acabam no lixo. Sempre enx\u00e1gue os materiais antes de coloc\u00e1-los para reciclagem. Por exemplo, caixas de pizza com graxa s\u00e3o problem\u00e1ticas. Uma dica r\u00e1pida: se o topo estiver limpo, recicle apenas essa parte e descarte o restante.<\/p>\n\n\n\n<figure class=\"wp-block-image size-large\"><img decoding=\"async\" width=\"1024\" height=\"576\" src=\"https:\/\/www.correiobraziliense.com.br\/cbradar\/wp-content\/uploads\/2025\/08\/reciclagem_1754935180181-1024x576.jpg\" alt=\"Erros de reciclagem que voc\u00ea provavelmente est\u00e1 cometendo e como corrigi-los\" class=\"wp-image-85036\" srcset=\"https:\/\/www.correiobraziliense.com.br\/cbradar\/wp-content\/uploads\/2025\/08\/reciclagem_1754935180181-1024x576.jpg 1024w, https:\/\/www.correiobraziliense.com.br\/cbradar\/wp-content\/uploads\/2025\/08\/reciclagem_1754935180181-300x169.jpg 300w, https:\/\/www.correiobraziliense.com.br\/cbradar\/wp-content\/uploads\/2025\/08\/reciclagem_1754935180181-768x432.jpg 768w, https:\/\/www.correiobraziliense.com.br\/cbradar\/wp-content\/uploads\/2025\/08\/reciclagem_1754935180181-750x422.jpg 750w, https:\/\/www.correiobraziliense.com.br\/cbradar\/wp-content\/uploads\/2025\/08\/reciclagem_1754935180181-1140x641.jpg 1140w, https:\/\/www.correiobraziliense.com.br\/cbradar\/wp-content\/uploads\/2025\/08\/reciclagem_1754935180181.jpg 1280w\" sizes=\"(max-width: 1024px) 100vw, 1024px\" \/><figcaption class=\"wp-element-caption\">reciclagem. Cr\u00e9ditos: depositphotos.com \/ AllaSerebrina<\/figcaption><\/figure>\n\n\n\n<h2 class=\"wp-block-heading\">Aten\u00e7\u00e3o ao ciclo: reduzir, reutilizar, reciclar<\/h2>\n\n\n\n<p>Priorize a redu\u00e7\u00e3o e a reutiliza\u00e7\u00e3o antes da reciclagem. Substitua pl\u00e1sticos descart\u00e1veis por alternativas reutiliz\u00e1veis como garrafas, canudos e talheres de metal. Isso <strong>reduz<\/strong> o impacto ambiental e alivia a carga econ\u00f4mica da reciclagem. Al\u00e9m disso, busque informar-se sobre iniciativas locais como pontos de coleta espec\u00edficos para eletr\u00f4nicos e pilhas, que exigem descarte adequado e n\u00e3o devem ser misturados ao lixo comum.<\/p>\n\n\n\n<h2 class=\"wp-block-heading\">Principais aprendizados<\/h2>\n\n\n\n<ul class=\"wp-block-list\">\n<li>Compreenda as regras de reciclagem da sua cidade para evitar erros.<\/li>\n\n\n\n<li>Evite utilizar sacos pl\u00e1sticos para acondicionar o lixo recicl\u00e1vel.<\/li>\n\n\n\n<li>Enx\u00e1gue os materiais antes de recicl\u00e1-los para aumentar sua efic\u00e1cia.<\/li>\n\n\n\n<li>Lembre-se de separar corretamente itens perigosos, como baterias e l\u00e2mpadas.<\/li>\n<\/ul>\n","protected":false},"excerpt":{"rendered":"<p>Descubra e corrija erros comuns de reciclagem e melhore seus h\u00e1bitos. Aprenda pr\u00e1ticas eficazes para minimizar desperd\u00edcios e otimizar reciclagem.<\/p>\n","protected":false},"author":3,"featured_media":85035,"comment_status":"open","ping_status":"open","sticky":false,"template":"","format":"standard","meta":{"_yoast_wpseo_focuskw":"erros reciclagem","_yoast_wpseo_title":"%%title%%","_yoast_wpseo_metadesc":"Descubra e corrija erros comuns de reciclagem e melhore seus h\u00e1bitos. Aprenda pr\u00e1ticas eficazes para minimizar desperd\u00edcios e otimizar reciclagem.","jnews-multi-image_gallery":[],"jnews_single_post":{"format":"standard"},"jnews_primary_category":[],"jnews_social_meta":[],"jnews_override_counter":[],"footnotes":""},"categories":[112],"tags":[144,4685,9265],"class_list":["post-85033","post","type-post","status-publish","format-standard","has-post-thumbnail","hentry","category-curiosidades","tag-curiosidades","tag-reciclagem","tag-residuos"],"yoast_head":"<!-- This site is optimized with the Yoast SEO plugin v24.6 - https:\/\/yoast.com\/wordpress\/plugins\/seo\/ -->\n<title>Erros de reciclagem que voc\u00ea provavelmente est\u00e1 cometendo e como corrigi-los<\/title>\n<meta name=\"description\" content=\"Descubra e corrija erros comuns de reciclagem e melhore seus h\u00e1bitos. Aprenda pr\u00e1ticas eficazes para minimizar desperd\u00edcios e otimizar reciclagem.\" \/>\n<meta name=\"robots\" content=\"index, follow, max-snippet:-1, max-image-preview:large, max-video-preview:-1\" \/>\n<link rel=\"canonical\" href=\"https:\/\/www.correiobraziliense.com.br\/cbradar\/erros-de-reciclagem-que-voce-provavelmente-esta-cometendo-e-como-corrigi-los\/\" \/>\n<meta property=\"og:locale\" content=\"pt_BR\" \/>\n<meta property=\"og:type\" content=\"article\" \/>\n<meta property=\"og:title\" content=\"Erros de reciclagem que voc\u00ea provavelmente est\u00e1 cometendo e como corrigi-los\" \/>\n<meta property=\"og:description\" content=\"Descubra e corrija erros comuns de reciclagem e melhore seus h\u00e1bitos. Aprenda pr\u00e1ticas eficazes para minimizar desperd\u00edcios e otimizar reciclagem.\" \/>\n<meta property=\"og:url\" content=\"https:\/\/www.correiobraziliense.com.br\/cbradar\/erros-de-reciclagem-que-voce-provavelmente-esta-cometendo-e-como-corrigi-los\/\" \/>\n<meta property=\"og:site_name\" content=\"Correio Braziliense - Radar\" \/>\n<meta property=\"article:published_time\" content=\"2025-08-12T16:03:00+00:00\" \/>\n<meta property=\"og:image\" content=\"https:\/\/www.correiobraziliense.com.br\/cbradar\/wp-content\/uploads\/2025\/08\/reciclagem_1754935106350.jpg\" \/>\n\t<meta property=\"og:image:width\" content=\"1280\" \/>\n\t<meta property=\"og:image:height\" content=\"720\" \/>\n\t<meta property=\"og:image:type\" content=\"image\/jpeg\" \/>\n<meta name=\"author\" content=\"Larissa Carvalho\" \/>\n<meta name=\"twitter:card\" content=\"summary_large_image\" \/>\n<meta name=\"twitter:label1\" content=\"Escrito por\" \/>\n\t<meta name=\"twitter:data1\" content=\"Larissa Carvalho\" \/>\n\t<meta name=\"twitter:label2\" content=\"Est. tempo de leitura\" \/>\n\t<meta name=\"twitter:data2\" content=\"3 minutos\" \/>\n<!-- \/ Yoast SEO plugin. -->","yoast_head_json":{"title":"Erros de reciclagem que voc\u00ea provavelmente est\u00e1 cometendo e como corrigi-los","description":"Descubra e corrija erros comuns de reciclagem e melhore seus h\u00e1bitos. Aprenda pr\u00e1ticas eficazes para minimizar desperd\u00edcios e otimizar reciclagem.","robots":{"index":"index","follow":"follow","max-snippet":"max-snippet:-1","max-image-preview":"max-image-preview:large","max-video-preview":"max-video-preview:-1"},"canonical":"https:\/\/www.correiobraziliense.com.br\/cbradar\/erros-de-reciclagem-que-voce-provavelmente-esta-cometendo-e-como-corrigi-los\/","og_locale":"pt_BR","og_type":"article","og_title":"Erros de reciclagem que voc\u00ea provavelmente est\u00e1 cometendo e como corrigi-los","og_description":"Descubra e corrija erros comuns de reciclagem e melhore seus h\u00e1bitos. Aprenda pr\u00e1ticas eficazes para minimizar desperd\u00edcios e otimizar reciclagem.","og_url":"https:\/\/www.correiobraziliense.com.br\/cbradar\/erros-de-reciclagem-que-voce-provavelmente-esta-cometendo-e-como-corrigi-los\/","og_site_name":"Correio Braziliense - Radar","article_published_time":"2025-08-12T16:03:00+00:00","og_image":[{"width":1280,"height":720,"url":"https:\/\/www.correiobraziliense.com.br\/cbradar\/wp-content\/uploads\/2025\/08\/reciclagem_1754935106350.jpg","type":"image\/jpeg"}],"author":"Larissa Carvalho","twitter_card":"summary_large_image","twitter_misc":{"Escrito por":"Larissa Carvalho","Est. tempo de leitura":"3 minutos"},"schema":{"@context":"https:\/\/schema.org","@graph":[{"@type":"WebPage","@id":"https:\/\/www.correiobraziliense.com.br\/cbradar\/erros-de-reciclagem-que-voce-provavelmente-esta-cometendo-e-como-corrigi-los\/","url":"https:\/\/www.correiobraziliense.com.br\/cbradar\/erros-de-reciclagem-que-voce-provavelmente-esta-cometendo-e-como-corrigi-los\/","name":"Erros de reciclagem que voc\u00ea provavelmente est\u00e1 cometendo e como corrigi-los","isPartOf":{"@id":"https:\/\/www.correiobraziliense.com.br\/cbradar\/#website"},"primaryImageOfPage":{"@id":"https:\/\/www.correiobraziliense.com.br\/cbradar\/erros-de-reciclagem-que-voce-provavelmente-esta-cometendo-e-como-corrigi-los\/#primaryimage"},"image":{"@id":"https:\/\/www.correiobraziliense.com.br\/cbradar\/erros-de-reciclagem-que-voce-provavelmente-esta-cometendo-e-como-corrigi-los\/#primaryimage"},"thumbnailUrl":"https:\/\/www.correiobraziliense.com.br\/cbradar\/wp-content\/uploads\/2025\/08\/reciclagem_1754935106350.jpg","datePublished":"2025-08-12T16:03:00+00:00","author":{"@id":"https:\/\/www.correiobraziliense.com.br\/cbradar\/#\/schema\/person\/58422787644df994b53a19d3e56c1513"},"description":"Descubra e corrija erros comuns de reciclagem e melhore seus h\u00e1bitos. Aprenda pr\u00e1ticas eficazes para minimizar desperd\u00edcios e otimizar reciclagem.","breadcrumb":{"@id":"https:\/\/www.correiobraziliense.com.br\/cbradar\/erros-de-reciclagem-que-voce-provavelmente-esta-cometendo-e-como-corrigi-los\/#breadcrumb"},"inLanguage":"pt-BR","potentialAction":[{"@type":"ReadAction","target":["https:\/\/www.correiobraziliense.com.br\/cbradar\/erros-de-reciclagem-que-voce-provavelmente-esta-cometendo-e-como-corrigi-los\/"]}]},{"@type":"ImageObject","inLanguage":"pt-BR","@id":"https:\/\/www.correiobraziliense.com.br\/cbradar\/erros-de-reciclagem-que-voce-provavelmente-esta-cometendo-e-como-corrigi-los\/#primaryimage","url":"https:\/\/www.correiobraziliense.com.br\/cbradar\/wp-content\/uploads\/2025\/08\/reciclagem_1754935106350.jpg","contentUrl":"https:\/\/www.correiobraziliense.com.br\/cbradar\/wp-content\/uploads\/2025\/08\/reciclagem_1754935106350.jpg","width":1280,"height":720,"caption":"reciclagem. Cr\u00e9ditos: depositphotos.com \/ AllaSerebrina"},{"@type":"BreadcrumbList","@id":"https:\/\/www.correiobraziliense.com.br\/cbradar\/erros-de-reciclagem-que-voce-provavelmente-esta-cometendo-e-como-corrigi-los\/#breadcrumb","itemListElement":[{"@type":"ListItem","position":1,"name":"In\u00edcio","item":"https:\/\/www.correiobraziliense.com.br\/cbradar\/"},{"@type":"ListItem","position":2,"name":"Erros de reciclagem que voc\u00ea provavelmente est\u00e1 cometendo e como corrigi-los"}]},{"@type":"WebSite","@id":"https:\/\/www.correiobraziliense.com.br\/cbradar\/#website","url":"https:\/\/www.correiobraziliense.com.br\/cbradar\/","name":"Correio Braziliense - Radar","description":"Acompanhe as \u00faltimas not\u00edcias e fique bem informado sobre tudo o que acontece no Brasil e no mundo.","potentialAction":[{"@type":"SearchAction","target":{"@type":"EntryPoint","urlTemplate":"https:\/\/www.correiobraziliense.com.br\/cbradar\/?s={search_term_string}"},"query-input":{"@type":"PropertyValueSpecification","valueRequired":true,"valueName":"search_term_string"}}],"inLanguage":"pt-BR"},{"@type":"Person","@id":"https:\/\/www.correiobraziliense.com.br\/cbradar\/#\/schema\/person\/58422787644df994b53a19d3e56c1513","name":"Larissa Carvalho","image":{"@type":"ImageObject","inLanguage":"pt-BR","@id":"https:\/\/www.correiobraziliense.com.br\/cbradar\/#\/schema\/person\/image\/","url":"https:\/\/secure.gravatar.com\/avatar\/fe4f91a0de32b52a838d0d612abdc1aa?s=96&d=mm&r=g","contentUrl":"https:\/\/secure.gravatar.com\/avatar\/fe4f91a0de32b52a838d0d612abdc1aa?s=96&d=mm&r=g","caption":"Larissa Carvalho"},"url":"https:\/\/www.correiobraziliense.com.br\/cbradar\/author\/larissamyth\/"}]}},"_links":{"self":[{"href":"https:\/\/www.correiobraziliense.com.br\/cbradar\/wp-json\/wp\/v2\/posts\/85033","targetHints":{"allow":["GET"]}}],"collection":[{"href":"https:\/\/www.correiobraziliense.com.br\/cbradar\/wp-json\/wp\/v2\/posts"}],"about":[{"href":"https:\/\/www.correiobraziliense.com.br\/cbradar\/wp-json\/wp\/v2\/types\/post"}],"author":[{"embeddable":true,"href":"https:\/\/www.correiobraziliense.com.br\/cbradar\/wp-json\/wp\/v2\/users\/3"}],"replies":[{"embeddable":true,"href":"https:\/\/www.correiobraziliense.com.br\/cbradar\/wp-json\/wp\/v2\/comments?post=85033"}],"version-history":[{"count":2,"href":"https:\/\/www.correiobraziliense.com.br\/cbradar\/wp-json\/wp\/v2\/posts\/85033\/revisions"}],"predecessor-version":[{"id":85037,"href":"https:\/\/www.correiobraziliense.com.br\/cbradar\/wp-json\/wp\/v2\/posts\/85033\/revisions\/85037"}],"wp:featuredmedia":[{"embeddable":true,"href":"https:\/\/www.correiobraziliense.com.br\/cbradar\/wp-json\/wp\/v2\/media\/85035"}],"wp:attachment":[{"href":"https:\/\/www.correiobraziliense.com.br\/cbradar\/wp-json\/wp\/v2\/media?parent=85033"}],"wp:term":[{"taxonomy":"category","embeddable":true,"href":"https:\/\/www.correiobraziliense.com.br\/cbradar\/wp-json\/wp\/v2\/categories?post=85033"},{"taxonomy":"post_tag","embeddable":true,"href":"https:\/\/www.correiobraziliense.com.br\/cbradar\/wp-json\/wp\/v2\/tags?post=85033"}],"curies":[{"name":"wp","href":"https:\/\/api.w.org\/{rel}","templated":true}]}}